{"id":9799,"date":"2024-01-30T08:46:05","date_gmt":"2024-01-30T08:46:05","guid":{"rendered":"https:\/\/promanconsulting.hu\/?p=9799"},"modified":"2024-01-30T09:56:23","modified_gmt":"2024-01-30T09:56:23","slug":"timeboxing","status":"publish","type":"post","link":"https:\/\/promanconsulting.hu\/en\/idokeret-timeboxing\/","title":{"rendered":"Timeframe planning: what does timeboxing mean in agile project management?"},"content":{"rendered":"\t\t<div data-elementor-type=\"wp-post\" data-elementor-id=\"9799\" class=\"elementor elementor-9799\" data-elementor-settings=\"{&quot;ha_cmc_init_switcher&quot;:&quot;no&quot;}\" data-elementor-post-type=\"post\">\n\t\t\t\t\t\t<section class=\"elementor-section elementor-top-section elementor-element elementor-element-167538e2 elementor-section-boxed elementor-section-height-default elementor-section-height-default\" data-id=\"167538e2\" data-element_type=\"section\" data-e-type=\"section\" data-settings=\"{&quot;jet_parallax_layout_list&quot;:[{&quot;jet_parallax_layout_image&quot;:{&quot;url&quot;:&quot;&quot;,&quot;id&quot;:&quot;&quot;,&quot;size&quot;:&quot;&quot;},&quot;_id&quot;:&quot;da11ba3&quot;,&quot;jet_parallax_layout_image_tablet&quot;:{&quot;url&quot;:&quot;&quot;,&quot;id&quot;:&quot;&quot;,&quot;size&quot;:&quot;&quot;},&quot;jet_parallax_layout_image_mobile&quot;:{&quot;url&quot;:&quot;&quot;,&quot;id&quot;:&quot;&quot;,&quot;size&quot;:&quot;&quot;},&quot;jet_parallax_layout_speed&quot;:{&quot;unit&quot;:&quot;%&quot;,&quot;size&quot;:50,&quot;sizes&quot;:[]},&quot;jet_parallax_layout_type&quot;:&quot;scroll&quot;,&quot;jet_parallax_layout_direction&quot;:&quot;1&quot;,&quot;jet_parallax_layout_fx_direction&quot;:null,&quot;jet_parallax_layout_z_index&quot;:&quot;&quot;,&quot;jet_parallax_layout_bg_x&quot;:50,&quot;jet_parallax_layout_bg_x_tablet&quot;:&quot;&quot;,&quot;jet_parallax_layout_bg_x_mobile&quot;:&quot;&quot;,&quot;jet_parallax_layout_bg_y&quot;:50,&quot;jet_parallax_layout_bg_y_tablet&quot;:&quot;&quot;,&quot;jet_parallax_layout_bg_y_mobile&quot;:&quot;&quot;,&quot;jet_parallax_layout_bg_size&quot;:&quot;auto&quot;,&quot;jet_parallax_layout_bg_size_tablet&quot;:&quot;&quot;,&quot;jet_parallax_layout_bg_size_mobile&quot;:&quot;&quot;,&quot;jet_parallax_layout_animation_prop&quot;:&quot;transform&quot;,&quot;jet_parallax_layout_on&quot;:[&quot;desktop&quot;,&quot;tablet&quot;]}],&quot;_ha_eqh_enable&quot;:false}\">\n\t\t\t\t\t\t<div class=\"elementor-container elementor-column-gap-default\">\n\t\t\t\t\t<div class=\"elementor-column elementor-col-100 elementor-top-column elementor-element elementor-element-4773b297\" data-id=\"4773b297\" data-element_type=\"column\" data-e-type=\"column\">\n\t\t\t<div class=\"elementor-widget-wrap elementor-element-populated\">\n\t\t\t\t\t\t<div class=\"elementor-element elementor-element-cba2f88 elementor-widget elementor-widget-text-editor\" data-id=\"cba2f88\" data-element_type=\"widget\" data-e-type=\"widget\" data-widget_type=\"text-editor.default\">\n\t\t\t\t<div class=\"elementor-widget-container\">\n\t\t\t\t\t\t\t\t\t<h1>Id\u0151keret tervez\u00e9s: mit jelent a timeboxing az agilis projektmenedzsmentben?<\/h1><p>A sikeres projektmenedzserek er\u0151sek sz\u00e1mokban, tervez\u00e9sben \u00e9s j\u00f3l b\u00e1nnak a csapatokkal. K\u00fcl\u00f6n\u00f6sen fontos azonban az a k\u00e9pess\u00e9g\u00fck, hogy mennyire tudj\u00e1k hat\u00e9konyan beosztani az id\u0151t, ir\u00e1ny\u00edtani a koncentr\u00e1lt \u00e9s meghat\u00e1rozott id\u0151kereten bel\u00fcli feladatv\u00e9gz\u00e9s\u00e9t. Az id\u0151 p\u00e9nz, ez\u00e9rt aki kit\u0171n\u0151en tud gazd\u00e1lkodni vele, sokkal produkt\u00edvabb\u00e1 v\u00e1lik. Cikk\u00fcnkben most megismerked\u00fcnk az id\u0151keretes tervez\u00e9ssel, az \u00fan. timeboxinggal \u00e9s megn\u00e9zz\u00fck, hogy mit tehet\u00fcnk az\u00e9rt, hogy a lehet\u0151 legjobban s\u00e1f\u00e1rkodhassunk a munka\u00f3r\u00e1kkal.<\/p>\t\t\t\t\t\t\t\t<\/div>\n\t\t\t\t<\/div>\n\t\t\t\t<div class=\"elementor-element elementor-element-2656966 elementor-widget elementor-widget-image\" data-id=\"2656966\" data-element_type=\"widget\" data-e-type=\"widget\" data-widget_type=\"image.default\">\n\t\t\t\t<div class=\"elementor-widget-container\">\n\t\t\t\t\t\t\t\t\t\t\t\t\t\t\t<img fetchpriority=\"high\" decoding=\"async\" width=\"768\" height=\"512\" src=\"https:\/\/promanconsulting.hu\/wp-content\/uploads\/2024\/01\/idokeret-768x512.jpg\" class=\"attachment-medium_large size-medium_large wp-image-9804\" alt=\"Az id\u0151keretes tervez\u00e9si m\u00f3dszer, amikor egy adott feladatra, vagy ak\u00e1r tal\u00e1lkoz\u00f3ra korl\u00e1tozott id\u0151t hat\u00e1roznak meg, \u00e9s az adott id\u0151 letelte ut\u00e1n v\u00e9get \u00e9r a munka.\" srcset=\"https:\/\/promanconsulting.hu\/wp-content\/uploads\/2024\/01\/idokeret-768x512.jpg 768w, https:\/\/promanconsulting.hu\/wp-content\/uploads\/2024\/01\/idokeret-300x200.jpg 300w, https:\/\/promanconsulting.hu\/wp-content\/uploads\/2024\/01\/idokeret-18x12.jpg 18w, https:\/\/promanconsulting.hu\/wp-content\/uploads\/2024\/01\/idokeret.jpg 1000w\" sizes=\"(max-width: 768px) 100vw, 768px\" \/>\t\t\t\t\t\t\t\t\t\t\t\t\t\t\t<\/div>\n\t\t\t\t<\/div>\n\t\t\t\t<div class=\"elementor-element elementor-element-40662c0 elementor-widget elementor-widget-text-editor\" data-id=\"40662c0\" data-element_type=\"widget\" data-e-type=\"widget\" data-widget_type=\"text-editor.default\">\n\t\t\t\t<div class=\"elementor-widget-container\">\n\t\t\t\t\t\t\t\t\t<h2>Mi az az id\u0151keretes tervez\u00e9si m\u00f3dszer?<\/h2><p>Az id\u0151keretes tervez\u00e9s vagy timeboxing a <span style=\"color: #0000ff;\"><a style=\"color: #0000ff;\" href=\"https:\/\/promanconsulting.hu\/scrum-modszertan-alapok\/\">scrum<\/a><\/span> \u00e9s az<span style=\"color: #0000ff;\"> <a style=\"color: #0000ff;\" href=\"https:\/\/promanconsulting.hu\/mi-az-agilis-modszertan-legelterjedtebb-agilis-modszertanok\/\">agilis projektmenedzsmentben <\/a><\/span>haszn\u00e1lt id\u0151gazd\u00e1lkod\u00e1si technika, ahol a konkr\u00e9t feladatokhoz r\u00f6gz\u00edtett \u00e9s re\u00e1lis hat\u00e1rid\u0151ket rendelnek. Ez biztos\u00edtja az id\u0151 hat\u00e9kony felhaszn\u00e1l\u00e1s\u00e1t, hogy a munk\u00e1t a meghat\u00e1rozott id\u0151szakon bel\u00fcl elv\u00e9gezz\u00e9k, ami \u00f6sszetetts\u00e9gt\u0151l f\u00fcgg\u0151en percekt\u0151l, heteken \u00e1t h\u00f3napokig terjedhet.<\/p><p>A m\u00f3dszer c\u00e9lja, a f\u00f3kusz\u00e1lts\u00e1g \u00e9s <a href=\"https:\/\/promanconsulting.hu\/produktivitas\/\"><span style=\"color: #0000ff;\">produktivit\u00e1s<\/span> <\/a>n\u00f6vel\u00e9se. Hat\u00e9konyan cs\u00f6kkenti a halogat\u00e1st, optim\u00e1liss\u00e1 teszi az elv\u00e9gzend\u0151 munk\u00e1ra ford\u00edtott id\u0151t.\u00a0<\/p><p>A hagyom\u00e1nyos megk\u00f6zel\u00edt\u00e9sekkel ellent\u00e9tben, amelyek a feladatok elv\u00e9gz\u00e9s\u00e9re \u00f6sszpontos\u00edtanak, az id\u0151keret alap\u00fa megk\u00f6zel\u00edt\u00e9s a kiosztott id\u0151 betart\u00e1s\u00e1nak fontoss\u00e1g\u00e1t hangs\u00falyozza. A szigor\u00fa hat\u00e1rid\u0151 motiv\u00e1l\u00f3 t\u00e9nyez\u0151v\u00e9 v\u00e1lik a feladat v\u00e9grehajt\u00e1s\u00e1hoz.<\/p><p>Fontos szab\u00e1ly, hogy a csapatoknak be kell fejezni\u00fck a munk\u00e1t, amikor az id\u0151keret lej\u00e1rt, \u00e1ttekinteni el\u0151rehalad\u00e1st, elemezve a sikert vagy kudarcot a j\u00f6v\u0151beli iter\u00e1ci\u00f3k \u00e9s sprint tervez\u00e9si id\u0151dobozok jav\u00edt\u00e1sa \u00e9rdek\u00e9ben. Megvizsg\u00e1lni, hogy siker\u00fclt-e el\u00e9rni a k\u00edv\u00e1nt c\u00e9lt.<\/p><p>Az id\u0151keret technika haszn\u00e1lhat\u00f3 az egy\u00e9ni feladatok \u00fctemez\u00e9s\u00e9re, de seg\u00edthet a csapatmunka szervez\u00e9sben, valamint j\u00f3l ir\u00e1ny\u00edthat\u00f3v\u00e1 teszi a megbesz\u00e9l\u00e9seket.<\/p>\t\t\t\t\t\t\t\t<\/div>\n\t\t\t\t<\/div>\n\t\t\t\t<div class=\"elementor-element elementor-element-a8d6771 elementor-widget elementor-widget-image\" data-id=\"a8d6771\" data-element_type=\"widget\" data-e-type=\"widget\" data-widget_type=\"image.default\">\n\t\t\t\t<div class=\"elementor-widget-container\">\n\t\t\t\t\t\t\t\t\t\t\t\t\t\t\t<img decoding=\"async\" width=\"1000\" height=\"667\" src=\"https:\/\/promanconsulting.hu\/wp-content\/uploads\/2024\/01\/idokeret-tervezes.jpg\" class=\"attachment-large size-large wp-image-9805\" alt=\"Az id\u0151keretes tervez\u00e9s vagy timeboxing a scrum \u00e9s az agilis projektmenedzsmentben haszn\u00e1lt id\u0151gazd\u00e1lkod\u00e1si technika\" srcset=\"https:\/\/promanconsulting.hu\/wp-content\/uploads\/2024\/01\/idokeret-tervezes.jpg 1000w, https:\/\/promanconsulting.hu\/wp-content\/uploads\/2024\/01\/idokeret-tervezes-300x200.jpg 300w, https:\/\/promanconsulting.hu\/wp-content\/uploads\/2024\/01\/idokeret-tervezes-768x512.jpg 768w, https:\/\/promanconsulting.hu\/wp-content\/uploads\/2024\/01\/idokeret-tervezes-18x12.jpg 18w\" sizes=\"(max-width: 1000px) 100vw, 1000px\" \/>\t\t\t\t\t\t\t\t\t\t\t\t\t\t\t<\/div>\n\t\t\t\t<\/div>\n\t\t\t\t<div class=\"elementor-element elementor-element-4984414 elementor-widget elementor-widget-text-editor\" data-id=\"4984414\" data-element_type=\"widget\" data-e-type=\"widget\" data-widget_type=\"text-editor.default\">\n\t\t\t\t<div class=\"elementor-widget-container\">\n\t\t\t\t\t\t\t\t\t<h2>Hogyan n\u00f6velhet\u0151 a hat\u00e9konys\u00e1g id\u0151keretes tervez\u00e9ssel?<\/h2><p>Parkinson t\u00f6rv\u00e9nye azt mondja, hogy minden munka elv\u00e9gz\u00e9s\u00e9hez pont annyi id\u0151re van sz\u00fcks\u00e9g, amennyi rendelkez\u00e9sre \u00e1ll.<\/p><p>Az emberek hajlamosak a munk\u00e1t \u00fagy kitolni, hogy kit\u00f6lts\u00e9k a teljes\u00edt\u00e9sre rendelkez\u00e9sre \u00e1ll\u00f3 teljes id\u0151t. Ez\u00e1ltal pedig cs\u00f6kken a produktivit\u00e1s.<\/p><p><b>P\u00c9LDA: <\/b>Tegy\u00fck fel, hogy 2 h\u00e9t van egy bizonyos feladat elv\u00e9gz\u00e9s\u00e9re. F\u00fcggetlen\u00fcl att\u00f3l, hogy re\u00e1lisan hamarabb is be lehetne fejezni, tudat alatt \u00fagy alak\u00edtjuk a feladatokat, hogy ne legyen k\u00e9sz 2 h\u00e9tn\u00e9l kor\u00e1bban. Ha marad m\u00e9g egy kis id\u0151, azt jellemz\u0151en ink\u00e1bb a munka eredm\u00e9ny\u00e9nek t\u00f6k\u00e9letes\u00edt\u00e9s\u00e9re ford\u00edtjuk, mintsem arra, hogy a befejez\u00e9st k\u00f6vet\u0151en azonnal leadjuk.\u00a0\u00a0<\/p><p>Az id\u0151keretes tervez\u00e9s seg\u00edthet mindezt elker\u00fclni. Ez\u00e9rt ide\u00e1lis esetben az id\u0151dobozokat r\u00f6vidre kell fogni. A nagyobb feladatokat pedig apr\u00f3 darabokra bontani a megfelel\u0151 hat\u00e9konys\u00e1g \u00e9rdek\u00e9ben.\u00a0<\/p><h2>Mik a timeboxing el\u0151nyei?<\/h2><p>N\u00e9zz\u00fck most meg az id\u0151keret alap\u00fa tervez\u00e9s legf\u0151bb pozit\u00edv hat\u00e1sait:<\/p><ul><li aria-level=\"1\">Jav\u00edtja az id\u0151gazd\u00e1lkod\u00e1si k\u00e9szs\u00e9geket<\/li><li aria-level=\"1\">Cs\u00f6kkenti a maximalizmust<\/li><li aria-level=\"1\">Seg\u00edt a halogat\u00e1s elleni k\u00fczdelemben<\/li><li aria-level=\"1\">N\u00f6veli a f\u00f3kuszt<\/li><li aria-level=\"1\">Megakad\u00e1lyozza a multitaskingot, ami rontan\u00e1 a hat\u00e9konys\u00e1got<\/li><li aria-level=\"1\">Fokozza a produktivit\u00e1st<\/li><li aria-level=\"1\">J\u00f3l m\u0171k\u00f6dik az egy\u00e9ni \u00e9s csapatmunk\u00e1ban egyar\u00e1nt\u00a0<\/li><li aria-level=\"1\">Meghat\u00e1rozza az egyes feladatokra rendelkez\u00e9sre \u00e1ll\u00f3 id\u0151t<\/li><li aria-level=\"1\">Seg\u00edt m\u00e9rni a termel\u00e9kenys\u00e9get<\/li><li aria-level=\"1\">Id\u0151t takar\u00edt meg<\/li><\/ul>\t\t\t\t\t\t\t\t<\/div>\n\t\t\t\t<\/div>\n\t\t\t\t<div class=\"elementor-element elementor-element-5cba623 elementor-widget elementor-widget-image\" data-id=\"5cba623\" data-element_type=\"widget\" data-e-type=\"widget\" data-widget_type=\"image.default\">\n\t\t\t\t<div class=\"elementor-widget-container\">\n\t\t\t\t\t\t\t\t\t\t\t\t\t\t\t<img decoding=\"async\" width=\"1000\" height=\"668\" src=\"https:\/\/promanconsulting.hu\/wp-content\/uploads\/2024\/01\/timeboxing.jpg\" class=\"attachment-large size-large wp-image-9806\" alt=\"A timeboxing biztos\u00edtja az id\u0151 hat\u00e9kony felhaszn\u00e1l\u00e1s\u00e1t.\" srcset=\"https:\/\/promanconsulting.hu\/wp-content\/uploads\/2024\/01\/timeboxing.jpg 1000w, https:\/\/promanconsulting.hu\/wp-content\/uploads\/2024\/01\/timeboxing-300x200.jpg 300w, https:\/\/promanconsulting.hu\/wp-content\/uploads\/2024\/01\/timeboxing-768x513.jpg 768w, https:\/\/promanconsulting.hu\/wp-content\/uploads\/2024\/01\/timeboxing-18x12.jpg 18w\" sizes=\"(max-width: 1000px) 100vw, 1000px\" \/>\t\t\t\t\t\t\t\t\t\t\t\t\t\t\t<\/div>\n\t\t\t\t<\/div>\n\t\t\t\t<div class=\"elementor-element elementor-element-8cfab34 elementor-widget__width-initial elementor-widget elementor-widget-text-editor\" data-id=\"8cfab34\" data-element_type=\"widget\" data-e-type=\"widget\" data-widget_type=\"text-editor.default\">\n\t\t\t\t<div class=\"elementor-widget-container\">\n\t\t\t\t\t\t\t\t\t<h2>Id\u0151keret tervez\u00e9s az agilis \u00e9s hibrid projektmenedzsmentben<\/h2><p>Az id\u0151keret egy fix id\u0151tartam, amely egy projekten bel\u00fcli folyamat eset\u00e9ben ker\u00fcl meghat\u00e1roz\u00e1sra. L\u00e9nyege, hogy egy a timebox tartalm\u00e1t \u00e9s terjedelm\u00e9t a tervezett id\u0151n bel\u00fcl hajtsuk v\u00e9gre a kit\u0171z\u00f6tt c\u00e9lt szem el\u0151tt tartva.\u00a0<\/p><p>Ahhoz, hogy ez lehets\u00e9ges legyen, az id\u0151doboznak megfelel\u0151en r\u00f6vidnek kell lennie ahhoz, hogy biztos\u00edtsa a produktivit\u00e1st, ugyanakkor el\u00e9g hossz\u00fanak ahhoz, hogy min\u0151s\u00e9gi eredm\u00e9nyeket tudjunk sz\u00e1ll\u00edtani.<\/p><p>Az id\u0151keret m\u00f3dszer iterat\u00edv jelleg\u0171 &#8211; egy adott id\u0151intervallumon bel\u00fcl maximaliz\u00e1ljuk az er\u0151fesz\u00edt\u00e9seket egy bizonyos c\u00e9l el\u00e9r\u00e9se \u00e9rdek\u00e9ben. Ezt k\u00f6vet\u0151en pedig \u00e1ttekintj\u00fck a munk\u00e1t \u00e9s \u00e1tt\u00e9r\u00fcnk a k\u00f6vetkez\u0151 id\u0151dobozra, ez\u00e1ltal egy egym\u00e1st k\u00f6vet\u0151 id\u0151szakokb\u00f3l \u00e1ll\u00f3 ciklust alkotva, mint egy iter\u00e1ci\u00f3ban \u00e9s sprintben.<\/p><p>Az id\u0151keretek c\u00e9lja az iterat\u00edv fejleszt\u00e9s ir\u00e1ny\u00edt\u00e1sa. Az <a href=\"https:\/\/promanconsulting.hu\/iteracio\/\">iter\u00e1ci\u00f3s<\/a> ciklusok azok, amelyeket a csapattal k\u00f6vet\u00fcnk, hogy megfelelj\u00fcnk az \u00e9rdekelt felek k\u00f6vetelm\u00e9nyeinek.<\/p><p>De mi\u00e9rt is olyan r\u00f6videk ezek az id\u0151keretek? Mert a legt\u00f6bbsz\u00f6r csak becs\u00fclni tudjuk, hogy egy feladat mennyi id\u0151be fog telni. Ez\u00e9rt elengedhetetlen, hogy legyen egy elk\u00e9pzel\u00e9s arr\u00f3l, hogy hogyan kontroll\u00e1ljuk a r\u00e1ford\u00edtott\u00a0 id\u0151t, ami lehet\u0151v\u00e9 teszi, hogy a munk\u00e1t az id\u0151kereten bel\u00fcl \u00e1t tudjuk adni.<\/p><h3>Milyen scrum esem\u00e9nyek eset\u00e9n alkalmazhat\u00f3k id\u0151keretek?<\/h3><p>A sprint maga is egy timebox. Ez az az id\u0151keret, amely alatt az agilis csapatoknak el kell v\u00e9gezni\u00fck a feladatot a sprint c\u00e9lj\u00e1nak megfelel\u0151en. De maga a sprint is esem\u00e9nyek sorozat\u00e1b\u00f3l \u00e1ll, amelyeket szint\u00e9n id\u0151keretbe lehet foglalni.<\/p><h2>Hogyan tervezz\u00fck meg az id\u0151keretet?\u00a0<\/h2><p>Az id\u0151keret az agilis projektmenedzsmentben az iterat\u00edv id\u0151szakok \u00e1ltal\u00e1nos elnevez\u00e9se. Ezek az peri\u00f3dusok \u00e1ltal\u00e1ban azonosak, ez\u00e9rt nem kell minden egyes alkalommal a k\u00f6vetkez\u0151 iter\u00e1ci\u00f3 id\u0151doboz\u00e1nak meghat\u00e1roz\u00e1s\u00e1val foglalkozni.<\/p><p>Lehet azonban sok egy\u00e9b napi menedzsment tev\u00e9kenys\u00e9g, amelyekn\u00e9l j\u00f3l j\u00f6n\u00a0 a timeboxing.<\/p><p>P\u00e9ld\u00e1ul a csapattal vagy az \u00e9rdekelt felekkel val\u00f3 rendszeres megbesz\u00e9l\u00e9sek, az elemz\u00e9sek futtat\u00e1sa, vagy a jelent\u00e9sek k\u00e9sz\u00edt\u00e9se stb. De hasznos lehet olyan meetingek eset\u00e9ben is, ahol a k\u00fcl\u00f6nb\u00f6z\u0151 \u00e1ll\u00e1spontok miatt megsp\u00f3rolhat\u00f3k a v\u00e9get nem \u00e9r\u0151 vit\u00e1k a megfelel\u0151 id\u0151keret meghat\u00e1roz\u00e1s\u00e1val.<\/p><h3>Ezeket a szempontokat fontos figyelembe venni az id\u0151keret tervez\u00e9sn\u00e9l!<\/h3><h4>Re\u00e1lis c\u00e9lok, re\u00e1lis id\u0151n bel\u00fcl<\/h4><p>Mindig a c\u00e9lkit\u0171z\u00e9sek \u00e1ttekint\u00e9se az els\u0151 l\u00e9p\u00e9s, ehhez m\u00e9rten kell meghat\u00e1rozni a sz\u00fcks\u00e9ges id\u0151keretet. Gy\u0151z\u0151dj\u00fcnk meg arr\u00f3l, hogy a teljes\u00edtend\u0151 feladatok elv\u00e9gz\u00e9se lehets\u00e9ges a meghat\u00e1rozott id\u0151intervallumon bel\u00fcl.<\/p><h4>A feladatok pontos \u00e1ttekint\u00e9se<\/h4><p>Meg kell vizsg\u00e1lni\u00a0 a projekt minden egyes feladat\u00e1t, \u00e9s terveket k\u00e9sz\u00edteni arra vonatkoz\u00f3an, hogy azokat mik\u00e9nt lehet adott id\u0151n bel\u00fcl elv\u00e9gezni. Az id\u0151keret kulcsfontoss\u00e1g\u00fa az agilis menedzsmentben, mivel iter\u00e1ci\u00f3kat gener\u00e1l. A r\u00f6vid iter\u00e1ci\u00f3k lehet\u0151v\u00e9 teszik, hogy megosszuk a terheket, \u00e9s biztos\u00edtsuk, hogy mindenki akkor tudjon haladni, amikor kell.<\/p><h4>\u00c1ttekint\u00e9s, tesztel\u00e9s<\/h4><p>A tesztel\u00e9s a k\u00f6vet\u0151 szakasz. Alapvet\u0151 fontoss\u00e1g\u00fa, hogy megbizonyosodjunk arr\u00f3l, hogy az elv\u00e9gzett munka el\u00e9ri a c\u00e9lj\u00e1t. Az agilis timebox eredm\u00e9nyeit a tesztel\u00e9s befejez\u00e9se ut\u00e1n be kell ny\u00fajtani az \u00e9rdekelt feleknek j\u00f3v\u00e1hagy\u00e1sra, akik v\u00e9lem\u00e9nyezik azt.<\/p><p>Minden olyan inputot, amely cselekv\u00e9st ig\u00e9nyel, \u00f6ssze kell gy\u0171jteni. A m\u00f3dos\u00edt\u00e1sokat figyelembe v\u00e9ve tov\u00e1bbi tesztel\u00e9sre lehet sz\u00fcks\u00e9g. Az eredm\u00e9nyeket ezut\u00e1n \u00f6ssze kell hasonl\u00edtani a c\u00e9lokkal, hogy meg\u00e1llap\u00edthat\u00f3 legyen, sikeres volt-e a timebox. \u00daj sprint tervez\u00e9si id\u0151keretre lesz sz\u00fcks\u00e9g, ha az id\u0151doboz lej\u00e1rt\u00e1ig valamelyik c\u00e9l nem teljes\u00fcl.<\/p><h4>Az id\u0151keret vizsg\u00e1lata<\/h4><p>V\u00e9gezet\u00fcl a timeboxot alaposan meg kell vizsg\u00e1lni. Az agilis menedzsment a k\u00f6vetkez\u0151 iter\u00e1ci\u00f3 megtervez\u00e9s\u00e9t javasolja, ha az id\u0151keret sor\u00e1n v\u00e1ratlan probl\u00e9m\u00e1k mer\u00fclnek fel, vagy ha bizonyos c\u00e9lok nem teljes\u00fclnek. Ne felejts\u00fck el \u00e9rt\u00e9kelni a befejezetlen munk\u00e1t se, \u00e9s eld\u00f6nteni, hogy sz\u00fcks\u00e9ges-e folytatni, hat\u00e1rozatlan id\u0151re f\u00e9lre kell-e tenni, vagy egy k\u00e9s\u0151bbi id\u0151pontra c\u00e9lszer\u0171 \u00fctemezni.\u00a0<\/p><p><b>Szeretne sikereket el\u00e9rni agilis projekt k\u00f6rnyezetben? Fejlessze gyakorlati eszk\u00f6zt\u00e1r\u00e1t \u00e9s <\/b><span style=\"color: #0000ff;\"><a style=\"color: #0000ff;\" href=\"https:\/\/promanconsulting.hu\/pmi-minositesek\/\"><b>szerezzen nemzetk\u00f6zi k\u00e9pes\u00edt\u00e9seket<\/b><\/a><\/span><b>!\u00a0 <\/b><a href=\"https:\/\/promanconsulting.hu\/agilis-kepzesek\/\"><b><span style=\"color: #0000ff;\">M\u00e9ly\u00edtse el tud\u00e1s\u00e1t profi k\u00e9pz\u00e9seinken<\/span><\/b><\/a><b>!<\/b><\/p>\t\t\t\t\t\t\t\t<\/div>\n\t\t\t\t<\/div>\n\t\t\t\t\t<\/div>\n\t\t<\/div>\n\t\t\t\t\t<\/div>\n\t\t<\/section>\n\t\t\t\t<\/div>\n\t\t","protected":false},"excerpt":{"rendered":"<p>Id\u0151keret tervez\u00e9s: mit jelent a timeboxing az agilis projektmenedzsmentben? A sikeres projektmenedzserek er\u0151sek sz\u00e1mokban, tervez\u00e9sben \u00e9s j\u00f3l b\u00e1nnak a csapatokkal. K\u00fcl\u00f6n\u00f6sen fontos azonban az a k\u00e9pess\u00e9g\u00fck, hogy mennyire tudj\u00e1k hat\u00e9konyan beosztani az id\u0151t, ir\u00e1ny\u00edtani a koncentr\u00e1lt \u00e9s meghat\u00e1rozott id\u0151kereten bel\u00fcli feladatv\u00e9gz\u00e9s\u00e9t. Az id\u0151 p\u00e9nz, ez\u00e9rt aki kit\u0171n\u0151en tud gazd\u00e1lkodni vele, sokkal produkt\u00edvabb\u00e1 v\u00e1lik. Cikk\u00fcnkben most [&hellip;]<\/p>\n","protected":false},"author":5,"featured_media":9804,"comment_status":"closed","ping_status":"closed","sticky":false,"template":"","format":"standard","meta":{"footnotes":""},"categories":[94,19,77],"tags":[54,144,275,35],"class_list":["post-9799","post","type-post","status-publish","format-standard","has-post-thumbnail","hentry","category-agilis","category-blog","category-projektmenedzsment","tag-agilis","tag-fejlesztes","tag-piacra-juttatasi-ido","tag-projektmenedzsment","entry","has-media"],"_links":{"self":[{"href":"https:\/\/promanconsulting.hu\/en\/wp-json\/wp\/v2\/posts\/9799","targetHints":{"allow":["GET"]}}],"collection":[{"href":"https:\/\/promanconsulting.hu\/en\/wp-json\/wp\/v2\/posts"}],"about":[{"href":"https:\/\/promanconsulting.hu\/en\/wp-json\/wp\/v2\/types\/post"}],"author":[{"embeddable":true,"href":"https:\/\/promanconsulting.hu\/en\/wp-json\/wp\/v2\/users\/5"}],"replies":[{"embeddable":true,"href":"https:\/\/promanconsulting.hu\/en\/wp-json\/wp\/v2\/comments?post=9799"}],"version-history":[{"count":10,"href":"https:\/\/promanconsulting.hu\/en\/wp-json\/wp\/v2\/posts\/9799\/revisions"}],"predecessor-version":[{"id":9821,"href":"https:\/\/promanconsulting.hu\/en\/wp-json\/wp\/v2\/posts\/9799\/revisions\/9821"}],"wp:featuredmedia":[{"embeddable":true,"href":"https:\/\/promanconsulting.hu\/en\/wp-json\/wp\/v2\/media\/9804"}],"wp:attachment":[{"href":"https:\/\/promanconsulting.hu\/en\/wp-json\/wp\/v2\/media?parent=9799"}],"wp:term":[{"taxonomy":"category","embeddable":true,"href":"https:\/\/promanconsulting.hu\/en\/wp-json\/wp\/v2\/categories?post=9799"},{"taxonomy":"post_tag","embeddable":true,"href":"https:\/\/promanconsulting.hu\/en\/wp-json\/wp\/v2\/tags?post=9799"}],"curies":[{"name":"wp","href":"https:\/\/api.w.org\/{rel}","templated":true}]}}