{"id":9635,"date":"2023-12-04T08:07:00","date_gmt":"2023-12-04T08:07:00","guid":{"rendered":"https:\/\/promanconsulting.hu\/?p=9635"},"modified":"2023-12-23T08:36:58","modified_gmt":"2023-12-23T08:36:58","slug":"refactoring","status":"publish","type":"post","link":"https:\/\/promanconsulting.hu\/en\/refaktoralas\/","title":{"rendered":"The meaning, importance and main benefits of refactoring"},"content":{"rendered":"\t\t<div data-elementor-type=\"wp-post\" data-elementor-id=\"9635\" class=\"elementor elementor-9635\" data-elementor-settings=\"{&quot;ha_cmc_init_switcher&quot;:&quot;no&quot;}\" data-elementor-post-type=\"post\">\n\t\t\t\t\t\t<section class=\"elementor-section elementor-top-section elementor-element elementor-element-167538e2 elementor-section-boxed elementor-section-height-default elementor-section-height-default\" data-id=\"167538e2\" data-element_type=\"section\" data-e-type=\"section\" data-settings=\"{&quot;jet_parallax_layout_list&quot;:[{&quot;jet_parallax_layout_image&quot;:{&quot;url&quot;:&quot;&quot;,&quot;id&quot;:&quot;&quot;,&quot;size&quot;:&quot;&quot;},&quot;_id&quot;:&quot;da11ba3&quot;,&quot;jet_parallax_layout_image_tablet&quot;:{&quot;url&quot;:&quot;&quot;,&quot;id&quot;:&quot;&quot;,&quot;size&quot;:&quot;&quot;},&quot;jet_parallax_layout_image_mobile&quot;:{&quot;url&quot;:&quot;&quot;,&quot;id&quot;:&quot;&quot;,&quot;size&quot;:&quot;&quot;},&quot;jet_parallax_layout_speed&quot;:{&quot;unit&quot;:&quot;%&quot;,&quot;size&quot;:50,&quot;sizes&quot;:[]},&quot;jet_parallax_layout_type&quot;:&quot;scroll&quot;,&quot;jet_parallax_layout_direction&quot;:&quot;1&quot;,&quot;jet_parallax_layout_fx_direction&quot;:null,&quot;jet_parallax_layout_z_index&quot;:&quot;&quot;,&quot;jet_parallax_layout_bg_x&quot;:50,&quot;jet_parallax_layout_bg_x_tablet&quot;:&quot;&quot;,&quot;jet_parallax_layout_bg_x_mobile&quot;:&quot;&quot;,&quot;jet_parallax_layout_bg_y&quot;:50,&quot;jet_parallax_layout_bg_y_tablet&quot;:&quot;&quot;,&quot;jet_parallax_layout_bg_y_mobile&quot;:&quot;&quot;,&quot;jet_parallax_layout_bg_size&quot;:&quot;auto&quot;,&quot;jet_parallax_layout_bg_size_tablet&quot;:&quot;&quot;,&quot;jet_parallax_layout_bg_size_mobile&quot;:&quot;&quot;,&quot;jet_parallax_layout_animation_prop&quot;:&quot;transform&quot;,&quot;jet_parallax_layout_on&quot;:[&quot;desktop&quot;,&quot;tablet&quot;]}],&quot;_ha_eqh_enable&quot;:false}\">\n\t\t\t\t\t\t<div class=\"elementor-container elementor-column-gap-default\">\n\t\t\t\t\t<div class=\"elementor-column elementor-col-100 elementor-top-column elementor-element elementor-element-4773b297\" data-id=\"4773b297\" data-element_type=\"column\" data-e-type=\"column\">\n\t\t\t<div class=\"elementor-widget-wrap elementor-element-populated\">\n\t\t\t\t\t\t<div class=\"elementor-element elementor-element-cba2f88 elementor-widget elementor-widget-text-editor\" data-id=\"cba2f88\" data-element_type=\"widget\" data-e-type=\"widget\" data-widget_type=\"text-editor.default\">\n\t\t\t\t<div class=\"elementor-widget-container\">\n\t\t\t\t\t\t\t\t\t<h1>A refaktor\u00e1l\u00e1s jelent\u00e9se, fontoss\u00e1ga \u00e9s legf\u0151bb el\u0151nyei<\/h1><p>A refaktor\u00e1l\u00e1snak fontos szerepe van a fejleszt\u00e9si projektek sor\u00e1n. A kifejez\u00e9s a k\u00f3d \u00e1talak\u00edt\u00e1s\u00e1nak folyamat\u00e1t takarja, mely nem v\u00e1ltoztatja meg annak eredeti funkcionalit\u00e1s\u00e1t, \u00edgy nincs k\u00fcl\u00f6n\u00f6sebb hat\u00e1ssal a felhaszn\u00e1l\u00f3i \u00e9lm\u00e9nyre, ugyanakkor megk\u00f6nny\u00edti a karbantart\u00e1st, b\u0151v\u00edt\u00e9st, integr\u00e1l\u00e1st. Mi a c\u00e9lja \u00e9s mik az el\u0151nyei a refaktor\u00e1l\u00e1snak? Hogyan \u00e9rdemes be\u00e9p\u00edteni a csapatok \u00e9let\u00e9be? Cikk\u00fcnkb\u0151l most mindent megtudhat!<\/p>\t\t\t\t\t\t\t\t<\/div>\n\t\t\t\t<\/div>\n\t\t\t\t<div class=\"elementor-element elementor-element-2656966 elementor-widget elementor-widget-image\" data-id=\"2656966\" data-element_type=\"widget\" data-e-type=\"widget\" data-widget_type=\"image.default\">\n\t\t\t\t<div class=\"elementor-widget-container\">\n\t\t\t\t\t\t\t\t\t\t\t\t\t\t\t<img fetchpriority=\"high\" decoding=\"async\" width=\"768\" height=\"512\" src=\"https:\/\/promanconsulting.hu\/wp-content\/uploads\/2023\/11\/refaktoralas-jelentese-768x512.jpg\" class=\"attachment-medium_large size-medium_large wp-image-9643\" alt=\"A refaktor\u00e1l\u00e1s jelent\u00e9se a k\u00f3d min\u0151s\u00e9g\u00e9nek jav\u00edt\u00e1sa \u00fajra felhaszn\u00e1l\u00e1sra \u00e9s b\u0151v\u00edthet\u0151s\u00e9gre.\" srcset=\"https:\/\/promanconsulting.hu\/wp-content\/uploads\/2023\/11\/refaktoralas-jelentese-768x512.jpg 768w, https:\/\/promanconsulting.hu\/wp-content\/uploads\/2023\/11\/refaktoralas-jelentese-300x200.jpg 300w, https:\/\/promanconsulting.hu\/wp-content\/uploads\/2023\/11\/refaktoralas-jelentese-18x12.jpg 18w, https:\/\/promanconsulting.hu\/wp-content\/uploads\/2023\/11\/refaktoralas-jelentese.jpg 1000w\" sizes=\"(max-width: 768px) 100vw, 768px\" \/>\t\t\t\t\t\t\t\t\t\t\t\t\t\t\t<\/div>\n\t\t\t\t<\/div>\n\t\t\t\t<div class=\"elementor-element elementor-element-40662c0 elementor-widget elementor-widget-text-editor\" data-id=\"40662c0\" data-element_type=\"widget\" data-e-type=\"widget\" data-widget_type=\"text-editor.default\">\n\t\t\t\t<div class=\"elementor-widget-container\">\n\t\t\t\t\t\t\t\t\t<h2>Mi a refaktor\u00e1l\u00e1s?<\/h2><p>A refaktor\u00e1l\u00e1s a k\u00f3d jav\u00edt\u00e1sa vagy friss\u00edt\u00e9se a k\u00fcls\u0151 funkci\u00f3, vagy a nem funkcion\u00e1lis attrib\u00fatumok megv\u00e1ltoztat\u00e1sa n\u00e9lk\u00fcl, mely t\u00f6bbek k\u00f6zt a technol\u00f3giai ad\u00f3ss\u00e1g cs\u00f6kkent\u00e9s\u00e9t szolg\u00e1lja.\u00a0<\/p><p>A refaktor\u00e1l\u00e1s megtiszt\u00edtja a szoftver nem funkcion\u00e1lis elemeit, megk\u00f6nny\u00edtve a karbantart\u00e1st, a b\u0151v\u00edt\u00e9st, az integr\u00e1l\u00e1st, a fejl\u0151d\u0151 szabv\u00e1nyokhoz val\u00f3 igazod\u00e1st \u00e9s a tov\u00e1bbi elfogadhat\u00f3 sebess\u00e9g\u0171 teljes\u00edtm\u00e9nyt.\u00a0<\/p><p>A felhaszn\u00e1l\u00f3 szemsz\u00f6g\u00e9b\u0151l n\u00e9zve semmit sem v\u00e1ltoztat az alapvet\u0151 funkcionalit\u00e1son, az alkalmi kozmetikai v\u00e1ltoztat\u00e1sokon \u00e9s az \u00e1ltal\u00e1nos teljes\u00edtm\u00e9ny jav\u00edt\u00e1s\u00e1n k\u00edv\u00fcl.<\/p>\t\t\t\t\t\t\t\t<\/div>\n\t\t\t\t<\/div>\n\t\t\t\t<div class=\"elementor-element elementor-element-a8d6771 elementor-widget elementor-widget-image\" data-id=\"a8d6771\" data-element_type=\"widget\" data-e-type=\"widget\" data-widget_type=\"image.default\">\n\t\t\t\t<div class=\"elementor-widget-container\">\n\t\t\t\t\t\t\t\t\t\t\t\t\t\t\t<img decoding=\"async\" width=\"1000\" height=\"749\" src=\"https:\/\/promanconsulting.hu\/wp-content\/uploads\/2023\/11\/refaktoralas.jpg\" class=\"attachment-large size-large wp-image-9642\" alt=\"A refaktor\u00e1l\u00e1s c\u00e9lja t\u00f6bbek k\u00f6zt a technol\u00f3giai ad\u00f3ss\u00e1g cs\u00f6kkent\u00e9se.\" srcset=\"https:\/\/promanconsulting.hu\/wp-content\/uploads\/2023\/11\/refaktoralas.jpg 1000w, https:\/\/promanconsulting.hu\/wp-content\/uploads\/2023\/11\/refaktoralas-300x225.jpg 300w, https:\/\/promanconsulting.hu\/wp-content\/uploads\/2023\/11\/refaktoralas-768x575.jpg 768w, https:\/\/promanconsulting.hu\/wp-content\/uploads\/2023\/11\/refaktoralas-16x12.jpg 16w\" sizes=\"(max-width: 1000px) 100vw, 1000px\" \/>\t\t\t\t\t\t\t\t\t\t\t\t\t\t\t<\/div>\n\t\t\t\t<\/div>\n\t\t\t\t<div class=\"elementor-element elementor-element-4984414 elementor-widget elementor-widget-text-editor\" data-id=\"4984414\" data-element_type=\"widget\" data-e-type=\"widget\" data-widget_type=\"text-editor.default\">\n\t\t\t\t<div class=\"elementor-widget-container\">\n\t\t\t\t\t\t\t\t\t<h2>A refaktor\u00e1l\u00e1s c\u00e9lja<\/h2><p>A k\u00f3d\u00edr\u00e1s a fejleszt\u0151k sz\u00e1m\u00e1ra olyan, mint amikor egy \u00edr\u00f3csapat cikkekeken, essz\u00e9ken vagy k\u00f6nyveken dolgozik. Mindenkinek m\u00e1s az \u00edr\u00f3i st\u00edlusa, fellelhet\u0151k egyedi saj\u00e1toss\u00e1gok. A tesztel\u00e9snek \u00e9s egy\u00e9b min\u0151s\u00e9gellen\u0151rz\u00e9seknek k\u00f6sz\u00f6nhet\u0151en azonban \u00edgy is m\u0171k\u00f6d\u0151k\u00e9pes k\u00f3dok sz\u00fcletnek.\u00a0<\/p><p>Sok esetben el\u0151fordul, hogy programoz\u00f3k a sebess\u00e9g \u00e9rdek\u00e9ben r\u00f6vid\u00edt\u00e9seket alkalmaznak, vagy sz\u00fcks\u00e9gtelen k\u00f3dokat \u00edrnak, \u00edgy a k\u00f3db\u00e1zis id\u0151vel egyre t\u00f6r\u00e9kenyebb\u00e9 \u00e9s testre szabottabb\u00e1 v\u00e1lik. Mindez pedig \u00f3ri\u00e1si kih\u00edv\u00e1sok el\u00e9 \u00e1ll\u00edthatja a csapatot.\u00a0<\/p><p>K\u00fcl\u00f6n\u00f6sen abban az esetben, ha a team tagjai v\u00e1ltoznak \u00e9s egy k\u00f6vetkez\u0151 m\u00e9rn\u00f6knek kell felnyitnia a motorh\u00e1ztet\u0151t, megpr\u00f3b\u00e1lni \u00e9rtelmezni a nagy eg\u00e9szet. Id\u0151vel az apr\u00f3 probl\u00e9m\u00e1k felhalmoz\u00f3dnak, \u00e9s hozz\u00e1j\u00e1rulnak a term\u00e9k technol\u00f3giai ad\u00f3ss\u00e1g\u00e1hoz. A refaktor\u00e1l\u00e1s az egyik m\u00f3dja ennek cs\u00f6kkent\u00e9s\u00e9nek.<\/p><h3>Mi\u00e9rt fontos a technol\u00f3giai ad\u00f3ss\u00e1g cs\u00f6kkent\u00e9se?<\/h3><p>M\u00e9g a legjobb, l\u00e1tsz\u00f3lag egys\u00e9ges gondolkod\u00e1ssal rendelkez\u0151 fejleszt\u0151csapat sem tudja kiker\u00fclni az \u00e1tdolgoz\u00e1s sz\u00fcks\u00e9gess\u00e9g\u00e9t. Id\u0151vel a szabv\u00e1nyok m\u00f3dosulnak, \u00faj eszk\u00f6z\u00f6k jelennek meg, \u00e9s az egykor gy\u00f6ny\u00f6r\u0171 k\u00f3d m\u00e1r nem fut olyan gyorsan, \u00edgy fenn\u00e1ll a vesz\u00e9lye, hogy elavultt\u00e1 v\u00e1lik. Fejl\u0151dik a marketing \u00e9s a m\u00e1rka\u00e9p\u00edt\u00e9s, a t\u00e1mogatott nyelvek, a prefer\u00e1lt terminol\u00f3gia \u00e9s a sz\u00ednpaletta. A szoftvernek t\u00fckr\u00f6znie kell ezt a v\u00e1ltoz\u00e1st, m\u00e9g akkor is, ha az alapvet\u0151 funkci\u00f3k v\u00e1ltozatlanok maradnak.<\/p><p>Amennyiben nem ford\u00edtunk kell\u0151 figyelmet r\u00e1, a technol\u00f3giai ad\u00f3ss\u00e1gok leh\u00faz\u00f3 er\u0151v\u00e9 v\u00e1lnak \u00e9s cs\u00f6kkent\u00e9s\u00fck hosszabb t\u00e1von dupl\u00e1j\u00e1ba fog ker\u00fclni. Ez\u00e9rt teh\u00e1t elker\u00fclhetetlen a k\u00f3dok min\u0151s\u00e9g\u00e9nek folyamatos jav\u00edt\u00e1sa.<\/p><h2>A csapatok szerepe a refaktor\u00e1l\u00e1sban<\/h2><p>A refaktor\u00e1l\u00e1s gyakorlati munk\u00e1j\u00e1t a fejleszt\u0151csapat v\u00e9gzi, de a term\u00e9kmenedzsmentnek is kulcsszerepe van benne. Nekik kell ugyanis helyet hagyniuk az \u00fctemtervben a refaktor\u00e1l\u00e1si munk\u00e1knak. Tov\u00e1bb\u00e1 a nem funkcion\u00e1lis v\u00e1ltoztat\u00e1sokat \u00f6szt\u00f6nz\u0151 m\u00e1s \u00e9rdekelt felekkel is egy\u00fctt kell m\u0171k\u00f6dni\u00fck.<\/p><p>A nem funkcion\u00e1lis v\u00e1ltoz\u00e1sok ig\u00e9nye ad\u00f3dhat a m\u00e1rka\u00e9p\u00edt\u00e9sb\u0151l \u00e9s a marketingb\u0151l, bele\u00e9rtve a term\u00e9k- vagy funkci\u00f3nevek v\u00e1ltoz\u00e1s\u00e1t, a sz\u00ednpalett\u00e1kat, vagy p\u00e9ld\u00e1ul a sz\u00f6gletesebb diz\u00e1jnelemek lekerek\u00edtettre cser\u00e9l\u00e9s\u00e9t.<\/p>\t\t\t\t\t\t\t\t<\/div>\n\t\t\t\t<\/div>\n\t\t\t\t<div class=\"elementor-element elementor-element-5cba623 elementor-widget elementor-widget-image\" data-id=\"5cba623\" data-element_type=\"widget\" data-e-type=\"widget\" data-widget_type=\"image.default\">\n\t\t\t\t<div class=\"elementor-widget-container\">\n\t\t\t\t\t\t\t\t\t\t\t\t\t\t\t<img decoding=\"async\" width=\"1000\" height=\"667\" src=\"https:\/\/promanconsulting.hu\/wp-content\/uploads\/2023\/11\/mi-a-refaktoralas.jpg\" class=\"attachment-large size-large wp-image-9641\" alt=\"A refaktor\u00e1l\u00e1s a k\u00f3d jav\u00edt\u00e1sa vagy friss\u00edt\u00e9se a k\u00fcls\u0151 funkci\u00f3 vagy a nem funkcion\u00e1lis attrib\u00fatumok megv\u00e1ltoztat\u00e1sa n\u00e9lk\u00fcl.\" srcset=\"https:\/\/promanconsulting.hu\/wp-content\/uploads\/2023\/11\/mi-a-refaktoralas.jpg 1000w, https:\/\/promanconsulting.hu\/wp-content\/uploads\/2023\/11\/mi-a-refaktoralas-300x200.jpg 300w, https:\/\/promanconsulting.hu\/wp-content\/uploads\/2023\/11\/mi-a-refaktoralas-768x512.jpg 768w, https:\/\/promanconsulting.hu\/wp-content\/uploads\/2023\/11\/mi-a-refaktoralas-18x12.jpg 18w\" sizes=\"(max-width: 1000px) 100vw, 1000px\" \/>\t\t\t\t\t\t\t\t\t\t\t\t\t\t\t<\/div>\n\t\t\t\t<\/div>\n\t\t\t\t<div class=\"elementor-element elementor-element-8cfab34 elementor-widget elementor-widget-text-editor\" data-id=\"8cfab34\" data-element_type=\"widget\" data-e-type=\"widget\" data-widget_type=\"text-editor.default\">\n\t\t\t\t<div class=\"elementor-widget-container\">\n\t\t\t\t\t\t\t\t\t<h2>A refaktor\u00e1l\u00e1s el\u0151nyei<\/h2><p>A refaktor\u00e1l\u00e1s tulajdonk\u00e9ppen egy rendszeres karbantart\u00e1st jelent. Nem sz\u00f3rakoztat\u00f3 feladat, de sz\u00fcks\u00e9ges az \u00e9rt\u00e9k, a biztons\u00e1g \u00e9s a hat\u00e9konys\u00e1g meg\u0151rz\u00e9s\u00e9hez.\u00a0<\/p><p><b>L\u00e1ssuk most a legf\u0151bb el\u0151nyeit!<\/b><\/p><h3>#1. el\u0151ny: Jav\u00edtja a karbantarthat\u00f3s\u00e1got<\/h3><p>Amit egy fejleszt\u0151 rem\u00e9l, amikor megvizsg\u00e1lja a sz\u00e1ll\u00edtott szoftverek alapjait, az a tiszta, \u00e1ttekinthet\u0151, duplik\u00e1ci\u00f3k n\u00e9lk\u00fcli k\u00f3d, eleg\u00e1ns egyszer\u0171s\u00e9ggel \u00e9s kev\u00e9s f\u00fcgg\u0151s\u00e9ggel.\u00a0<\/p><p>Ennek az \u00e1llapotnak az el\u00e9r\u00e9se azonban sosem a v\u00e9letlen m\u0171ve. Tudatos, elk\u00f6telezett er\u0151fesz\u00edt\u00e9st ig\u00e9nyel. A csapatok gyakran h\u00e1tt\u00e9rbe szor\u00edtj\u00e1k a refaktor\u00e1l\u00e1st mindaddig, am\u00edg k\u00fcl\u00f6nb\u00f6z\u0151 probl\u00e9m\u00e1k nem jelentkeznek.\u00a0<\/p><p>A k\u00f6nnyen \u00e9rthet\u0151, tiszta k\u00f3dok megk\u00f6nny\u00edtik a karbantart\u00e1st \u00e9s a felmer\u00fcl\u0151 probl\u00e9m\u00e1k jav\u00edt\u00e1s\u00e1t, a refaktor\u00e1l\u00e1s a b\u0151v\u00edthet\u0151s\u00e9get \u00e9s az integr\u00e1ci\u00f3t is jav\u00edtja. A korl\u00e1tozott funkci\u00f3k b\u0151v\u00edthet\u0151k, \u00e9s mind a bels\u0151, mind a harmadik f\u00e9lt\u0151l sz\u00e1rmaz\u00f3 alkalmaz\u00e1sok integr\u00e1lhat\u00f3k a z\u00f6kken\u0151mentesebb m\u0171k\u00f6d\u00e9s \u00e9rdek\u00e9ben.<\/p><p>B\u00e1r a b\u0151v\u00edt\u00e9sek \u00e9s integr\u00e1ci\u00f3k nem tartoznak a refaktor\u00e1l\u00e1s k\u00f6r\u00e9be &#8211; mivel a funkcionalit\u00e1s megv\u00e1ltozik -, fontos el\u0151fut\u00e1ra annak, hogy ezeket gyorsan lehessen implement\u00e1lni \u00e9s bevezetni.<\/p><h3>#2. el\u0151ny: Jav\u00edtja a teljes\u00edtm\u00e9nyt<\/h3><p>A teljes\u00edtm\u00e9nyprobl\u00e9m\u00e1k hat\u00e1ssal vannak a bev\u00e9telre, a n\u00f6veked\u00e9sre \u00e9s az \u00fcgyfelek el\u00e9gedetts\u00e9g\u00e9re. Min\u00e9l bonyolultabb a k\u00f3d &#8211; bele\u00e9rtve a sz\u00fcks\u00e9gtelen f\u00fcgg\u0151s\u00e9geket \u00e9s a sok param\u00e9terrel rendelkez\u0151 hossz\u00fa f\u00fcggv\u00e9nyeket -, ann\u00e1l lassabban fut az id\u0151 m\u00fal\u00e1s\u00e1val. Ennek oka, hogy a k\u00f3d m\u00f6g\u00f6ttes strukt\u00far\u00e1ja a folyamatos v\u00e1ltoztat\u00e1sok miatt t\u00fal \u00f6sszetett\u00e9 v\u00e1lik, ami akad\u00e1lya a gyors halad\u00e1snak.<\/p><p>A k\u00f3d rutinszer\u0171 refaktor\u00e1l\u00e1sa a dolgok egyszer\u0171s\u00edt\u00e9s\u00e9vel, a f\u00fcgg\u0151s\u00e9gek \u00e1tnevez\u00e9s\u00e9vel \u00e9s megsz\u00fcntet\u00e9s\u00e9vel, valamint a hosszabb f\u00fcggv\u00e9nyek r\u00f6videbbekre bont\u00e1s\u00e1val, mind hozz\u00e1j\u00e1rul az \u00e1ltal\u00e1nos teljes\u00edtm\u00e9ny optimaliz\u00e1l\u00e1s\u00e1hoz.<\/p><h3>#3. el\u0151ny: Alkalmazkod\u00e1s az \u00faj szabv\u00e1nyokhoz<\/h3><p>Az \u00e9lvonalbeli szabv\u00e1nyok folyamatosan vesz\u00edtenek a n\u00e9pszer\u0171s\u00e9g\u00fckb\u0151l \u00e9s fokozatosan elavultt\u00e1 v\u00e1lnak. Sok szabv\u00e1ny a k\u00f3dban tal\u00e1lhat\u00f3, \u00edgy a m\u00f3dos\u00edt\u00e1suk gyakran tov\u00e1bbi friss\u00edt\u00e9seket ig\u00e9nyel, hogy \u00f6sszehangolj\u00e1k &#8211; de ne v\u00e1ltoztass\u00e1k meg alapvet\u0151en &#8211; a felhaszn\u00e1l\u00f3 \u00e1ltal haszn\u00e1lt funkci\u00f3kat.<\/p><p>Ezek a v\u00e1ltoztat\u00e1sok a m\u00f6g\u00f6ttes komponens vagy be\u00e9p\u00fcl\u0151 modul cser\u00e9j\u00e9t\u0151l kezdve, eg\u00e9szen a kisebb m\u00f3dos\u00edt\u00e1sokig terjednek. Ilyen lehet p\u00e9ld\u00e1ul egy gomb sz\u00edn\u00e9nek az \u00faj m\u00e1rkaarculathoz t\u00f6rt\u00e9n\u0151 igaz\u00edt\u00e1sa.<\/p><h2>Mikor van sz\u00fcks\u00e9g refaktor\u00e1l\u00e1sra?<\/h2><p>A refaktor\u00e1l\u00e1st mindig be kell tervezni az \u00e1ltal\u00e1nos term\u00e9k \u00fctemtervbe, ugyanis a fejleszt\u0151 csapatnak rendszeresen foglalkoznia kell vele. Amennyiben ugyanis hosszabb id\u0151szakok kimaradnak, a feladat sokkal nehezebb\u00e9 v\u00e1lik. K\u00fcl\u00f6n\u00f6sen akkor, ha azok a fejleszt\u0151k, akik a k\u00f3dokkal foglalkoztak, m\u00e1r el is hagyt\u00e1k a csapatot.<\/p><p>Vannak jelei, amikor a k\u00f3d mindenk\u00e9ppen refaktor\u00e1l\u00e1sra szorul, ezeket k\u00f3dszagoknak is szokt\u00e1k nevezni. Ilyenek lehetnek p\u00e9ld\u00e1ul:<\/p><ul><li aria-level=\"1\">a duplik\u00e1lt k\u00f3dok<\/li><li aria-level=\"1\">a kikommentezett k\u00f3dok<\/li><li aria-level=\"1\">a hossz\u00fa param\u00e9terlist\u00e1k<\/li><li aria-level=\"1\">az adathalmazok<\/li><li aria-level=\"1\">a halott k\u00f3dok stb.<\/li><\/ul><h2>Hogyan k\u00e9sz\u00edts\u00fcnk refaktor\u00e1l\u00e1si tervet?<\/h2><p>A refaktor\u00e1l\u00e1snak helyet kell kapnia az \u00fctemtervben \u00e9s a term\u00e9kes \u00e9s fejleszt\u0151 csapatnak szorosan egy\u00fctt kell m\u0171k\u00f6dnie a projektsikerek \u00e9s a k\u00f6lts\u00e9ghat\u00e9konys\u00e1g \u00e9rdek\u00e9ben.<\/p><p><b>N\u00e9zz\u00fck most meg, hogy mikre kell figyelni a refaktor\u00e1l\u00e1si terv k\u00e9sz\u00edt\u00e9sekor!<\/b><\/p><h3>1. A hat\u00f3k\u00f6r kidolgoz\u00e1sa<\/h3><p>A refaktor\u00e1l\u00e1s sok apr\u00f3 v\u00e1ltoztat\u00e1sb\u00f3l \u00e1ll. \u00c9rdemes azzal kezdeni, hogy felt\u00e1rjuk a legnagyobb probl\u00e9m\u00e1kat, amelyekkel foglalkozni kell.<\/p><p>L\u00e9teznek olyan eszk\u00f6z\u00f6k, amelyek automatiz\u00e1lj\u00e1k a k\u00f3dszagok keres\u00e9s\u00e9t. A refaktor\u00e1l\u00e1si napl\u00f3hoz tov\u00e1bb\u00e1 egy\u00e9b inputokat is \u00e9rdemes haszn\u00e1lni az al\u00e1bbiak alapj\u00e1n:<\/p><ul><li aria-level=\"1\">az \u00fcgyfelek visszajelz\u00e9sei<\/li><li aria-level=\"1\">m\u00e1s term\u00e9kcsapatok fejleszt\u0151inek tapasztalata<\/li><li aria-level=\"1\">m\u00e1rka\u00e9p\u00edt\u00e9s<\/li><li aria-level=\"1\">megl\u00e9v\u0151 napl\u00f3elemek<\/li><li aria-level=\"1\">teljes\u00edtm\u00e9nym\u00e9r\u00e9sek stb.<\/li><\/ul><h3>2. Korai \u00e9s gyors tesztel\u00e9s<\/h3><p>A csapatoknak minden egyes v\u00e1ltoztat\u00e1s ut\u00e1n tesztelni\u00fck kell a k\u00f3dot, hogy a munka el\u00e9rje a k\u00edv\u00e1nt eredm\u00e9nyt. B\u00e1r ez a fontos l\u00e9p\u00e9s frusztr\u00e1l\u00f3 lehet a fejleszt\u0151k sz\u00e1m\u00e1ra, akik gyorsan v\u00e9gig akarnak menni a teend\u0151ik list\u00e1j\u00e1n, de megakad\u00e1lyozza, hogy a k\u00e9s\u0151bbiekben nagyobb probl\u00e9m\u00e1k mer\u00fcljenek fel.<\/p><h3>3. \u00c1lljunk ellen annak, hogy funkcion\u00e1lis v\u00e1ltoztat\u00e1sokat akarjunk beiktatni<\/h3><p>Ez nem a hibajav\u00edt\u00e1sok vagy \u00faj funkci\u00f3k becsemp\u00e9sz\u00e9s\u00e9nek ideje. Ahhoz, hogy a refaktor\u00e1l\u00e1si kezdem\u00e9nyez\u00e9s j\u00f3l m\u0171k\u00f6dj\u00f6n, ezeket a dolgokat hagyjuk k\u00e9s\u0151bbre, hogy a csapat a m\u00e1r megl\u00e9v\u0151 dolgok jav\u00edt\u00e1s\u00e1ra koncentr\u00e1lhasson.<\/p><p>A funkcion\u00e1lis \u00e9s nem funkcion\u00e1lis v\u00e1ltoztat\u00e1sok egyidej\u0171 elv\u00e9gz\u00e9se instabilit\u00e1st \u00e9s v\u00e1ratlan eredm\u00e9nyeket hozhat. A csapatoknak az egyszer\u0171s\u00e9gre \u00e9s az egy\u00e9rtelm\u0171s\u00e9gre kell \u00f6sszpontos\u00edtaniuk, nem pedig vadonat\u00faj hib\u00e1k levad\u00e1sz\u00e1s\u00e1ra.<\/p><h3>4. Egy v\u00e9get nem \u00e9r\u0151 folyamat<\/h3><p>A refaktor\u00e1l\u00e1snak sosincs v\u00e9ge. M\u00e1r maga a k\u00f3d\u00edr\u00e1s folyamata is termel hullad\u00e9kot, hasonl\u00f3an ahhoz, ahogyan egy \u00e9p\u00edt\u00e9si projekt sor\u00e1n por \u00e9s szem\u00e9t keletkezik.<\/p><p>Ezt ki kell takar\u00edtani, miel\u0151tt hat\u00e1ssal lenne a funkcionalit\u00e1sra \u00e9s a teljes\u00edtm\u00e9nyre. A technol\u00f3gia folyamatosan fejl\u0151dik, ez\u00e9rt a szervezeteknek \u00fajra \u00e9s \u00fajra vissza kell t\u00e9rni\u00fck, hogy elv\u00e9gezz\u00e9k ezt az alapvet\u0151 fontoss\u00e1g\u00fa, de f\u00e1rads\u00e1gos feladatot.<\/p><h2>\u00d6sszefoglalva<\/h2><p>A refaktor\u00e1l\u00e1s egy nagyon fontos m\u00e9rn\u00f6ki gyakorlat, amely seg\u00edt a technol\u00f3giai ad\u00f3ss\u00e1gok cs\u00f6kkent\u00e9s\u00e9ben. Gyakran mondj\u00e1k, hogy a j\u00f3 tervez\u00e9si \u00e9s fejleszt\u00e9si er\u0151fesz\u00edt\u00e9sek \u00f6sszege megegyezik a rossz tervez\u00e9si, fejleszt\u00e9si \u00e9s \u00fczemeltet\u00e9si er\u0151fesz\u00edt\u00e9sek \u00f6sszeg\u00e9vel. Elengedhetetlen, hogy a fejleszt\u0151k meg\u00e9rts\u00e9k a refaktor\u00e1l\u00e1s hat\u00e1s\u00e1t a projekt korai szakasz\u00e1ban, \u00e9s az szok\u00e1ss\u00e1 v\u00e1ljon a napi rutinjuk sor\u00e1n, ennek elmulaszt\u00e1sa ugyanis neh\u00e9zkesebb\u00e9 \u00e9s k\u00f6lts\u00e9gesebb\u00e9 teszi a folyamatokat.\u00a0<\/p><p><b>Az agilis ir\u00e1nyzatok egyre nagyobb teret h\u00f3d\u00edtanak projektek sor\u00e1n \u00e9s a szervezetek \u00e9let\u00e9ben. Fejlessze \u00d6n is gyakorlati eszk\u00f6zt\u00e1r\u00e1t \u00e9s <\/b><span style=\"color: #0000ff;\"><a style=\"color: #0000ff;\" href=\"https:\/\/promanconsulting.hu\/pmi-minositesek\/\"><b>szerezzen nemzetk\u00f6zi k\u00e9pes\u00edt\u00e9seket<\/b><\/a><b>!\u00a0 <\/b><a style=\"color: #0000ff;\" href=\"https:\/\/promanconsulting.hu\/agilis-kepzesek\/\"><b>M\u00e9ly\u00edtse el tud\u00e1s\u00e1t agilis k\u00e9pz\u00e9seinken<\/b><\/a><b>!<\/b><\/span><\/p>\t\t\t\t\t\t\t\t<\/div>\n\t\t\t\t<\/div>\n\t\t\t\t\t<\/div>\n\t\t<\/div>\n\t\t\t\t\t<\/div>\n\t\t<\/section>\n\t\t\t\t<\/div>\n\t\t","protected":false},"excerpt":{"rendered":"<p>A refaktor\u00e1l\u00e1s jelent\u00e9se, fontoss\u00e1ga \u00e9s legf\u0151bb el\u0151nyei A refaktor\u00e1l\u00e1snak fontos szerepe van a fejleszt\u00e9si projektek sor\u00e1n. A kifejez\u00e9s a k\u00f3d \u00e1talak\u00edt\u00e1s\u00e1nak folyamat\u00e1t takarja, mely nem v\u00e1ltoztatja meg annak eredeti funkcionalit\u00e1s\u00e1t, \u00edgy nincs k\u00fcl\u00f6n\u00f6sebb hat\u00e1ssal a felhaszn\u00e1l\u00f3i \u00e9lm\u00e9nyre, ugyanakkor megk\u00f6nny\u00edti a karbantart\u00e1st, b\u0151v\u00edt\u00e9st, integr\u00e1l\u00e1st. Mi a c\u00e9lja \u00e9s mik az el\u0151nyei a refaktor\u00e1l\u00e1snak? Hogyan \u00e9rdemes be\u00e9p\u00edteni [&hellip;]<\/p>\n","protected":false},"author":5,"featured_media":9643,"comment_status":"closed","ping_status":"closed","sticky":false,"template":"","format":"standard","meta":{"footnotes":""},"categories":[77,94,19],"tags":[35,78],"class_list":["post-9635","post","type-post","status-publish","format-standard","has-post-thumbnail","hentry","category-projektmenedzsment","category-agilis","category-blog","tag-projektmenedzsment","tag-projektvezetes","entry","has-media"],"_links":{"self":[{"href":"https:\/\/promanconsulting.hu\/en\/wp-json\/wp\/v2\/posts\/9635","targetHints":{"allow":["GET"]}}],"collection":[{"href":"https:\/\/promanconsulting.hu\/en\/wp-json\/wp\/v2\/posts"}],"about":[{"href":"https:\/\/promanconsulting.hu\/en\/wp-json\/wp\/v2\/types\/post"}],"author":[{"embeddable":true,"href":"https:\/\/promanconsulting.hu\/en\/wp-json\/wp\/v2\/users\/5"}],"replies":[{"embeddable":true,"href":"https:\/\/promanconsulting.hu\/en\/wp-json\/wp\/v2\/comments?post=9635"}],"version-history":[{"count":19,"href":"https:\/\/promanconsulting.hu\/en\/wp-json\/wp\/v2\/posts\/9635\/revisions"}],"predecessor-version":[{"id":9716,"href":"https:\/\/promanconsulting.hu\/en\/wp-json\/wp\/v2\/posts\/9635\/revisions\/9716"}],"wp:featuredmedia":[{"embeddable":true,"href":"https:\/\/promanconsulting.hu\/en\/wp-json\/wp\/v2\/media\/9643"}],"wp:attachment":[{"href":"https:\/\/promanconsulting.hu\/en\/wp-json\/wp\/v2\/media?parent=9635"}],"wp:term":[{"taxonomy":"category","embeddable":true,"href":"https:\/\/promanconsulting.hu\/en\/wp-json\/wp\/v2\/categories?post=9635"},{"taxonomy":"post_tag","embeddable":true,"href":"https:\/\/promanconsulting.hu\/en\/wp-json\/wp\/v2\/tags?post=9635"}],"curies":[{"name":"wp","href":"https:\/\/api.w.org\/{rel}","templated":true}]}}