{"id":9634,"date":"2023-11-27T07:56:24","date_gmt":"2023-11-27T07:56:24","guid":{"rendered":"https:\/\/promanconsulting.hu\/?p=9634"},"modified":"2023-11-27T09:44:44","modified_gmt":"2023-11-27T09:44:44","slug":"mvp-mmf","status":"publish","type":"post","link":"https:\/\/promanconsulting.hu\/en\/mvp-mmf\/","title":{"rendered":"The meaning, purpose and role of MVP and MMF"},"content":{"rendered":"\t\t<div data-elementor-type=\"wp-post\" data-elementor-id=\"9634\" class=\"elementor elementor-9634\" data-elementor-settings=\"{&quot;ha_cmc_init_switcher&quot;:&quot;no&quot;}\" data-elementor-post-type=\"post\">\n\t\t\t\t\t\t<section class=\"elementor-section elementor-top-section elementor-element elementor-element-167538e2 elementor-section-boxed elementor-section-height-default elementor-section-height-default\" data-id=\"167538e2\" data-element_type=\"section\" data-e-type=\"section\" data-settings=\"{&quot;jet_parallax_layout_list&quot;:[{&quot;jet_parallax_layout_image&quot;:{&quot;url&quot;:&quot;&quot;,&quot;id&quot;:&quot;&quot;,&quot;size&quot;:&quot;&quot;},&quot;_id&quot;:&quot;da11ba3&quot;,&quot;jet_parallax_layout_image_tablet&quot;:{&quot;url&quot;:&quot;&quot;,&quot;id&quot;:&quot;&quot;,&quot;size&quot;:&quot;&quot;},&quot;jet_parallax_layout_image_mobile&quot;:{&quot;url&quot;:&quot;&quot;,&quot;id&quot;:&quot;&quot;,&quot;size&quot;:&quot;&quot;},&quot;jet_parallax_layout_speed&quot;:{&quot;unit&quot;:&quot;%&quot;,&quot;size&quot;:50,&quot;sizes&quot;:[]},&quot;jet_parallax_layout_type&quot;:&quot;scroll&quot;,&quot;jet_parallax_layout_direction&quot;:&quot;1&quot;,&quot;jet_parallax_layout_fx_direction&quot;:null,&quot;jet_parallax_layout_z_index&quot;:&quot;&quot;,&quot;jet_parallax_layout_bg_x&quot;:50,&quot;jet_parallax_layout_bg_x_tablet&quot;:&quot;&quot;,&quot;jet_parallax_layout_bg_x_mobile&quot;:&quot;&quot;,&quot;jet_parallax_layout_bg_y&quot;:50,&quot;jet_parallax_layout_bg_y_tablet&quot;:&quot;&quot;,&quot;jet_parallax_layout_bg_y_mobile&quot;:&quot;&quot;,&quot;jet_parallax_layout_bg_size&quot;:&quot;auto&quot;,&quot;jet_parallax_layout_bg_size_tablet&quot;:&quot;&quot;,&quot;jet_parallax_layout_bg_size_mobile&quot;:&quot;&quot;,&quot;jet_parallax_layout_animation_prop&quot;:&quot;transform&quot;,&quot;jet_parallax_layout_on&quot;:[&quot;desktop&quot;,&quot;tablet&quot;]}],&quot;_ha_eqh_enable&quot;:false}\">\n\t\t\t\t\t\t<div class=\"elementor-container elementor-column-gap-default\">\n\t\t\t\t\t<div class=\"elementor-column elementor-col-100 elementor-top-column elementor-element elementor-element-4773b297\" data-id=\"4773b297\" data-element_type=\"column\" data-e-type=\"column\">\n\t\t\t<div class=\"elementor-widget-wrap elementor-element-populated\">\n\t\t\t\t\t\t<div class=\"elementor-element elementor-element-cba2f88 elementor-widget elementor-widget-text-editor\" data-id=\"cba2f88\" data-element_type=\"widget\" data-e-type=\"widget\" data-widget_type=\"text-editor.default\">\n\t\t\t\t<div class=\"elementor-widget-container\">\n\t\t\t\t\t\t\t\t\t<h1>Az MVP \u00e9s MMF jelent\u00e9se, c\u00e9lja, szerepe<\/h1><p>A term\u00e9kfejleszt\u00e9si projektek kapcs\u00e1n gyakran tal\u00e1lkozhatunk az MVP \u00e9s MMF kifejez\u00e9sekkel. De mit is jelent a gyakorlatban a Minim\u00e1lisan \u00c9letk\u00e9pes Term\u00e9k (MVP), valamint a Minim\u00e1lisan Piack\u00e9pes Funkci\u00f3 (MMF)? Mik a c\u00e9jaik, el\u0151nyeik \u00e9s miben k\u00fcl\u00f6nb\u00f6znek? Cikk\u00fcnkben most ezt fogjuk k\u00f6r\u00fclj\u00e1rni.<\/p>\t\t\t\t\t\t\t\t<\/div>\n\t\t\t\t<\/div>\n\t\t\t\t<div class=\"elementor-element elementor-element-2656966 elementor-widget elementor-widget-image\" data-id=\"2656966\" data-element_type=\"widget\" data-e-type=\"widget\" data-widget_type=\"image.default\">\n\t\t\t\t<div class=\"elementor-widget-container\">\n\t\t\t\t\t\t\t\t\t\t\t\t\t\t\t<img fetchpriority=\"high\" decoding=\"async\" width=\"768\" height=\"512\" src=\"https:\/\/promanconsulting.hu\/wp-content\/uploads\/2023\/11\/mvp-768x512.jpg\" class=\"attachment-medium_large size-medium_large wp-image-9639\" alt=\"Az MVP, az angol Minimum Viable Product r\u00f6vid\u00edt\u00e9se.\" srcset=\"https:\/\/promanconsulting.hu\/wp-content\/uploads\/2023\/11\/mvp-768x512.jpg 768w, https:\/\/promanconsulting.hu\/wp-content\/uploads\/2023\/11\/mvp-300x200.jpg 300w, https:\/\/promanconsulting.hu\/wp-content\/uploads\/2023\/11\/mvp-18x12.jpg 18w, https:\/\/promanconsulting.hu\/wp-content\/uploads\/2023\/11\/mvp.jpg 1000w\" sizes=\"(max-width: 768px) 100vw, 768px\" \/>\t\t\t\t\t\t\t\t\t\t\t\t\t\t\t<\/div>\n\t\t\t\t<\/div>\n\t\t\t\t<div class=\"elementor-element elementor-element-40662c0 elementor-widget elementor-widget-text-editor\" data-id=\"40662c0\" data-element_type=\"widget\" data-e-type=\"widget\" data-widget_type=\"text-editor.default\">\n\t\t\t\t<div class=\"elementor-widget-container\">\n\t\t\t\t\t\t\t\t\t<h2>Az MVP jelent\u00e9se: mit jelent az agilis m\u00f3dszertanban?<\/h2><p>Az MVP, az angol Minimum Viable Product r\u00f6vid\u00edt\u00e9se, magyarul Minim\u00e1lisan \u00c9letk\u00e9pes Term\u00e9ket jelent.<\/p><p>A legkisebb olyan funkcionalit\u00e1ssal rendelkez\u0151 term\u00e9k vagy szolg\u00e1ltat\u00e1s, amelyre visszajelz\u00e9st tudunk kapni a potenci\u00e1lis felhaszn\u00e1l\u00f3kt\u00f3l, ugyanakkor m\u00e9g nem felt\u00e9tlen\u00fcl piack\u00e9pes. Az MVP sok esetben csup\u00e1n egy egyszer\u0171 protot\u00edpus, ami seg\u00edt a sz\u00fcks\u00e9ges inform\u00e1ci\u00f3k megszerz\u00e9s\u00e9ben, vagy felveti a legfontosabb kock\u00e1zatokat az agilis fejleszt\u00e9si projektek sor\u00e1n.<\/p>\t\t\t\t\t\t\t\t<\/div>\n\t\t\t\t<\/div>\n\t\t\t\t<div class=\"elementor-element elementor-element-a8d6771 elementor-widget elementor-widget-image\" data-id=\"a8d6771\" data-element_type=\"widget\" data-e-type=\"widget\" data-widget_type=\"image.default\">\n\t\t\t\t<div class=\"elementor-widget-container\">\n\t\t\t\t\t\t\t\t\t\t\t\t\t\t\t<img decoding=\"async\" width=\"1000\" height=\"667\" src=\"https:\/\/promanconsulting.hu\/wp-content\/uploads\/2023\/11\/mvp-jelentese.jpg\" class=\"attachment-large size-large wp-image-9640\" alt=\"Az MVP jelent\u00e9se, a legkisebb olyan funkcionalit\u00e1ssal rendelkez\u0151 term\u00e9k vagy szolg\u00e1ltat\u00e1s, amelyre visszajelz\u00e9st tudunk kapni a potenci\u00e1lis felhaszn\u00e1l\u00f3kt\u00f3l.\" srcset=\"https:\/\/promanconsulting.hu\/wp-content\/uploads\/2023\/11\/mvp-jelentese.jpg 1000w, https:\/\/promanconsulting.hu\/wp-content\/uploads\/2023\/11\/mvp-jelentese-300x200.jpg 300w, https:\/\/promanconsulting.hu\/wp-content\/uploads\/2023\/11\/mvp-jelentese-768x512.jpg 768w, https:\/\/promanconsulting.hu\/wp-content\/uploads\/2023\/11\/mvp-jelentese-18x12.jpg 18w\" sizes=\"(max-width: 1000px) 100vw, 1000px\" \/>\t\t\t\t\t\t\t\t\t\t\t\t\t\t\t<\/div>\n\t\t\t\t<\/div>\n\t\t\t\t<div class=\"elementor-element elementor-element-4984414 elementor-widget elementor-widget-text-editor\" data-id=\"4984414\" data-element_type=\"widget\" data-e-type=\"widget\" data-widget_type=\"text-editor.default\">\n\t\t\t\t<div class=\"elementor-widget-container\">\n\t\t\t\t\t\t\t\t\t<h2>A Minim\u00e1lisan \u00c9letk\u00e9pes Term\u00e9k (MVP) c\u00e9lja<\/h2><p>Tekints\u00fck most \u00e1t, hogy mi\u00e9rt is van sz\u00fcks\u00e9g az MVP-re!<\/p><p><b>Az MVP c\u00e9lja, hogy:<\/b>\u00a0<\/p><ul><li aria-level=\"1\">A legkevesebb er\u0151fesz\u00edt\u00e9ssel a legt\u00f6bb ismeretet gy\u0171jtse \u00f6ssze a potenci\u00e1lis felhaszn\u00e1l\u00f3kt\u00f3l, p\u00e9ld\u00e1ul, hogy mi az, ami a c\u00e9lpiacon tetszik a leend\u0151 \u00fcgyfeleknek, felhaszn\u00e1l\u00f3knak, \u00e9s mi az, ami nem.<\/li><li aria-level=\"1\">A term\u00e9ket a lehet\u0151 leggyorsabban piacra lehessen dobni.<\/li><\/ul><ul><li aria-level=\"1\">Egy \u00f6tletet val\u00f3di felhaszn\u00e1l\u00f3kkal tudjon tesztelni a csapat, miel\u0151tt nagy k\u00f6lts\u00e9gvet\u00e9st sz\u00e1nna a term\u00e9k vagy szolg\u00e1ltat\u00e1s teljes fejleszt\u00e9s\u00e9re.<\/li><li aria-level=\"1\">Lehet\u0151s\u00e9get biztos\u00edt a term\u00e9k\u00f6tlet valid\u00e1l\u00e1s\u00e1ra a teljes term\u00e9k fejleszt\u00e9se n\u00e9lk\u00fcl.<\/li><li aria-level=\"1\">Seg\u00edthet minimaliz\u00e1lni azt az id\u0151t \u00e9s er\u0151forr\u00e1st, amelyet egy\u00e9bk\u00e9nt egy olyan term\u00e9k meg\u00e9p\u00edt\u00e9s\u00e9re ford\u00edtana a csapat, amely nem lesz sikeres.<\/li><\/ul><p>\u00a0<\/p><h2>Hogyan hat\u00e1rozzuk meg a Minim\u00e1lisan \u00c9letk\u00e9pes Term\u00e9ket (MVP)?<\/h2><p>N\u00e9zz\u00fck most meg, hogy hogyan t\u00f6rt\u00e9njen az MVP tervez\u00e9se?<\/p><h3>1. Gy\u0151z\u0151dj\u00fcnk meg r\u00f3la, hogy a tervezett MVP \u00f6sszhangban van az \u00fczleti c\u00e9lokkal<\/h3><p>Az MVP fejleszt\u00e9s\u00e9nek els\u0151 l\u00e9p\u00e9se, hogy megbizonyosodjunk arr\u00f3l, hogy a term\u00e9k illeszkedik a strat\u00e9giai c\u00e9lokhoz.<\/p><p>Meg kell vizsg\u00e1lni p\u00e9ld\u00e1ul, hogy:<\/p><ul><li aria-level=\"1\">Milyen bev\u00e9teli sz\u00e1mokra t\u00f6reksz\u00fcnk?<\/li><li aria-level=\"1\">Mennyi er\u0151forr\u00e1s \u00e1ll rendelkez\u00e9sre?<\/li><li aria-level=\"1\">Itt van-e az ideje egy \u00faj MVP kifejleszt\u00e9s\u00e9nek?<\/li><li aria-level=\"1\">Mi az MVP c\u00e9lja? (pl. \u00faj felhaszn\u00e1l\u00f3kat vonzani a piacra)<\/li><\/ul><p>Amennyiben az MVP c\u00e9ljai megegyeznek az \u00fczleti c\u00e9lkit\u0171z\u00e9sekkel, akkor strat\u00e9giailag \u00e9letk\u00e9pes.<\/p><h3>2. Azonos\u00edtsuk be a c\u00e9lk\u00f6z\u00f6ns\u00e9g probl\u00e9m\u00e1it \u00e9s hogy milyen megold\u00e1st k\u00edn\u00e1lunk erre<\/h3><p>Miut\u00e1n megbizonyosodtunk arr\u00f3l, hogy az MVP tervek \u00f6sszhangban vannak az \u00fczleti elk\u00e9pzel\u00e9sekkel, \u00e1t kell gondolni hogy milyen konkr\u00e9t megold\u00e1sokat szeretn\u00e9nk biztos\u00edtani a term\u00e9kkel vagy szolg\u00e1ltat\u00e1ssal a felhaszn\u00e1l\u00f3knak.<\/p><p>Ezek nem a term\u00e9k \u00e1tfog\u00f3 v\u00edzi\u00f3j\u00e1t k\u00e9pviselik, hanem csak annak r\u00e9szeit. Azt mindig szem el\u0151tt kell tartani, hogy az MVP c\u00e9lja els\u0151sorban az inform\u00e1ci\u00f3szerz\u00e9s.<\/p><p>Strat\u00e9giai alapon kell eld\u00f6ntenie, hogy milyen limit\u00e1lt funkci\u00f3kat foglaljunk bele az MVP-be.\u00a0<\/p><p><b>Ezeket a d\u00f6nt\u00e9seket t\u00f6bb t\u00e9nyez\u0151re is alapozhatjuk, t\u00f6bbek k\u00f6z\u00f6tt:<\/b><\/p><ul><li aria-level=\"1\">Felhaszn\u00e1l\u00f3i kutat\u00e1sokra<\/li><li aria-level=\"1\">Versenyt\u00e1rselemz\u00e9sre<\/li><li aria-level=\"1\">Hogy milyen gyorsan tudunk bizonyos t\u00edpus\u00fa funkci\u00f3kat iter\u00e1lni, amikor felhaszn\u00e1l\u00f3i visszajelz\u00e9seket kapunk?<\/li><li aria-level=\"1\">A k\u00fcl\u00f6nb\u00f6z\u0151 felhaszn\u00e1l\u00f3i t\u00f6rt\u00e9netek megval\u00f3s\u00edt\u00e1s\u00e1nak relat\u00edv k\u00f6lts\u00e9geire<\/li><\/ul><h3>3. Fejleszt\u00e9si cselekv\u00e9si terv k\u00e9sz\u00edt\u00e9se<\/h3><p>Miut\u00e1n m\u00e9rlegelt\u00fck a strat\u00e9giai elemet \u00e9s meghat\u00e1roz\u00e1sra ker\u00fclt a funkcionalit\u00e1s, konkr\u00e9t cselekv\u00e9si tervet kell k\u00e9sz\u00edteni a fejleszt\u00e9shez.<\/p><p>Fontos, hogy az MVP-nek, ahogy a nev\u00e9ben is benne van, \u00e9letk\u00e9pesnek, azaz a c\u00e9lk\u00f6z\u00f6ns\u00e9g sz\u00e1m\u00e1ra haszn\u00e1lhat\u00f3nak kell lennie, \u00e9s min\u0151s\u00e9gi felhaszn\u00e1l\u00f3i \u00e9lm\u00e9nyt ny\u00fajtania.<\/p>\t\t\t\t\t\t\t\t<\/div>\n\t\t\t\t<\/div>\n\t\t\t\t<div class=\"elementor-element elementor-element-5cba623 elementor-widget elementor-widget-image\" data-id=\"5cba623\" data-element_type=\"widget\" data-e-type=\"widget\" data-widget_type=\"image.default\">\n\t\t\t\t<div class=\"elementor-widget-container\">\n\t\t\t\t\t\t\t\t\t\t\t\t\t\t\t<img decoding=\"async\" width=\"1000\" height=\"515\" src=\"https:\/\/promanconsulting.hu\/wp-content\/uploads\/2023\/11\/mmf.jpg\" class=\"attachment-large size-large wp-image-9638\" alt=\"Az MMF a legkisebb olyan funkcionalit\u00e1ssal rendelkez\u0151 term\u00e9k vagy szolg\u00e1ltat\u00e1s, amely m\u00e1r piack\u00e9pesnek tekinthet\u0151.\" srcset=\"https:\/\/promanconsulting.hu\/wp-content\/uploads\/2023\/11\/mmf.jpg 1000w, https:\/\/promanconsulting.hu\/wp-content\/uploads\/2023\/11\/mmf-300x155.jpg 300w, https:\/\/promanconsulting.hu\/wp-content\/uploads\/2023\/11\/mmf-768x396.jpg 768w, https:\/\/promanconsulting.hu\/wp-content\/uploads\/2023\/11\/mmf-18x9.jpg 18w\" sizes=\"(max-width: 1000px) 100vw, 1000px\" \/>\t\t\t\t\t\t\t\t\t\t\t\t\t\t\t<\/div>\n\t\t\t\t<\/div>\n\t\t\t\t<div class=\"elementor-element elementor-element-8cfab34 elementor-widget elementor-widget-text-editor\" data-id=\"8cfab34\" data-element_type=\"widget\" data-e-type=\"widget\" data-widget_type=\"text-editor.default\">\n\t\t\t\t<div class=\"elementor-widget-container\">\n\t\t\t\t\t\t\t\t\t<h2>MVP a gyakorlatban<\/h2><p>Az MVP-re j\u00f3 p\u00e9lda lehet egy m\u00e9g nem l\u00e9tez\u0151 term\u00e9k rekl\u00e1mkamp\u00e1nya, melyek a potenci\u00e1lis \u00fcgyfeleket a term\u00e9kr\u0151l sz\u00f3l\u00f3 inform\u00e1ci\u00f3kat tartalmaz\u00f3 c\u00e9l- vagy landing oldalakra ir\u00e1ny\u00edtj\u00e1k. A m\u00e9r\u0151sz\u00e1mok nyomon k\u00f6vetik a felhaszn\u00e1l\u00f3k \u00e9rdekl\u0151d\u00e9s\u00e9t a term\u00e9k ir\u00e1nt, \u00e9s azt, hogy mely funkci\u00f3k kapj\u00e1k a legnagyobb figyelmet. Ezek seg\u00edthetnek valid\u00e1lni a hipot\u00e9ziseket.\u00a0<\/p><p>\u00c9s most n\u00e9zz\u00fcnk meg, n\u00e9h\u00e1ny sikeres MVP-t!<\/p><h3>Airbnb<\/h3><p>Mivel nem volt p\u00e9nz\u00fck az \u00fczlet fel\u00e9p\u00edt\u00e9s\u00e9hez, az Airbnb alap\u00edt\u00f3i a saj\u00e1t lak\u00e1sukat haszn\u00e1lt\u00e1k fel arra, hogy valid\u00e1lj\u00e1k az \u00f6tlet\u00fcket, \u00e9s l\u00e9trehozzanak egy olyan piacot, amely r\u00f6vid t\u00e1v\u00fa lak\u00e1sb\u00e9rl\u00e9st k\u00edn\u00e1l online. K\u00e9sz\u00edtettek egy minimalista weboldalt, felt\u00f6lt\u00f6ttek n\u00e9h\u00e1ny fot\u00f3t, \u00e9s egy\u00e9b tudnival\u00f3t az ingatlanjukr\u00f3l, \u00e9s szinte azonnal tal\u00e1ltak r\u00e1 fizet\u0151 vend\u00e9geket.<\/p><h3>Foursquare<\/h3><p>A helyalap\u00fa k\u00f6z\u00f6ss\u00e9gi h\u00e1l\u00f3zat, a Foursquare csup\u00e1n egyfunkci\u00f3s MVP-k\u00e9nt indult, amely eleinte csak bejelentkez\u00e9seket k\u00edn\u00e1lt. Azt\u00e1n a fejleszt\u0151csapat elkezdte b\u0151v\u00edteni aj\u00e1nl\u00e1sokkal, v\u00e1roskalauzokkal \u00e9s m\u00e1s funkci\u00f3kkal, am\u00edg nem valid\u00e1lt\u00e1k az \u00f6tletet egy lelkes \u00e9s n\u00f6vekv\u0151 felhaszn\u00e1l\u00f3i b\u00e1zissal.<\/p><h2>Mi az MMF jelent\u00e9se?<\/h2><p>Az MMF az angolul Minimum Marketable Feature r\u00f6vid\u00edt\u00e9se, magyar elnevez\u00e9se Minim\u00e1lisan Piack\u00e9pes Funkci\u00f3. Vagyis a legkisebb olyan funkcionalit\u00e1ssal rendelkez\u0151 term\u00e9ket vagy szolg\u00e1ltat\u00e1s jelenti, amely m\u00e1r piack\u00e9pesnek tekinthet\u0151. Azaz el\u00e9g \u00e9rt\u00e9ket ad a felhaszn\u00e1l\u00f3 sz\u00e1m\u00e1ra ahhoz, hogy megv\u00e1s\u00e1rl\u00e1sra \u00f6szt\u00f6n\u00f6zze.\u00a0<\/p><p><b>Az \u00e9rt\u00e9k lehet:<\/b><\/p><ul><li aria-level=\"1\">bev\u00e9telszerz\u00e9s<\/li><li aria-level=\"1\">versenyk\u00e9pess\u00e9g jav\u00edt\u00e1sa<\/li><li aria-level=\"1\">k\u00f6lts\u00e9gmegtakar\u00edt\u00e1s<\/li><li aria-level=\"1\">v\u00e1s\u00e1rl\u00f3i h\u0171s\u00e9g jav\u00edt\u00e1sa<\/li><\/ul><p>Az MMF-nek egy bizonyos ig\u00e9nyt kell kiel\u00e9g\u00edtenie, egy konkr\u00e9t probl\u00e9ma megold\u00e1s\u00e1ra f\u00f3kusz\u00e1lnia. Fontos tov\u00e1bb\u00e1 a magas sz\u00ednvonal \u00e9s a k\u00f6nny\u0171 haszn\u00e1lhat\u00f3s\u00e1g.\u00a0<\/p><p>Az MMF koncepci\u00f3j\u00e1t nagyon gyakran alkalmazz\u00e1k az agilis marketingben. Lehet\u0151v\u00e9 teszi a v\u00e1llalat sz\u00e1m\u00e1ra, hogy tudja, hogy b\u00e1r a term\u00e9k\u00fck nem teljesk\u00f6r\u0171, \u00e9s nem fogja azonnal letasz\u00edtani a piacvezet\u0151ket, m\u00e9gis kulcsfontoss\u00e1g\u00fa \u00fcgyfeleik sz\u00e1m\u00e1ra, mivel megold\u00e1st k\u00edn\u00e1l a probl\u00e9m\u00e1ikra.<\/p><h2>Mik az MMF c\u00e9ljai \u00e9s el\u0151nyei?<\/h2><p>Az MMF c\u00e9lja, hogy a potenci\u00e1lis felhaszn\u00e1l\u00f3k \u00e9let\u00e9ben a legnagyobb \u00e9rt\u00e9kkel b\u00edr\u00f3 funkci\u00f3kat helyezze el\u0151t\u00e9rbe, \u00e9s a lehet\u0151 leggyorsabb legyen a piacra ker\u00fcl\u00e9si id\u0151. Mindez n\u00f6veli a szervezet befektet\u00e9seinek megt\u00e9r\u00fcl\u00e9s\u00e9t (ROI).<\/p><p><b>L\u00e1ssuk most az MMF legf\u0151bb el\u0151nyeit!<\/b><\/p><ul><li aria-level=\"1\">Egy hatalmas term\u00e9k helyett egyetlen funkci\u00f3ra \u00f6sszpontos\u00edt, ami jelent\u0151sen lecs\u00f6kkenti a piacra jut\u00e1si id\u0151t.<\/li><li aria-level=\"1\">Az MMF garant\u00e1lja, hogy a term\u00e9kek olyan funkci\u00f3kkal k\u00e9sz\u00fclnek \u00e9s friss\u00fclnek, amelyek val\u00f3ban hasznosak \u00e9s haszn\u00e1lhat\u00f3k a felhaszn\u00e1l\u00f3k sz\u00e1m\u00e1ra, nem tartalmaznak semmilyen felesleges extr\u00e1t.<\/li><li aria-level=\"1\">Az MMF-ek azonos\u00edt\u00e1sa a legjobb m\u00f3dja a j\u00f6v\u0151beli kiad\u00e1sok tervez\u00e9s\u00e9nek.\u00a0<\/li><li aria-level=\"1\">Az MMF-eket a c\u00e9gek rangsorolhatj\u00e1k, lehet\u0151v\u00e9 t\u00e9ve a szervezetek sz\u00e1m\u00e1ra, hogy p\u00e9nzt keressenek azzal, hogy a term\u00e9k egy MMF-fel rendelkez\u0151 v\u00e1ltozat\u00e1t kiadj\u00e1k, melynek tapasztalatait elemzik, \u00e9s ezek alapj\u00e1n dolgoznak a k\u00f6vetkez\u0151 funkci\u00f3kon.\u00a0<\/li><li aria-level=\"1\">A nagyobb funkci\u00f3kat kisebb felhaszn\u00e1l\u00f3i t\u00f6rt\u00e9netekre lehet osztani.<\/li><\/ul><h2>MMF a gyakorlatban<\/h2><p>Az MMF koncepci\u00f3 alkalmaz\u00e1sa gyakori a mobiltelefonok oper\u00e1ci\u00f3s rendszerein\u00e9l. A telefon azonnal m\u0171k\u00f6dik az alap funkci\u00f3kkal, amikor kivessz\u00fck a dobozb\u00f3l, de a felhaszn\u00e1l\u00f3 fokozatos friss\u00edt\u00e9seket kap a szoftverszolg\u00e1ltat\u00f3t\u00f3l, amelyek a megl\u00e9v\u0151 rendszerre \u00e9p\u00fclnek. Elm\u00e9letileg minden egyes friss\u00edt\u00e9snek jav\u00edtania kell az el\u0151z\u0151 verzi\u00f3n, \u00e9s egy \u00faj funkci\u00f3t kell hozz\u00e1adnia, amely jobb m\u0171k\u00f6d\u00e9st biztos\u00edt.<\/p><p>Ez az\u00e9rt el\u0151ny\u00f6s a v\u00e1llalatok sz\u00e1m\u00e1ra, mert cs\u00f6kkentheti a feleges kiad\u00e1sokat, amely egy olyan hatalmas term\u00e9k megtervez\u00e9s\u00e9b\u0151l \u00e9s kiad\u00e1s\u00e1b\u00f3l fakad, amelyben a funkci\u00f3k t\u00f6bbs\u00e9g\u00e9r\u0151l k\u00e9s\u0151bb kider\u00fcl, hogy egy\u00e1ltal\u00e1n nem, vagy csak ritk\u00e1n haszn\u00e1lj\u00e1k a felhaszn\u00e1l\u00f3k.<\/p><h2>\u00d6sszefoglalva: Mi a k\u00fcl\u00f6nbs\u00e9g az MVP \u00e9s az MMF k\u00f6z\u00f6tt?<\/h2><p>Alapvet\u0151en az MMF az \u00fcgyfelek sz\u00e1m\u00e1ra ny\u00fajtott \u00e9rt\u00e9kr\u0151l sz\u00f3l, m\u00edg az MVP arr\u00f3l, hogy a lehet\u0151 legt\u00f6bb inform\u00e1ci\u00f3 \u00e1lljon rendelkez\u00e9sre a v\u00e9gs\u0151 term\u00e9kkel kapcsolatban.<\/p><p>Az MVP seg\u00edt a csapatnak az MMF fejleszt\u00e9s\u00e9ben, ami m\u00e1r egy val\u00f3di funkci\u00f3 \u00e9s k\u00e9zzelfoghat\u00f3 \u00e9rt\u00e9ket biztos\u00edt az \u00fcgyfelek sz\u00e1m\u00e1ra. Egy konkr\u00e9t ig\u00e9nyt el\u00e9g\u00edt ki, megold egy bizonyos probl\u00e9m\u00e1t, magas min\u0151s\u00e9g\u0171, j\u00f3l haszn\u00e1lhat\u00f3 \u00e9s kiv\u00e1l\u00f3an \u00e9rt\u00e9kes\u00edthet\u0151.<\/p><p><b>Az agilis ir\u00e1nyzatok egyre nagyobb teret h\u00f3d\u00edtanak projektek sor\u00e1n \u00e9s a szervezetek \u00e9let\u00e9ben. Fejlessze \u00d6n is gyakorlati eszk\u00f6zt\u00e1r\u00e1t \u00e9s <\/b><span style=\"color: #0000ff;\"><a style=\"color: #0000ff;\" href=\"https:\/\/promanconsulting.hu\/pmi-minositesek\/\"><b>szerezzen nemzetk\u00f6zi k\u00e9pes\u00edt\u00e9seket<\/b><\/a><b>!\u00a0 <\/b><a style=\"color: #0000ff;\" href=\"https:\/\/promanconsulting.hu\/agilis-kepzesek\/\"><b>M\u00e9ly\u00edtse el tud\u00e1s\u00e1t agilis k\u00e9pz\u00e9seinken<\/b><\/a><b>!<\/b><\/span><\/p>\t\t\t\t\t\t\t\t<\/div>\n\t\t\t\t<\/div>\n\t\t\t\t\t<\/div>\n\t\t<\/div>\n\t\t\t\t\t<\/div>\n\t\t<\/section>\n\t\t\t\t<\/div>\n\t\t","protected":false},"excerpt":{"rendered":"<p>Az MVP \u00e9s MMF jelent\u00e9se, c\u00e9lja, szerepe A term\u00e9kfejleszt\u00e9si projektek kapcs\u00e1n gyakran tal\u00e1lkozhatunk az MVP \u00e9s MMF kifejez\u00e9sekkel. De mit is jelent a gyakorlatban a Minim\u00e1lisan \u00c9letk\u00e9pes Term\u00e9k (MVP), valamint a Minim\u00e1lisan Piack\u00e9pes Funkci\u00f3 (MMF)? Mik a c\u00e9jaik, el\u0151nyeik \u00e9s miben k\u00fcl\u00f6nb\u00f6znek? Cikk\u00fcnkben most ezt fogjuk k\u00f6r\u00fclj\u00e1rni. Az MVP jelent\u00e9se: mit jelent az agilis m\u00f3dszertanban? [&hellip;]<\/p>\n","protected":false},"author":5,"featured_media":9639,"comment_status":"closed","ping_status":"closed","sticky":false,"template":"","format":"standard","meta":{"footnotes":""},"categories":[77,94,19],"tags":[54,35,78],"class_list":["post-9634","post","type-post","status-publish","format-standard","has-post-thumbnail","hentry","category-projektmenedzsment","category-agilis","category-blog","tag-agilis","tag-projektmenedzsment","tag-projektvezetes","entry","has-media"],"_links":{"self":[{"href":"https:\/\/promanconsulting.hu\/en\/wp-json\/wp\/v2\/posts\/9634","targetHints":{"allow":["GET"]}}],"collection":[{"href":"https:\/\/promanconsulting.hu\/en\/wp-json\/wp\/v2\/posts"}],"about":[{"href":"https:\/\/promanconsulting.hu\/en\/wp-json\/wp\/v2\/types\/post"}],"author":[{"embeddable":true,"href":"https:\/\/promanconsulting.hu\/en\/wp-json\/wp\/v2\/users\/5"}],"replies":[{"embeddable":true,"href":"https:\/\/promanconsulting.hu\/en\/wp-json\/wp\/v2\/comments?post=9634"}],"version-history":[{"count":5,"href":"https:\/\/promanconsulting.hu\/en\/wp-json\/wp\/v2\/posts\/9634\/revisions"}],"predecessor-version":[{"id":9647,"href":"https:\/\/promanconsulting.hu\/en\/wp-json\/wp\/v2\/posts\/9634\/revisions\/9647"}],"wp:featuredmedia":[{"embeddable":true,"href":"https:\/\/promanconsulting.hu\/en\/wp-json\/wp\/v2\/media\/9639"}],"wp:attachment":[{"href":"https:\/\/promanconsulting.hu\/en\/wp-json\/wp\/v2\/media?parent=9634"}],"wp:term":[{"taxonomy":"category","embeddable":true,"href":"https:\/\/promanconsulting.hu\/en\/wp-json\/wp\/v2\/categories?post=9634"},{"taxonomy":"post_tag","embeddable":true,"href":"https:\/\/promanconsulting.hu\/en\/wp-json\/wp\/v2\/tags?post=9634"}],"curies":[{"name":"wp","href":"https:\/\/api.w.org\/{rel}","templated":true}]}}