{"id":8819,"date":"2023-07-31T08:36:21","date_gmt":"2023-07-31T08:36:21","guid":{"rendered":"https:\/\/promanconsulting.hu\/?p=8819"},"modified":"2023-07-31T15:16:05","modified_gmt":"2023-07-31T15:16:05","slug":"daily-scrum","status":"publish","type":"post","link":"https:\/\/promanconsulting.hu\/en\/daily-scrum\/","title":{"rendered":"Daily Scrum: The key to information flow"},"content":{"rendered":"\t\t<div data-elementor-type=\"wp-post\" data-elementor-id=\"8819\" class=\"elementor elementor-8819\" data-elementor-settings=\"{&quot;ha_cmc_init_switcher&quot;:&quot;no&quot;}\" data-elementor-post-type=\"post\">\n\t\t\t\t\t\t<section class=\"elementor-section elementor-top-section elementor-element elementor-element-167538e2 elementor-section-boxed elementor-section-height-default elementor-section-height-default\" data-id=\"167538e2\" data-element_type=\"section\" data-e-type=\"section\" data-settings=\"{&quot;jet_parallax_layout_list&quot;:[{&quot;jet_parallax_layout_image&quot;:{&quot;url&quot;:&quot;&quot;,&quot;id&quot;:&quot;&quot;,&quot;size&quot;:&quot;&quot;},&quot;_id&quot;:&quot;da11ba3&quot;,&quot;jet_parallax_layout_image_tablet&quot;:{&quot;url&quot;:&quot;&quot;,&quot;id&quot;:&quot;&quot;,&quot;size&quot;:&quot;&quot;},&quot;jet_parallax_layout_image_mobile&quot;:{&quot;url&quot;:&quot;&quot;,&quot;id&quot;:&quot;&quot;,&quot;size&quot;:&quot;&quot;},&quot;jet_parallax_layout_speed&quot;:{&quot;unit&quot;:&quot;%&quot;,&quot;size&quot;:50,&quot;sizes&quot;:[]},&quot;jet_parallax_layout_type&quot;:&quot;scroll&quot;,&quot;jet_parallax_layout_direction&quot;:&quot;1&quot;,&quot;jet_parallax_layout_fx_direction&quot;:null,&quot;jet_parallax_layout_z_index&quot;:&quot;&quot;,&quot;jet_parallax_layout_bg_x&quot;:50,&quot;jet_parallax_layout_bg_x_tablet&quot;:&quot;&quot;,&quot;jet_parallax_layout_bg_x_mobile&quot;:&quot;&quot;,&quot;jet_parallax_layout_bg_y&quot;:50,&quot;jet_parallax_layout_bg_y_tablet&quot;:&quot;&quot;,&quot;jet_parallax_layout_bg_y_mobile&quot;:&quot;&quot;,&quot;jet_parallax_layout_bg_size&quot;:&quot;auto&quot;,&quot;jet_parallax_layout_bg_size_tablet&quot;:&quot;&quot;,&quot;jet_parallax_layout_bg_size_mobile&quot;:&quot;&quot;,&quot;jet_parallax_layout_animation_prop&quot;:&quot;transform&quot;,&quot;jet_parallax_layout_on&quot;:[&quot;desktop&quot;,&quot;tablet&quot;]}],&quot;_ha_eqh_enable&quot;:false}\">\n\t\t\t\t\t\t<div class=\"elementor-container elementor-column-gap-default\">\n\t\t\t\t\t<div class=\"elementor-column elementor-col-100 elementor-top-column elementor-element elementor-element-4773b297\" data-id=\"4773b297\" data-element_type=\"column\" data-e-type=\"column\">\n\t\t\t<div class=\"elementor-widget-wrap elementor-element-populated\">\n\t\t\t\t\t\t<div class=\"elementor-element elementor-element-e445735 elementor-widget elementor-widget-text-editor\" data-id=\"e445735\" data-element_type=\"widget\" data-e-type=\"widget\" data-widget_type=\"text-editor.default\">\n\t\t\t\t<div class=\"elementor-widget-container\">\n\t\t\t\t\t\t\t\t\t<p>\u00cdrta: <strong>Ol\u00e1h Csaba<\/strong> &#8211; PSM I, Business Coach, Team Coach.<\/p>\t\t\t\t\t\t\t\t<\/div>\n\t\t\t\t<\/div>\n\t\t\t\t<div class=\"elementor-element elementor-element-cba2f88 elementor-widget elementor-widget-text-editor\" data-id=\"cba2f88\" data-element_type=\"widget\" data-e-type=\"widget\" data-widget_type=\"text-editor.default\">\n\t\t\t\t<div class=\"elementor-widget-container\">\n\t\t\t\t\t\t\t\t\t<h1><strong>Daily Scrum: Az inform\u00e1ci\u00f3\u00e1raml\u00e1s kulcsa<\/strong><\/h1><p>Az agilis fejleszt\u00e9s egyik alapvet\u0151 eleme a Daily Scrum megbesz\u00e9l\u00e9s, amelynek c\u00e9lja az inform\u00e1ci\u00f3\u00e1raml\u00e1s el\u0151seg\u00edt\u00e9se \u00e9s a feladatok koordin\u00e1l\u00e1sa. Ebben a cikkben bemutatjuk, hogyan \u00e9rdemes a Daily Scrum esem\u00e9nyt fel\u00e9p\u00edteni, megtartani, hogy a csapat hat\u00e9konyan tudjon dolgozni \u00e9s a c\u00e9lok fel\u00e9 haladni.<\/p>\t\t\t\t\t\t\t\t<\/div>\n\t\t\t\t<\/div>\n\t\t\t\t<div class=\"elementor-element elementor-element-2656966 elementor-widget elementor-widget-image\" data-id=\"2656966\" data-element_type=\"widget\" data-e-type=\"widget\" data-widget_type=\"image.default\">\n\t\t\t\t<div class=\"elementor-widget-container\">\n\t\t\t\t\t\t\t\t\t\t\t\t\t\t\t<img fetchpriority=\"high\" decoding=\"async\" width=\"768\" height=\"512\" src=\"https:\/\/promanconsulting.hu\/wp-content\/uploads\/2023\/07\/daily_scrum-768x512.jpg\" class=\"attachment-medium_large size-medium_large wp-image-8820\" alt=\"daily-scrum\" srcset=\"https:\/\/promanconsulting.hu\/wp-content\/uploads\/2023\/07\/daily_scrum-768x512.jpg 768w, https:\/\/promanconsulting.hu\/wp-content\/uploads\/2023\/07\/daily_scrum-300x200.jpg 300w, https:\/\/promanconsulting.hu\/wp-content\/uploads\/2023\/07\/daily_scrum-1024x683.jpg 1024w, https:\/\/promanconsulting.hu\/wp-content\/uploads\/2023\/07\/daily_scrum.jpg 1500w\" sizes=\"(max-width: 768px) 100vw, 768px\" \/>\t\t\t\t\t\t\t\t\t\t\t\t\t\t\t<\/div>\n\t\t\t\t<\/div>\n\t\t\t\t<div class=\"elementor-element elementor-element-40662c0 elementor-widget elementor-widget-text-editor\" data-id=\"40662c0\" data-element_type=\"widget\" data-e-type=\"widget\" data-widget_type=\"text-editor.default\">\n\t\t\t\t<div class=\"elementor-widget-container\">\n\t\t\t\t\t\t\t\t\t<h2><strong>Mi az a Daily Scrum?<\/strong><\/h2><p>A Daily Scrum a <span style=\"color: #0000ff;\"><a style=\"color: #0000ff;\" href=\"https:\/\/scrumguides.org\/scrum-guide.html\" target=\"_blank\" rel=\"noopener\">Scrum keretrendszerb\u0151l<\/a><\/span> ered\u0151 r\u00f6vid, maximum 15 perces esem\u00e9ny, amelyet a fejleszt\u0151i csapat minden nap megtart \u00e9s a csapat \u00e1lland\u00f3 kommunik\u00e1ci\u00f3j\u00e1t \u00e9s egy\u00fcttm\u0171k\u00f6d\u00e9s\u00e9t szolg\u00e1lja. Az al\u00e1bbiakban \u00f6sszefoglaljuk a Daily Scrum f\u0151 f\u00f3kuszait:<\/p><ul><li><p><strong>Inform\u00e1ci\u00f3\u00e1raml\u00e1s<\/strong><\/p><\/li><\/ul><p>Az esem\u00e9ny lehet\u0151v\u00e9 teszi a csapat tagjai sz\u00e1m\u00e1ra, hogy megossz\u00e1k az el\u0151z\u0151 napok eredm\u00e9nyeit, az aktu\u00e1lis tev\u00e9kenys\u00e9geket \u00e9s az esetleges akad\u00e1lyokat. Ez seg\u00edti az \u00f6sszehangolt munk\u00e1t \u00e9s az inform\u00e1ci\u00f3k gyors \u00e1tad\u00e1s\u00e1t.<\/p><ul><li><strong>Koordin\u00e1ci\u00f3<\/strong><\/li><\/ul><p>A csapat tagjai egy\u00fcttm\u0171k\u00f6dnek a feladatok feloszt\u00e1s\u00e1ban \u00e9s a prioriz\u00e1l\u00e1sban. Ez seg\u00edt elker\u00fclni a felesleges \u00e1tfed\u00e9seket \u00e9s hat\u00e9konyabban haladni a projektben.<\/p><ul><li><strong>Elk\u00f6telezetts\u00e9g<\/strong><\/li><\/ul><p>K\u00f6z\u00f6s platformot teremt, ahol a csapat tagjai elk\u00f6telezett\u00e9 v\u00e1lnak a feladatok teljes\u00edt\u00e9se \u00e9s a c\u00e9lok el\u00e9r\u00e9se mellett. A rendszeres megbesz\u00e9l\u00e9sek seg\u00edtik az \u00f6sszetart\u00e1st \u00e9s a felel\u0151ss\u00e9g\u00e9rzetet.<\/p><h2>N\u00e9zd meg Csaba vide\u00f3j\u00e1t is a Daily Scrum-r\u00f3l<\/h2>\t\t\t\t\t\t\t\t<\/div>\n\t\t\t\t<\/div>\n\t\t\t\t<div class=\"elementor-element elementor-element-aba99e1 elementor-view-default elementor-widget elementor-widget-icon\" data-id=\"aba99e1\" data-element_type=\"widget\" data-e-type=\"widget\" data-widget_type=\"icon.default\">\n\t\t\t\t<div class=\"elementor-widget-container\">\n\t\t\t\t\t\t\t<div class=\"elementor-icon-wrapper\">\n\t\t\t<div class=\"elementor-icon\">\n\t\t\t<i aria-hidden=\"true\" class=\"fas fa-arrow-circle-down\"><\/i>\t\t\t<\/div>\n\t\t<\/div>\n\t\t\t\t\t\t<\/div>\n\t\t\t\t<\/div>\n\t\t\t\t<div class=\"elementor-element elementor-element-1c980e5 elementor-widget elementor-widget-video\" data-id=\"1c980e5\" data-element_type=\"widget\" data-e-type=\"widget\" data-settings=\"{&quot;youtube_url&quot;:&quot;https:\\\/\\\/www.youtube.com\\\/watch?v=1QGtghWuny8&quot;,&quot;video_type&quot;:&quot;youtube&quot;,&quot;controls&quot;:&quot;yes&quot;}\" data-widget_type=\"video.default\">\n\t\t\t\t<div class=\"elementor-widget-container\">\n\t\t\t\t\t\t\t<div class=\"elementor-wrapper elementor-open-inline\">\n\t\t\t<div class=\"elementor-video\"><\/div>\t\t<\/div>\n\t\t\t\t\t\t<\/div>\n\t\t\t\t<\/div>\n\t\t\t\t<div class=\"elementor-element elementor-element-4984414 elementor-widget elementor-widget-text-editor\" data-id=\"4984414\" data-element_type=\"widget\" data-e-type=\"widget\" data-widget_type=\"text-editor.default\">\n\t\t\t\t<div class=\"elementor-widget-container\">\n\t\t\t\t\t\t\t\t\t<h2><strong>Tippek a Daily Scrum hat\u00e9kony haszn\u00e1lat\u00e1hoz<\/strong><\/h2><ul><li><strong>Rendszeress\u00e9g <\/strong><\/li><\/ul><p>Tartsd be a napi rendszeress\u00e9get a tal\u00e1lkoz\u00f3 id\u0151pontj\u00e1val \u00e9s helysz\u00edn\u00e9vel. Ez cs\u00f6kkenti az esem\u00e9ny megtart\u00e1si kock\u00e1zatait, seg\u00edti a csapat szinkroniz\u00e1ci\u00f3j\u00e1t \u00e9s a hat\u00e9kony kommunik\u00e1ci\u00f3t.<\/p><ul><li><strong>F\u00f3kusz \u00e9s r\u00f6vids\u00e9g<\/strong><\/li><\/ul><p>Tartsd a tal\u00e1lkoz\u00f3t r\u00f6viden \u00e9s l\u00e9nyegre t\u00f6r\u0151en. Koncentr\u00e1lj a legfontosabb inform\u00e1ci\u00f3kra \u00e9s ne engedd, hogy elkalandozzon a besz\u00e9lget\u00e9s.<\/p><ul><li><strong>Kommunik\u00e1ci\u00f3 \u00e9s egy\u00fcttm\u0171k\u00f6d\u00e9s<\/strong><\/li><\/ul><p>Biztos\u00edtsd, hogy minden csapattag akt\u00edvan r\u00e9szt vegyen a tal\u00e1lkoz\u00f3n, \u00e9s szabadon megossza a gondolatait \u00e9s v\u00e9lem\u00e9ny\u00e9t. K\u00e9rdezz \u00e9s figyelj, hogy jobban meg\u00e9rtsd a t\u00f6bbiek \u00e1ll\u00e1spontj\u00e1t \u00e9s seg\u00edts a probl\u00e9m\u00e1k megold\u00e1s\u00e1ban.<\/p><ul><li><strong>Rendszeres visszajelz\u00e9sek<\/strong><\/li><\/ul><p>Fontos, hogy rendszeresen adjunk \u00e9s kapjunk visszajelz\u00e9seket a csapattagokt\u00f3l. Ez el\u0151seg\u00edti a fejl\u0151d\u00e9st, az egy\u00fcttm\u0171k\u00f6d\u00e9st \u00e9s a folyamatos tanul\u00e1st.<\/p><ul><li><strong>Nyomon k\u00f6vet\u00e9s \u00e9s k\u00f6vetkeztet\u00e9sek levon\u00e1sa<\/strong><\/li><\/ul><p>El\u0151fordulhatnak akad\u00e1lyok vagy probl\u00e9m\u00e1k. Fontos, hogy ezeket nyomon k\u00f6vess\u00fck \u00e9s cselekedj\u00fcnk vel\u00fck kapcsolatban. \u00c1ll\u00edtsunk fel megfelel\u0151 int\u00e9zked\u00e9seket, hogy elker\u00fclj\u00fck az ism\u00e9tl\u0151d\u0151 probl\u00e9m\u00e1kat.<\/p><h2><strong>A Daily Scrum helytelen alkalmaz\u00e1sai<\/strong><\/h2><ul><li><strong>T\u00fal<\/strong><strong> hossz\u00fa id\u0151<\/strong><\/li><\/ul><p>Ha a tal\u00e1lkoz\u00f3 t\u00fal hossz\u00fara ny\u00falik, elvesz\u00edti a l\u00e9nyeg\u00e9t \u00e9s a hat\u00e9konys\u00e1g\u00e1t. Fontos, hogy minden csapattag r\u00f6viden \u00e9s t\u00f6m\u00f6ren v\u00e1laszoljon a k\u00e9rd\u00e9sekre.<\/p><ul><li><strong>Csak st\u00e1tuszjelent\u00e9s<\/strong><\/li><\/ul><p>A Daily Scrum nemcsak egy st\u00e1tuszjelent\u00e9si gyakorlat, hanem egy lehet\u0151s\u00e9g a csapatnak az egy\u00fcttm\u0171k\u00f6d\u00e9sre \u00e9s a probl\u00e9m\u00e1k megold\u00e1s\u00e1ra. Ne korl\u00e1tozd magad puszt\u00e1n a feladatok felsorol\u00e1s\u00e1ra, hanem legy\u00e9l nyitott a csapat v\u00e9lem\u00e9ny\u00e9re \u00e9s az egy\u00fcttm\u0171k\u00f6d\u00e9sre.<\/p><ul><li><strong>Product Owner \u00e9s Scrum Master \u201estand-up\u201d<\/strong><\/li><\/ul><p>Az esem\u00e9ny sor\u00e1n a Product Owner \u00e9s\/vagy Scrum Master (esetleg Line Manager) veszik \u00e1t az ir\u00e1ny\u00edt\u00e1st, f\u0151k\u00e9nt \u0151k besz\u00e9lnek. Ilyenkor az esem\u00e9ny c\u00e9lja \u00e1ltal\u00e1ban nem vil\u00e1gos a r\u00e9sztvev\u0151k sz\u00e1m\u00e1ra. A Daily Scrum a fejleszt\u0151csapat sz\u00e1m\u00e1ra van, nekik kellene vezetni az esem\u00e9nyt.<\/p><ul><li><strong>Probl\u00e9mamegold\u00e1s<\/strong><\/li><\/ul><p>A felmer\u00fcl\u0151 probl\u00e9m\u00e1kat a csapat egyb\u0151l meg is szeretn\u00e9 oldani a Daily Scrum-on. Ezeket nyugodtan rakjuk f\u00e9lre \u00e9s t\u00e9rj\u00fcnk vissza r\u00e1juk az esem\u00e9ny ut\u00e1n.<\/p><ul><li><strong>Tervez\u00e9s<\/strong><\/li><\/ul><p>A csapat az esem\u00e9nyt tervez\u00e9sre, k\u00f6vetelm\u00e9nyek \u00e1tbesz\u00e9l\u00e9s\u00e9re, refinement-re haszn\u00e1lja.<\/p><ul><li><strong>M\u0171szakind\u00edt\u00f3<\/strong><\/li><\/ul><p>Gyakran a reggeli Daily Scrum-oknak m\u0171szakind\u00edt\u00f3 jellege van. Ez az \u00f6nszervez\u0151d\u00e9s hi\u00e1ny\u00e1t jelezheti csapatokn\u00e1l.<\/p>\t\t\t\t\t\t\t\t<\/div>\n\t\t\t\t<\/div>\n\t\t\t\t<div class=\"elementor-element elementor-element-5cba623 elementor-widget elementor-widget-image\" data-id=\"5cba623\" data-element_type=\"widget\" data-e-type=\"widget\" data-widget_type=\"image.default\">\n\t\t\t\t<div class=\"elementor-widget-container\">\n\t\t\t\t\t\t\t\t\t\t\t\t\t\t\t<img decoding=\"async\" width=\"1024\" height=\"683\" src=\"https:\/\/promanconsulting.hu\/wp-content\/uploads\/2023\/07\/teamwork-1024x683.jpg\" class=\"attachment-large size-large wp-image-8828\" alt=\"teamwork\" srcset=\"https:\/\/promanconsulting.hu\/wp-content\/uploads\/2023\/07\/teamwork-1024x683.jpg 1024w, https:\/\/promanconsulting.hu\/wp-content\/uploads\/2023\/07\/teamwork-300x200.jpg 300w, https:\/\/promanconsulting.hu\/wp-content\/uploads\/2023\/07\/teamwork-768x512.jpg 768w, https:\/\/promanconsulting.hu\/wp-content\/uploads\/2023\/07\/teamwork-1536x1024.jpg 1536w, https:\/\/promanconsulting.hu\/wp-content\/uploads\/2023\/07\/teamwork-2048x1365.jpg 2048w\" sizes=\"(max-width: 1024px) 100vw, 1024px\" \/>\t\t\t\t\t\t\t\t\t\t\t\t\t\t\t<\/div>\n\t\t\t\t<\/div>\n\t\t\t\t<div class=\"elementor-element elementor-element-8cfab34 elementor-widget elementor-widget-text-editor\" data-id=\"8cfab34\" data-element_type=\"widget\" data-e-type=\"widget\" data-widget_type=\"text-editor.default\">\n\t\t\t\t<div class=\"elementor-widget-container\">\n\t\t\t\t\t\t\t\t\t<h2><strong>Mi\u00e9rt j\u00f3 \u00e9s mi\u00e9rt nem j\u00f3 a \u201ch\u00e1rom k\u00e9rd\u00e9s\u201d strukt\u00fara?<\/strong><\/h2><p>Sok csapat ragaszkodik a \u201ch\u00e1rom k\u00e9rd\u00e9s\u201d strukt\u00far\u00e1hoz:<\/p><ul><li>Mit tettem tegnap az\u00e9rt, hogy el\u00e9rj\u00fck a sprint c\u00e9lt?<\/li><li>Mit teszek ma, hogy el\u00e9rj\u00fck a sprint c\u00e9lt?<\/li><li>Van-e b\u00e1rmi akad\u00e1lyoz\u00f3 t\u00e9nyez\u0151, ami g\u00e1tol a munk\u00e1mban?<\/li><\/ul><p>M\u00e9g akkor is, ha ez nem hozza az esem\u00e9nyhez f\u0171z\u00f6tt rem\u00e9nyeket. A fejleszt\u0151k b\u00e1rmilyen strukt\u00far\u00e1t v\u00e1laszthatnak, ameddig az a sprint c\u00e9l fel\u00e9 halad\u00e1st t\u00e1mogatja.<\/p><p>Ha nincs \u00f6tlet\u00fcnk a Daily Scrum fel\u00e9p\u00edt\u00e9s\u00e9vel kapcsolatban a \u201ch\u00e1rom k\u00e9rd\u00e9s\u201d seg\u00edthet a csapatnak r\u00f6vid \u00e9s l\u00e9nyegre t\u00f6r\u0151 inform\u00e1ci\u00f3cser\u00e9ben. A csapat agilis fejl\u0151d\u00e9s\u00e9vel azonban ez a megk\u00f6zel\u00edt\u00e9s t\u00fals\u00e1gosan mechanikuss\u00e1 v\u00e1lhat, elker\u00fclve ezzel a val\u00f3di probl\u00e9m\u00e1k megbesz\u00e9l\u00e9s\u00e9t.<\/p><p>Azt javasoljuk, hogy a csapat a h\u00e1rom k\u00e9rd\u00e9s mellett b\u00e1tran ossza meg az inform\u00e1ci\u00f3kat, probl\u00e9m\u00e1kat \u00e9s lehet\u0151s\u00e9geket is. Fontos, hogy a Daily Scrum ne csak egy k\u00f6telez\u0151 rutinn\u00e1 v\u00e1ljon, hanem egy val\u00f3di egy\u00fcttm\u0171k\u00f6d\u00e9si f\u00f3rumm\u00e1, ahol a csapat megoszthatja az \u00f6tleteket \u00e9s megold\u00e1sokat tal\u00e1lhat a felmer\u00fcl\u0151 probl\u00e9m\u00e1kra.<\/p><h2>\u00d6sszefoglalva<\/h2><p>A Daily Scrum kulcsfontoss\u00e1g\u00fa a csapat hat\u00e9kony m\u0171k\u00f6d\u00e9se \u00e9s a c\u00e9lok el\u00e9r\u00e9se szempontj\u00e1b\u00f3l. A megfelel\u0151 id\u0151beoszt\u00e1s, a r\u00f6vid \u00e9s l\u00e9nyegre t\u00f6r\u0151 megbesz\u00e9l\u00e9sek, valamint a folyamatos kommunik\u00e1ci\u00f3 \u00e9s koordin\u00e1ci\u00f3 hozz\u00e1j\u00e1rulnak a sikeres projektekhez \u00e9s a magasabb produktivit\u00e1shoz. Ne feledj\u00fck, hogy az agilis m\u00f3dszertan rugalmass\u00e1got \u00e9s adapt\u00e1ci\u00f3t k\u00f6vetel meg, ez\u00e9rt mindig k\u00e9szek legy\u00fcnk v\u00e1ltoztatni \u00e9s fejl\u0151dni a stand-up-ok sor\u00e1n tapasztaltak alapj\u00e1n.<\/p>\t\t\t\t\t\t\t\t<\/div>\n\t\t\t\t<\/div>\n\t\t\t\t<div class=\"elementor-element elementor-element-ba5f59c elementor-widget elementor-widget-text-editor\" data-id=\"ba5f59c\" data-element_type=\"widget\" data-e-type=\"widget\" data-widget_type=\"text-editor.default\">\n\t\t\t\t<div class=\"elementor-widget-container\">\n\t\t\t\t\t\t\t\t\t<p><strong><b>Ha agilis k\u00f6rnyezetben \u00d6n is fontosnak tartja, hogy egy csapat sikeresen tudjon szinkroniz\u00e1lni \u00e9s az el\u0151rehalad\u00e1st a c\u00e9lok fel\u00e9 folyamatosan vizsg\u00e1lja, akkor tekintse meg aktu\u00e1lis <\/b><span style=\"color: #0000ff;\"><a style=\"color: #0000ff;\" href=\"https:\/\/promanconsulting.hu\/agilis-kepzesek\/\"><b>agilis k\u00e9pz\u00e9seinket<\/b><\/a><\/span><b>!<\/b><\/strong><\/p>\t\t\t\t\t\t\t\t<\/div>\n\t\t\t\t<\/div>\n\t\t\t\t\t<\/div>\n\t\t<\/div>\n\t\t\t\t\t<\/div>\n\t\t<\/section>\n\t\t\t\t<\/div>\n\t\t","protected":false},"excerpt":{"rendered":"<p>\u00cdrta: Ol\u00e1h Csaba &#8211; PSM I, Business Coach, Team Coach. Daily Scrum: Az inform\u00e1ci\u00f3\u00e1raml\u00e1s kulcsa Az agilis fejleszt\u00e9s egyik alapvet\u0151 eleme a Daily Scrum megbesz\u00e9l\u00e9s, amelynek c\u00e9lja az inform\u00e1ci\u00f3\u00e1raml\u00e1s el\u0151seg\u00edt\u00e9se \u00e9s a feladatok koordin\u00e1l\u00e1sa. Ebben a cikkben bemutatjuk, hogyan \u00e9rdemes a Daily Scrum esem\u00e9nyt fel\u00e9p\u00edteni, megtartani, hogy a csapat hat\u00e9konyan tudjon dolgozni \u00e9s a c\u00e9lok [&hellip;]<\/p>\n","protected":false},"author":5,"featured_media":8820,"comment_status":"closed","ping_status":"closed","sticky":false,"template":"","format":"standard","meta":{"footnotes":""},"categories":[77,94,19],"tags":[54,35,78],"class_list":["post-8819","post","type-post","status-publish","format-standard","has-post-thumbnail","hentry","category-projektmenedzsment","category-agilis","category-blog","tag-agilis","tag-projektmenedzsment","tag-projektvezetes","entry","has-media"],"_links":{"self":[{"href":"https:\/\/promanconsulting.hu\/en\/wp-json\/wp\/v2\/posts\/8819","targetHints":{"allow":["GET"]}}],"collection":[{"href":"https:\/\/promanconsulting.hu\/en\/wp-json\/wp\/v2\/posts"}],"about":[{"href":"https:\/\/promanconsulting.hu\/en\/wp-json\/wp\/v2\/types\/post"}],"author":[{"embeddable":true,"href":"https:\/\/promanconsulting.hu\/en\/wp-json\/wp\/v2\/users\/5"}],"replies":[{"embeddable":true,"href":"https:\/\/promanconsulting.hu\/en\/wp-json\/wp\/v2\/comments?post=8819"}],"version-history":[{"count":28,"href":"https:\/\/promanconsulting.hu\/en\/wp-json\/wp\/v2\/posts\/8819\/revisions"}],"predecessor-version":[{"id":8860,"href":"https:\/\/promanconsulting.hu\/en\/wp-json\/wp\/v2\/posts\/8819\/revisions\/8860"}],"wp:featuredmedia":[{"embeddable":true,"href":"https:\/\/promanconsulting.hu\/en\/wp-json\/wp\/v2\/media\/8820"}],"wp:attachment":[{"href":"https:\/\/promanconsulting.hu\/en\/wp-json\/wp\/v2\/media?parent=8819"}],"wp:term":[{"taxonomy":"category","embeddable":true,"href":"https:\/\/promanconsulting.hu\/en\/wp-json\/wp\/v2\/categories?post=8819"},{"taxonomy":"post_tag","embeddable":true,"href":"https:\/\/promanconsulting.hu\/en\/wp-json\/wp\/v2\/tags?post=8819"}],"curies":[{"name":"wp","href":"https:\/\/api.w.org\/{rel}","templated":true}]}}