{"id":8342,"date":"2023-06-01T07:03:07","date_gmt":"2023-06-01T07:03:07","guid":{"rendered":"https:\/\/promanconsulting.hu\/?p=8342"},"modified":"2023-06-01T08:22:22","modified_gmt":"2023-06-01T08:22:22","slug":"workshop-report","status":"publish","type":"post","link":"https:\/\/promanconsulting.hu\/en\/workshop-jelentese\/","title":{"rendered":"The meaning and importance of the workshop in projects"},"content":{"rendered":"\t\t<div data-elementor-type=\"wp-post\" data-elementor-id=\"8342\" class=\"elementor elementor-8342\" data-elementor-settings=\"{&quot;ha_cmc_init_switcher&quot;:&quot;no&quot;}\" data-elementor-post-type=\"post\">\n\t\t\t\t\t\t<section class=\"elementor-section elementor-top-section elementor-element elementor-element-167538e2 elementor-section-boxed elementor-section-height-default elementor-section-height-default\" data-id=\"167538e2\" data-element_type=\"section\" data-e-type=\"section\" data-settings=\"{&quot;jet_parallax_layout_list&quot;:[{&quot;jet_parallax_layout_image&quot;:{&quot;url&quot;:&quot;&quot;,&quot;id&quot;:&quot;&quot;,&quot;size&quot;:&quot;&quot;},&quot;_id&quot;:&quot;da11ba3&quot;,&quot;jet_parallax_layout_image_tablet&quot;:{&quot;url&quot;:&quot;&quot;,&quot;id&quot;:&quot;&quot;,&quot;size&quot;:&quot;&quot;},&quot;jet_parallax_layout_image_mobile&quot;:{&quot;url&quot;:&quot;&quot;,&quot;id&quot;:&quot;&quot;,&quot;size&quot;:&quot;&quot;},&quot;jet_parallax_layout_speed&quot;:{&quot;unit&quot;:&quot;%&quot;,&quot;size&quot;:50,&quot;sizes&quot;:[]},&quot;jet_parallax_layout_type&quot;:&quot;scroll&quot;,&quot;jet_parallax_layout_direction&quot;:&quot;1&quot;,&quot;jet_parallax_layout_fx_direction&quot;:null,&quot;jet_parallax_layout_z_index&quot;:&quot;&quot;,&quot;jet_parallax_layout_bg_x&quot;:50,&quot;jet_parallax_layout_bg_x_tablet&quot;:&quot;&quot;,&quot;jet_parallax_layout_bg_x_mobile&quot;:&quot;&quot;,&quot;jet_parallax_layout_bg_y&quot;:50,&quot;jet_parallax_layout_bg_y_tablet&quot;:&quot;&quot;,&quot;jet_parallax_layout_bg_y_mobile&quot;:&quot;&quot;,&quot;jet_parallax_layout_bg_size&quot;:&quot;auto&quot;,&quot;jet_parallax_layout_bg_size_tablet&quot;:&quot;&quot;,&quot;jet_parallax_layout_bg_size_mobile&quot;:&quot;&quot;,&quot;jet_parallax_layout_animation_prop&quot;:&quot;transform&quot;,&quot;jet_parallax_layout_on&quot;:[&quot;desktop&quot;,&quot;tablet&quot;]}],&quot;_ha_eqh_enable&quot;:false}\">\n\t\t\t\t\t\t<div class=\"elementor-container elementor-column-gap-default\">\n\t\t\t\t\t<div class=\"elementor-column elementor-col-100 elementor-top-column elementor-element elementor-element-4773b297\" data-id=\"4773b297\" data-element_type=\"column\" data-e-type=\"column\">\n\t\t\t<div class=\"elementor-widget-wrap elementor-element-populated\">\n\t\t\t\t\t\t<div class=\"elementor-element elementor-element-f445454 elementor-widget elementor-widget-heading\" data-id=\"f445454\" data-element_type=\"widget\" data-e-type=\"widget\" data-widget_type=\"heading.default\">\n\t\t\t\t<div class=\"elementor-widget-container\">\n\t\t\t\t\t<h1 class=\"elementor-heading-title elementor-size-default\">A workshop jelent\u00e9se \u00e9s fontoss\u00e1ga a projektek sor\u00e1n<\/h1>\t\t\t\t<\/div>\n\t\t\t\t<\/div>\n\t\t\t\t<div class=\"elementor-element elementor-element-cba2f88 elementor-widget elementor-widget-text-editor\" data-id=\"cba2f88\" data-element_type=\"widget\" data-e-type=\"widget\" data-widget_type=\"text-editor.default\">\n\t\t\t\t<div class=\"elementor-widget-container\">\n\t\t\t\t\t\t\t\t\t<p><span style=\"font-weight: 400;\">A workshopok a sikeres projekt folyamat szerves r\u00e9szei. T\u00e1mogathatj\u00e1k a strat\u00e9giai tervez\u00e9st, megk\u00f6nny\u00edthetik a feladatok hat\u00e9kony v\u00e9grehajt\u00e1s\u00e1t, probl\u00e9m\u00e1k eset\u00e9n tov\u00e1bblend\u00edthetik a projekteket, valamint seg\u00edthetnek a sz\u00fcks\u00e9ges k\u00f6vetkeztet\u00e9sek levon\u00e1s\u00e1ban, hogy a csapat a k\u00e9s\u0151bbiekben min\u00e9l eredm\u00e9nyesebb lehessen. Cikk\u00fcnkben most megn\u00e9zz\u00fck, hogy mi a workshop jelent\u00e9se projekt k\u00f6rnyezetben? Milyen c\u00e9llal szervezz\u00fck \u00e9s hogyan legyen hat\u00e9kony egy workshop?<\/span><\/p>\t\t\t\t\t\t\t\t<\/div>\n\t\t\t\t<\/div>\n\t\t\t\t<div class=\"elementor-element elementor-element-2656966 elementor-widget elementor-widget-image\" data-id=\"2656966\" data-element_type=\"widget\" data-e-type=\"widget\" data-widget_type=\"image.default\">\n\t\t\t\t<div class=\"elementor-widget-container\">\n\t\t\t\t\t\t\t\t\t\t\t\t\t\t\t<img fetchpriority=\"high\" decoding=\"async\" width=\"768\" height=\"512\" src=\"https:\/\/promanconsulting.hu\/wp-content\/uploads\/2023\/05\/workshop-jelentese-768x512.jpg\" class=\"attachment-medium_large size-medium_large wp-image-8346\" alt=\"A workshop jelent\u00e9se a projekt menedzsmentben, egy interakt\u00edv tal\u00e1lkoz\u00f3 a csapattagok sz\u00e1m\u00e1ra.\" srcset=\"https:\/\/promanconsulting.hu\/wp-content\/uploads\/2023\/05\/workshop-jelentese-768x512.jpg 768w, https:\/\/promanconsulting.hu\/wp-content\/uploads\/2023\/05\/workshop-jelentese-300x200.jpg 300w, https:\/\/promanconsulting.hu\/wp-content\/uploads\/2023\/05\/workshop-jelentese.jpg 1000w\" sizes=\"(max-width: 768px) 100vw, 768px\" \/>\t\t\t\t\t\t\t\t\t\t\t\t\t\t\t<\/div>\n\t\t\t\t<\/div>\n\t\t\t\t<div class=\"elementor-element elementor-element-0be0a1b elementor-widget elementor-widget-heading\" data-id=\"0be0a1b\" data-element_type=\"widget\" data-e-type=\"widget\" data-widget_type=\"heading.default\">\n\t\t\t\t<div class=\"elementor-widget-container\">\n\t\t\t\t\t<h2 class=\"elementor-heading-title elementor-size-default\">Mi a workshop jelent\u00e9se projekt k\u00f6rnyezetben?<\/h2>\t\t\t\t<\/div>\n\t\t\t\t<\/div>\n\t\t\t\t<div class=\"elementor-element elementor-element-40662c0 elementor-widget elementor-widget-text-editor\" data-id=\"40662c0\" data-element_type=\"widget\" data-e-type=\"widget\" data-widget_type=\"text-editor.default\">\n\t\t\t\t<div class=\"elementor-widget-container\">\n\t\t\t\t\t\t\t\t\t<p>A workshop egy olyan interakt\u00edv tal\u00e1lkoz\u00f3, melynek sor\u00e1n egy csapat egy sor tev\u00e9kenys\u00e9gen, feladaton megy kereszt\u00fcl egy probl\u00e9ma megold\u00e1sa vagy egy projekt megtervez\u00e9se, kidolgoz\u00e1sa c\u00e9lj\u00e1b\u00f3l. A workshopokat legt\u00f6bb esetben egy k\u00e9pzett <span style=\"color: #0000ff;\"><a style=\"color: #0000ff;\" href=\"https:\/\/promanconsulting.hu\/a-facilitator-szerepe-es-a-hatekony-facilitacio-alapjai\/\">facilit\u00e1tor<\/a> <\/span>vezeti.<\/p><h3>Miben k\u00fcl\u00f6nb\u00f6zik egy workshop egy hagyom\u00e1nyos meetingt\u0151l?<\/h3><p>Ha egyszer\u0171en szeretn\u00e9nk megfogalmazni, akkor minden workshop meeting, de nem minden meeting workshop. L\u00e1ssunk most n\u00e9h\u00e1ny f\u0151 k\u00fcl\u00f6nbs\u00e9get!<\/p><h4>#1. Id\u0151tartam<\/h4><p>A workshopok \u00e1ltal\u00e1ban hosszabb ideig tartanak, mint a megbesz\u00e9l\u00e9sek. M\u00edg egy \u00e1tlagos \u00e9rtekezlet 30 perc \u00e9s k\u00e9t \u00f3ra k\u00f6z\u00f6tti id\u0151intervallumban zajlik, addig egy \u00e1tlagos workshop t\u00f6bb \u00f3r\u00e1t, vagy ak\u00e1r t\u00f6bb napot is ig\u00e9nybe vehet. Amennyiben egy workshop f\u00f3kusza a strat\u00e9giai tervez\u00e9s, van, hogy t\u00f6bb h\u00e9ten \u00e1t zajlik a folyamat.<\/p><h4>#2. T\u00e9ma<\/h4><p>A meetingek olykor t\u00f6bb t\u00e9ma k\u00f6r\u00e9 \u00e9p\u00fclnek, t\u00f6bbnyire az akutalit\u00e1sokr\u00f3l sz\u00f3l\u00f3 t\u00e1j\u00e9koztat\u00e1s a c\u00e9l, vagy bizonyos d\u00f6nt\u00e9sek meghozatala, fel\u00fclvizsg\u00e1lata, ellen\u0151rz\u00e9se. A r\u00e9sztvev\u0151k az \u00e9rtekezletek sor\u00e1n sok esetben passz\u00edvak. Ezzel szemben a workshopok aktivit\u00e1st k\u00f6vetelnek, rendszerint nagyobb kaliber\u0171 tervez\u00e9s \u00e9s k\u00e9zzelfoghat\u00f3 eredm\u00e9nyek el\u00e9r\u00e9s\u00e9nek, probl\u00e9m\u00e1k felt\u00e1r\u00e1s\u00e1nak \u00e9rdek\u00e9ben szervez\u0151dnek.<\/p><h4>#3. Moder\u00e1tori semlegess\u00e9g<\/h4><p>A meetingek vezet\u0151it\u0151l nem elv\u00e1rt a semlegess\u00e9g. Gyakran form\u00e1lnak v\u00e9lem\u00e9nyt vagy hoznak d\u00f6nt\u00e9seket.<\/p><p>Egy workshop vezet\u0151j\u00e9nek a siker \u00e9rdek\u00e9ben azonban minden lehets\u00e9ges m\u00f3don t\u00f6rekednie kell arra, hogy elker\u00fclje a sugalmaz\u00e1st, a befoly\u00e1sol\u00e1st. A r\u00e9sztvev\u0151knek maguknak kell v\u00e1llalniuk a d\u00f6nt\u00e9seiket, v\u00e9lem\u00e9ny\u00fcket. Egy facilit\u00e1tor a workshop siker\u00e9t kock\u00e1ztatja azzal, ha megs\u00e9rti a semlegess\u00e9get.<\/p><h3>Miben m\u00e1s egy szemin\u00e1rium, mint egy workshop?<\/h3><p>Egy szemin\u00e1riumon el\u0151ad\u00e1sokon kereszt\u00fcl ismereteket \u00e9s k\u00e9szs\u00e9geket saj\u00e1t\u00edthatnak el a r\u00e9sztvev\u0151k. A workshop ugyanakkor a csoport tagjai k\u00f6z\u00f6tti interakci\u00f3ra \u00e9p\u00fcl, hogy t\u00e1mogassa az ismeretek cser\u00e9j\u00e9t \u00e9s a k\u00e9szs\u00e9gek fejleszt\u00e9s\u00e9t.<\/p><h2>Mi a c\u00e9lja a workshopoknak?<\/h2><p>A workshopok teret biztos\u00edtanak az al\u00e1bbiaknak:<\/p><ul><li aria-level=\"1\">csapattagok, k\u00fcls\u0151 partnerek stb. tal\u00e1lkoz\u00f3j\u00e1nak<\/li><li aria-level=\"1\">k\u00e9rd\u00e9sek megvitat\u00e1s\u00e1nak<\/li><li aria-level=\"1\">\u00f6tletek gy\u0171jt\u00e9s\u00e9nek<\/li><li aria-level=\"1\">probl\u00e9m\u00e1k azonos\u00edt\u00e1s\u00e1nak<\/li><li aria-level=\"1\">d\u00f6nt\u00e9sek meghozatal\u00e1nak<\/li><li aria-level=\"1\">megold\u00e1sok kidolgoz\u00e1s\u00e1nak stb.<\/li><\/ul><p>A workshop speci\u00e1lis k\u00f6zege nem l\u00e9tezik a mindennapi munka feszes menetrendje sor\u00e1n. \u00c9rdekes t\u00e9ny, hogy\u00a0 a szakemberek \u00e1tlagosan 21,5 \u00f3r\u00e1t t\u00f6ltenek egy h\u00e9ten k\u00fcl\u00f6nb\u00f6z\u0151 megbesz\u00e9l\u00e9seken, ez\u00e9rt kev\u00e9s id\u0151 marad az elm\u00e9ly\u00fclt munk\u00e1ra. K\u00fcl\u00f6n\u00f6sen, ha figyelembe vessz\u00fck, hogy nem minden meeting zajlik egym\u00e1st k\u00f6vet\u0151en, \u00edgy a megbesz\u00e9l\u00e9sek a napot 1-2 \u00f3r\u00e1s \u00e9rdemi munk\u00e1val t\u00f6lt\u00f6tt blokkokra szabdalj\u00e1k.<\/p><p>A workshopok lehet\u0151s\u00e9get adnak a hat\u00e9kony feladatmegold\u00e1sra, \u00e9s seg\u00edtenek a csapat tud\u00e1s\u00e1ra \u00e9s b\u00f6lcsess\u00e9g\u00e9re \u00e9p\u00edteni azt. Ez k\u00fcl\u00f6n\u00f6sen akkor \u00e9rdekes, ha egy olyan \u00f6sszetett, t\u00f6bb ter\u00fcletet is \u00e9rint\u0151 kih\u00edv\u00e1s el\u0151tt \u00e1llnak, mint p\u00e9ld\u00e1ul a strat\u00e9giai tervez\u00e9s.<\/p>\t\t\t\t\t\t\t\t<\/div>\n\t\t\t\t<\/div>\n\t\t\t\t<div class=\"elementor-element elementor-element-a8d6771 elementor-widget elementor-widget-image\" data-id=\"a8d6771\" data-element_type=\"widget\" data-e-type=\"widget\" data-widget_type=\"image.default\">\n\t\t\t\t<div class=\"elementor-widget-container\">\n\t\t\t\t\t\t\t\t\t\t\t\t\t\t\t<img decoding=\"async\" width=\"1000\" height=\"667\" src=\"https:\/\/promanconsulting.hu\/wp-content\/uploads\/2023\/05\/workshop-szo-jelentese.jpg\" class=\"attachment-large size-large wp-image-8347\" alt=\"A workshop sz\u00f3 jelent\u00e9se, m\u0171helymunka.\" srcset=\"https:\/\/promanconsulting.hu\/wp-content\/uploads\/2023\/05\/workshop-szo-jelentese.jpg 1000w, https:\/\/promanconsulting.hu\/wp-content\/uploads\/2023\/05\/workshop-szo-jelentese-300x200.jpg 300w, https:\/\/promanconsulting.hu\/wp-content\/uploads\/2023\/05\/workshop-szo-jelentese-768x512.jpg 768w\" sizes=\"(max-width: 1000px) 100vw, 1000px\" \/>\t\t\t\t\t\t\t\t\t\t\t\t\t\t\t<\/div>\n\t\t\t\t<\/div>\n\t\t\t\t<div class=\"elementor-element elementor-element-4984414 elementor-widget elementor-widget-text-editor\" data-id=\"4984414\" data-element_type=\"widget\" data-e-type=\"widget\" data-widget_type=\"text-editor.default\">\n\t\t\t\t<div class=\"elementor-widget-container\">\n\t\t\t\t\t\t\t\t\t<h2>A workshop sz\u00f3 jelent\u00e9se a gyakorlatban: milyen t\u00edpusai vannak?<\/h2><p>A workshopoknak k\u00fcl\u00f6nb\u00f6z\u0151 form\u00e1i \u00e9s m\u00e9retei vannak. M\u00e1s \u00e9s m\u00e1s c\u00e9lokkal szervezhetj\u00fck \u0151ket. Lehetnek kiscsoportosak, meghat\u00e1rozott szem\u00e9lyeket \u00e9rint\u0151k, vagy olyan esem\u00e9nyek, ahol a projekt teljes csapata &#8211; bele\u00e9rtve ak\u00e1r\u00a0 a k\u00fcls\u0151s partnereket is &#8211; megh\u00edv\u00e1st kapnak. Szervez\u0151dhetnek tervez\u00e9si f\u00e1zisban, vagy \u00e9pp a projektek \u00e9rt\u00e9kel\u00e9sek\u00e9nt. Tekints\u00fcnk is \u00e1t k\u00e9t p\u00e9lda workshopot!<\/p><h3>\u00a0\u00a0\u00a0 1. p\u00e9lda: Strat\u00e9giai tervez\u00e9si workshop<\/h3><p><b>Mi a workshop f\u00f3kusza?<\/b> Olyan strat\u00e9gia kidolgoz\u00e1sa sz\u00fcks\u00e9ges, amely seg\u00edt a priorit\u00e1sok fel\u00e1ll\u00edt\u00e1s\u00e1ban \u00e9s az er\u0151fesz\u00edt\u00e9sek projekt c\u00e9lok \u00e9rdek\u00e9ben t\u00f6rt\u00e9n\u0151 \u00f6sszehangol\u00e1s\u00e1ban. Meghat\u00e1rozza, az el\u00e9rend\u0151 m\u00e9rf\u00f6ldk\u00f6veket \u00e9s a jelenlegi legfontosabb kih\u00edv\u00e1sokat, valamint azt, hogy milyen strat\u00e9gi\u00e1val k\u00fczdhet\u0151k le a probl\u00e9m\u00e1k?<\/p><p><b>Milyen eredm\u00e9nyeket v\u00e1runk a worskhopt\u00f3l? <\/b>Egyoldalas strat\u00e9giai dokumentumot, amely tartalmazza a k\u00f6vetkez\u0151 f\u00e9l \u00e9vre vonatkoz\u00f3 f\u00f3kuszter\u00fcleteket \u00e9s c\u00e9lkit\u0171z\u00e9seket.<\/p><p><b>Kik vegyenek r\u00e9szt?<\/b> Mivel a strat\u00e9gia az eg\u00e9sz projektet \u00e9rinti, c\u00e9lszer\u0171 minden ter\u00fclet (pl. \u00e9rt\u00e9kes\u00edt\u00e9s, term\u00e9k, marketing stb.) \u00e9rdekeltjeit megh\u00edvni.<\/p><p><b>Hogyan zajlik a workshop? <\/b>A folyamat elej\u00e9n mindenki egy\u00e9nileg id\u0151t kap arra, hogy le\u00edrja a ter\u00fclet\u00e9t \u00e9rint\u0151 kih\u00edv\u00e1sokat \u00e9s probl\u00e9m\u00e1kat. Ezt k\u00f6vet\u0151en a kih\u00edv\u00e1sokat fel\u00edrj\u00e1k egy t\u00e1bl\u00e1ra, \u00e9s a r\u00e9sztvev\u0151k megvitatj\u00e1k. Majd a projektre gyakorolt hat\u00e1sa alapj\u00e1n priorit\u00e1s szerint rangsorolj\u00e1k azokat. \u00cdgy l\u00e9trej\u00f6n a mindenki sz\u00e1m\u00e1ra kulcsfontoss\u00e1g\u00fa kih\u00edv\u00e1sok list\u00e1ja.\u00a0<\/p><p>A m\u00e1sodik f\u00e1zisban a csapat olyan strat\u00e9giai c\u00e9lokat fogalmaz meg, amelyek a legf\u0151bb kih\u00edv\u00e1sokat kezelik. Ezeket ism\u00e9t megvitatj\u00e1k \u00e9s oszt\u00e1lyozz\u00e1k, de ez\u00fattal egy hat\u00e1s-er\u0151fesz\u00edt\u00e9s m\u00e1trix seg\u00edts\u00e9g\u00e9vel, amelyet minden ter\u00fcletre elk\u00e9sz\u00edtenek. Ezek alapj\u00e1n megfogalmaz\u00e1sra ker\u00fclnek a pontos c\u00e9lkit\u0171z\u00e9sek.<\/p><h3>\u00a0\u00a0\u00a0 2. p\u00e9lda: Retrospekt\u00edv workshop<\/h3><p><b>Mi a workshop f\u00f3kusza?<\/b> A <span style=\"color: #0000ff;\"><a style=\"color: #0000ff;\" href=\"https:\/\/promanconsulting.hu\/retrospektiv-jelentese\/\">retrospekt\u00edv<\/a><\/span> workshop c\u00e9lja egy projekt \u00e1ttekint\u00e9se, amin egy csapat 1 \u00e9vig dolgozott. Az eredeti tervek szerint a projekt 6 h\u00f3napos lett volna, azonban akadtak v\u00e1ratlan neh\u00e9zs\u00e9gek \u00e9s kih\u00edv\u00e1sok. Mi haladt megfelel\u0151en a projekt sor\u00e1n, \u00e9s mi nem? \u00c9s mit tanulhat bel\u0151le a csapat?<\/p><p><b>Milyen eredm\u00e9nyeket v\u00e1runk a worskhopt\u00f3l? <\/b>Tanulni a m\u00faltb\u00f3l, meg\u00e9rteni, hogy mi m\u0171k\u00f6d\u0151k\u00e9pes \u00e9s hol vannak gyenges\u00e9gek, tov\u00e1bb\u00e1 az er\u0151ss\u00e9gekre koncentr\u00e1lni a jobb csapatmunka \u00e9s a k\u00e9s\u0151bbi sikerek \u00e9rdek\u00e9ben.<\/p><p><b>Kik vegyenek r\u00e9szt?<\/b> A projekt csapat.<\/p><p><b>Hogyan zajlik a workshop?<\/b> Egy szeml\u00e9letes eszk\u00f6z a folyamathoz, a R\u00f3zsa, t\u00fcske, bimb\u00f3 m\u00f3dszer:<\/p><ul><li aria-level=\"1\">R\u00f3zsa = Siker, kis gy\u0151zelem, vagy valami pozit\u00edv dolog, ami t\u00f6rt\u00e9nt<\/li><li aria-level=\"1\">T\u00fcske = Egy kih\u00edv\u00e1s, vagy valami, amiben t\u00f6bb t\u00e1mogat\u00e1sra lenne sz\u00fcks\u00e9g<\/li><li aria-level=\"1\">Bimb\u00f3 = \u00daj \u00f6tletek, amelyek kivir\u00e1goztak, vagy valami, ami a j\u00f6v\u0151ben sikerre vihet<\/li><\/ul><p>A csapattagok kis post-itekre \u00edrj\u00e1k fel a fentiek szerint projekt tapasztalataikat, ezut\u00e1n egy t\u00e1bl\u00e1n osztj\u00e1k meg mindezt a t\u00f6bbiekkel. Miut\u00e1n minden \u00f6ntapad\u00f3s lapocska felker\u00fclt, a csapat csoportos\u00edtja a hasonl\u00f3 post-iteket. A legfontosabb probl\u00e9m\u00e1s ter\u00fcletek vizu\u00e1lis \u00f6sszerendez\u00e9se alapj\u00e1n a csapat 3 csoportot \u00e1ll\u00edt fel:\u00a0<\/p><ul><li aria-level=\"1\">Kezdj\u00fck el!<\/li><li aria-level=\"1\">Fejezz\u00fck be!<\/li><li aria-level=\"1\">Folytassuk!<\/li><\/ul><p>Ezek alapj\u00e1n \u00f6tletb\u00f6rz\u00e9t tartanak a folyamatok m\u00f3dos\u00edt\u00e1s\u00e1ra. Ezeket addig a pontig vitatj\u00e1k meg, am\u00edg a csapat meg nem \u00e1llapodik abban, hogy a k\u00e9s\u0151bbiekben milyen elvek ment\u00e9n haladjon a munka.<\/p>\t\t\t\t\t\t\t\t<\/div>\n\t\t\t\t<\/div>\n\t\t\t\t<div class=\"elementor-element elementor-element-5cba623 elementor-widget elementor-widget-image\" data-id=\"5cba623\" data-element_type=\"widget\" data-e-type=\"widget\" data-widget_type=\"image.default\">\n\t\t\t\t<div class=\"elementor-widget-container\">\n\t\t\t\t\t\t\t\t\t\t\t\t\t\t\t<img decoding=\"async\" width=\"1000\" height=\"667\" src=\"https:\/\/promanconsulting.hu\/wp-content\/uploads\/2023\/05\/workshop.jpg\" class=\"attachment-large size-large wp-image-8345\" alt=\"A workshopok gyakran neh\u00e9z, \u00f6sszetett kih\u00edv\u00e1sokkal foglalkoznak.\" srcset=\"https:\/\/promanconsulting.hu\/wp-content\/uploads\/2023\/05\/workshop.jpg 1000w, https:\/\/promanconsulting.hu\/wp-content\/uploads\/2023\/05\/workshop-300x200.jpg 300w, https:\/\/promanconsulting.hu\/wp-content\/uploads\/2023\/05\/workshop-768x512.jpg 768w\" sizes=\"(max-width: 1000px) 100vw, 1000px\" \/>\t\t\t\t\t\t\t\t\t\t\t\t\t\t\t<\/div>\n\t\t\t\t<\/div>\n\t\t\t\t<div class=\"elementor-element elementor-element-8cfab34 elementor-widget elementor-widget-text-editor\" data-id=\"8cfab34\" data-element_type=\"widget\" data-e-type=\"widget\" data-widget_type=\"text-editor.default\">\n\t\t\t\t<div class=\"elementor-widget-container\">\n\t\t\t\t\t\t\t\t\t<h2>Mit\u0151l lesz sikeres egy workshop?<\/h2><p>A workshopok gyakran neh\u00e9z, \u00f6sszetett kih\u00edv\u00e1sokkal foglalkoznak. \u00c9s mivel sokan vesznek r\u00e9szt a munk\u00e1ban, mindig fenn\u00e1ll annak a vesz\u00e9lye, hogy az esem\u00e9ny nem hozza meg a k\u00edv\u00e1nt eredm\u00e9nyt. Van azonban n\u00e9h\u00e1ny bev\u00e1lt gyakorlat, amely seg\u00edt abban, el\u00e9rj\u00fck a k\u00edv\u00e1nt c\u00e9lokat. N\u00e9zz\u00fck most meg ezeket!<\/p><h3>\u00a0\u00a0\u00a0 1. Legyen c\u00e9lja a workshopnak<\/h3><p>Semmi sem frusztr\u00e1l\u00f3bb egy csapat sz\u00e1m\u00e1ra, mint az, ha nem ismerik egy workshop c\u00e9lj\u00e1t. Moder\u00e1tork\u00e9nt mindig vil\u00e1goss\u00e1 kell tenni, hogy milyen eredm\u00e9nyeket v\u00e1runk egy workshopt\u00f3l, \u00e9s azt is ki kell emelni, hogy ez mi\u00e9rt \u00e9rt\u00e9kes a csoport sz\u00e1m\u00e1ra. Ez seg\u00edt n\u00f6velni az elk\u00f6telezetts\u00e9get.\u00a0<\/p><h3>\u00a0\u00a0\u00a0 2. Mindig legyen egy megfelel\u0151 facilit\u00e1tor<\/h3><p>A workshopok eset\u00e9ben elengedhetetlen, hogy legyen valaki a fed\u00e9lzeten, aki v\u00e9gigvezeti a csoportot a folyamaton \u00e9s a tev\u00e9kenys\u00e9geken. Ez megk\u00f6nny\u00edti, hogy a csapat teljes m\u00e9rt\u00e9kben a workshop t\u00e9m\u00e1j\u00e1ra koncentr\u00e1ljon \u00e9s \u00e9rdemi el\u0151rel\u00e9p\u00e9st \u00e9rjen el.<\/p><h3>\u00a0\u00a0\u00a0 3. Fontos a felk\u00e9sz\u00fclts\u00e9g<\/h3><p>A workshopok sikere az el\u0151k\u00e9sz\u00fcleteken \u00e1ll vagy bukik. Min\u00e9l jobban meg\u00e9rtj\u00fck a kih\u00edv\u00e1sokat, ann\u00e1l jobban meg tudjuk tervezni a folyamatot. \u00c9s min\u00e9l jobban ismerj\u00fck az egyes r\u00e9sztvev\u0151k c\u00e9ljait \u00e9s ig\u00e9nyeit, ann\u00e1l jobban fel tudunk k\u00e9sz\u00fclni a konfliktusok megel\u0151z\u00e9s\u00e9re \u00e9s arra, hogy a csapattagok el\u00e9gedetlen\u00fcl t\u00e1vozzanak. A workshopok megtervez\u00e9se \u00e9s el\u0151k\u00e9sz\u00edt\u00e9se a munka legnehezebb r\u00e9sze. Sz\u00fcks\u00e9ges hozz\u00e1 a megfelel\u0151 szakmai tud\u00e1s \u00e9s a kreativit\u00e1s, hogy igaz\u00e1n hat\u00e9kony lehessen.<\/p>\t\t\t\t\t\t\t\t<\/div>\n\t\t\t\t<\/div>\n\t\t\t\t<div class=\"elementor-element elementor-element-ba5f59c elementor-widget elementor-widget-text-editor\" data-id=\"ba5f59c\" data-element_type=\"widget\" data-e-type=\"widget\" data-widget_type=\"text-editor.default\">\n\t\t\t\t<div class=\"elementor-widget-container\">\n\t\t\t\t\t\t\t\t\t<p><strong><b>Amennyiben \u00d6n is fontosnak tartja, hogy a projekt sikerek \u00e9rdek\u00e9ben folyamatosan fejlessze mag\u00e1t \u00e9s sikeres workshopokat szervezzen a m\u00e9g jobb eredm\u00e9nyek \u00e9rdek\u00e9ben, akkor v\u00e1lasszon aktu\u00e1lis <\/b><span style=\"color: #0000ff;\"><a style=\"color: #0000ff;\" href=\"https:\/\/promanconsulting.hu\/projektvezetoknek-ajanlott-kepzesek\/\"><b>projektvezet\u0151knek aj\u00e1nlott k\u00e9pz\u00e9seink<\/b><\/a><\/span><b><span style=\"color: #0000ff;\"> k\u00f6z\u00fcl<\/span>!<\/b><\/strong><\/p>\t\t\t\t\t\t\t\t<\/div>\n\t\t\t\t<\/div>\n\t\t\t\t\t<\/div>\n\t\t<\/div>\n\t\t\t\t\t<\/div>\n\t\t<\/section>\n\t\t\t\t<\/div>\n\t\t","protected":false},"excerpt":{"rendered":"<p>A workshop jelent\u00e9se \u00e9s fontoss\u00e1ga a projektek sor\u00e1n A workshopok a sikeres projekt folyamat szerves r\u00e9szei. T\u00e1mogathatj\u00e1k a strat\u00e9giai tervez\u00e9st, megk\u00f6nny\u00edthetik a feladatok hat\u00e9kony v\u00e9grehajt\u00e1s\u00e1t, probl\u00e9m\u00e1k eset\u00e9n tov\u00e1bblend\u00edthetik a projekteket, valamint seg\u00edthetnek a sz\u00fcks\u00e9ges k\u00f6vetkeztet\u00e9sek levon\u00e1s\u00e1ban, hogy a csapat a k\u00e9s\u0151bbiekben min\u00e9l eredm\u00e9nyesebb lehessen. Cikk\u00fcnkben most megn\u00e9zz\u00fck, hogy mi a workshop jelent\u00e9se projekt k\u00f6rnyezetben? Milyen [&hellip;]<\/p>\n","protected":false},"author":5,"featured_media":8345,"comment_status":"closed","ping_status":"closed","sticky":false,"template":"","format":"standard","meta":{"footnotes":""},"categories":[77,19],"tags":[35,78,154,103],"class_list":["post-8342","post","type-post","status-publish","format-standard","has-post-thumbnail","hentry","category-projektmenedzsment","category-blog","tag-projektmenedzsment","tag-projektvezetes","tag-szervezetfejlesztes","tag-vezetes","entry","has-media"],"_links":{"self":[{"href":"https:\/\/promanconsulting.hu\/en\/wp-json\/wp\/v2\/posts\/8342","targetHints":{"allow":["GET"]}}],"collection":[{"href":"https:\/\/promanconsulting.hu\/en\/wp-json\/wp\/v2\/posts"}],"about":[{"href":"https:\/\/promanconsulting.hu\/en\/wp-json\/wp\/v2\/types\/post"}],"author":[{"embeddable":true,"href":"https:\/\/promanconsulting.hu\/en\/wp-json\/wp\/v2\/users\/5"}],"replies":[{"embeddable":true,"href":"https:\/\/promanconsulting.hu\/en\/wp-json\/wp\/v2\/comments?post=8342"}],"version-history":[{"count":14,"href":"https:\/\/promanconsulting.hu\/en\/wp-json\/wp\/v2\/posts\/8342\/revisions"}],"predecessor-version":[{"id":8439,"href":"https:\/\/promanconsulting.hu\/en\/wp-json\/wp\/v2\/posts\/8342\/revisions\/8439"}],"wp:featuredmedia":[{"embeddable":true,"href":"https:\/\/promanconsulting.hu\/en\/wp-json\/wp\/v2\/media\/8345"}],"wp:attachment":[{"href":"https:\/\/promanconsulting.hu\/en\/wp-json\/wp\/v2\/media?parent=8342"}],"wp:term":[{"taxonomy":"category","embeddable":true,"href":"https:\/\/promanconsulting.hu\/en\/wp-json\/wp\/v2\/categories?post=8342"},{"taxonomy":"post_tag","embeddable":true,"href":"https:\/\/promanconsulting.hu\/en\/wp-json\/wp\/v2\/tags?post=8342"}],"curies":[{"name":"wp","href":"https:\/\/api.w.org\/{rel}","templated":true}]}}