{"id":8341,"date":"2023-06-18T20:03:13","date_gmt":"2023-06-18T20:03:13","guid":{"rendered":"https:\/\/promanconsulting.hu\/?p=8341"},"modified":"2023-06-19T07:08:52","modified_gmt":"2023-06-19T07:08:52","slug":"one-time-codes","status":"publish","type":"post","link":"https:\/\/promanconsulting.hu\/en\/egyuttmukodes\/","title":{"rendered":"Cooperation, the key to project success"},"content":{"rendered":"\t\t<div data-elementor-type=\"wp-post\" data-elementor-id=\"8341\" class=\"elementor elementor-8341\" data-elementor-settings=\"{&quot;ha_cmc_init_switcher&quot;:&quot;no&quot;}\" data-elementor-post-type=\"post\">\n\t\t\t\t\t\t<section class=\"elementor-section elementor-top-section elementor-element elementor-element-167538e2 elementor-section-boxed elementor-section-height-default elementor-section-height-default\" data-id=\"167538e2\" data-element_type=\"section\" data-e-type=\"section\" data-settings=\"{&quot;jet_parallax_layout_list&quot;:[{&quot;jet_parallax_layout_image&quot;:{&quot;url&quot;:&quot;&quot;,&quot;id&quot;:&quot;&quot;,&quot;size&quot;:&quot;&quot;},&quot;_id&quot;:&quot;da11ba3&quot;,&quot;jet_parallax_layout_image_tablet&quot;:{&quot;url&quot;:&quot;&quot;,&quot;id&quot;:&quot;&quot;,&quot;size&quot;:&quot;&quot;},&quot;jet_parallax_layout_image_mobile&quot;:{&quot;url&quot;:&quot;&quot;,&quot;id&quot;:&quot;&quot;,&quot;size&quot;:&quot;&quot;},&quot;jet_parallax_layout_speed&quot;:{&quot;unit&quot;:&quot;%&quot;,&quot;size&quot;:50,&quot;sizes&quot;:[]},&quot;jet_parallax_layout_type&quot;:&quot;scroll&quot;,&quot;jet_parallax_layout_direction&quot;:&quot;1&quot;,&quot;jet_parallax_layout_fx_direction&quot;:null,&quot;jet_parallax_layout_z_index&quot;:&quot;&quot;,&quot;jet_parallax_layout_bg_x&quot;:50,&quot;jet_parallax_layout_bg_x_tablet&quot;:&quot;&quot;,&quot;jet_parallax_layout_bg_x_mobile&quot;:&quot;&quot;,&quot;jet_parallax_layout_bg_y&quot;:50,&quot;jet_parallax_layout_bg_y_tablet&quot;:&quot;&quot;,&quot;jet_parallax_layout_bg_y_mobile&quot;:&quot;&quot;,&quot;jet_parallax_layout_bg_size&quot;:&quot;auto&quot;,&quot;jet_parallax_layout_bg_size_tablet&quot;:&quot;&quot;,&quot;jet_parallax_layout_bg_size_mobile&quot;:&quot;&quot;,&quot;jet_parallax_layout_animation_prop&quot;:&quot;transform&quot;,&quot;jet_parallax_layout_on&quot;:[&quot;desktop&quot;,&quot;tablet&quot;]}],&quot;_ha_eqh_enable&quot;:false}\">\n\t\t\t\t\t\t<div class=\"elementor-container elementor-column-gap-default\">\n\t\t\t\t\t<div class=\"elementor-column elementor-col-100 elementor-top-column elementor-element elementor-element-4773b297\" data-id=\"4773b297\" data-element_type=\"column\" data-e-type=\"column\">\n\t\t\t<div class=\"elementor-widget-wrap elementor-element-populated\">\n\t\t\t\t\t\t<div class=\"elementor-element elementor-element-f445454 elementor-widget elementor-widget-heading\" data-id=\"f445454\" data-element_type=\"widget\" data-e-type=\"widget\" data-widget_type=\"heading.default\">\n\t\t\t\t<div class=\"elementor-widget-container\">\n\t\t\t\t\t<h1 class=\"elementor-heading-title elementor-size-default\">Egy\u00fcttm\u0171k\u00f6d\u00e9s, a projekt sikerek z\u00e1loga\n<\/h1>\t\t\t\t<\/div>\n\t\t\t\t<\/div>\n\t\t\t\t<div class=\"elementor-element elementor-element-cba2f88 elementor-widget elementor-widget-text-editor\" data-id=\"cba2f88\" data-element_type=\"widget\" data-e-type=\"widget\" data-widget_type=\"text-editor.default\">\n\t\t\t\t<div class=\"elementor-widget-container\">\n\t\t\t\t\t\t\t\t\t<p>Az egy\u00fcttm\u0171k\u00f6d\u00e9s projekten bel\u00fcl elengedhetetlen ahhoz, hogy egy csapat z\u00f6kken\u0151mentesen tudjon egy\u00fctt dolgozni &#8211; ak\u00e1r a vil\u00e1g t\u00f6bb pontj\u00e1n -, \u00e9s hat\u00e9konyan \u00e9rje el c\u00e9ljait. Cikk\u00fcnkben most megn\u00e9zz\u00fck, hogy mit is jelent pontosan az egy\u00fcttm\u0171k\u00f6d\u00e9s a projektmenedzsmentben \u00e9s mi\u00e9rt fontos? Hogyan ismerhetj\u00fck fel, ha probl\u00e9ma van a csapattagok k\u00f6z\u00f6tti kollabor\u00e1ci\u00f3val \u00e9s ez mik\u00e9nt jav\u00edthat\u00f3.<\/p>\t\t\t\t\t\t\t\t<\/div>\n\t\t\t\t<\/div>\n\t\t\t\t<div class=\"elementor-element elementor-element-0be0a1b elementor-widget elementor-widget-heading\" data-id=\"0be0a1b\" data-element_type=\"widget\" data-e-type=\"widget\" data-widget_type=\"heading.default\">\n\t\t\t\t<div class=\"elementor-widget-container\">\n\t\t\t\t\t<h2 class=\"elementor-heading-title elementor-size-default\">Mit jelent az egy\u00fcttm\u0171k\u00f6d\u00e9s a projektmenedzsmentben?<\/h2>\t\t\t\t<\/div>\n\t\t\t\t<\/div>\n\t\t\t\t<div class=\"elementor-element elementor-element-2656966 elementor-widget elementor-widget-image\" data-id=\"2656966\" data-element_type=\"widget\" data-e-type=\"widget\" data-widget_type=\"image.default\">\n\t\t\t\t<div class=\"elementor-widget-container\">\n\t\t\t\t\t\t\t\t\t\t\t\t\t\t\t<img fetchpriority=\"high\" decoding=\"async\" width=\"768\" height=\"513\" src=\"https:\/\/promanconsulting.hu\/wp-content\/uploads\/2023\/05\/egyuttmukodes-768x513.jpg\" class=\"attachment-medium_large size-medium_large wp-image-8348\" alt=\"Egy\u00fcttm\u0171k\u00f6d\u00e9s alatt a csapatmunk\u00e1t \u00e9rtj\u00fck.\" srcset=\"https:\/\/promanconsulting.hu\/wp-content\/uploads\/2023\/05\/egyuttmukodes-768x513.jpg 768w, https:\/\/promanconsulting.hu\/wp-content\/uploads\/2023\/05\/egyuttmukodes-300x200.jpg 300w, https:\/\/promanconsulting.hu\/wp-content\/uploads\/2023\/05\/egyuttmukodes.jpg 1000w\" sizes=\"(max-width: 768px) 100vw, 768px\" \/>\t\t\t\t\t\t\t\t\t\t\t\t\t\t\t<\/div>\n\t\t\t\t<\/div>\n\t\t\t\t<div class=\"elementor-element elementor-element-40662c0 elementor-widget elementor-widget-text-editor\" data-id=\"40662c0\" data-element_type=\"widget\" data-e-type=\"widget\" data-widget_type=\"text-editor.default\">\n\t\t\t\t<div class=\"elementor-widget-container\">\n\t\t\t\t\t\t\t\t\t<p><span style=\"font-weight: 400;\">Amikor egy\u00fcttm\u0171k\u00f6d\u00e9sr\u0151l besz\u00e9l\u00fcnk, voltak\u00e9pp a csapatmunk\u00e1t \u00e9rtj\u00fck a fogalom alatt. Mivel egyre gyakoribb\u00e1 v\u00e1lik, hogy a k\u00fcl\u00f6nb\u00f6z\u0151 projekteken a vil\u00e1g sz\u00e1mos pontj\u00e1r\u00f3l dolgoznak a csapattagok, egyre nagyobb szerepe van a projekt egy\u00fcttm\u0171k\u00f6d\u00e9snek, hogy g\u00f6rd\u00fcl\u00e9keny lehessen a mindennapos munka.<\/span><\/p><h3><strong><b>A projekteken bel\u00fcli egy\u00fcttm\u0171k\u00f6d\u00e9s alapvet\u0151en h\u00e1rom dologra t\u00e1maszkodik:<\/b><\/strong><\/h3><ul><li aria-level=\"1\">a <a href=\"https:\/\/promanconsulting.hu\/hogyan-legyen-hatekony-a-projekt-kommunikacio\/\"><span style=\"color: #3366ff; text-decoration: underline;\">hat\u00e9kony kommunik\u00e1ci\u00f3ra<\/span><\/a><\/li><li aria-level=\"1\">a k\u00f6vetkezetes folyamatokra<\/li><li aria-level=\"1\">a megfelel\u0151 projekt kollabor\u00e1ci\u00f3s eszk\u00f6z\u00f6kre<\/li><\/ul>\t\t\t\t\t\t\t\t<\/div>\n\t\t\t\t<\/div>\n\t\t\t\t<div class=\"elementor-element elementor-element-a8d6771 elementor-widget elementor-widget-image\" data-id=\"a8d6771\" data-element_type=\"widget\" data-e-type=\"widget\" data-widget_type=\"image.default\">\n\t\t\t\t<div class=\"elementor-widget-container\">\n\t\t\t\t\t\t\t\t\t\t\t\t\t\t\t<img decoding=\"async\" width=\"1000\" height=\"667\" src=\"https:\/\/promanconsulting.hu\/wp-content\/uploads\/2023\/05\/egyuttmukodes-elve.jpg\" class=\"attachment-large size-large wp-image-8349\" alt=\"Az egy\u00fcttm\u0171k\u00f6d\u00e9s elve alapj\u00e1n a csapat\u00e9rdekek ker\u00fclnek el\u0151t\u00e9rbe.\" srcset=\"https:\/\/promanconsulting.hu\/wp-content\/uploads\/2023\/05\/egyuttmukodes-elve.jpg 1000w, https:\/\/promanconsulting.hu\/wp-content\/uploads\/2023\/05\/egyuttmukodes-elve-300x200.jpg 300w, https:\/\/promanconsulting.hu\/wp-content\/uploads\/2023\/05\/egyuttmukodes-elve-768x512.jpg 768w\" sizes=\"(max-width: 1000px) 100vw, 1000px\" \/>\t\t\t\t\t\t\t\t\t\t\t\t\t\t\t<\/div>\n\t\t\t\t<\/div>\n\t\t\t\t<div class=\"elementor-element elementor-element-4984414 elementor-widget elementor-widget-text-editor\" data-id=\"4984414\" data-element_type=\"widget\" data-e-type=\"widget\" data-widget_type=\"text-editor.default\">\n\t\t\t\t<div class=\"elementor-widget-container\">\n\t\t\t\t\t\t\t\t\t<h2><strong>Mi\u00e9rt fontos a j\u00f3 egy\u00fcttm\u0171k\u00f6d\u00e9s elve a projekt k\u00f6rnyezetben?<\/strong><\/h2>\nAz egy\u00fcttm\u0171k\u00f6d\u00e9s t\u00f6bb okb\u00f3l is elengedhetetlen a g\u00f6rd\u00fcl\u00e9keny csapatmunk\u00e1hoz.\n<ol>\n \t<strong><li>Jobb kommunik\u00e1ci\u00f3<\/li><\/strong>\n\nAz egy\u00fcttm\u0171k\u00f6d\u00e9s t\u00e1mogatja a csapattagok k\u00f6z\u00f6tti ny\u00edlt \u00e9s egy\u00e9rtelm\u0171 kommunik\u00e1ci\u00f3t, ami seg\u00edt kik\u00fcsz\u00f6b\u00f6lni a f\u00e9lre\u00e9rt\u00e9seket, \u00e9s biztos\u00edtja, hogy mindenki ugyanazon c\u00e9l\n\n \t<strong><li>Nagyobb hat\u00e9konys\u00e1g<\/li><\/strong>\n\nHa a csapattagok \u00f6sszhangban dolgoznak egy\u00fctt, a feladatokat gyorsabban \u00e9s eredm\u00e9nyesebben lehet elv\u00e9gezni. Meg tudj\u00e1k osztani egym\u00e1ssal a tud\u00e1sukat, hogy megtal\u00e1lj\u00e1k a legjobb megold\u00e1st a probl\u00e9m\u00e1kra. Az egy\u00fcttm\u0171k\u00f6d\u00e9s r\u00e9v\u00e9n a csapatok k\u00e9pesek azonos\u00edtani a fejlesztend\u0151 ter\u00fcleteket, \u00e9s strat\u00e9gi\u00e1kat dolgozhatnak ki a produktivit\u00e1s n\u00f6vel\u00e9s\u00e9re.\n\nAz egy\u00fcttm\u0171k\u00f6d\u00e9s lehet\u0151v\u00e9 teszi, hogy t\u00f6bb ember k\u00f6z\u00f6sen dolgozzon egy feladaton, ami \u00edgy r\u00f6videbb id\u0151 alatt \u00e9s nagyobb hat\u00e9konys\u00e1ggal k\u00e9sz\u00fcl el.\n\n \t<strong><li>Fokozott kreativit\u00e1s<\/li><\/strong>\n\nA m\u00e1sokkal val\u00f3 egy\u00fcttm\u0171k\u00f6d\u00e9s \u00faj \u00e9s innovat\u00edv \u00f6tletekhez \u00e9s megk\u00f6zel\u00edt\u00e9sekhez vezethet, mivel az egy\u00e9nek saj\u00e1t egyedi tapasztalataikkal \u00e9s k\u00e9pess\u00e9geikkel j\u00e1rulnak hozz\u00e1 a k\u00f6z\u00f6s munk\u00e1hoz. A csapatban val\u00f3 egy\u00fcttm\u0171k\u00f6d\u00e9s a munkamor\u00e1lra \u00e9s a motiv\u00e1ci\u00f3ra is pozit\u00edv hat\u00e1ssal lehet, ami jobb teljes\u00edtm\u00e9nyhez \u00e9s kiv\u00e1l\u00f3bb eredm\u00e9nyekhez vezet.\n\n \t<strong><li>T\u00f6bb motiv\u00e1ci\u00f3<\/li><\/strong>\n\nA k\u00f6z\u00f6s c\u00e9l \u00e9rdek\u00e9ben v\u00e9gzett munka n\u00f6velheti a motiv\u00e1ci\u00f3t \u00e9s az elk\u00f6telezetts\u00e9get, mivel a csapattagok \u00fagy \u00e9rzik, hogy hozz\u00e1j\u00e1rulnak egy nagyobb eredm\u00e9ny el\u00e9r\u00e9s\u00e9hez. Az egy\u00fctt v\u00e9gzett munka r\u00e9v\u00e9n a projektben r\u00e9sztvev\u0151k nagyobb felel\u0151ss\u00e9get v\u00e1llalnak a sikerek\u00e9rt, \u00e9s k\u00f6nnyebben felismerik az esetleges probl\u00e9m\u00e1kat.\n\n \t<strong><li>Jobb d\u00f6nt\u00e9shozatal<\/li><\/strong>\n\nAz egy\u00fcttm\u0171k\u00f6d\u00e9s lehet\u0151v\u00e9 teszi a k\u00fcl\u00f6nb\u00f6z\u0151 n\u00e9z\u0151pontok \u00e9s \u00f6tletek megoszt\u00e1s\u00e1t, ami jobb d\u00f6nt\u00e9shozatalhoz \u00e9s probl\u00e9mamegold\u00f3 k\u00e9pess\u00e9ghez j\u00e1rul hozz\u00e1. A k\u00f6z\u00f6s munka r\u00e9v\u00e9n a csapatok kihaszn\u00e1lhatj\u00e1k k\u00f6z\u00f6s tud\u00e1sukat \u00e9s tapasztalataikat, hogy kreat\u00edvabb megold\u00e1sokat dolgozzanak ki a neh\u00e9zs\u00e9gek eset\u00e9n.\n\n \t<strong><li>Min\u0151s\u00e9gi munka<\/li><\/strong>\n\nAz egy\u00fcttm\u0171k\u00f6d\u00e9s alaposabb \u00e9s hat\u00e9konyabb min\u0151s\u00e9gellen\u0151rz\u00e9st tesz lehet\u0151v\u00e9, mivel a csapattagok k\u00e9pesek egym\u00e1s munk\u00e1j\u00e1t fel\u00fclvizsg\u00e1lni \u00e9s konstrukt\u00edv visszajelz\u00e9st adni. Az egy\u00fcttm\u0171k\u00f6d\u00e9s seg\u00edthet biztos\u00edtani, hogy a projektek a legmagasabb sz\u00ednvonalon \u00e9s a lehet\u0151 legjobb eredm\u00e9nnyel k\u00e9sz\u00fcljenek el.\n\n&nbsp;\t\t\t\t\t\t\t\t<\/div>\n\t\t\t\t<\/div>\n\t\t\t\t<div class=\"elementor-element elementor-element-5cba623 elementor-widget elementor-widget-image\" data-id=\"5cba623\" data-element_type=\"widget\" data-e-type=\"widget\" data-widget_type=\"image.default\">\n\t\t\t\t<div class=\"elementor-widget-container\">\n\t\t\t\t\t\t\t\t\t\t\t\t\t\t\t<img decoding=\"async\" width=\"1000\" height=\"563\" src=\"https:\/\/promanconsulting.hu\/wp-content\/uploads\/2023\/05\/szakmai-egyuttmukodes.jpg\" class=\"attachment-large size-large wp-image-8350\" alt=\"A szakmai egy\u00fcttm\u0171k\u00f6d\u00e9s kulcsfontoss\u00e1g\u00fa a projektek sor\u00e1n.\" srcset=\"https:\/\/promanconsulting.hu\/wp-content\/uploads\/2023\/05\/szakmai-egyuttmukodes.jpg 1000w, https:\/\/promanconsulting.hu\/wp-content\/uploads\/2023\/05\/szakmai-egyuttmukodes-300x169.jpg 300w, https:\/\/promanconsulting.hu\/wp-content\/uploads\/2023\/05\/szakmai-egyuttmukodes-768x432.jpg 768w, https:\/\/promanconsulting.hu\/wp-content\/uploads\/2023\/05\/szakmai-egyuttmukodes-800x450.jpg 800w\" sizes=\"(max-width: 1000px) 100vw, 1000px\" \/>\t\t\t\t\t\t\t\t\t\t\t\t\t\t\t<\/div>\n\t\t\t\t<\/div>\n\t\t\t\t<div class=\"elementor-element elementor-element-8cfab34 elementor-widget elementor-widget-text-editor\" data-id=\"8cfab34\" data-element_type=\"widget\" data-e-type=\"widget\" data-widget_type=\"text-editor.default\">\n\t\t\t\t<div class=\"elementor-widget-container\">\n\t\t\t\t\t\t\t\t\t<h3><strong>Milyen jelek utalnak r\u00e1, ha nem hat\u00e9kony az egy\u00fcttm\u0171k\u00f6d\u00e9s csapaton bel\u00fcl? <\/strong><\/h3>\nA j\u00f3l egy\u00fcttm\u0171k\u00f6d\u0151 csapatok ismertet\u0151jegye a produktivit\u00e1s, a c\u00e9ltudatoss\u00e1g \u00e9s a remek probl\u00e9mamegold\u00f3 k\u00e9szs\u00e9g, ami a m\u00e9lypontokon is k\u00f6nnyen \u00e1tlend\u00edti \u0151ket a munka sor\u00e1n. Annak is vannak azonban \u00e1rulkod\u00f3 jelei, ha az egy\u00fcttm\u0171k\u00f6d\u00e9s nem \u00e9ppen z\u00f6kken\u0151mentes. L\u00e1ssuk most ezeket!\n<ol>\n \t<strong><li>K\u00f6z\u00f6s c\u00e9lok hi\u00e1nya<\/li><\/strong>\n\nHa nincsenek k\u00f6z\u00f6s c\u00e9lok, b\u00e1rmilyen j\u00f3 is a projekt, hamar z\u00e1tonyra futhat. Erre els\u0151sorban a hat\u00e1rid\u0151k k\u00e9pesek r\u00e1vil\u00e1g\u00edtani, hiszen ha egy csapattag c\u00e9ljai k\u00fcl\u00f6n\u00e1ll\u00f3ak \u00e9s ellent\u00e9tesek a csapat c\u00e9lokkal, akkor nem a legfontosabb feladatok ker\u00fclnek k\u00f6z\u00e9ppontba.\n\n<strong><li>T\u00e1vols\u00e1g<\/li><\/strong>\n\nVannak olyan csapatok, akikn\u00e9l m\u00e1r az is gondot okoz az egy\u00fcttm\u0171k\u00f6d\u00e9s sor\u00e1n, ha egyes tagok m\u00e1s szob\u00e1ban dolgoznak, pl\u00e1ne ha m\u00e1s emeleten vagy \u00e9p\u00fcletben. Ez biztos jele annak, hogy dolgozni kell a jobb egy\u00fcttm\u0171k\u00f6d\u00e9s \u00e9rdek\u00e9ben, hiszen annak fizikai korl\u00e1tok n\u00e9lk\u00fcl is z\u00f6kken\u0151mentesen kell m\u0171k\u00f6dnie.\n\n<strong><li>\u00c9nk\u00f6zpont\u00fas\u00e1g<\/li><\/strong>\n\n\u00d3ri\u00e1si k\u00fcl\u00f6nbs\u00e9g van, hogy a munka sor\u00e1n csakis a saj\u00e1t \u00e9rdekeinket vessz\u00fck figyelembe, vagy minden energi\u00e1nkkal a k\u00f6z\u00f6s csapatsikereken dolgozunk. Ha t\u00fal sok az \u00e9nk\u00f6zpont\u00fa, csakis a saj\u00e1t feladataira \u00f6sszpontos\u00edt\u00f3 csapattag, akkor a projekten bel\u00fcli egy\u00fcttm\u0171k\u00f6d\u00e9s nagyon neh\u00e9zkess\u00e9 v\u00e1lik.\n\n<strong><li>T\u00fal sok a d\u00f6nt\u00e9shoz\u00f3<\/li><\/strong>\n\nEzt a helyzetet nagyj\u00e1b\u00f3l ahhoz lehetne hasonl\u00edtani, mintha egy \u00e9tteremben a vacsor\u00e1nkat egyszerre t\u00f6bb chef k\u00e9sz\u00edten\u00e9. Ha t\u00fal sok a d\u00f6nt\u00e9shoz\u00f3, k\u00e1osz alakul ki. A csapat egyszer\u0171en elakad, vagy el\u0151fordulhat, hogy nem a legkompetensebb hoz meg egy olyan d\u00f6nt\u00e9st, ami ut\u00f3lag t\u00e9vesnek bizonyul.\n\n<strong><li>Dupl\u00e1n elv\u00e9gzett feladatok<\/li><\/strong>\n\nNagyon kellemetlen helyzet, amikor kider\u00fcl, hogy egy feladatot, amellyel hossz\u00fa \u00f3r\u00e1kat vagy \u00e9pp napokat t\u00f6lt\u00f6tt\u00fcnk, kor\u00e1bban m\u00e1r valaki megcsin\u00e1lta. A dupla munka id\u0151- \u00e9s p\u00e9nzpocs\u00e9kol\u00e1s, amely azonnal a helyzett jobb koordin\u00e1ci\u00f3\u00e9rt ki\u00e1lt.\n\n<strong><li>Nem tiszta m\u00e9rf\u00f6ldk\u00f6vek<\/li><\/strong>\n\nM\u00e9g a j\u00f3l megfogalmazott c\u00e9lok ellen\u00e9re is el\u0151fordulhat, hogy egyes csapatok nem tudj\u00e1k, hogyan \u00e9rj\u00e9k el azokat. Nagyobb szervezetekn\u00e9l, ahol egyes csapatokat kisebb teamek alkotnak, gyakran el\u0151fordul, hogy m\u00edg a v\u00e1llalat eg\u00e9sz\u00e9re vonatkoz\u00f3 c\u00e9lok napn\u00e1l vil\u00e1gosabbak, a kisebb m\u00e9rf\u00f6ldk\u00f6vek \u00e9s a hogyan tov\u00e1bb k\u00e9rd\u00e9se teljesen hom\u00e1lyos. Ha azt l\u00e1tjuk, hogy egyes csapattagok ink\u00e1bb k\u00f6rbe-k\u00f6rbe forognak, mint el\u0151re haladn\u00e1nak, akkor biztosan gond van az egy\u00fcttm\u0171k\u00f6d\u00e9s sor\u00e1n.\n\n&nbsp;\t\t\t\t\t\t\t\t<\/div>\n\t\t\t\t<\/div>\n\t\t\t\t<div class=\"elementor-element elementor-element-860b6d6 elementor-widget elementor-widget-text-editor\" data-id=\"860b6d6\" data-element_type=\"widget\" data-e-type=\"widget\" data-widget_type=\"text-editor.default\">\n\t\t\t\t<div class=\"elementor-widget-container\">\n\t\t\t\t\t\t\t\t\t<h2>Hogyan jav\u00edthat\u00f3 a szakmai egy\u00fcttm\u0171k\u00f6d\u00e9s \u00e9s kommunik\u00e1ci\u00f3?<\/h2><p>Az eredm\u00e9nyek el\u00e9r\u00e9se \u00e9rdek\u00e9ben a szakmai egy\u00fcttm\u0171k\u00f6d\u00e9s lehet\u0151s\u00e9gei \u00e9s form\u00e1i kulcsfontoss\u00e1g\u00faak. J\u00f6jj\u00f6n most n\u00e9h\u00e1ny hasznos tipp a sikeres kollabor\u00e1ci\u00f3hoz!<\/p><h3>Hangs\u00falyozzuk a c\u00e9lokat!<\/h3><p>\u00dajra \u00e9s \u00fajra el kell mondani a csapatnak, hogy merre fel\u00e9 tartunk, mik a k\u00f6z\u00f6s c\u00e9lok \u00e9s ha v\u00e1ltoztat\u00e1sra van sz\u00fcks\u00e9g, rendszeresen ism\u00e9telni az \u00faj ir\u00e1nyokat. \u00cdgy tudjuk az elk\u00f6telezetts\u00e9get is n\u00f6velni, \u00e9s a megfelel\u0151 kommunik\u00e1ci\u00f3 r\u00e9v\u00e9n sokkal hat\u00e9konyabb lesz az egy\u00fcttm\u0171k\u00f6d\u00e9s.<\/p><h3>K\u00f6z\u00f6s brainstorming<\/h3><p>A projekt minden l\u00e9p\u00e9s\u00e9n\u00e9l &#8211; az \u00f6tletel\u00e9s, a tervez\u00e9s \u00e9s minden megbesz\u00e9l\u00e9s sor\u00e1n &#8211; fontos kik\u00e9rni a csapat v\u00e9lem\u00e9ny\u00e9t \u00e9s elk\u00e9pzel\u00e9seit. Figyelni kell arra is, hogy ne csak azok kapjanak sz\u00f3t, akik am\u00fagy is akt\u00edvabbak, hanem fontos megtudni, hogy a kev\u00e9sb\u00e9 extrovert\u00e1lt csapattagok mik\u00e9nt v\u00e9lekednek. \u00cdgy a k\u00e9s\u0151bbiekben is nagyobb val\u00f3sz\u00edn\u0171s\u00e9ggel osztj\u00e1k meg gondolataikat, mivel tudj\u00e1k, hogy sz\u00e1m\u00edtanak az elk\u00e9pzel\u00e9seik.<\/p><h3>Hat\u00e9kony kommunik\u00e1ci\u00f3<\/h3><p>A csapatsikerekhez a k\u00f6vetkezetes \u00e9s vil\u00e1gos kommunik\u00e1ci\u00f3 kiemelked\u0151en fontos. Mivel a projektek sor\u00e1n rengeteg csatorn\u00e1n \u00e9rkeznek az inform\u00e1ci\u00f3k, nem ritka az sem, hogy elvesznek. M\u00e1r a projekt ind\u00edt\u00e1sakor, vagy m\u00e9g jobb, ha m\u00e1r a csapat megalakul\u00e1sakor elengedhetetlen meg\u00e1llapodni abban, hogy milyen form\u00e1ban \u00e9s milyen id\u0151k\u00f6z\u00f6nk\u00e9nt t\u00f6rt\u00e9njen az aktualit\u00e1sok megoszt\u00e1sa, hogy azok minden illet\u00e9keshez a megfelel\u0151 id\u0151pontban eljussanak.<\/p><h3>Kollabor\u00e1ci\u00f3s eszk\u00f6z\u00f6k haszn\u00e1lata<\/h3><p>Min\u00e9l er\u0151sebb az egy\u00fcttm\u0171k\u00f6d\u00e9s egy adott projekt sor\u00e1n, ann\u00e1l jobb az eredm\u00e9ny mind a csapattagok, mind a szervezet eg\u00e9sze sz\u00e1m\u00e1ra.\u00a0 M\u00e1ra a modern kollabor\u00e1ci\u00f3s eszk\u00f6z\u00f6k mindezt jelent\u0151sen megk\u00f6nny\u00edtett\u00e9k. Konferenciah\u00edv\u00e1sokkal, virtu\u00e1lis t\u00e1bl\u00e1kkal m\u00e9g a t\u00f6bb ezer kilom\u00e9teres t\u00e1vols\u00e1g sem akad\u00e1ly. A probl\u00e9m\u00e1k \u00e9s projektek nyomon k\u00f6vet\u00e9s\u00e9re szolg\u00e1l\u00f3 alkalmaz\u00e1sok seg\u00edtenek a csapatoknak a priorit\u00e1sok kezel\u00e9s\u00e9ben, a vezet\u0151knek a tervez\u00e9sben, a HR elemz\u0151knek pedig az adatb\u00e1ny\u00e1szatban.<\/p><p>A k\u00fcl\u00f6nb\u00f6z\u0151 csapatok virtu\u00e1lis tud\u00e1sb\u00e1zisokat \u00e9s k\u00f6z\u00f6s munkater\u00fcleteket haszn\u00e1lhatnak az inform\u00e1ci\u00f3k keres\u00e9s\u00e9re, anyagok beny\u00fajt\u00e1s\u00e1ra \u00e9s a feladatok kezel\u00e9s\u00e9re a projekt el\u0151rehalad\u00e1s\u00e1hoz.<\/p>\t\t\t\t\t\t\t\t<\/div>\n\t\t\t\t<\/div>\n\t\t\t\t<div class=\"elementor-element elementor-element-ba5f59c elementor-widget elementor-widget-text-editor\" data-id=\"ba5f59c\" data-element_type=\"widget\" data-e-type=\"widget\" data-widget_type=\"text-editor.default\">\n\t\t\t\t<div class=\"elementor-widget-container\">\n\t\t\t\t\t\t\t\t\t<p><strong><b>Ha projektvezet\u0151k\u00e9nt \u00d6n is fontosnak tartja a hat\u00e9kony egy\u00fcttm\u0171k\u00f6d\u00e9st csapat\u00e1n bel\u00fcl, hogy min\u00e9l eredm\u00e9nyesebben kommunik\u00e1ljon munk\u00e1ja sor\u00e1n, \u00e9s sz\u00edvesen fejleszten\u00e9 kompetenci\u00e1it, akkor tekintse meg aktu\u00e1lis <\/b><a href=\"https:\/\/promanconsulting.hu\/projektvezetoknek-ajanlott-kepzesek\/\"><b><span style=\"color: #0000ff;\">projektvezet\u0151knek aj\u00e1nlott k\u00e9pz\u00e9seinket<\/span><\/b><\/a><b>!<\/b><\/strong><\/p>\t\t\t\t\t\t\t\t<\/div>\n\t\t\t\t<\/div>\n\t\t\t\t\t<\/div>\n\t\t<\/div>\n\t\t\t\t\t<\/div>\n\t\t<\/section>\n\t\t\t\t<\/div>\n\t\t","protected":false},"excerpt":{"rendered":"<p>Egy\u00fcttm\u0171k\u00f6d\u00e9s, a projekt sikerek z\u00e1loga Az egy\u00fcttm\u0171k\u00f6d\u00e9s projekten bel\u00fcl elengedhetetlen ahhoz, hogy egy csapat z\u00f6kken\u0151mentesen tudjon egy\u00fctt dolgozni &#8211; ak\u00e1r a vil\u00e1g t\u00f6bb pontj\u00e1n -, \u00e9s hat\u00e9konyan \u00e9rje el c\u00e9ljait. Cikk\u00fcnkben most megn\u00e9zz\u00fck, hogy mit is jelent pontosan az egy\u00fcttm\u0171k\u00f6d\u00e9s a projektmenedzsmentben \u00e9s mi\u00e9rt fontos? Hogyan ismerhetj\u00fck fel, ha probl\u00e9ma van a csapattagok k\u00f6z\u00f6tti kollabor\u00e1ci\u00f3val [&hellip;]<\/p>\n","protected":false},"author":5,"featured_media":8348,"comment_status":"closed","ping_status":"closed","sticky":false,"template":"","format":"standard","meta":{"footnotes":""},"categories":[77,179,53,187],"tags":[35,78,154,103],"class_list":["post-8341","post","type-post","status-publish","format-standard","has-post-thumbnail","hentry","category-projektmenedzsment","category-szervezetfejlesztes","category-szervezeti-projektmenedzsment","category-vezetes","tag-projektmenedzsment","tag-projektvezetes","tag-szervezetfejlesztes","tag-vezetes","entry","has-media"],"_links":{"self":[{"href":"https:\/\/promanconsulting.hu\/en\/wp-json\/wp\/v2\/posts\/8341","targetHints":{"allow":["GET"]}}],"collection":[{"href":"https:\/\/promanconsulting.hu\/en\/wp-json\/wp\/v2\/posts"}],"about":[{"href":"https:\/\/promanconsulting.hu\/en\/wp-json\/wp\/v2\/types\/post"}],"author":[{"embeddable":true,"href":"https:\/\/promanconsulting.hu\/en\/wp-json\/wp\/v2\/users\/5"}],"replies":[{"embeddable":true,"href":"https:\/\/promanconsulting.hu\/en\/wp-json\/wp\/v2\/comments?post=8341"}],"version-history":[{"count":36,"href":"https:\/\/promanconsulting.hu\/en\/wp-json\/wp\/v2\/posts\/8341\/revisions"}],"predecessor-version":[{"id":8442,"href":"https:\/\/promanconsulting.hu\/en\/wp-json\/wp\/v2\/posts\/8341\/revisions\/8442"}],"wp:featuredmedia":[{"embeddable":true,"href":"https:\/\/promanconsulting.hu\/en\/wp-json\/wp\/v2\/media\/8348"}],"wp:attachment":[{"href":"https:\/\/promanconsulting.hu\/en\/wp-json\/wp\/v2\/media?parent=8341"}],"wp:term":[{"taxonomy":"category","embeddable":true,"href":"https:\/\/promanconsulting.hu\/en\/wp-json\/wp\/v2\/categories?post=8341"},{"taxonomy":"post_tag","embeddable":true,"href":"https:\/\/promanconsulting.hu\/en\/wp-json\/wp\/v2\/tags?post=8341"}],"curies":[{"name":"wp","href":"https:\/\/api.w.org\/{rel}","templated":true}]}}