{"id":7802,"date":"2023-05-24T07:36:57","date_gmt":"2023-05-24T07:36:57","guid":{"rendered":"https:\/\/promanconsulting.hu\/?p=7802"},"modified":"2023-05-24T08:07:57","modified_gmt":"2023-05-24T08:07:57","slug":"prioritas-report-2","status":"publish","type":"post","link":"https:\/\/promanconsulting.hu\/en\/prioritas-jelentese\/","title":{"rendered":"Priority in project management"},"content":{"rendered":"\t\t<div data-elementor-type=\"wp-post\" data-elementor-id=\"7802\" class=\"elementor elementor-7802\" data-elementor-settings=\"{&quot;ha_cmc_init_switcher&quot;:&quot;no&quot;}\" data-elementor-post-type=\"post\">\n\t\t\t\t\t\t<section class=\"elementor-section elementor-top-section elementor-element elementor-element-167538e2 elementor-section-boxed elementor-section-height-default elementor-section-height-default\" data-id=\"167538e2\" data-element_type=\"section\" data-e-type=\"section\" data-settings=\"{&quot;jet_parallax_layout_list&quot;:[{&quot;jet_parallax_layout_image&quot;:{&quot;url&quot;:&quot;&quot;,&quot;id&quot;:&quot;&quot;,&quot;size&quot;:&quot;&quot;},&quot;_id&quot;:&quot;da11ba3&quot;,&quot;jet_parallax_layout_image_tablet&quot;:{&quot;url&quot;:&quot;&quot;,&quot;id&quot;:&quot;&quot;,&quot;size&quot;:&quot;&quot;},&quot;jet_parallax_layout_image_mobile&quot;:{&quot;url&quot;:&quot;&quot;,&quot;id&quot;:&quot;&quot;,&quot;size&quot;:&quot;&quot;},&quot;jet_parallax_layout_speed&quot;:{&quot;unit&quot;:&quot;%&quot;,&quot;size&quot;:50,&quot;sizes&quot;:[]},&quot;jet_parallax_layout_type&quot;:&quot;scroll&quot;,&quot;jet_parallax_layout_direction&quot;:&quot;1&quot;,&quot;jet_parallax_layout_fx_direction&quot;:null,&quot;jet_parallax_layout_z_index&quot;:&quot;&quot;,&quot;jet_parallax_layout_bg_x&quot;:50,&quot;jet_parallax_layout_bg_x_tablet&quot;:&quot;&quot;,&quot;jet_parallax_layout_bg_x_mobile&quot;:&quot;&quot;,&quot;jet_parallax_layout_bg_y&quot;:50,&quot;jet_parallax_layout_bg_y_tablet&quot;:&quot;&quot;,&quot;jet_parallax_layout_bg_y_mobile&quot;:&quot;&quot;,&quot;jet_parallax_layout_bg_size&quot;:&quot;auto&quot;,&quot;jet_parallax_layout_bg_size_tablet&quot;:&quot;&quot;,&quot;jet_parallax_layout_bg_size_mobile&quot;:&quot;&quot;,&quot;jet_parallax_layout_animation_prop&quot;:&quot;transform&quot;,&quot;jet_parallax_layout_on&quot;:[&quot;desktop&quot;,&quot;tablet&quot;]}],&quot;_ha_eqh_enable&quot;:false}\">\n\t\t\t\t\t\t<div class=\"elementor-container elementor-column-gap-default\">\n\t\t\t\t\t<div class=\"elementor-column elementor-col-100 elementor-top-column elementor-element elementor-element-4773b297\" data-id=\"4773b297\" data-element_type=\"column\" data-e-type=\"column\">\n\t\t\t<div class=\"elementor-widget-wrap elementor-element-populated\">\n\t\t\t\t\t\t<div class=\"elementor-element elementor-element-f445454 elementor-widget elementor-widget-heading\" data-id=\"f445454\" data-element_type=\"widget\" data-e-type=\"widget\" data-widget_type=\"heading.default\">\n\t\t\t\t<div class=\"elementor-widget-container\">\n\t\t\t\t\t<h1 class=\"elementor-heading-title elementor-size-default\">A priorit\u00e1s jelent\u00e9se a projektmenedzsmentben\n<\/h1>\t\t\t\t<\/div>\n\t\t\t\t<\/div>\n\t\t\t\t<div class=\"elementor-element elementor-element-cba2f88 elementor-widget elementor-widget-text-editor\" data-id=\"cba2f88\" data-element_type=\"widget\" data-e-type=\"widget\" data-widget_type=\"text-editor.default\">\n\t\t\t\t<div class=\"elementor-widget-container\">\n\t\t\t\t\t\t\t\t\t<p><span style=\"font-weight: 400;\">A projektek rangsorol\u00e1sa az egyik legfontosabb k\u00e9pess\u00e9g minden olyan szervezet sz\u00e1m\u00e1ra, amely projekteket m\u0171k\u00f6dtet. Fontos \u00f6sszehangolni a strat\u00e9giai c\u00e9lokat a projekttervekkel, sz\u00e1mszer\u0171s\u00edteni a hozz\u00e1adott \u00e9rt\u00e9ket, felm\u00e9rni a k\u00f6lts\u00e9geket, er\u0151forr\u00e1sokat. Emellett egyens\u00falyba hozni a v\u00e1llalt projektek mennyis\u00e9g\u00e9t a megval\u00f3s\u00edt\u00e1si k\u00e9pess\u00e9ggel. Cikk\u00fcnkben most megn\u00e9zz\u00fck, hogy mi a priorit\u00e1s jelent\u00e9se. Mi\u00e9rt fontos a prioriz\u00e1l\u00e1s \u00e9s hogyan oszt\u00e1lyozzuk hat\u00e9konyan projektjeinket.<\/span><\/p>\t\t\t\t\t\t\t\t<\/div>\n\t\t\t\t<\/div>\n\t\t\t\t<div class=\"elementor-element elementor-element-2656966 elementor-widget elementor-widget-image\" data-id=\"2656966\" data-element_type=\"widget\" data-e-type=\"widget\" data-widget_type=\"image.default\">\n\t\t\t\t<div class=\"elementor-widget-container\">\n\t\t\t\t\t\t\t\t\t\t\t\t\t\t\t<img fetchpriority=\"high\" decoding=\"async\" width=\"768\" height=\"512\" src=\"https:\/\/promanconsulting.hu\/wp-content\/uploads\/2023\/04\/prioritas-jelentese-768x512.jpg\" class=\"attachment-medium_large size-medium_large wp-image-7803\" alt=\"A priorit\u00e1s jelent\u00e9se egy feladat vagy projekt s\u00fcrg\u0151ss\u00e9ge \u00e9s fontoss\u00e1ga.\" srcset=\"https:\/\/promanconsulting.hu\/wp-content\/uploads\/2023\/04\/prioritas-jelentese-768x512.jpg 768w, https:\/\/promanconsulting.hu\/wp-content\/uploads\/2023\/04\/prioritas-jelentese-300x200.jpg 300w, https:\/\/promanconsulting.hu\/wp-content\/uploads\/2023\/04\/prioritas-jelentese.jpg 1000w\" sizes=\"(max-width: 768px) 100vw, 768px\" \/>\t\t\t\t\t\t\t\t\t\t\t\t\t\t\t<\/div>\n\t\t\t\t<\/div>\n\t\t\t\t<div class=\"elementor-element elementor-element-0be0a1b elementor-widget elementor-widget-heading\" data-id=\"0be0a1b\" data-element_type=\"widget\" data-e-type=\"widget\" data-widget_type=\"heading.default\">\n\t\t\t\t<div class=\"elementor-widget-container\">\n\t\t\t\t\t<h2 class=\"elementor-heading-title elementor-size-default\">A priorit\u00e1s jelent\u00e9se<\/h2>\t\t\t\t<\/div>\n\t\t\t\t<\/div>\n\t\t\t\t<div class=\"elementor-element elementor-element-40662c0 elementor-widget elementor-widget-text-editor\" data-id=\"40662c0\" data-element_type=\"widget\" data-e-type=\"widget\" data-widget_type=\"text-editor.default\">\n\t\t\t\t<div class=\"elementor-widget-container\">\n\t\t\t\t\t\t\t\t\t<p><span style=\"font-weight: 400;\">A projektmenedzsmentben a priorit\u00e1s sz\u00f3 jelent\u00e9se: egy feladat vagy projekt s\u00fcrg\u0151ss\u00e9ge \u00e9s fontoss\u00e1ga. A projektmenedzserek a priorit\u00e1st arra haszn\u00e1lj\u00e1k, hogy meghat\u00e1rozz\u00e1k, ki felel\u0151s egyes feladatok\u00e9rt, \u00e9s mikorra v\u00e1rj\u00e1k az eredm\u00e9nyeket.<\/span><\/p><p><span style=\"font-weight: 400;\">A priorit\u00e1st sz\u00e1mos t\u00e9nyez\u0151 hat\u00e1rozza meg, t\u00f6bbek k\u00f6z\u00f6tt a r\u00e1ford\u00edtott id\u0151 \u00e9s p\u00e9nz, a rendelkez\u00e9sre \u00e1ll\u00f3 \u00e9s sz\u00fcks\u00e9ges er\u0151forr\u00e1sok, valamint a v\u00e1llalatspecifikus ig\u00e9nyek.\u00a0 A projektvezet\u0151knek ezeket a t\u00e9nyez\u0151ket kell m\u00e9rlegelni\u00fck \u00e9s egym\u00e1shoz viszony\u00edtaniuk, hogy meghat\u00e1rozz\u00e1k a priorit\u00e1sokat.<\/span><\/p><h3><strong>A magas \u00e9s alacsony priorit\u00e1s jelent\u00e9se<\/strong><\/h3><p><span style=\"font-weight: 400;\">A magas priorit\u00e1s jelent\u00e9se, hogy valami k\u00fcl\u00f6n\u00f6sen fontos, el\u0151nyben kell r\u00e9szes\u00edteni m\u00e1s feladatokhoz k\u00e9pest a projekttervez\u00e9s sor\u00e1n. A priorit\u00e1si sorrendben \u00e1ltal\u00e1ban ezek a feladatok j\u00e1rulnak hozz\u00e1 legjobban a strat\u00e9giai c\u00e9lkit\u0171z\u00e9sekhez \u00e9s mind er\u0151forr\u00e1sban, mind megt\u00e9r\u00fcl\u00e9sben kecsegtet\u0151 eredm\u00e9nyt \u00edg\u00e9rnek.<\/span><\/p><p><span style=\"font-weight: 400;\">Az alacsony priorit\u00e1s\u00fa projektek k\u00f6z\u00e9 azok sorolhat\u00f3k, ahol kisebb a megt\u00e9r\u00fcl\u00e9si r\u00e1ta vagy t\u00falzott az er\u0151forr\u00e1s ig\u00e9ny, esetleg vannak a magasabbrend\u0171 c\u00e9lokat jobban t\u00e1mogat\u00f3 elk\u00e9pzel\u00e9sek v\u00e1llalaton bel\u00fcl.<\/span><\/p>\t\t\t\t\t\t\t\t<\/div>\n\t\t\t\t<\/div>\n\t\t\t\t<div class=\"elementor-element elementor-element-a8d6771 elementor-widget elementor-widget-image\" data-id=\"a8d6771\" data-element_type=\"widget\" data-e-type=\"widget\" data-widget_type=\"image.default\">\n\t\t\t\t<div class=\"elementor-widget-container\">\n\t\t\t\t\t\t\t\t\t\t\t\t\t\t\t<img decoding=\"async\" width=\"1000\" height=\"562\" src=\"https:\/\/promanconsulting.hu\/wp-content\/uploads\/2023\/04\/magas-prioritas-jelentese.jpg\" class=\"attachment-large size-large wp-image-7806\" alt=\"A magas priorit\u00e1s jelent\u00e9se, hogy valami k\u00fcl\u00f6n\u00f6sen fontos, el\u0151nyben kell r\u00e9szes\u00edteni m\u00e1s feladatokhoz k\u00e9pest.\" srcset=\"https:\/\/promanconsulting.hu\/wp-content\/uploads\/2023\/04\/magas-prioritas-jelentese.jpg 1000w, https:\/\/promanconsulting.hu\/wp-content\/uploads\/2023\/04\/magas-prioritas-jelentese-300x169.jpg 300w, https:\/\/promanconsulting.hu\/wp-content\/uploads\/2023\/04\/magas-prioritas-jelentese-768x432.jpg 768w, https:\/\/promanconsulting.hu\/wp-content\/uploads\/2023\/04\/magas-prioritas-jelentese-800x450.jpg 800w\" sizes=\"(max-width: 1000px) 100vw, 1000px\" \/>\t\t\t\t\t\t\t\t\t\t\t\t\t\t\t<\/div>\n\t\t\t\t<\/div>\n\t\t\t\t<div class=\"elementor-element elementor-element-4984414 elementor-widget elementor-widget-text-editor\" data-id=\"4984414\" data-element_type=\"widget\" data-e-type=\"widget\" data-widget_type=\"text-editor.default\">\n\t\t\t\t<div class=\"elementor-widget-container\">\n\t\t\t\t\t\t\t\t\t<h2><strong>Mi\u00e9rt fontos a prioriz\u00e1l\u00e1s a projektek sor\u00e1n?<\/strong><\/h2><p><span style=\"font-weight: 400;\">A prioriz\u00e1l\u00e1s k\u00e9pes biztos\u00edtani, hogy az er\u0151forr\u00e1sok a projekt ig\u00e9nyek alapj\u00e1n helyesen ker\u00fcljenek beoszt\u00e1sra. A feladatok rangsorol\u00e1s\u00e1val minimaliz\u00e1lhat\u00f3 a kev\u00e9sb\u00e9 s\u00fcrg\u0151s \u00e9s fontos feladatokra ford\u00edtott id\u0151 \u00e9s p\u00e9nz.<\/span><\/p><p><span style=\"font-weight: 400;\">A priorit\u00e1s magukra a projektekre is vonatkozhat, azaz hogy azok ker\u00fcljenek megval\u00f3s\u00edt\u00e1sra, amelyek val\u00f3ban meg is t\u00e9r\u00fclnek.\u00a0<\/span><\/p><p><span style=\"font-weight: 400;\">Ha javul a rangsorol\u00e1s folyamata, \u00e9s olyan projektek ker\u00fclnek kiv\u00e1laszt\u00e1sra, amelyek jobban t\u00e1mogatj\u00e1k a szervezeti c\u00e9lkit\u0171z\u00e9seket, az az al\u00e1bbi el\u0151ny\u00f6kkel j\u00e1r:<\/span><\/p><ul><li style=\"font-weight: 400;\" aria-level=\"1\"><b>N\u00f6vekv\u0151 projektsiker ar\u00e1ny<\/b><span style=\"font-weight: 400;\"> &#8211; A j\u00f3 prioriz\u00e1l\u00e1s biztos\u00edtja a projektek \u00f6sszehangol\u00e1s\u00e1t \u00e9s a kevesebb hib\u00e1t.<\/span><\/li><li style=\"font-weight: 400;\" aria-level=\"1\"><b>Nagyobb megt\u00e9r\u00fcl\u00e9s (ROI) <\/b><span style=\"font-weight: 400;\">&#8211; Az \u00fczleti c\u00e9lokhoz jobban igazod\u00f3 projektek nagyobb \u00e9rt\u00e9ket &#8211; nem kiz\u00e1r\u00f3lag p\u00e9nzt &#8211; biztos\u00edtanak a szervezet sz\u00e1m\u00e1ra.\u00a0<\/span><\/li><li style=\"font-weight: 400;\" aria-level=\"1\"><b>A projektk\u00e9relmek jobb min\u0151s\u00e9ge <\/b><span style=\"font-weight: 400;\">&#8211; A strat\u00e9giai c\u00e9lok felismer\u00e9s\u00e9vel a kezdem\u00e9nyez\u00e9sek is ehhez fognak igazodni.\u00a0<\/span><\/li><li style=\"font-weight: 400;\" aria-level=\"1\"><b>Elavult projektek elt\u00e1vol\u00edt\u00e1sa<\/b><span style=\"font-weight: 400;\"> &#8211; A struktur\u00e1lt projekt prioriz\u00e1l\u00e1si folyamat biztos\u00edtja, hogy csak a j\u00f3l \u00f6sszehangolt projektek ker\u00fcljenek j\u00f3v\u00e1hagy\u00e1sra, \u00e9s az elavult projektek el\u0151zetesen azonos\u00edtva legyenek.<\/span><\/li><li style=\"font-weight: 400;\" aria-level=\"1\"><b>Hat\u00e9konyabb er\u0151forr\u00e1s-eloszt\u00e1s<\/b><span style=\"font-weight: 400;\"> &#8211; Egy j\u00f3 prioriz\u00e1l\u00e1si folyamat lehet\u0151v\u00e9 teszi a portf\u00f3li\u00f3 megfelel\u0151 m\u00e9retez\u00e9s\u00e9t. Az er\u0151forr\u00e1sok \u00edgy hat\u00e9konyabban oszthat\u00f3k el.<\/span><\/li><\/ul><h2><strong>Hogyan prioriz\u00e1ljuk a projekteket?<\/strong><\/h2><p><span style=\"font-weight: 400;\">A projektek rangsorol\u00e1si folyamata elengedhetetlen ahhoz, hogy a krit\u00e9riumok konzisztensek maradjanak a portf\u00f3li\u00f3 eg\u00e9sz\u00e9ben, \u00e9s hogy a szervezet saj\u00e1tos ig\u00e9nyeinek \u00e9s c\u00e9ljainak megfeleljenek.\u00a0<\/span><\/p><p><span style=\"font-weight: 400;\">N\u00e9zz\u00fck most meg, hogy hogyan tudjuk hat\u00e9konyan rangsorolni a projekteket?<\/span><\/p><h3><strong>1. C\u00e9lok \u00e9s m\u00e9r\u0151sz\u00e1mok meghat\u00e1roz\u00e1sa<\/strong><\/h3><p><span style=\"font-weight: 400;\">Ahhoz, hogy megfelel\u0151 priorit\u00e1si szinteket tudjunk kialak\u00edtani a projektek sor\u00e1n, el\u0151sz\u00f6r meg kell hat\u00e1rozni a szervezet vagy a csapat \u00e1ltal\u00e1nos strat\u00e9giai c\u00e9ljait. Egyes v\u00e1llalatok kiz\u00e1r\u00f3lag a projektek p\u00e9nz\u00fcgyi \u00e9rt\u00e9ke alapj\u00e1n rangsorolnak, m\u00edg m\u00e1sok egy\u00e9b t\u00edpus\u00fa \u00e9rt\u00e9keket helyezhetnek el\u0151t\u00e9rbe.\u00a0<\/span><\/p><p><span style=\"font-weight: 400;\">Elk\u00e9pzelhet\u0151 p\u00e9ld\u00e1ul, hogy priorit\u00e1st \u00e9lvez egy olyan bels\u0151 projekt, ami jav\u00edtja a v\u00e1llalat m\u0171k\u00f6d\u00e9s\u00e9nek hat\u00e9konys\u00e1g\u00e1t. Vagy ak\u00e1r egy olyan \u00fcgyf\u00e9lprojekt, amely a misszi\u00f3 \u00e9s a t\u00e1rsadalmi \u00e9rt\u00e9kek szempontj\u00e1b\u00f3l fontos.<\/span><\/p><p><span style=\"font-weight: 400;\">Att\u00f3l f\u00fcgg\u0151en, hogy mik az el\u00e9rend\u0151 c\u00e9lok, megadhatunk n\u00e9h\u00e1ny olyan m\u00e9r\u0151sz\u00e1mot, amely a prioriz\u00e1l\u00e1s alapj\u00e1t k\u00e9pezi.<\/span><\/p><p><span style=\"font-weight: 400;\">A c\u00e9lok \u00e9s a m\u00e9r\u0151sz\u00e1mok seg\u00edtenek eld\u00f6nteni, hogy mely projektek \u00e9lveznek priorit\u00e1st a csapat er\u0151forr\u00e1sai \u00e9s ideje tekintet\u00e9ben. P\u00e9ld\u00e1ul elk\u00e9pzelhet\u0151, hogy a p\u00e9nz\u00fcgyi haszon a legf\u0151bb priorit\u00e1s, \u00e9s az innov\u00e1ci\u00f3 egy k\u00f6vetkez\u0151 szempont. Azaz, a nagy nyeres\u00e9get hoz\u00f3 projektek az innov\u00e1ci\u00f3t fejleszt\u0151 projektekkel szemben el\u0151nyt \u00e9lveznek, noha mindkett\u0151 fontosnak sz\u00e1m\u00edt.<\/span><\/p><h3><strong>2. Alak\u00edtsunk ki pontoz\u00e1si rendszert<\/strong><\/h3><p><span style=\"font-weight: 400;\">A pontoz\u00e1si rendszer kiv\u00e1l\u00f3 m\u00f3dszer a prioriz\u00e1l\u00e1shoz. Ezzel meghat\u00e1rozhat\u00f3, hogy p\u00e9ld\u00e1ul egy aktu\u00e1lisan fut\u00f3 projektet \u00e9rdemes-e folytatni.\u00a0<\/span><\/p><p><span style=\"font-weight: 400;\">\u00dagy kell kialak\u00edtani, hogy a legmagasabb priorit\u00e1s a legnagyobb, a legalacsonyabb priorit\u00e1s pedig a legkisebb pontsz\u00e1mot kapja.<\/span><\/p><h3><strong>3. Az \u00e9rt\u00e9kek \u00e9s er\u0151forr\u00e1sok \u00f6sszehasonl\u00edt\u00e1sa<\/strong><\/h3><p><span style=\"font-weight: 400;\">A projektek p\u00e9nz\u00fcgyi vagy strat\u00e9giai haszna mellett nagyon fontos az er\u0151forr\u00e1sok vizsg\u00e1lata is. Lehet, hogy bizonyos projektek \u00f3ri\u00e1si haszonnal kecsegtetnek, de egyben hatalmas az er\u0151forr\u00e1s ig\u00e9ny\u00fck.\u00a0<\/span><\/p><p><span style=\"font-weight: 400;\">M\u00e9g ha egy kiemelt fontoss\u00e1g\u00fa projektr\u0151l is van sz\u00f3, elk\u00e9pzelhet\u0151, hogy nem \u00e9ri meg\u00a0 a befektet\u00e9st, ha a v\u00e1llalat \u00f6sszes er\u0151forr\u00e1s\u00e1t fel kell haszn\u00e1lni, \u00e9s emiatt m\u00e1s projektek h\u00e1tt\u00e9rbe szorulnak. Hasonl\u00f3k\u00e9ppen, egy alacsony \u00e9rt\u00e9k\u0171 projekt magasabb priorit\u00e1si szintet \u00e9rhet el, ha csak minim\u00e1lis er\u0151forr\u00e1st ig\u00e9nyel, \u00e9s gyorsan megt\u00e9r\u00fcl a befektet\u00e9s.<\/span><\/p>\t\t\t\t\t\t\t\t<\/div>\n\t\t\t\t<\/div>\n\t\t\t\t<div class=\"elementor-element elementor-element-5cba623 elementor-widget elementor-widget-image\" data-id=\"5cba623\" data-element_type=\"widget\" data-e-type=\"widget\" data-widget_type=\"image.default\">\n\t\t\t\t<div class=\"elementor-widget-container\">\n\t\t\t\t\t\t\t\t\t\t\t\t\t\t\t<img decoding=\"async\" width=\"1000\" height=\"667\" src=\"https:\/\/promanconsulting.hu\/wp-content\/uploads\/2023\/04\/prioritas-szo-jelentese.jpg\" class=\"attachment-large size-large wp-image-7809\" alt=\"A priorit\u00e1s sz\u00f3 jelent\u00e9se, hogy a strat\u00e9giai c\u00e9lok el\u00e9r\u00e9se \u00e9rdek\u00e9ben egy projektet fontos \u00e9s s\u00fcrg\u0151s megval\u00f3s\u00edtani.\" srcset=\"https:\/\/promanconsulting.hu\/wp-content\/uploads\/2023\/04\/prioritas-szo-jelentese.jpg 1000w, https:\/\/promanconsulting.hu\/wp-content\/uploads\/2023\/04\/prioritas-szo-jelentese-300x200.jpg 300w, https:\/\/promanconsulting.hu\/wp-content\/uploads\/2023\/04\/prioritas-szo-jelentese-768x512.jpg 768w\" sizes=\"(max-width: 1000px) 100vw, 1000px\" \/>\t\t\t\t\t\t\t\t\t\t\t\t\t\t\t<\/div>\n\t\t\t\t<\/div>\n\t\t\t\t<div class=\"elementor-element elementor-element-8cfab34 elementor-widget elementor-widget-text-editor\" data-id=\"8cfab34\" data-element_type=\"widget\" data-e-type=\"widget\" data-widget_type=\"text-editor.default\">\n\t\t\t\t<div class=\"elementor-widget-container\">\n\t\t\t\t\t\t\t\t\t<h3><strong>4. A projektek kock\u00e1zat\u00e1nak m\u00e9rlegel\u00e9se<\/strong><\/h3><p><span style=\"font-weight: 400;\">A priorit\u00e1sok meghat\u00e1roz\u00e1s\u00e1n\u00e1l \u00e9rdemes a kock\u00e1zatokat is sz\u00e1mba venni, hogy mennyi az es\u00e9lye annak, hogy a csapat esetleg nem tudja megval\u00f3s\u00edtani a projektet. Vagy hogy a tervezettn\u00e9l nagyobbak lesznek a k\u00f6lts\u00e9gek, esetleg t\u00f6bb munkaer\u0151 bevon\u00e1sa sz\u00fcks\u00e9ges.\u00a0<\/span><\/p><p><span style=\"font-weight: 400;\">A kock\u00e1zatot c\u00e9lszer\u0171 \u00f6sszevetni a projekt potenci\u00e1lis \u00e9rt\u00e9k\u00e9vel, amikor fel\u00e1ll\u00edtjuk a rangsort.\u00a0\u00a0<\/span><\/p><p><span style=\"font-weight: 400;\">Egyes magas priorit\u00e1s\u00fa projektek kock\u00e1zati szintje is magas lehet, ami befoly\u00e1solhatja, hogy val\u00f3ban erre szeretn\u00e9nk-e ford\u00edtani az er\u0151forr\u00e1sainkat.<\/span><\/p><h3><strong>5. A s\u00fcrg\u0151ss\u00e9gi szint felm\u00e9r\u00e9se<\/strong><\/h3><p><span style=\"font-weight: 400;\">A priorit\u00e1sok meghat\u00e1roz\u00e1s\u00e1nak egyik legfontosabb szempontja &#8211; k\u00fcl\u00f6n\u00f6sen a m\u00e1r \u00fctemtervben szerepl\u0151 projektek eset\u00e9ben &#8211; a s\u00fcrg\u0151ss\u00e9g\u00fck fel\u00fclvizsg\u00e1lata. \u00c1ttekinteni a jelenlegi hat\u00e1rid\u0151ket, \u00e9s aszerint meghat\u00e1rozni a priorit\u00e1st, hogy mely feladatok elv\u00e9gz\u00e9se esed\u00e9kes a k\u00f6zelj\u00f6v\u0151ben.\u00a0<\/span><\/p><p><span style=\"font-weight: 400;\">Becs\u00fclj\u00fck meg, hogy mennyi id\u0151re van sz\u00fcks\u00e9g az egyes projektek befejez\u00e9s\u00e9hez, \u00e9s az esed\u00e9kess\u00e9gi d\u00e1tum alapj\u00e1n hat\u00e1rozzuk meg az adott projekt legk\u00e9s\u0151bbi lehets\u00e9ges kezd\u00e9si id\u0151pontj\u00e1t, hogy a hat\u00e1rid\u0151t tartani tudjuk.<\/span><\/p><p><span style=\"font-weight: 400;\">Ezek a d\u00e1tumok alapj\u00e1t k\u00e9pezhetik a prioriz\u00e1l\u00e1snak a hasonl\u00f3 fontoss\u00e1g\u00fa \u00e9s \u00e9rt\u00e9k\u0171 projektek k\u00f6z\u00f6tti d\u00f6nt\u00e9sek meghozatalakor.<\/span><\/p><h3><strong>6. Szem\u00e9lyes preferenci\u00e1k figyelembe v\u00e9tele<\/strong><\/h3><p><span style=\"font-weight: 400;\">El\u0151fordulhat olyan eset is, hogy egy-egy projekt a strat\u00e9giai c\u00e9lkit\u0171z\u00e9sek \u00e9s hat\u00e1rid\u0151k tekintet\u00e9ben nagyj\u00e1b\u00f3l azonos fontoss\u00e1g\u00fa. Ilyen esetben az egy\u00e9ni preferenci\u00e1k is d\u00f6nt\u0151ek lehetnek. A szem\u00e9lyes munkast\u00edlusunk hat\u00e1rozhatja meg a rangsort.\u00a0<\/span><\/p><p><span style=\"font-weight: 400;\">P\u00e9ld\u00e1ul az egyik projekt nagyobb kih\u00edv\u00e1st jelent, t\u00f6bb odafigyel\u00e9sre, szervez\u00e9sre van sz\u00fcks\u00e9g, amit egy k\u00f6nnyedebb projekt el\u00e9 helyez\u00fcnk.\u00a0<\/span><\/p><h3><strong>7. Egyens\u00faly a magas \u00e9s alacsony priorit\u00e1s\u00fa feladatok k\u00f6z\u00f6tt<\/strong><\/h3><p><span style=\"font-weight: 400;\">A projekt egyens\u00falynak is nagy szerepe van. Ezt \u00fagy alak\u00edthatjuk ki, ha megfelel\u0151 kombin\u00e1ci\u00f3ban vannak a nagyobb \u00e9rt\u00e9k\u0171 \u00e9s az egyszer\u0171 projektek.<\/span><\/p><p><span style=\"font-weight: 400;\">Amennyiben ugyanis kiz\u00e1r\u00f3lag magas priorit\u00e1s\u00fa projekteket v\u00e1lasztunk, a csapat hamar t\u00falterheltt\u00e9 v\u00e1lhat. Azonban ha soksz\u00edn\u0171bb \u00e9s olykor k\u00f6nnyebb feladatokat v\u00e9geznek,\u00a0 kiegyens\u00falyozottabb\u00e1 tehet\u0151 a munkaterhel\u00e9s.<\/span><\/p><h3><strong>8. Projektek elutas\u00edt\u00e1sa<\/strong><\/h3><p><span style=\"font-weight: 400;\">A projektek rangsorol\u00e1s\u00e1nak r\u00e9sze az olyan projektek elutas\u00edt\u00e1sa, amelyek nem illeszkednek a priorit\u00e1si strat\u00e9gi\u00e1ba.\u00a0<\/span><\/p><p><span style=\"font-weight: 400;\">Amennyiben \u00fagy \u00e9rt\u00e9kelj\u00fck, hogy egy projekt nem t\u00e9r\u00fcl meg, mert t\u00fal sok er\u0151forr\u00e1st ig\u00e9nyel, akkor hat\u00e1rozott d\u00f6nt\u00e9st kell hozni annak elutas\u00edt\u00e1s\u00e1r\u00f3l. \u00cdgy id\u0151 szabadul fel a magasabb priorit\u00e1s\u00fa projektek sz\u00e1m\u00e1ra.<\/span><\/p><h3><strong>9. V\u00e1ltoztassunk, ha sz\u00fcks\u00e9ges<\/strong><\/h3><p><span style=\"font-weight: 400;\">Ahogy sokszor a c\u00e9lok \u00e9s az \u00fctemtervek is v\u00e1ltoznak, \u00fagy lehet sz\u00fcks\u00e9g a rangsorok m\u00f3dos\u00edt\u00e1s\u00e1ra. Ez\u00e9rt fontos, hogy rugalmasan tudjunk gondolkodni \u00e9s k\u00e9szen \u00e1llni esetlegesen arra, hogy a v\u00e1llalat vezet\u0151i vagy az \u00fcgyfelek fel\u0151l m\u00e1s k\u00e9r\u00e9sek \u00e9rkeznek. Am\u00edg ezek a m\u00f3dos\u00edt\u00e1sok a csapat siker\u00e9t szolg\u00e1lj\u00e1k, a priorit\u00e1sok r\u00f6vid t\u00e1v\u00fa kiigaz\u00edt\u00e1sa hossz\u00fa t\u00e1v\u00fa el\u0151ny\u00f6kkel j\u00e1rhat.<\/span><\/p><h2><strong>Projekt priorit\u00e1si technik\u00e1k \u00e9s folyamatok<\/strong><\/h2><p><span style=\"font-weight: 400;\">L\u00e1ssunk most n\u00e9h\u00e1ny olyan m\u00f3dszert, mellyel hat\u00e9konyan alak\u00edthatjuk ki a priorit\u00e1sokat a projektmunka sor\u00e1n.<\/span><\/p><h3><strong>Priorit\u00e1si m\u00e1trix<\/strong><\/h3><p><span style=\"font-weight: 400;\">A priorit\u00e1si m\u00e1trix egy egyszer\u0171 eszk\u00f6z, amely seg\u00edt meghat\u00e1rozni a legfontosabb projekteket egy list\u00e1n. A m\u00e1trix lehet olyan egyszer\u0171, mint egy 2&#215;2-es n\u00e9gyzet, amely a s\u00fcrg\u0151ss\u00e9get \u00e9s a fontoss\u00e1got m\u00e9ri. Lehet egy nagyobb m\u00e1trix is, amely sz\u00e1mos v\u00e1ltoz\u00f3t hasonl\u00edt \u00f6ssze.<\/span><\/p><h3><strong>MoSCoW m\u00f3dszer<\/strong><\/h3><p><span style=\"font-weight: 400;\">A MoSCoW egy r\u00f6vid\u00edt\u00e9s, amely a &#8222;Must have, Should have, Could have, Won&#8217;t have&#8221; szavak r\u00f6vid\u00edt\u00e9se. A MoSCoW szint\u00e9n egy priorit\u00e1si m\u00e1trix, amely n\u00e9gy kateg\u00f3ri\u00e1ba sorolja a lehet\u0151s\u00e9geket. Ez egy vari\u00e1ci\u00f3ja a hagyom\u00e1nyos priorit\u00e1si m\u00e1trixnak.<\/span><\/p><ul><li style=\"font-weight: 400;\" aria-level=\"1\"><b>M &#8211; Ez kell<\/b><span style=\"font-weight: 400;\">: Ezek olyan priorit\u00e1sok, amelyek n\u00e9lk\u00fcl a projekt nem lehet sikeres, \u00e9s kudarchoz vezet.\u00a0<\/span><\/li><li style=\"font-weight: 400;\" aria-level=\"1\"><b>S &#8211; Ha lehets\u00e9ges, ezt meg kell adni:<\/b><span style=\"font-weight: 400;\"> Ide tartoznak azok a pontok, amelyek val\u00f3di \u00e9rt\u00e9ket biztos\u00edtanak \u00e9s\/vagy fontoss\u00e1guk hozz\u00e1j\u00e1rul a c\u00e9lok el\u00e9r\u00e9s\u00e9hez. A hagyom\u00e1nyos priorit\u00e1si m\u00e1trixban a \u2018fontos, de nem s\u00fcrg\u0151s\u2019 kateg\u00f3ria felel meg ennek.<\/span><\/li><li style=\"font-weight: 400;\" aria-level=\"1\"><b>C &#8211; Lehet, ha semmi m\u00e1st nem \u00e9rint:<\/b><span style=\"font-weight: 400;\"> Ezek j\u00f3k, ha megvannak, ugyanakkor sz\u00fcks\u00e9g eset\u00e9n elt\u00e1vol\u00edthat\u00f3k a priorit\u00e1sok k\u00f6z\u00fcl. T\u00f6bbnyire k\u00e9nyelmi k\u00f6vetelm\u00e9nyek.\u00a0<\/span><\/li><li style=\"font-weight: 400;\" aria-level=\"1\"><b>W &#8211; Nem lesz r\u00e1 id\u0151, de tervezz\u00fck a j\u00f6v\u0151ben:<\/b><span style=\"font-weight: 400;\"> B\u00e1r most kiz\u00e1r\u00e1sra ker\u00fcl, de a k\u00e9s\u0151bbiekben m\u00e9g el\u0151vehetj\u00fck.\u00a0<\/span><\/li><\/ul><h3><strong>Kano modell<\/strong><\/h3><p><span style=\"font-weight: 400;\">A Kano modell szerint a v\u00e9gterm\u00e9kben el\u00e9rhet\u0151 funkci\u00f3k hat\u00e1rozz\u00e1k meg az \u00fcgyf\u00e9l el\u00e9gedetts\u00e9g\u00e9t az adott projekttel kapcsolatban. Hat\u00e1rozzuk teh\u00e1t meg azokat a funkci\u00f3kat, amelyek magas szint\u0171 el\u00e9gedetts\u00e9get biztos\u00edtanak a v\u00e9gfelhaszn\u00e1l\u00f3 sz\u00e1m\u00e1ra, \u00e9s rangsoroljuk ezeket a projekteket.<\/span><\/p><h3><strong>Visszafizet\u00e9si id\u0151szak<\/strong><\/h3><p><span style=\"font-weight: 400;\">A megt\u00e9r\u00fcl\u00e9si id\u0151 az az id\u0151, amely alatt egy befektet\u00e9s k\u00f6lts\u00e9gei megt\u00e9r\u00fclnek. A megt\u00e9r\u00fcl\u00e9si id\u0151szak kisz\u00e1m\u00edt\u00e1sakor vegy\u00fck figyelembe mind a folyamatos k\u00f6lts\u00e9geket, mind a potenci\u00e1lis bev\u00e9teleket. B\u00e1r a r\u00f6videbb megt\u00e9r\u00fcl\u00e9si id\u0151vel rendelkez\u0151 projekt el\u0151ny\u00f6sebb lehet, sz\u00e1molni kell a projekt id\u0151tartam\u00e1val \u00e9s a folyamatos megt\u00e9r\u00fcl\u00e9si potenci\u00e1llal is. Ez egy egyszer\u0171 m\u00f3dszer, amely a cash flow-ra \u00f6sszpontos\u00edt, \u00e9s nem veszi figyelembe a lehets\u00e9ges kock\u00e1zatokat vagy akad\u00e1lyokat.<\/span><\/p><h3><strong>Pontoz\u00e1si modell<\/strong><\/h3><p><span style=\"font-weight: 400;\">A pontoz\u00e1si modellek a d\u00f6nt\u00e9shoz\u00f3k \u00e1ltal el\u0151re meghat\u00e1rozott krit\u00e9riumok alapj\u00e1n sz\u00e1m\u00e9rt\u00e9ket rendelnek a projektekhez. A magasabb pontsz\u00e1mok magasabb priorit\u00e1s\u00fa projekteknek felelnek meg.<\/span><\/p><h3><strong>Story mapping<\/strong><\/h3><p><span style=\"font-weight: 400;\">A story mapping a felhaszn\u00e1l\u00f3 term\u00e9kkel kapcsolatos \u00e9lm\u00e9ny\u00e9nek hipotetikus t\u00e9rk\u00e9p\u00e9t alkot\u00f3 folyamat. Ez seg\u00edt kiemelni a term\u00e9k azon jellemz\u0151it, amelyekkel a felhaszn\u00e1l\u00f3 a legnagyobb val\u00f3sz\u00edn\u0171s\u00e9ggel kapcsolatba ker\u00fcl, \u00e9s amelyek ez\u00e9rt a legfontosabbak.<\/span><\/p><h3><strong>Analitikus hierarchikus folyamat<\/strong><\/h3><p><span style=\"font-weight: 400;\">Az analitikus hierarchiafolyamat a projektek priorit\u00e1s\u00e1t a projektek k\u00f6z\u00f6tti p\u00e1ros \u00f6sszehasonl\u00edt\u00e1sok sorozat\u00e1n kereszt\u00fcl hat\u00e1rozza meg. Minden egyes projekthez sz\u00e1mszer\u0171 pontsz\u00e1mot hoz l\u00e9tre a v\u00e1llalat ig\u00e9nyei szempontj\u00e1b\u00f3l legmegfelel\u0151bb krit\u00e9riumok alapj\u00e1n. A magasabb pontsz\u00e1mok magasabb priorit\u00e1s\u00fa projekteknek felelnek meg.<\/span><\/p><h3><strong>Nett\u00f3 jelen\u00e9rt\u00e9k<\/strong><\/h3><p><span style=\"font-weight: 400;\">A nett\u00f3 jelen\u00e9rt\u00e9k a projekt jelenlegi k\u00f6lts\u00e9geit hasonl\u00edtja \u00f6ssze a megt\u00e9r\u00fcl\u00e9ssel. Figyelembe veszi a diszkont\u00e1lt p\u00e9nz\u00e1raml\u00e1s lehet\u0151s\u00e9g\u00e9t, de sz\u00e1mos nem p\u00e9nz\u00fcgyi v\u00e1ltoz\u00f3t figyelmen k\u00edv\u00fcl hagy.<\/span><\/p>\t\t\t\t\t\t\t\t<\/div>\n\t\t\t\t<\/div>\n\t\t\t\t<div class=\"elementor-element elementor-element-ba5f59c elementor-widget elementor-widget-text-editor\" data-id=\"ba5f59c\" data-element_type=\"widget\" data-e-type=\"widget\" data-widget_type=\"text-editor.default\">\n\t\t\t\t<div class=\"elementor-widget-container\">\n\t\t\t\t\t\t\t\t\t<p><strong>Ha \u00d6n is fontosnak tartja, hogy projektvezet\u0151k\u00e9nt min\u00e9l jobb eredm\u00e9nyeket \u00e9rjen el a projektmunka sor\u00e1n, folyamatosan fejlessze kompetenci\u00e1it, akkor tekintse meg aktu\u00e1lis <span style=\"color: #0000ff;\"><a style=\"color: #0000ff;\" href=\"https:\/\/promanconsulting.hu\/projektvezetoknek-ajanlott-kepzesek\/\">projektvezet\u0151knek aj\u00e1nlott k\u00e9pz\u00e9seinket<\/a><\/span>!<\/strong><\/p>\t\t\t\t\t\t\t\t<\/div>\n\t\t\t\t<\/div>\n\t\t\t\t\t<\/div>\n\t\t<\/div>\n\t\t\t\t\t<\/div>\n\t\t<\/section>\n\t\t\t\t<\/div>\n\t\t","protected":false},"excerpt":{"rendered":"<p>A priorit\u00e1s jelent\u00e9se a projektmenedzsmentben A projektek rangsorol\u00e1sa az egyik legfontosabb k\u00e9pess\u00e9g minden olyan szervezet sz\u00e1m\u00e1ra, amely projekteket m\u0171k\u00f6dtet. Fontos \u00f6sszehangolni a strat\u00e9giai c\u00e9lokat a projekttervekkel, sz\u00e1mszer\u0171s\u00edteni a hozz\u00e1adott \u00e9rt\u00e9ket, felm\u00e9rni a k\u00f6lts\u00e9geket, er\u0151forr\u00e1sokat. Emellett egyens\u00falyba hozni a v\u00e1llalt projektek mennyis\u00e9g\u00e9t a megval\u00f3s\u00edt\u00e1si k\u00e9pess\u00e9ggel. Cikk\u00fcnkben most megn\u00e9zz\u00fck, hogy mi a priorit\u00e1s jelent\u00e9se. Mi\u00e9rt fontos a [&hellip;]<\/p>\n","protected":false},"author":5,"featured_media":7803,"comment_status":"closed","ping_status":"closed","sticky":false,"template":"","format":"standard","meta":{"footnotes":""},"categories":[77],"tags":[54,167,35,78,157],"class_list":["post-7802","post","type-post","status-publish","format-standard","has-post-thumbnail","hentry","category-projektmenedzsment","tag-agilis","tag-priorizalas","tag-projektmenedzsment","tag-projektvezetes","tag-tradicionalis-projekt","entry","has-media"],"_links":{"self":[{"href":"https:\/\/promanconsulting.hu\/en\/wp-json\/wp\/v2\/posts\/7802","targetHints":{"allow":["GET"]}}],"collection":[{"href":"https:\/\/promanconsulting.hu\/en\/wp-json\/wp\/v2\/posts"}],"about":[{"href":"https:\/\/promanconsulting.hu\/en\/wp-json\/wp\/v2\/types\/post"}],"author":[{"embeddable":true,"href":"https:\/\/promanconsulting.hu\/en\/wp-json\/wp\/v2\/users\/5"}],"replies":[{"embeddable":true,"href":"https:\/\/promanconsulting.hu\/en\/wp-json\/wp\/v2\/comments?post=7802"}],"version-history":[{"count":10,"href":"https:\/\/promanconsulting.hu\/en\/wp-json\/wp\/v2\/posts\/7802\/revisions"}],"predecessor-version":[{"id":7815,"href":"https:\/\/promanconsulting.hu\/en\/wp-json\/wp\/v2\/posts\/7802\/revisions\/7815"}],"wp:featuredmedia":[{"embeddable":true,"href":"https:\/\/promanconsulting.hu\/en\/wp-json\/wp\/v2\/media\/7803"}],"wp:attachment":[{"href":"https:\/\/promanconsulting.hu\/en\/wp-json\/wp\/v2\/media?parent=7802"}],"wp:term":[{"taxonomy":"category","embeddable":true,"href":"https:\/\/promanconsulting.hu\/en\/wp-json\/wp\/v2\/categories?post=7802"},{"taxonomy":"post_tag","embeddable":true,"href":"https:\/\/promanconsulting.hu\/en\/wp-json\/wp\/v2\/tags?post=7802"}],"curies":[{"name":"wp","href":"https:\/\/api.w.org\/{rel}","templated":true}]}}