{"id":7427,"date":"2023-02-27T07:34:34","date_gmt":"2023-02-27T07:34:34","guid":{"rendered":"https:\/\/promanconsulting.hu\/?p=7427"},"modified":"2023-05-17T19:06:37","modified_gmt":"2023-05-17T19:06:37","slug":"mentoralas","status":"publish","type":"post","link":"https:\/\/promanconsulting.hu\/en\/mentoralas\/","title":{"rendered":"How can mentoring help?"},"content":{"rendered":"\t\t<div data-elementor-type=\"wp-post\" data-elementor-id=\"7427\" class=\"elementor elementor-7427\" data-elementor-settings=\"{&quot;ha_cmc_init_switcher&quot;:&quot;no&quot;}\" data-elementor-post-type=\"post\">\n\t\t\t\t\t\t<section class=\"elementor-section elementor-top-section elementor-element elementor-element-167538e2 elementor-section-boxed elementor-section-height-default elementor-section-height-default\" data-id=\"167538e2\" data-element_type=\"section\" data-e-type=\"section\" data-settings=\"{&quot;jet_parallax_layout_list&quot;:[{&quot;jet_parallax_layout_image&quot;:{&quot;url&quot;:&quot;&quot;,&quot;id&quot;:&quot;&quot;,&quot;size&quot;:&quot;&quot;},&quot;_id&quot;:&quot;da11ba3&quot;,&quot;jet_parallax_layout_image_tablet&quot;:{&quot;url&quot;:&quot;&quot;,&quot;id&quot;:&quot;&quot;,&quot;size&quot;:&quot;&quot;},&quot;jet_parallax_layout_image_mobile&quot;:{&quot;url&quot;:&quot;&quot;,&quot;id&quot;:&quot;&quot;,&quot;size&quot;:&quot;&quot;},&quot;jet_parallax_layout_speed&quot;:{&quot;unit&quot;:&quot;%&quot;,&quot;size&quot;:50,&quot;sizes&quot;:[]},&quot;jet_parallax_layout_type&quot;:&quot;scroll&quot;,&quot;jet_parallax_layout_direction&quot;:&quot;1&quot;,&quot;jet_parallax_layout_fx_direction&quot;:null,&quot;jet_parallax_layout_z_index&quot;:&quot;&quot;,&quot;jet_parallax_layout_bg_x&quot;:50,&quot;jet_parallax_layout_bg_x_tablet&quot;:&quot;&quot;,&quot;jet_parallax_layout_bg_x_mobile&quot;:&quot;&quot;,&quot;jet_parallax_layout_bg_y&quot;:50,&quot;jet_parallax_layout_bg_y_tablet&quot;:&quot;&quot;,&quot;jet_parallax_layout_bg_y_mobile&quot;:&quot;&quot;,&quot;jet_parallax_layout_bg_size&quot;:&quot;auto&quot;,&quot;jet_parallax_layout_bg_size_tablet&quot;:&quot;&quot;,&quot;jet_parallax_layout_bg_size_mobile&quot;:&quot;&quot;,&quot;jet_parallax_layout_animation_prop&quot;:&quot;transform&quot;,&quot;jet_parallax_layout_on&quot;:[&quot;desktop&quot;,&quot;tablet&quot;]}],&quot;_ha_eqh_enable&quot;:false}\">\n\t\t\t\t\t\t<div class=\"elementor-container elementor-column-gap-default\">\n\t\t\t\t\t<div class=\"elementor-column elementor-col-100 elementor-top-column elementor-element elementor-element-4773b297\" data-id=\"4773b297\" data-element_type=\"column\" data-e-type=\"column\">\n\t\t\t<div class=\"elementor-widget-wrap elementor-element-populated\">\n\t\t\t\t\t\t<div class=\"elementor-element elementor-element-f445454 elementor-widget elementor-widget-heading\" data-id=\"f445454\" data-element_type=\"widget\" data-e-type=\"widget\" data-widget_type=\"heading.default\">\n\t\t\t\t<div class=\"elementor-widget-container\">\n\t\t\t\t\t<h1 class=\"elementor-heading-title elementor-size-default\">Miben seg\u00edthet a mentor\u00e1l\u00e1s?<\/h1>\t\t\t\t<\/div>\n\t\t\t\t<\/div>\n\t\t\t\t<div class=\"elementor-element elementor-element-cba2f88 elementor-widget elementor-widget-text-editor\" data-id=\"cba2f88\" data-element_type=\"widget\" data-e-type=\"widget\" data-widget_type=\"text-editor.default\">\n\t\t\t\t<div class=\"elementor-widget-container\">\n\t\t\t\t\t\t\t\t\t<p style=\"font-weight: 400;\">A mentor\u00e1l\u00e1s t\u00f6bb szinten is \u00e9rt\u00e9ket k\u00e9pvisel: el\u0151ny\u00f6s a mentor\u00e1lt, a mentor \u00e9s az eg\u00e9sz szervezet sz\u00e1m\u00e1ra. A tapasztalatlanabb koll\u00e9g\u00e1knak lehet\u0151s\u00e9g\u00fck van gyakorlati tud\u00e1st \u00e9s t\u00e1mogat\u00e1st szerezni sz\u00e9lesebb szakmai, vagy vezet\u0151i szintet el\u00e9rt szakemberekt\u0151l. A folyamat hossz\u00fa t\u00e1von hozz\u00e1j\u00e1rul az egy\u00e9ni, szervezeti \u00e9s projekt sikerekhez is. Cikk\u00fcnkben most r\u00e9szletesen megn\u00e9zz\u00fck, hogy mit is jelent a mentor\u00e1l\u00e1s \u00e9s mi\u00e9rt el\u0151ny\u00f6s? Kit\u00e9r\u00fcnk a mentor\u00e1l\u00e1s fajt\u00e1ira, szakaszaira \u00e9s hogy milyen k\u00e9szs\u00e9gekkel kell rendelkeznie egy j\u00f3 mentornak.<\/p>\t\t\t\t\t\t\t\t<\/div>\n\t\t\t\t<\/div>\n\t\t\t\t<div class=\"elementor-element elementor-element-2656966 elementor-widget elementor-widget-image\" data-id=\"2656966\" data-element_type=\"widget\" data-e-type=\"widget\" data-widget_type=\"image.default\">\n\t\t\t\t<div class=\"elementor-widget-container\">\n\t\t\t\t\t\t\t\t\t\t\t\t\t\t\t<img fetchpriority=\"high\" decoding=\"async\" width=\"768\" height=\"512\" src=\"https:\/\/promanconsulting.hu\/wp-content\/uploads\/2023\/02\/mentoralas-768x512.jpg\" class=\"attachment-medium_large size-medium_large wp-image-7428\" alt=\"A mentor\u00e1l\u00e1s p\u00e1rtfog\u00f3i kapcsolat a vezet\u0151 \u00e9s a kev\u00e9sb\u00e9 tapasztalt munkat\u00e1rs k\u00f6z\u00f6tt.\" srcset=\"https:\/\/promanconsulting.hu\/wp-content\/uploads\/2023\/02\/mentoralas-768x512.jpg 768w, https:\/\/promanconsulting.hu\/wp-content\/uploads\/2023\/02\/mentoralas-300x200.jpg 300w, https:\/\/promanconsulting.hu\/wp-content\/uploads\/2023\/02\/mentoralas.jpg 1000w\" sizes=\"(max-width: 768px) 100vw, 768px\" \/>\t\t\t\t\t\t\t\t\t\t\t\t\t\t\t<\/div>\n\t\t\t\t<\/div>\n\t\t\t\t<div class=\"elementor-element elementor-element-0be0a1b elementor-widget elementor-widget-heading\" data-id=\"0be0a1b\" data-element_type=\"widget\" data-e-type=\"widget\" data-widget_type=\"heading.default\">\n\t\t\t\t<div class=\"elementor-widget-container\">\n\t\t\t\t\t<h2 class=\"elementor-heading-title elementor-size-default\">A mentor\u00e1l\u00e1s jelent\u00e9se<\/h2>\t\t\t\t<\/div>\n\t\t\t\t<\/div>\n\t\t\t\t<div class=\"elementor-element elementor-element-40662c0 elementor-widget elementor-widget-text-editor\" data-id=\"40662c0\" data-element_type=\"widget\" data-e-type=\"widget\" data-widget_type=\"text-editor.default\">\n\t\t\t\t<div class=\"elementor-widget-container\">\n\t\t\t\t\t\t\t\t\t<p style=\"font-weight: 400;\">A mentor\u00e1l\u00e1s egyfajta p\u00e1rtfog\u00f3i kapcsolat, ami leggyakrabban egy vezet\u0151 \u00e9s egy t\u00f6bbnyire fiatalabb, kev\u00e9sb\u00e9 tapasztalt munkat\u00e1rs k\u00f6z\u00f6tt j\u00f6het l\u00e9tre a tanul\u00e1s, szakmai-, vagy szem\u00e9lyis\u00e9gfejl\u0151d\u00e9s \u00e9s karrierfejleszt\u00e9s t\u00e1mogat\u00e1s\u00e1ra.<\/p><p style=\"font-weight: 400;\">A hat\u00e9kony mentorok \u00e1ltal\u00e1ban p\u00e9ldak\u00e9pk\u00e9nt m\u0171k\u00f6dnek mentor\u00e1ltjuk sz\u00e1m\u00e1ra, \u00e9s \u00fatmutat\u00e1st ny\u00fajtanak c\u00e9ljaik el\u00e9r\u00e9s\u00e9ben.<\/p>\t\t\t\t\t\t\t\t<\/div>\n\t\t\t\t<\/div>\n\t\t\t\t<div class=\"elementor-element elementor-element-4984414 elementor-widget elementor-widget-text-editor\" data-id=\"4984414\" data-element_type=\"widget\" data-e-type=\"widget\" data-widget_type=\"text-editor.default\">\n\t\t\t\t<div class=\"elementor-widget-container\">\n\t\t\t\t\t\t\t\t\t<h3>A mentor\u00e1l\u00e1s c\u00e9lja<\/h3><p style=\"font-weight: 400;\">A mentor\u00e1l\u00e1s seg\u00edti a mentor\u00e1ltakat abban, hogy a n\u00e1luk nagyobb tapasztalattal rendelkez\u0151k tud\u00e1s\u00e1b\u00f3l mer\u00edthessenek, \u00e9s gyorsabban tanulhassanak, mint \u00f6n\u00e1ll\u00f3an. Egyben lehet\u0151s\u00e9get ad arra, hogy ne csak a k\u00f6zvetlen munkat\u00e1rsakkal ker\u00fcljenek kapcsolatba, hanem m\u00e1s vezet\u0151kkel vagy szakemberekkel is.<\/p><h2>A mentor\u00e1l\u00e1s el\u0151nyei<\/h2><p style=\"font-weight: 400;\">Egy j\u00f3 mentor seg\u00edthet mentor\u00e1ltj\u00e1nak abban, hogy:<\/p><ul><li>tanuljon \u00e9s tapasztalatot szerezzen<\/li><li>hat\u00e9konyabb\u00e1 v\u00e1ljon a munk\u00e1j\u00e1ban<\/li><li>\u00faj k\u00e9szs\u00e9geket tanuljon<\/li><li>nagyobb \u00f6nbizalmat \u00e9s \u00f6nismeretet fejlesszen ki<\/li><li>jobb d\u00f6nt\u00e9seket hozzon<\/li><li>fejl\u0151djenek a vezet\u0151i k\u00e9szs\u00e9gei<\/li><li>jobban tudjon kommunik\u00e1lni<\/li><li>\u00e9p\u00edteni tudja a kapcsolatrendszer\u00e9t<\/li><li>megismerjen \u00faj \u00e9s elt\u00e9r\u0151 n\u00e9z\u0151pontokat<\/li><li>nagyobb es\u00e9lye legyen az el\u0151l\u00e9ptet\u00e9sre<\/li><\/ul><p style=\"font-weight: 400;\">Azonban a mentor\u00e1l\u00e1s nem kiz\u00e1r\u00f3lag a mentor\u00e1lt sz\u00e1m\u00e1ra pozit\u00edv, hanem mag\u00e1nak a mentornak is sz\u00e1mos el\u0151nyt ny\u00fajt:<\/p><ul><li>a mentor\u00e1ltak fejl\u0151d\u00e9s\u00e9t l\u00e1tva saj\u00e1t perspekt\u00edv\u00e1i is kit\u00e1gulnak<\/li><li>er\u0151s\u00f6dnek a technikai, vezet\u0151i \u00e9s interperszon\u00e1lis k\u00e9szs\u00e9gei<\/li><li>\u00faj \u00f6tletekkel gazdagodik \u00e9s \u00faj n\u00e9z\u0151pontokat tapasztal meg<\/li><\/ul><p style=\"font-weight: 400;\">A j\u00f3 mentor\u00e1l\u00e1s nagyobb karrier \u00e9s projekt sikerhez vezethet, bele\u00e9rtve az el\u0151l\u00e9ptet\u00e9seket, fizet\u00e9semel\u00e9seket \u00e9s az \u00faj lehet\u0151s\u00e9geket.<\/p><h2>A mentor\u00e1l\u00e1s fajt\u00e1i<\/h2><p style=\"font-weight: 400;\">Tekints\u00fck most \u00e1t, hogy a mentor\u00e1l\u00e1s mik\u00e9nt t\u00f6rt\u00e9nhet!<\/p><h3>Egy\u00e9ni mentor\u00e1l\u00e1s<\/h3><p style=\"font-weight: 400;\">A mentor\u00e1l\u00e1snak ez a t\u00edpusa a leghagyom\u00e1nyosabb mentor\u00e1l\u00e1si m\u00f3dszer. A folyamatban csak a mentor \u00e9s a mentor\u00e1lt vesz r\u00e9szt, \u00e9s \u00e1ltal\u00e1ban egy tapasztaltabb szem\u00e9ly \u00e1ll p\u00e1rban egy kev\u00e9sb\u00e9 tapasztalt vagy sokkal fiatalabb mentor\u00e1lttal.<\/p><h3>Csoportos mentor\u00e1l\u00e1s<\/h3><p style=\"font-weight: 400;\">Ebben a modellben egy vagy t\u00f6bb mentor dolgozik egy\u00fctt a mentor\u00e1ltak egy csoportj\u00e1val. Az iskol\u00e1k \u00e9s ifj\u00fas\u00e1gi programok gyakran alkalmazz\u00e1k ezt a modellt, mert el\u0151fordulhat, hogy nincs el\u00e9g id\u0151 vagy er\u0151forr\u00e1s ahhoz, hogy minden r\u00e9sztvev\u0151re k\u00fcl\u00f6n mentor jusson.<\/p><h3>Egyenrang\u00fa mentor\u00e1l\u00e1s<\/h3><p style=\"font-weight: 400;\">Ebben a modellben a r\u00e9sztvev\u0151k ugyanabb\u00f3l a szerepk\u00f6rb\u0151l vagy r\u00e9szlegb\u0151l ker\u00fclnek ki, vagy k\u00f6z\u00f6s, illetve hasonl\u00f3 tapasztalatokkal rendelkeznek, ak\u00e1r szakmai, ak\u00e1r mag\u00e1n\u00e9leti t\u00e9ren. P\u00e1rokat alkotnak, hogy t\u00e1mogat\u00e1st ny\u00fajtsanak egym\u00e1snak. Ez lehet csoportos vagy egy\u00e9ni mentori kapcsolat.<\/p><h3>T\u00e1v- vagy e-mentor\u00e1l\u00e1s<\/h3><p style=\"font-weight: 400;\">A koronav\u00edrus j\u00e1rv\u00e1ny \u00f3ta k\u00fcl\u00f6n\u00f6sen megugrott az e-mentor\u00e1l\u00e1sok sz\u00e1ma, mely a technika seg\u00edts\u00e9g\u00e9vel t\u00f6rt\u00e9nik. A r\u00e9sztvev\u0151k virtu\u00e1lisan l\u00e9pnek kapcsolatba egym\u00e1ssal online platformokon, ugyanakkor megmarad egyfajta szem\u00e9lyess\u00e9g is ebben a form\u00e1ban.<\/p><h3>Ford\u00edtott mentor\u00e1l\u00e1s<\/h3><p style=\"font-weight: 400;\">Megfordul a hagyom\u00e1nyos modell, azaz nem a rangid\u0151s szakember mentor\u00e1lja egy fiatalabb koll\u00e9g\u00e1t, hanem \u00e9pp ford\u00edtva, a fiatalabb a tapasztaltabbat. Ilyen lehet p\u00e9ld\u00e1ul, amikor egy ifjonc \u00faj alkalmaz\u00e1st, technol\u00f3gi\u00e1t ismertet meg az id\u0151sebbekkel.<\/p><h3>Gyors mentor\u00e1l\u00e1s<\/h3><p style=\"font-weight: 400;\">Ez a fajta mentor\u00e1l\u00e1s hasonl\u00f3, mint a rapid randi \u00e9s t\u00f6bbnyire egy v\u00e1llalati rendezv\u00e9ny vagy konferencia r\u00e9szek\u00e9nt t\u00f6rt\u00e9nik. A mentor\u00e1lt egy sor n\u00e9gyszemk\u00f6zti besz\u00e9lget\u00e9st folytat k\u00fcl\u00f6nb\u00f6z\u0151 mentorokkal, \u00e9s \u00e1ltal\u00e1ban egy r\u00f6vid tal\u00e1lkoz\u00f3t k\u00f6vet\u0151en egyik mentort\u00f3l a m\u00e1sikhoz megy.<\/p>\t\t\t\t\t\t\t\t<\/div>\n\t\t\t\t<\/div>\n\t\t\t\t<div class=\"elementor-element elementor-element-5cba623 elementor-widget elementor-widget-image\" data-id=\"5cba623\" data-element_type=\"widget\" data-e-type=\"widget\" data-widget_type=\"image.default\">\n\t\t\t\t<div class=\"elementor-widget-container\">\n\t\t\t\t\t\t\t\t\t\t\t\t\t\t\t<img decoding=\"async\" width=\"1000\" height=\"667\" src=\"https:\/\/promanconsulting.hu\/wp-content\/uploads\/2023\/02\/mentoralas-fajtaja.jpg\" class=\"attachment-large size-large wp-image-7430\" alt=\"\" srcset=\"https:\/\/promanconsulting.hu\/wp-content\/uploads\/2023\/02\/mentoralas-fajtaja.jpg 1000w, https:\/\/promanconsulting.hu\/wp-content\/uploads\/2023\/02\/mentoralas-fajtaja-300x200.jpg 300w, https:\/\/promanconsulting.hu\/wp-content\/uploads\/2023\/02\/mentoralas-fajtaja-768x512.jpg 768w\" sizes=\"(max-width: 1000px) 100vw, 1000px\" \/>\t\t\t\t\t\t\t\t\t\t\t\t\t\t\t<\/div>\n\t\t\t\t<\/div>\n\t\t\t\t<div class=\"elementor-element elementor-element-8cfab34 elementor-widget elementor-widget-text-editor\" data-id=\"8cfab34\" data-element_type=\"widget\" data-e-type=\"widget\" data-widget_type=\"text-editor.default\">\n\t\t\t\t<div class=\"elementor-widget-container\">\n\t\t\t\t\t\t\t\t\t<h2>Milyen k\u00e9szs\u00e9gekkel kell rendelkeznie egy j\u00f3 mentornak?<\/h2><p style=\"font-weight: 400;\">Most pedig n\u00e9zz\u00fck meg, hogy mely k\u00e9pess\u00e9gek tesznek valakit j\u00f3 mentorr\u00e1!<\/p><h3>\u00c9rt\u0151 figyelem<\/h3><p style=\"font-weight: 400;\">Az \u00e9rt\u0151 figyelem a legalapvet\u0151bb k\u00e9szs\u00e9g, amely nem hi\u00e1nyozhat egy mentorb\u00f3l sem. Ez teremti meg ugyanis a kapcsolatot a mentor\u00e1lttal, emellett pozit\u00edv, elfogad\u00f3, biztons\u00e1gos k\u00f6rnyezetet alak\u00edt ki, amely lehet\u0151v\u00e9 teszi a ny\u00edlt kommunik\u00e1ci\u00f3t.<\/p><p style=\"font-weight: 400;\">Az akt\u00edv hallgat\u00e1s k\u00e9pess\u00e9g\u00e9vel tudja meg\u00e9rteni a p\u00e1rtfog\u00f3 a mentor\u00e1lt ig\u00e9nyeit. \u00c9rdekl\u0151d\u00e9st mutat a mentor\u00e1lt \u00e1ltal elmondottak ir\u00e1nt \u00e9s reflekt\u00e1l is ezekre. Minden esetben fontos, hogy a mentor\u00e1lt \u00e9rezze a mentor osztatlan figyelm\u00e9t.<\/p><p style=\"font-weight: 400;\">Saj\u00e1t tapasztalatok megvitat\u00e1sa vagy tan\u00e1csad\u00e1s csak azut\u00e1n k\u00f6vetkezhet, hogy a mentor\u00e1lt minden probl\u00e9m\u00e1j\u00e1t, k\u00e9rd\u00e9s\u00e9t, aggodalm\u00e1t megosztotta a mentorral.<\/p><h3>Bizalom ki\u00e9p\u00edt\u00e9se<\/h3><p style=\"font-weight: 400;\">A bizalom a mentor\u00e1l\u00e1si folyamat egyik kulcsa. \u00dagy n\u00f6velhet\u0151, ha a mentor a besz\u00e9lget\u00e9sek \u00e9s minden jelleg\u0171 kommunik\u00e1ci\u00f3 tartalm\u00e1t bizalmasan kezeli. Emellett nagyon fontos, hogy tartsa a tervezett megbesz\u00e9l\u00e9sek \u00e9s h\u00edv\u00e1sok id\u0151pontj\u00e1t, rendelkez\u00e9sre \u00e1lljon, valamint folyamatos \u00e9rdekl\u0151d\u00e9st \u00e9s t\u00e1mogat\u00e1st mutasson \u00e9s \u0151szinte legyen mentor\u00e1ltj\u00e1val.<\/p><h3>C\u00e9lok meghat\u00e1roz\u00e1sa<\/h3><p style=\"font-weight: 400;\">A mentornak szint\u00e9n rendelkeznie kell szem\u00e9lyes \u00e9s karrier c\u00e9lokkal, \u00e9s ezeket meg kell osztania mentor\u00e1ltj\u00e1val is. Tapasztalatai ugyanis seg\u00edtenek p\u00e1rtfogoltja elk\u00e9pzel\u00e9seinek megval\u00f3s\u00edt\u00e1s\u00e1ban, a fontos m\u00e9rf\u00f6ldk\u00f6vek el\u00e9r\u00e9s\u00e9ben. Ezen k\u00edv\u00fcl abban is t\u00e1mogat\u00f3 lehet, hogy a mentor\u00e1lt k\u00e9pes legyen kit\u0171zni saj\u00e1t c\u00e9ljait \u00e9s meg is val\u00f3s\u00edtani azokat.<\/p><p style=\"font-weight: 400;\">Milyen form\u00e1ban t\u00f6rt\u00e9nhet ez?<\/p><ul><li>ismeretek, k\u00e9szs\u00e9gek \u00e1tad\u00e1s\u00e1val<\/li><li>gondolat\u00e9breszt\u0151 k\u00e9rd\u00e9sekkel<\/li><li>esettanulm\u00e1nyokkal<\/li><li>karrier\u00e1llom\u00e1sok \u00e1ttekint\u00e9s\u00e9vel stb.<\/li><\/ul><h3>B\u00e1tor\u00edt\u00e1s \u00e9s inspir\u00e1l\u00e1s<\/h3><p style=\"font-weight: 400;\">Kutat\u00e1sok szerint b\u00e1tor\u00edt\u00e1s az a mentori k\u00e9szs\u00e9g, amelyet a mentor\u00e1ltak a legjobban \u00e9rt\u00e9kelnek. Ennek sz\u00e1mos m\u00f3dja van:<\/p><ul><li>kedvez\u0151 v\u00e9lem\u00e9ny a mentor\u00e1lt teljes\u00edtm\u00e9ny\u00e9r\u0151l<\/li><li>hit a p\u00e1rtfogolt fejl\u0151d\u00e9si k\u00e9pess\u00e9g\u00e9ben a szakmai \u00e9s mag\u00e1n\u00e9let\u00e9ben<\/li><li>t\u00e1mogat\u00e1s a kih\u00edv\u00e1sokkal teli helyzetekben meg\u00e9rt\u00e9ssel \u00e9s b\u00e1tor\u00edt\u00f3 szavakkal<\/li><li>a mentor saj\u00e1t hib\u00e1inak \u00e9s \u00e9lettapasztalatainak megoszt\u00e1sa a mentor\u00e1lttal<\/li><li>besz\u00e9lget\u00e9s olyan emberekr\u0151l \u00e9s esem\u00e9nyekr\u0151l, akik \u00e9s amelyek inspir\u00e1l\u00f3ak<\/li><li>m\u00e1s koll\u00e9g\u00e1k, p\u00e9ldak\u00e9pek bemutat\u00e1sa, akik a mentor\u00e1lt seg\u00edts\u00e9g\u00e9re lehetnek<\/li><\/ul><h2>A mentor\u00e1l\u00e1s folyamata \u00e9s szakaszai<\/h2><p style=\"font-weight: 400;\">Mint a legt\u00f6bb kapcsolat, a mentori egy\u00fcttm\u0171k\u00f6d\u00e9s is bizonyos szakaszokon megy kereszt\u00fcl. L\u00e1ssuk most ezeket!<\/p><h3>1.\u00a0\u00a0 szakasz: A kapcsolat ki\u00e9p\u00edt\u00e9se<\/h3><p style=\"font-weight: 400;\">Ez a megismerked\u00e9s \u00e9s a bizalom\u00e9p\u00edt\u00e9s f\u00e1zisa. Az els\u0151 tal\u00e1lkoz\u00e1s sor\u00e1n\u00a0 &#8211; ide\u00e1lis esetben szem\u00e9lyesen &#8211; annak \u00e1tbesz\u00e9l\u00e9se t\u00f6rt\u00e9nik, hogy mi a pontos c\u00e9l, mik az elv\u00e1r\u00e1sok, valamint a mentor\u00e1lt megosztja a tapasztalatait, \u00e9rdekl\u0151d\u00e9si k\u00f6r\u00e9t.<\/p><p style=\"font-weight: 400;\">Sz\u00fcletik egy meg\u00e1llapod\u00e1s a titoktart\u00e1sr\u00f3l, valamint a kapcsolattart\u00e1s gyakoris\u00e1g\u00e1r\u00f3l is.<\/p><p style=\"font-weight: 400;\">Milyen k\u00e9rd\u00e9seket \u00e9rdemes ebben a szakaszban feltenni a mentor\u00e1ltnak?<\/p><ul><li>Mes\u00e9ljen egy kicsit t\u00f6bbet mag\u00e1r\u00f3l, a k\u00e9pess\u00e9geir\u0151l, a szervezet\u00e9r\u0151l vagy a projekt k\u00f6rnyezetr\u0151l. Milyen kih\u00edv\u00e1sokkal kellett, kell szemben\u00e9znie?<\/li><li>Mik az elv\u00e1r\u00e1sai \u00e9s mi\u00e9rt tartja fontosnak a mentori kapcsolatot?<br \/><br \/><\/li><\/ul><h3>2.\u00a0\u00a0 szakasz: Inform\u00e1ci\u00f3csere \u00e9s a c\u00e9lok kit\u0171z\u00e9se<\/h3><p style=\"font-weight: 400;\">A 2. szakasz sor\u00e1n tov\u00e1bb m\u00e9ly\u00fcl a kapcsolat, m\u00e9g t\u00f6bb inform\u00e1ci\u00f3csere t\u00f6rt\u00e9nik \u00e9s \u00fajabb c\u00e9lok ker\u00fclnek kit\u0171z\u00e9sre. Ebben a f\u00e1zisban kulcs szerepe van az \u00e9rt\u0151 figyelemnek, valamint a b\u00e1tor\u00edt\u00e1s k\u00e9szs\u00e9g\u00e9nek.<\/p><p style=\"font-weight: 400;\">A mentor a legk\u00fcl\u00f6nb\u00f6z\u0151bb k\u00e9rd\u00e9sekben ny\u00fajthat seg\u00edts\u00e9get az aktu\u00e1lis kih\u00edv\u00e1sokhoz. Lehet p\u00e9ld\u00e1ul, hogy a mentor\u00e1lt fejleszteni szeretn\u00e9 a k\u00e9pess\u00e9geit egy bizonyos ter\u00fcleten, vagy sz\u00fcks\u00e9ge lehet \u00fatmutat\u00e1s\u00e1ra egy fontos d\u00f6nt\u00e9shez.<\/p><p style=\"font-weight: 400;\">A c\u00e9lok az\u00e9rt hasznosak, mert seg\u00edtenek a p\u00e1rtfogoltnak jobban \u00e1ttekinteni a nagyobb k\u00e9pet, nem beleragadva a mindennapos teend\u0151kbe \u00e9s probl\u00e9m\u00e1kba.<\/p><p style=\"font-weight: 400;\">Fontos a mentor\u00e1ltat megtan\u00edtani arra, hogy rendszeresen t\u00e9rjen vissza kit\u0171z\u00f6tt c\u00e9ljaira, hogy f\u00f3kusz\u00e1ljon ezek megval\u00f3s\u00edt\u00e1s\u00e1ra \u00e9s m\u00e9rje is az el\u0151rehalad\u00e1st.<\/p><h3>3.\u00a0\u00a0 szakasz: A c\u00e9lok el\u00e9r\u00e9se, az elk\u00f6telez\u0151d\u00e9s elm\u00e9ly\u00edt\u00e9se<\/h3><p style=\"font-weight: 400;\">A 3. szakasz jellemz\u0151en a leghosszabb. Ennek sor\u00e1n besz\u00e9lget\u00e9sek, \u00edr\u00e1sbeli anyagok, k\u00fcl\u00f6nf\u00e9le tanul\u00e1si, fejleszt\u0151 tev\u00e9kenys\u00e9gek seg\u00edtik a mentor\u00e1ltat c\u00e9ljai el\u00e9r\u00e9s\u00e9ben. Ebben a f\u00e1zisban ker\u00fcl sor sz\u00fcks\u00e9g eset\u00e9n m\u00e1s szakemberek, t\u00e1mogat\u00f3k bevon\u00e1s\u00e1ra is.<\/p><p style=\"font-weight: 400;\">Elengedhetetlen a p\u00e1rtfogolt folyamatos b\u00e1tor\u00edt\u00e1sa, hogy merjen m\u00e1sk\u00e9pp gondolkodni, \u00faj utakat felfedezni.<\/p><p style=\"font-weight: 400;\">Ilyenkor \u00e9rdemes az al\u00e1bbiakat is megvizsg\u00e1lni:<\/p><ul><li>Milyen el\u0151nyei voltak az eddigi kapcsolatnak? Mennyire siker\u00fclt el\u00e9rni a c\u00e9lkit\u0171z\u00e9seket?<\/li><li>Milyen v\u00e1ltoz\u00e1sok t\u00f6rt\u00e9ntek a mentor\u00e1lt szem\u00e9lyis\u00e9g\u00e9ben, hozz\u00e1\u00e1ll\u00e1s\u00e1ban?<\/li><li>Milyen kiigaz\u00edt\u00e1sokra van sz\u00fcks\u00e9g?<br \/><br \/><\/li><\/ul><h3>4.\u00a0\u00a0 szakasz: A hivatalos mentori kapcsolat lez\u00e1r\u00e1sa \u00e9s a j\u00f6v\u0151 tervez\u00e9se<\/h3><p style=\"font-weight: 400;\">A mentor\u00e1l\u00e1s z\u00e1r\u00e1sa sor\u00e1n az al\u00e1bbiakat kell \u00e1ttekinteni:\u00a0<\/p><ul><li>Az el\u00e9rt eredm\u00e9nyek, kih\u00edv\u00e1sok \u00e9s az el\u0151rehalad\u00e1s m\u00e9rlegel\u00e9se.<\/li><li>Mi volt a legeml\u00e9kezetesebb a mentor\u00e1l\u00e1si folyamatban?<\/li><li>Milyen kih\u00edv\u00e1sok el\u0151tt \u00e1ll a mentor\u00e1lt?<\/li><li>Milyen tov\u00e1bbi t\u00e1mogat\u00e1sra van sz\u00fcks\u00e9g \u00e9s ez milyen form\u00e1ban val\u00f3sul meg?<\/li><\/ul>\t\t\t\t\t\t\t\t<\/div>\n\t\t\t\t<\/div>\n\t\t\t\t<div class=\"elementor-element elementor-element-ba5f59c elementor-widget elementor-widget-text-editor\" data-id=\"ba5f59c\" data-element_type=\"widget\" data-e-type=\"widget\" data-widget_type=\"text-editor.default\">\n\t\t\t\t<div class=\"elementor-widget-container\">\n\t\t\t\t\t\t\t\t\t<h2>Konkl\u00fazi\u00f3<\/h2><p style=\"font-weight: 400;\">A mentor\u00e1l\u00e1s nagyon el\u0151re mozd\u00edt\u00f3 a szervezetek, projektek \u00e9let\u00e9ben. Seg\u00edt az \u00fajoncok tapasztalatszerz\u00e9s\u00e9ben \u00e9s a vezet\u0151k sz\u00e1m\u00e1ra is el\u0151ny\u00f6s, mert \u00faj n\u00e9z\u0151pontokat, megold\u00e1sokat fedezhetnek fel a mentor\u00e1lttal v\u00e9gzett k\u00f6z\u00f6s munka sor\u00e1n.<\/p><p style=\"font-weight: 400;\">A folyamat j\u00f3 hat\u00e1ssal van mind a csapattagok teljes\u00edtm\u00e9ny\u00e9re, mind pedig a szervezeti vagy projekteredm\u00e9nyekre. \u00c9ppen ez\u00e9rt hasznos vezet\u0151i kompetenci\u00e1nak is sz\u00e1m\u00edt. Amennyiben szeretn\u00e9 vezet\u0151i k\u00e9pess\u00e9geit fejleszteni,<span style=\"color: #0000ff;\"> <a style=\"color: #0000ff;\" href=\"https:\/\/promanconsulting.hu\/vezetoknek-ajanlott-kepzesek\/\">tekintse meg aktu\u00e1lis k\u00e9pz\u00e9seinket!<\/a><\/span><\/p>\t\t\t\t\t\t\t\t<\/div>\n\t\t\t\t<\/div>\n\t\t\t\t\t<\/div>\n\t\t<\/div>\n\t\t\t\t\t<\/div>\n\t\t<\/section>\n\t\t\t\t<\/div>\n\t\t","protected":false},"excerpt":{"rendered":"<p>Miben seg\u00edthet a mentor\u00e1l\u00e1s? A mentor\u00e1l\u00e1s t\u00f6bb szinten is \u00e9rt\u00e9ket k\u00e9pvisel: el\u0151ny\u00f6s a mentor\u00e1lt, a mentor \u00e9s az eg\u00e9sz szervezet sz\u00e1m\u00e1ra. A tapasztalatlanabb koll\u00e9g\u00e1knak lehet\u0151s\u00e9g\u00fck van gyakorlati tud\u00e1st \u00e9s t\u00e1mogat\u00e1st szerezni sz\u00e9lesebb szakmai, vagy vezet\u0151i szintet el\u00e9rt szakemberekt\u0151l. A folyamat hossz\u00fa t\u00e1von hozz\u00e1j\u00e1rul az egy\u00e9ni, szervezeti \u00e9s projekt sikerekhez is. Cikk\u00fcnkben most r\u00e9szletesen megn\u00e9zz\u00fck, hogy [&hellip;]<\/p>\n","protected":false},"author":5,"featured_media":7428,"comment_status":"closed","ping_status":"closed","sticky":false,"template":"","format":"standard","meta":{"footnotes":""},"categories":[206],"tags":[259,260,261,154,234,201],"class_list":["post-7427","post","type-post","status-publish","format-standard","has-post-thumbnail","hentry","category-szervezetfejlesztes-egyeb","tag-mentoralas","tag-mentoring","tag-szemelyisegfejlesztes","tag-szervezetfejlesztes","tag-szervezeti-kultura","tag-vezetofejlesztes","entry","has-media"],"_links":{"self":[{"href":"https:\/\/promanconsulting.hu\/en\/wp-json\/wp\/v2\/posts\/7427","targetHints":{"allow":["GET"]}}],"collection":[{"href":"https:\/\/promanconsulting.hu\/en\/wp-json\/wp\/v2\/posts"}],"about":[{"href":"https:\/\/promanconsulting.hu\/en\/wp-json\/wp\/v2\/types\/post"}],"author":[{"embeddable":true,"href":"https:\/\/promanconsulting.hu\/en\/wp-json\/wp\/v2\/users\/5"}],"replies":[{"embeddable":true,"href":"https:\/\/promanconsulting.hu\/en\/wp-json\/wp\/v2\/comments?post=7427"}],"version-history":[{"count":6,"href":"https:\/\/promanconsulting.hu\/en\/wp-json\/wp\/v2\/posts\/7427\/revisions"}],"predecessor-version":[{"id":7435,"href":"https:\/\/promanconsulting.hu\/en\/wp-json\/wp\/v2\/posts\/7427\/revisions\/7435"}],"wp:featuredmedia":[{"embeddable":true,"href":"https:\/\/promanconsulting.hu\/en\/wp-json\/wp\/v2\/media\/7428"}],"wp:attachment":[{"href":"https:\/\/promanconsulting.hu\/en\/wp-json\/wp\/v2\/media?parent=7427"}],"wp:term":[{"taxonomy":"category","embeddable":true,"href":"https:\/\/promanconsulting.hu\/en\/wp-json\/wp\/v2\/categories?post=7427"},{"taxonomy":"post_tag","embeddable":true,"href":"https:\/\/promanconsulting.hu\/en\/wp-json\/wp\/v2\/tags?post=7427"}],"curies":[{"name":"wp","href":"https:\/\/api.w.org\/{rel}","templated":true}]}}