{"id":7293,"date":"2023-04-18T07:10:04","date_gmt":"2023-04-18T07:10:04","guid":{"rendered":"https:\/\/promanconsulting.hu\/?p=7293"},"modified":"2023-05-16T07:08:40","modified_gmt":"2023-05-16T07:08:40","slug":"productivity","status":"publish","type":"post","link":"https:\/\/promanconsulting.hu\/en\/produktivitas\/","title":{"rendered":"Productivity is the key to a successful project"},"content":{"rendered":"\t\t<div data-elementor-type=\"wp-post\" data-elementor-id=\"7293\" class=\"elementor elementor-7293\" data-elementor-settings=\"{&quot;ha_cmc_init_switcher&quot;:&quot;no&quot;}\" data-elementor-post-type=\"post\">\n\t\t\t\t\t\t<section class=\"elementor-section elementor-top-section elementor-element elementor-element-167538e2 elementor-section-boxed elementor-section-height-default elementor-section-height-default\" data-id=\"167538e2\" data-element_type=\"section\" data-e-type=\"section\" data-settings=\"{&quot;jet_parallax_layout_list&quot;:[{&quot;jet_parallax_layout_image&quot;:{&quot;url&quot;:&quot;&quot;,&quot;id&quot;:&quot;&quot;,&quot;size&quot;:&quot;&quot;},&quot;_id&quot;:&quot;da11ba3&quot;,&quot;jet_parallax_layout_image_tablet&quot;:{&quot;url&quot;:&quot;&quot;,&quot;id&quot;:&quot;&quot;,&quot;size&quot;:&quot;&quot;},&quot;jet_parallax_layout_image_mobile&quot;:{&quot;url&quot;:&quot;&quot;,&quot;id&quot;:&quot;&quot;,&quot;size&quot;:&quot;&quot;},&quot;jet_parallax_layout_speed&quot;:{&quot;unit&quot;:&quot;%&quot;,&quot;size&quot;:50,&quot;sizes&quot;:[]},&quot;jet_parallax_layout_type&quot;:&quot;scroll&quot;,&quot;jet_parallax_layout_direction&quot;:&quot;1&quot;,&quot;jet_parallax_layout_fx_direction&quot;:null,&quot;jet_parallax_layout_z_index&quot;:&quot;&quot;,&quot;jet_parallax_layout_bg_x&quot;:50,&quot;jet_parallax_layout_bg_x_tablet&quot;:&quot;&quot;,&quot;jet_parallax_layout_bg_x_mobile&quot;:&quot;&quot;,&quot;jet_parallax_layout_bg_y&quot;:50,&quot;jet_parallax_layout_bg_y_tablet&quot;:&quot;&quot;,&quot;jet_parallax_layout_bg_y_mobile&quot;:&quot;&quot;,&quot;jet_parallax_layout_bg_size&quot;:&quot;auto&quot;,&quot;jet_parallax_layout_bg_size_tablet&quot;:&quot;&quot;,&quot;jet_parallax_layout_bg_size_mobile&quot;:&quot;&quot;,&quot;jet_parallax_layout_animation_prop&quot;:&quot;transform&quot;,&quot;jet_parallax_layout_on&quot;:[&quot;desktop&quot;,&quot;tablet&quot;]}],&quot;_ha_eqh_enable&quot;:false}\">\n\t\t\t\t\t\t<div class=\"elementor-container elementor-column-gap-default\">\n\t\t\t\t\t<div class=\"elementor-column elementor-col-100 elementor-top-column elementor-element elementor-element-4773b297\" data-id=\"4773b297\" data-element_type=\"column\" data-e-type=\"column\">\n\t\t\t<div class=\"elementor-widget-wrap elementor-element-populated\">\n\t\t\t\t\t\t<div class=\"elementor-element elementor-element-cba2f88 elementor-widget elementor-widget-text-editor\" data-id=\"cba2f88\" data-element_type=\"widget\" data-e-type=\"widget\" data-widget_type=\"text-editor.default\">\n\t\t\t\t<div class=\"elementor-widget-container\">\n\t\t\t\t\t\t\t\t\t<p style=\"font-weight: 400;\"><span style=\"font-weight: 400;\">A produktivit\u00e1s sz\u00f3 hallat\u00e1n sokak fej\u00e9ben ott motoszk\u00e1l, hogy vajon val\u00f3ban olyan kulcsfontoss\u00e1g\u00fa-e projektmenedzsmentben, vagy csak egy \u00fajabb divatos kifejez\u00e9s, amit manaps\u00e1g sokan sz\u00edvesen haszn\u00e1lnak. R\u00f6viden \u00f6sszefoglalva, a produktivit\u00e1s a legfontosabb param\u00e9ter, amelyet figyelembe kell venni ahhoz, hogy val\u00f3ban sikerre vihess\u00fcnk egy projektet. Cikk\u00fcnkben most megn\u00e9zz\u00fck, hogy mit is jelent pontosan a produktivit\u00e1s? Milyen jelent\u0151s\u00e9ggel b\u00edr, mik az el\u0151nyei \u00e9s hogyan v\u00e1lhat valaki produkt\u00edv projektmenedzserr\u00e9?<\/span><\/p>\t\t\t\t\t\t\t\t<\/div>\n\t\t\t\t<\/div>\n\t\t\t\t<div class=\"elementor-element elementor-element-2656966 elementor-widget elementor-widget-image\" data-id=\"2656966\" data-element_type=\"widget\" data-e-type=\"widget\" data-widget_type=\"image.default\">\n\t\t\t\t<div class=\"elementor-widget-container\">\n\t\t\t\t\t\t\t\t\t\t\t\t\t\t\t<img fetchpriority=\"high\" decoding=\"async\" width=\"768\" height=\"513\" src=\"https:\/\/promanconsulting.hu\/wp-content\/uploads\/2023\/02\/produktivitas-768x513.jpg\" class=\"attachment-medium_large size-medium_large wp-image-7294\" alt=\"A produktivit\u00e1st a projektmunka sor\u00e1n a v\u00e9geredm\u00e9ny \u00e9s a k\u00f6lts\u00e9gek vagy az id\u0151 k\u00f6z\u00f6tti kapcsolat megfigyel\u00e9s\u00e9vel hat\u00e1rozz\u00e1k meg.\" srcset=\"https:\/\/promanconsulting.hu\/wp-content\/uploads\/2023\/02\/produktivitas-768x513.jpg 768w, https:\/\/promanconsulting.hu\/wp-content\/uploads\/2023\/02\/produktivitas-300x200.jpg 300w, https:\/\/promanconsulting.hu\/wp-content\/uploads\/2023\/02\/produktivitas.jpg 1000w\" sizes=\"(max-width: 768px) 100vw, 768px\" \/>\t\t\t\t\t\t\t\t\t\t\t\t\t\t\t<\/div>\n\t\t\t\t<\/div>\n\t\t\t\t<div class=\"elementor-element elementor-element-0be0a1b elementor-widget elementor-widget-heading\" data-id=\"0be0a1b\" data-element_type=\"widget\" data-e-type=\"widget\" data-widget_type=\"heading.default\">\n\t\t\t\t<div class=\"elementor-widget-container\">\n\t\t\t\t\t<h2 class=\"elementor-heading-title elementor-size-default\">Mi a produktivit\u00e1s jelent\u00e9se a projektmenedzsmentben?<\/h2>\t\t\t\t<\/div>\n\t\t\t\t<\/div>\n\t\t\t\t<div class=\"elementor-element elementor-element-40662c0 elementor-widget elementor-widget-text-editor\" data-id=\"40662c0\" data-element_type=\"widget\" data-e-type=\"widget\" data-widget_type=\"text-editor.default\">\n\t\t\t\t<div class=\"elementor-widget-container\">\n\t\t\t\t\t\t\t\t\t<p><span style=\"font-weight: 400;\">A produktivit\u00e1st a projektmunka sor\u00e1n a v\u00e9geredm\u00e9ny \u00e9s a k\u00f6lts\u00e9gek, vagy az id\u0151 k\u00f6z\u00f6tti kapcsolat megfigyel\u00e9s\u00e9vel hat\u00e1rozzuk meg. A magasabb produktivit\u00e1s azt jelenti, hogy azonos vagy kisebb mennyis\u00e9g\u0171 r\u00e1ford\u00edt\u00e1ssal nagyobb teljes\u00edtm\u00e9nyt \u00e9rt\u00fcnk el.\u00a0<\/span><\/p><p><span style=\"font-weight: 400;\">A produktivit\u00e1s sz\u00e1mszer\u0171s\u00edt\u00e9s\u00e9vel tudjuk felm\u00e9rni egy projekt sikeress\u00e9g\u00e9nek vagy kudarc\u00e1nak m\u00e9rt\u00e9k\u00e9t. Mint ilyen, a projektmenedzser feladata \u00e9s felel\u0151ss\u00e9ge, hogy a k\u00edv\u00e1nt c\u00e9lok megval\u00f3s\u00edt\u00e1s\u00e1hoz a leghat\u00e9konyabb m\u00f3dszereket haszn\u00e1lja.<\/span><\/p><p><span style=\"font-weight: 400;\">A val\u00f3s\u00e1gban azonban ez nem is olyan egyszer\u0171, mivel a projektmenedzsereknek m\u00e1s feladatok mellett az \u00fcgyfelek elv\u00e1r\u00e1sait is szem el\u0151tt kell tartaniuk, tov\u00e1bb\u00e1 zsongl\u0151rk\u00f6dni a csapat er\u0151forr\u00e1saival \u00e9s menedzselni az el\u0151rehalad\u00e1st. Emellett pedig elengedhetetlen a kock\u00e1zatok kezel\u00e9se \u00e9s sz\u00fcks\u00e9g eset\u00e9n a hib\u00e1k jav\u00edt\u00e1sa.<\/span><\/p><h2><strong>Mi\u00e9rt is annyira fontos a produktivit\u00e1s?<\/strong><\/h2><p><span style=\"font-weight: 400;\">Most, hogy tiszt\u00e1ztuk a\u00a0 produktivit\u00e1s fogalm\u00e1t, l\u00e1thatjuk, hogy ez az egyik kulcs siker param\u00e9ter.\u00a0\u00a0<\/span><\/p><p><span style=\"font-weight: 400;\">Min\u00e9l produkt\u00edvabb egy csapat, ann\u00e1l\u00a0 t\u00f6bb munk\u00e1t tudnak elv\u00e9gezni ugyanannyi id\u0151 alatt. Azaz min\u00e9l nagyobb a produktivit\u00e1s &#8211; legyen sz\u00f3 ak\u00e1r egy eg\u00e9sz c\u00e9gr\u0151l, projektcsapatr\u00f3l vagy alkalmazottakr\u00f3l -,\u00a0 ann\u00e1l\u00a0 kevesebb id\u0151t alatt \u00e9rhet\u00fcnk el ugyanolyan eredm\u00e9nyeket, mint m\u00e1sok, amivel jelent\u0151s \u00fczleti el\u0151nyre tehet\u00fcnk szert.<\/span><\/p>\t\t\t\t\t\t\t\t<\/div>\n\t\t\t\t<\/div>\n\t\t\t\t<div class=\"elementor-element elementor-element-e40a5eb elementor-widget elementor-widget-image\" data-id=\"e40a5eb\" data-element_type=\"widget\" data-e-type=\"widget\" data-widget_type=\"image.default\">\n\t\t\t\t<div class=\"elementor-widget-container\">\n\t\t\t\t\t\t\t\t\t\t\t\t\t\t\t<img decoding=\"async\" width=\"768\" height=\"339\" src=\"https:\/\/promanconsulting.hu\/wp-content\/uploads\/2023\/02\/produktivitas-jelentese-768x339.jpg\" class=\"attachment-medium_large size-medium_large wp-image-7296\" alt=\"\" srcset=\"https:\/\/promanconsulting.hu\/wp-content\/uploads\/2023\/02\/produktivitas-jelentese-768x339.jpg 768w, https:\/\/promanconsulting.hu\/wp-content\/uploads\/2023\/02\/produktivitas-jelentese-300x133.jpg 300w, https:\/\/promanconsulting.hu\/wp-content\/uploads\/2023\/02\/produktivitas-jelentese.jpg 1000w\" sizes=\"(max-width: 768px) 100vw, 768px\" \/>\t\t\t\t\t\t\t\t\t\t\t\t\t\t\t<\/div>\n\t\t\t\t<\/div>\n\t\t\t\t<div class=\"elementor-element elementor-element-4984414 elementor-widget elementor-widget-text-editor\" data-id=\"4984414\" data-element_type=\"widget\" data-e-type=\"widget\" data-widget_type=\"text-editor.default\">\n\t\t\t\t<div class=\"elementor-widget-container\">\n\t\t\t\t\t\t\t\t\t<h2><strong>A produktivit\u00e1s konkr\u00e9t el\u0151nyei<\/strong><\/h2><p><span style=\"font-weight: 400;\">Most pedig n\u00e9zz\u00fck meg, milyen eredm\u00e9nyek v\u00e1rhat\u00f3k projekt szinten a produktivit\u00e1s n\u00f6veked\u00e9se eset\u00e9n.<\/span><\/p><h3><strong>Hat\u00e9kony er\u0151forr\u00e1s menedzsment<\/strong><\/h3><p><span style=\"font-weight: 400;\">A projektmenedzsment sor\u00e1n felhaszn\u00e1lt f\u0151 er\u0151forr\u00e1sok:\u00a0<\/span><\/p><ul><li style=\"font-weight: 400;\" aria-level=\"1\"><span style=\"font-weight: 400;\">az id\u0151<\/span><\/li><li style=\"font-weight: 400;\" aria-level=\"1\"><span style=\"font-weight: 400;\">a p\u00e9nz<\/span><\/li><li style=\"font-weight: 400;\" aria-level=\"1\"><span style=\"font-weight: 400;\">az er\u0151forr\u00e1sok<\/span><\/li><\/ul><p><span style=\"font-weight: 400;\">A gyakorlatban a legt\u00f6bb esetben van valamilyen kompromisszum a projekt terjedelm\u00e9nek teljes\u00edt\u00e9s\u00e9hez sz\u00fcks\u00e9ges id\u0151, valamint az eredm\u00e9nyek el\u00e9r\u00e9s\u00e9nek k\u00f6lts\u00e9gei tekintet\u00e9ben. A magasabb produktivit\u00e1s ugyanakkor optimaliz\u00e1lhatja az eredm\u00e9nyeket, \u00edgy ez mind a c\u00e9g vagy projekt, mind az \u00fcgyfelek sz\u00e1m\u00e1ra el\u0151ny\u00f6s.<\/span><\/p><h3><strong>Gyorsabb projekt eredm\u00e9nyek<\/strong><\/h3><p><span style=\"font-weight: 400;\">Az id\u0151 kulcsfontoss\u00e1g\u00fa er\u0151forr\u00e1s a projektek sor\u00e1n. Produktivit\u00e1ssal \u00e9s hat\u00e9kony <\/span><span style=\"color: #0000ff;\"><a style=\"color: #0000ff;\" href=\"https:\/\/promanconsulting.hu\/idomenedzsment\/\"><span style=\"font-weight: 400;\">id\u0151mendmenedzsmenttel<\/span><\/a><\/span><span style=\"font-weight: 400;\"> a projekt befejez\u00e9s\u00e9hez \u00e9s \u00e1tad\u00e1s\u00e1hoz sz\u00fcks\u00e9ges id\u0151 ar\u00e1nyosan cs\u00f6kken.\u00a0<\/span><\/p><h3><strong>Nagyobb nyeres\u00e9g<\/strong><\/h3><p><span style=\"font-weight: 400;\">Az el\u0151z\u0151 pontokban m\u00e1r l\u00e1thattuk, hogy a nagyobb termel\u00e9kenys\u00e9ggel id\u0151t is sp\u00f3rolhatunk \u00e9s hat\u00e9konyabb lesz az er\u0151forr\u00e1sok felhaszn\u00e1l\u00e1sa is. Ezzel egyenes ar\u00e1nyban cs\u00f6kkennek a k\u00f6lts\u00e9gek. \u00c9rtelemszer\u0171en, ha projekt k\u00f6lts\u00e9gen bel\u00fcl teljes\u00edt\u00fcnk, azzal a nyeres\u00e9g n\u0151.<\/span><\/p><h3><strong>Jobb \u00fcgyf\u00e9lkapcsolatok<\/strong><\/h3><p><span style=\"font-weight: 400;\">Nincs jobb m\u00f3dja az \u00fcgyfelekkel val\u00f3 eg\u00e9szs\u00e9ges kapcsolat kialak\u00edt\u00e1s\u00e1nak \u00e9s a bizalmuk elnyer\u00e9s\u00e9nek, mint az elv\u00e1r\u00e1saik teljes\u00edt\u00e9se, vagy azok meghalad\u00e1sa. A nagyobb produktivit\u00e1s lehet\u0151v\u00e9 teszi, hogy az \u00fcgyf\u00e9l k\u00f6lts\u00e9gvet\u00e9s\u00e9n bel\u00fcl, hat\u00e1rid\u0151re teljes\u00edtett projektek r\u00e9v\u00e9n szil\u00e1rd \u00fcgyf\u00e9lkapcsolatokra tegy\u00fcnk szert.<\/span><\/p><h3><strong>Versenyel\u0151ny \u00e9s t\u00f6bb \u00fczlet<\/strong><\/h3><p><span style=\"font-weight: 400;\">A nagyobb produktivit\u00e1s \u00e9s az el\u00e9gedett \u00fcgyfelek n\u00f6velik a j\u00f3 h\u00edrnevet, ami megk\u00fcl\u00f6nb\u00f6ztethet versenyt\u00e1rsainkt\u00f3l. Ez seg\u00edt abban is, hogy nagyobb sz\u00e1m\u00fa aj\u00e1nl\u00e1st kapjunk a megl\u00e9v\u0151 partnerekt\u0151l. Minden \u00fcgyf\u00e9l a produkt\u00edv v\u00e1llalkoz\u00e1sokat \u00e9s projektmenedzsereket aj\u00e1nlja j\u00f3 sz\u00edvvel az ismerets\u00e9g\u00e9ben. A nagyobb produktivit\u00e1s teh\u00e1t t\u00f6bb \u00fczleti lehet\u0151s\u00e9get is teremt.\u00a0<\/span><\/p><h3><strong>Jobb kock\u00e1zatkezel\u00e9s<\/strong><\/h3><p><span style=\"font-weight: 400;\">A produktivit\u00e1s k\u00e9pes szoros kontrollt adni a projekt dinamika felett. Ez\u00e1ltal nagyobb biztons\u00e1ggal jelezhet\u0151k el\u0151re az esetleges kock\u00e1zatok is. Ezek prognosztiz\u00e1l\u00e1sa lehet\u0151v\u00e9 teszi, hogy eleve megel\u0151zz\u00fck \u0151ket, vagy hat\u00e9kony tervet k\u00e9sz\u00edts\u00fcnk a rizik\u00f3faktorok kezel\u00e9s\u00e9re, ha azok felmer\u00fclnek.<\/span><\/p>\t\t\t\t\t\t\t\t<\/div>\n\t\t\t\t<\/div>\n\t\t\t\t<div class=\"elementor-element elementor-element-5cba623 elementor-widget elementor-widget-image\" data-id=\"5cba623\" data-element_type=\"widget\" data-e-type=\"widget\" data-widget_type=\"image.default\">\n\t\t\t\t<div class=\"elementor-widget-container\">\n\t\t\t\t\t\t\t\t\t\t\t\t\t\t\t<img decoding=\"async\" width=\"1000\" height=\"668\" src=\"https:\/\/promanconsulting.hu\/wp-content\/uploads\/2023\/02\/produktivitas-a-projektmenedzsmentben.jpg\" class=\"attachment-large size-large wp-image-7297\" alt=\"A produktivit\u00e1s a projektmendzsmentben a siker kulcsa.\" srcset=\"https:\/\/promanconsulting.hu\/wp-content\/uploads\/2023\/02\/produktivitas-a-projektmenedzsmentben.jpg 1000w, https:\/\/promanconsulting.hu\/wp-content\/uploads\/2023\/02\/produktivitas-a-projektmenedzsmentben-300x200.jpg 300w, https:\/\/promanconsulting.hu\/wp-content\/uploads\/2023\/02\/produktivitas-a-projektmenedzsmentben-768x513.jpg 768w\" sizes=\"(max-width: 1000px) 100vw, 1000px\" \/>\t\t\t\t\t\t\t\t\t\t\t\t\t\t\t<\/div>\n\t\t\t\t<\/div>\n\t\t\t\t<div class=\"elementor-element elementor-element-8cfab34 elementor-widget elementor-widget-text-editor\" data-id=\"8cfab34\" data-element_type=\"widget\" data-e-type=\"widget\" data-widget_type=\"text-editor.default\">\n\t\t\t\t<div class=\"elementor-widget-container\">\n\t\t\t\t\t\t\t\t\t<h2><strong>Hogyan v\u00e1lhatunk produkt\u00edv projektmenedzserr\u00e9?<\/strong><\/h2><p><span style=\"font-weight: 400;\">Tekints\u00fcnk most \u00e1t n\u00e9h\u00e1ny konr\u00e9t m\u00f3dszert, amellyel hat\u00e9konyan n\u00f6velhetj\u00fck a produktivit\u00e1st \u00e9s egyben a projektek siker\u00e9t.<\/span><\/p><h3><strong>Folyamatok pontos kidolgoz\u00e1sa<\/strong><\/h3><p><span style=\"font-weight: 400;\">A projektm\u0171k\u00f6d\u00e9s pontos kialak\u00edt\u00e1sa, a folyamat\u00e1br\u00e1k k\u00e9sz\u00edt\u00e9se n\u00f6veli a produktivit\u00e1st. Ugyan minden projekt egyedi strat\u00e9gi\u00e1t ig\u00e9nyel a sikeres megval\u00f3s\u00edt\u00e1shoz, m\u00e9gis sz\u00fcks\u00e9g van valamilyen szabv\u00e1nyos strukt\u00far\u00e1ra.<\/span><\/p><p><span style=\"font-weight: 400;\">A kereteket minden \u00fcgyf\u00e9l sz\u00e1m\u00e1ra \u00fagy alak\u00edthatjuk, hogy szem\u00e9lyre szabott megold\u00e1sokat ny\u00fajtson, ugyanakkor a megszokott, er\u0151s alapokra \u00e9p\u00fclj\u00f6n. Egy szabv\u00e1nyos keretrendszer cs\u00f6kkenti az er\u0151fesz\u00edt\u00e9seket \u00e9s n\u00f6veli a produktivit\u00e1st, ir\u00e1nymutat\u00e1sk\u00e9nt szolg\u00e1l a projektmenedzsment sor\u00e1n.<\/span><\/p><h3><strong>A megfelel\u0151 csapat toborz\u00e1sa<\/strong><\/h3><p><span style=\"font-weight: 400;\">Projektmenedzserk\u00e9nt elengedhetetlen, hogy a legjobb embereket v\u00e1lasszuk ki annak \u00e9rdek\u00e9ben, hogy a projekt z\u00f6kken\u0151mentesen haladjon. Nem csoda, hogy a legjobb v\u00e1llalatok a csapattagokat tekintik a legfontosabb priorit\u00e1snak.\u00a0<\/span><\/p><p><span style=\"font-weight: 400;\">Ha kiv\u00e1l\u00f3 munkat\u00e1rsakat alkalmazunk \u00e9s \u00f6szt\u00f6n\u00f6zz\u00fck a k\u00e9pz\u00e9s\u00fcket, projektvezet\u0151k\u00e9nt egy\u00fcttm\u0171k\u00f6d\u0151 \u00e9s produkt\u00edv munkak\u00f6rnyezetre sz\u00e1m\u00edthatunk. Egy j\u00f3 alapcsapat n\u00e9lk\u00fcl neh\u00e9z egy projektet sikerre vinni. Hossz\u00fa t\u00e1von az alulteljes\u00edt\u0151 tagok id\u0151be, p\u00e9nzbe \u00e9s er\u0151fesz\u00edt\u00e9sbe ker\u00fclhetnek a projektnek.<\/span><\/p><p><span style=\"font-weight: 400;\">A csapattagok kiv\u00e1laszt\u00e1sakor teh\u00e1t nagyon fontos az emberi \u00e9s szakmai szempontokat is figyelembe venni. Meg kell gy\u0151z\u0151dni arr\u00f3l, hogy tiszt\u00e1ban vagyunk a leend\u0151 koll\u00e9ga k\u00e9pess\u00e9geivel, gyenges\u00e9geivel \u00e9s lehet\u0151s\u00e9geivel, hogy eld\u00f6nthess\u00fck, ide\u00e1lis lesz-e a projektmunk\u00e1ra.<\/span><\/p><h3><strong>Projektmenedzsment \u00e9s kollabor\u00e1ci\u00f3s szoftverek haszn\u00e1lata<\/strong><\/h3><p><span style=\"font-weight: 400;\">A projektmenedzsment szoftverek kiv\u00e1l\u00f3 seg\u00edts\u00e9get ny\u00fajtanak egy projekt \u00e9letciklus\u00e1nak megtervez\u00e9s\u00e9hez \u00e9s ir\u00e1ny\u00edt\u00e1s\u00e1hoz. Nem sz\u00e1m\u00edtanak luxusnak, ugyanakkor hat\u00e9tkonyan n\u00f6velik a produktivit\u00e1st. \u00c9rdemes min\u00e9l felhaszn\u00e1l\u00f3bar\u00e1tabb verzi\u00f3t v\u00e1lasztani \u00e9s olyat, amely az eg\u00e9sz csapat sz\u00e1m\u00e1ra g\u00f6rd\u00fcl\u00e9keny m\u0171k\u00f6d\u00e9st biztos\u00edt.<\/span><\/p><p><span style=\"font-weight: 400;\">Az olyan kollabor\u00e1ci\u00f3s szoftverek, mint a Google Napt\u00e1r, az Asana, a Slack, a Trello \u00e9s a Facebook Workplace b\u00e1rmilyen projektm\u00e9retnek \u00e9s modellnek megfelelnek. Fontos, hogy projektmenedzserk\u00e9nt megismerj\u00fck \u00e9s haszn\u00e1ljuk ezeket az eszk\u00f6z\u00f6ket a csapat hat\u00e9konys\u00e1ga \u00e9rdek\u00e9ben, \u00e9s hogy az inform\u00e1ci\u00f3k eredm\u00e9nyesen szinkroniz\u00e1lhat\u00f3ak legyenek k\u00fcl\u00f6nb\u00f6z\u0151 platformokon. Haszn\u00e1latukkal rengeteg id\u0151 \u00e9s energia takar\u00edthat\u00f3 meg, mivel k\u00f6nnyed\u00e9n megoszthat\u00f3k az inform\u00e1ci\u00f3k \u00e9s nyomon k\u00f6vethet\u0151 a teamen bel\u00fcli el\u0151rehalad\u00e1s.<\/span><\/p><h3><strong>Adatvez\u00e9relt projektmenedzsment<\/strong><\/h3><p><span style=\"font-weight: 400;\">A meg\u00e9rz\u00e9sek ideje m\u00e1r lej\u00e1rt a projektek megval\u00f3s\u00edt\u00e1sa ter\u00e9n. Kiz\u00e1r\u00f3lag az a projekt lehet igaz\u00e1n sikeres, amely adatokra \u00e9p\u00fcl. Ez\u00e9rt fontos a projektmenedzsment szoftver adatainak folyamatos \u00e9rt\u00e9kel\u00e9se, \u00e9s ha sz\u00fcks\u00e9ges, a folyamatok jav\u00edt\u00e1sa, valamint az adatalap\u00fa d\u00f6nt\u00e9shozatal.<\/span><\/p><h3><strong>Csak a fontos meetingekre f\u00f3kusz\u00e1ljunk<\/strong><\/h3><p><span style=\"font-weight: 400;\">A projektmenedzser feladata, hogy mindenkit folyamatosan t\u00e1j\u00e9koztasson a projekt el\u0151rehalad\u00e1s\u00e1r\u00f3l \u00e9s a felmer\u00fcl\u0151 probl\u00e9m\u00e1k elh\u00e1r\u00edt\u00e1s\u00e1r\u00f3l. El\u0151fordulhat, hogy szem\u00e9lyes vagy online meetinget kell szerveznie, hogy bejelentse a v\u00e1ltoz\u00e1sokat, vagy megbesz\u00e9ljen egy probl\u00e9m\u00e1t.<\/span><\/p><p><span style=\"font-weight: 400;\">Ezek a tal\u00e1lkoz\u00f3k remek lehet\u0151s\u00e9get k\u00edn\u00e1lnak arra, hogy \u00f6sszehozz\u00e1k a csapatot, remek \u00f6tletek sz\u00fclessenek, ugyanakkor senki sem szereti a hossz\u00fa, k\u00fcl\u00f6n\u00f6sen az \u00e9rtelmetlen meetingeket.<\/span><\/p><p><span style=\"font-weight: 400;\">Tanulm\u00e1nyok szerint egy fels\u0151vezet\u0151k \u00e1tlagosan 28, a k\u00f6z\u00e9pvezet\u0151k pedig 21-23 \u00f3r\u00e1t t\u00f6ltenek heti \u00e1tlagban \u00e9rtekezleteken. Ha ezeket leford\u00edtjuk projekt \u00f3r\u00e1kra, akkor j\u00f3l l\u00e1that\u00f3, hogy rengeteg feladat lenne megval\u00f3s\u00edthat\u00f3 ez id\u0151 alatt. Teh\u00e1t a produktivit\u00e1st cs\u00f6kkentik.<\/span><\/p><p><span style=\"font-weight: 400;\">Ez\u00e9rt fontos m\u00e9rlegelni, hogy csak olyan megbesz\u00e9l\u00e9seket h\u00edvjunk \u00f6ssze, amelyek az eredm\u00e9nyess\u00e9get n\u00f6velik \u00e9s val\u00f3ban meg\u00e9rik a r\u00e1ford\u00edtott id\u0151t.<\/span><\/p><h3><strong>Hat\u00e9kony kommunik\u00e1ci\u00f3<\/strong><\/h3><p><span style=\"font-weight: 400;\">A megfelel\u0151 <\/span><span style=\"color: #0000ff;\"><a style=\"color: #0000ff;\" href=\"https:\/\/promanconsulting.hu\/kommunikacios-keszsegek\/\"><span style=\"font-weight: 400;\">kommunik\u00e1ci\u00f3<\/span><\/a><\/span><span style=\"font-weight: 400;\"> elengedhetetlen produktivit\u00e1s szempontj\u00e1b\u00f3l. Ahhoz, hogy a munka megfelel\u0151en haladjon, fontos az \u00f6sszes \u00e9rdekelt felet folyamatosan t\u00e1j\u00e9koztatni a projekt el\u0151rehalad\u00e1s\u00e1r\u00f3l, \u00edgy mindig gyors visszajelz\u00e9st kaphatunk az esetlegesen felmer\u00fclt probl\u00e9m\u00e1kr\u00f3l, elakad\u00e1sokr\u00f3l is. Emellett seg\u00edt a kock\u00e1zatok felm\u00e9r\u00e9s\u00e9ben, illetve azok kezel\u00e9s\u00e9ben.<\/span><\/p><h3><strong>Produktivit\u00e1s n\u00f6vel\u00e9s folyamatos k\u00e9pz\u00e9sekkel<\/strong><\/h3><p><span style=\"font-weight: 400;\">A produktivit\u00e1s tanul\u00e1ssal \u00e9s gyakorl\u00e1ssal magas szintre fejleszthet\u0151. Ez\u00e9rt minden projektmenedzser sz\u00e1m\u00e1ra fontos, hogy tud\u00e1s\u00e1t naprak\u00e9szen tartsa, tiszt\u00e1ban legyen azzal, hogy milyen eszk\u00f6z\u00f6kkel \u00e9rhet\u0151k el legjobb az eredm\u00e9nyek. Emellett \u00e9rdemes figyelmet szentelni a csapatnak, workshopokat szervezni, hogy a sikerek \u00e9rdek\u00e9ben kell\u0151en tudjuk motiv\u00e1lni \u0151ket.\u00a0<\/span><\/p><p><b>TIPP: <\/b><span style=\"font-weight: 400;\">Ha \u00d6n is fontosnak tartja a produktivit\u00e1st, emellett fejleszten\u00e9 vezet\u0151i \u00e9s kommunik\u00e1ci\u00f3s k\u00e9szs\u00e9geit,\u00a0 m\u00f3dszertani ismereteit, akkor v\u00e1lasszon aktu\u00e1lis <\/span><span style=\"color: #0000ff;\"><a style=\"color: #0000ff;\" href=\"https:\/\/promanconsulting.hu\/projektvezetoknek-ajanlott-kepzesek\/\"><span style=\"font-weight: 400;\">projektvezet\u0151knek aj\u00e1nlott k\u00e9pz\u00e9seink<\/span><\/a><\/span><span style=\"font-weight: 400;\"> k\u00f6z\u00fcl!<\/span><\/p>\t\t\t\t\t\t\t\t<\/div>\n\t\t\t\t<\/div>\n\t\t\t\t<div class=\"elementor-element elementor-element-ba5f59c elementor-widget elementor-widget-text-editor\" data-id=\"ba5f59c\" data-element_type=\"widget\" data-e-type=\"widget\" data-widget_type=\"text-editor.default\">\n\t\t\t\t<div class=\"elementor-widget-container\">\n\t\t\t\t\t\t\t\t\t<h2><strong>\u00d6sszegezve<\/strong><\/h2><p><span style=\"font-weight: 400;\">A produktivit\u00e1s minden sikeres projekt sarokk\u00f6ve. Ennek n\u00f6vel\u00e9se a csapattagok k\u00f6r\u00e9ben az egyik priorit\u00e1snak kell lennie. Nemcsak a min\u0151s\u00e9gi eredm\u00e9nyek el\u00e9r\u00e9s\u00e9ben seg\u00edt, hanem abban is, hogy a projektc\u00e9lok id\u0151ben megval\u00f3suljanak.\u00a0<\/span><\/p><p><span style=\"font-weight: 400;\">A produktivit\u00e1s maximaliz\u00e1l\u00e1sa hat\u00e9kony gyakorlatokkal mind a projektek, mind a szervezetek sz\u00e1m\u00e1ra seg\u00edt az eredm\u00e9nyess\u00e9g \u00e9s k\u00f6lts\u00e9ghat\u00e9konys\u00e1g el\u00e9r\u00e9s\u00e9ben. Ahhoz, hogy a projektmenedzsment ter\u00e9n val\u00f3ban sikeress\u00e9 v\u00e1ljunk, f\u00f3kuszba kell helyezn\u00fcnk, \u00e9s ezzel m\u00e9rhetj\u00fck, hogy munk\u00e1nk sor\u00e1n val\u00f3ban j\u00f3 \u00faton j\u00e1runk-e.<\/span><\/p>\t\t\t\t\t\t\t\t<\/div>\n\t\t\t\t<\/div>\n\t\t\t\t\t<\/div>\n\t\t<\/div>\n\t\t\t\t\t<\/div>\n\t\t<\/section>\n\t\t\t\t<\/div>\n\t\t","protected":false},"excerpt":{"rendered":"<p>A produktivit\u00e1s sz\u00f3 hallat\u00e1n sokak fej\u00e9ben ott motoszk\u00e1l, hogy vajon val\u00f3ban olyan kulcsfontoss\u00e1g\u00fa-e projektmenedzsmentben, vagy csak egy \u00fajabb divatos kifejez\u00e9s, amit manaps\u00e1g sokan sz\u00edvesen haszn\u00e1lnak. R\u00f6viden \u00f6sszefoglalva, a produktivit\u00e1s a legfontosabb param\u00e9ter, amelyet figyelembe kell venni ahhoz, hogy val\u00f3ban sikerre vihess\u00fcnk egy projektet. Cikk\u00fcnkben most megn\u00e9zz\u00fck, hogy mit is jelent pontosan a produktivit\u00e1s? Milyen jelent\u0151s\u00e9ggel [&hellip;]<\/p>\n","protected":false},"author":5,"featured_media":7294,"comment_status":"closed","ping_status":"closed","sticky":false,"template":"","format":"standard","meta":{"footnotes":""},"categories":[77],"tags":[208,258,35,78],"class_list":["post-7293","post","type-post","status-publish","format-standard","has-post-thumbnail","hentry","category-projektmenedzsment","tag-hatekonysag","tag-produktivitas","tag-projektmenedzsment","tag-projektvezetes","entry","has-media"],"_links":{"self":[{"href":"https:\/\/promanconsulting.hu\/en\/wp-json\/wp\/v2\/posts\/7293","targetHints":{"allow":["GET"]}}],"collection":[{"href":"https:\/\/promanconsulting.hu\/en\/wp-json\/wp\/v2\/posts"}],"about":[{"href":"https:\/\/promanconsulting.hu\/en\/wp-json\/wp\/v2\/types\/post"}],"author":[{"embeddable":true,"href":"https:\/\/promanconsulting.hu\/en\/wp-json\/wp\/v2\/users\/5"}],"replies":[{"embeddable":true,"href":"https:\/\/promanconsulting.hu\/en\/wp-json\/wp\/v2\/comments?post=7293"}],"version-history":[{"count":9,"href":"https:\/\/promanconsulting.hu\/en\/wp-json\/wp\/v2\/posts\/7293\/revisions"}],"predecessor-version":[{"id":7305,"href":"https:\/\/promanconsulting.hu\/en\/wp-json\/wp\/v2\/posts\/7293\/revisions\/7305"}],"wp:featuredmedia":[{"embeddable":true,"href":"https:\/\/promanconsulting.hu\/en\/wp-json\/wp\/v2\/media\/7294"}],"wp:attachment":[{"href":"https:\/\/promanconsulting.hu\/en\/wp-json\/wp\/v2\/media?parent=7293"}],"wp:term":[{"taxonomy":"category","embeddable":true,"href":"https:\/\/promanconsulting.hu\/en\/wp-json\/wp\/v2\/categories?post=7293"},{"taxonomy":"post_tag","embeddable":true,"href":"https:\/\/promanconsulting.hu\/en\/wp-json\/wp\/v2\/tags?post=7293"}],"curies":[{"name":"wp","href":"https:\/\/api.w.org\/{rel}","templated":true}]}}