{"id":7277,"date":"2023-02-13T07:54:29","date_gmt":"2023-02-13T07:54:29","guid":{"rendered":"https:\/\/promanconsulting.hu\/?p=7277"},"modified":"2023-05-17T19:06:30","modified_gmt":"2023-05-17T19:06:30","slug":"meeting-culture","status":"publish","type":"post","link":"https:\/\/promanconsulting.hu\/en\/meeting-kultura\/","title":{"rendered":"Why focus on developing meeting culture?"},"content":{"rendered":"\t\t<div data-elementor-type=\"wp-post\" data-elementor-id=\"7277\" class=\"elementor elementor-7277\" data-elementor-settings=\"{&quot;ha_cmc_init_switcher&quot;:&quot;no&quot;}\" data-elementor-post-type=\"post\">\n\t\t\t\t\t\t<section class=\"elementor-section elementor-top-section elementor-element elementor-element-167538e2 elementor-section-boxed elementor-section-height-default elementor-section-height-default\" data-id=\"167538e2\" data-element_type=\"section\" data-e-type=\"section\" data-settings=\"{&quot;jet_parallax_layout_list&quot;:[{&quot;jet_parallax_layout_image&quot;:{&quot;url&quot;:&quot;&quot;,&quot;id&quot;:&quot;&quot;,&quot;size&quot;:&quot;&quot;},&quot;_id&quot;:&quot;da11ba3&quot;,&quot;jet_parallax_layout_image_tablet&quot;:{&quot;url&quot;:&quot;&quot;,&quot;id&quot;:&quot;&quot;,&quot;size&quot;:&quot;&quot;},&quot;jet_parallax_layout_image_mobile&quot;:{&quot;url&quot;:&quot;&quot;,&quot;id&quot;:&quot;&quot;,&quot;size&quot;:&quot;&quot;},&quot;jet_parallax_layout_speed&quot;:{&quot;unit&quot;:&quot;%&quot;,&quot;size&quot;:50,&quot;sizes&quot;:[]},&quot;jet_parallax_layout_type&quot;:&quot;scroll&quot;,&quot;jet_parallax_layout_direction&quot;:&quot;1&quot;,&quot;jet_parallax_layout_fx_direction&quot;:null,&quot;jet_parallax_layout_z_index&quot;:&quot;&quot;,&quot;jet_parallax_layout_bg_x&quot;:50,&quot;jet_parallax_layout_bg_x_tablet&quot;:&quot;&quot;,&quot;jet_parallax_layout_bg_x_mobile&quot;:&quot;&quot;,&quot;jet_parallax_layout_bg_y&quot;:50,&quot;jet_parallax_layout_bg_y_tablet&quot;:&quot;&quot;,&quot;jet_parallax_layout_bg_y_mobile&quot;:&quot;&quot;,&quot;jet_parallax_layout_bg_size&quot;:&quot;auto&quot;,&quot;jet_parallax_layout_bg_size_tablet&quot;:&quot;&quot;,&quot;jet_parallax_layout_bg_size_mobile&quot;:&quot;&quot;,&quot;jet_parallax_layout_animation_prop&quot;:&quot;transform&quot;,&quot;jet_parallax_layout_on&quot;:[&quot;desktop&quot;,&quot;tablet&quot;]}],&quot;_ha_eqh_enable&quot;:false}\">\n\t\t\t\t\t\t<div class=\"elementor-container elementor-column-gap-default\">\n\t\t\t\t\t<div class=\"elementor-column elementor-col-100 elementor-top-column elementor-element elementor-element-4773b297\" data-id=\"4773b297\" data-element_type=\"column\" data-e-type=\"column\">\n\t\t\t<div class=\"elementor-widget-wrap elementor-element-populated\">\n\t\t\t\t\t\t<div class=\"elementor-element elementor-element-f445454 elementor-widget elementor-widget-heading\" data-id=\"f445454\" data-element_type=\"widget\" data-e-type=\"widget\" data-widget_type=\"heading.default\">\n\t\t\t\t<div class=\"elementor-widget-container\">\n\t\t\t\t\t<h1 class=\"elementor-heading-title elementor-size-default\">Mi\u00e9rt \u00e9rdemes a meeting kult\u00fara fejleszt\u00e9s\u00e9re f\u00f3kusz\u00e1lni?<\/h1>\t\t\t\t<\/div>\n\t\t\t\t<\/div>\n\t\t\t\t<div class=\"elementor-element elementor-element-cba2f88 elementor-widget elementor-widget-text-editor\" data-id=\"cba2f88\" data-element_type=\"widget\" data-e-type=\"widget\" data-widget_type=\"text-editor.default\">\n\t\t\t\t<div class=\"elementor-widget-container\">\n\t\t\t\t\t\t\t\t\t<p style=\"font-weight: 400;\">Ak\u00e1r egy v\u00e1llalatot fejleszt\u00fcnk, ak\u00e1r csapatot vezet\u00fcnk, fontos, hogy a meeting kult\u00fara egy tudatosan kezelt, folyamatosan ut\u00e1nk\u00f6vetett elemm\u00e9 v\u00e1lhasson. Sajnos sok csapat k\u00fczd azzal, hogy a meetingek nem el\u00e9g hat\u00e9konyak, ami jelent\u0151s id\u0151-, energia-, p\u00e9nzpazarl\u00e1st jelent. Cikk\u00fcnkben most megn\u00e9zz\u00fck, hogy mi\u00e9rt is kell figyelmet ford\u00edtani a j\u00f3 meeting kult\u00far\u00e1ra, mi\u00e9rt jelent ez sok szervezet sz\u00e1m\u00e1ra kih\u00edv\u00e1st, \u00e9s hogyan lehet jav\u00edtani a megbesz\u00e9l\u00e9sek hat\u00e9konys\u00e1g\u00e1t a produktivit\u00e1s n\u00f6vel\u00e9se \u00e9rdek\u00e9ben.<\/p>\t\t\t\t\t\t\t\t<\/div>\n\t\t\t\t<\/div>\n\t\t\t\t<div class=\"elementor-element elementor-element-2656966 elementor-widget elementor-widget-image\" data-id=\"2656966\" data-element_type=\"widget\" data-e-type=\"widget\" data-widget_type=\"image.default\">\n\t\t\t\t<div class=\"elementor-widget-container\">\n\t\t\t\t\t\t\t\t\t\t\t\t\t\t\t<img fetchpriority=\"high\" decoding=\"async\" width=\"768\" height=\"512\" src=\"https:\/\/promanconsulting.hu\/wp-content\/uploads\/2023\/02\/meeting-kultura-768x512.jpg\" class=\"attachment-medium_large size-medium_large wp-image-7278\" alt=\"Ha a meeting kult\u00fara nem megfelel\u0151, az kihat\u00e1ssal van az eg\u00e9sz c\u00e9g \u00fczleti sikereire.\" srcset=\"https:\/\/promanconsulting.hu\/wp-content\/uploads\/2023\/02\/meeting-kultura-768x512.jpg 768w, https:\/\/promanconsulting.hu\/wp-content\/uploads\/2023\/02\/meeting-kultura-300x200.jpg 300w, https:\/\/promanconsulting.hu\/wp-content\/uploads\/2023\/02\/meeting-kultura.jpg 1000w\" sizes=\"(max-width: 768px) 100vw, 768px\" \/>\t\t\t\t\t\t\t\t\t\t\t\t\t\t\t<\/div>\n\t\t\t\t<\/div>\n\t\t\t\t<div class=\"elementor-element elementor-element-0be0a1b elementor-widget elementor-widget-heading\" data-id=\"0be0a1b\" data-element_type=\"widget\" data-e-type=\"widget\" data-widget_type=\"heading.default\">\n\t\t\t\t<div class=\"elementor-widget-container\">\n\t\t\t\t\t<h2 class=\"elementor-heading-title elementor-size-default\">Mi\u00e9rt fontos a megfelel\u0151 meeting kult\u00fara?<\/h2>\t\t\t\t<\/div>\n\t\t\t\t<\/div>\n\t\t\t\t<div class=\"elementor-element elementor-element-40662c0 elementor-widget elementor-widget-text-editor\" data-id=\"40662c0\" data-element_type=\"widget\" data-e-type=\"widget\" data-widget_type=\"text-editor.default\">\n\t\t\t\t<div class=\"elementor-widget-container\">\n\t\t\t\t\t\t\t\t\t<p style=\"font-weight: 400;\">Kutat\u00e1sok szerint az alkalmazottak \u00e1tlagosan 6 \u00f3r\u00e1t, a k\u00f6z\u00e9pvezet\u0151k pedig 21-23 \u00f3r\u00e1t t\u00f6ltenek hetente megbesz\u00e9l\u00e9sekkel. A fels\u0151vezet\u0151k eset\u00e9ben ez ak\u00e1r a 28 \u00f3r\u00e1t is el\u00e9rheti. A meetingekkel t\u00f6lt\u00f6tt \u00f3r\u00e1k rengeteg id\u0151t \u00e9s energi\u00e1t em\u00e9sztenek fel \u00e9s sok esetben negat\u00edv hat\u00e1ssal vannak a produktivit\u00e1sra.<\/p><p style=\"font-weight: 400;\">Ha a meeting kult\u00fara nem megfelel\u0151, akkor az az eg\u00e9sz c\u00e9g \u00fczleti sikereit befoly\u00e1solja. Amennyiben a csapattagok nem tartj\u00e1k el\u00e9g hat\u00e9konynak, eredm\u00e9nyesnek, s\u0151t kifejezetten id\u0151pazarl\u00f3nak gondolj\u00e1k az \u00e9rtekezleteket, az f\u00e9lre\u00e9rthet\u0151 kommunik\u00e1ci\u00f3hoz, frusztr\u00e1ci\u00f3hoz \u00e9s konfliktusokhoz vezet. Ez pedig neh\u00e9zs\u00e9geket okoz a d\u00f6nt\u00e9shozatalban, a c\u00e9lok el\u00e9r\u00e9s\u00e9ben \u00e9s a mindennapi feladatok elv\u00e9gz\u00e9s\u00e9ben. \u00c9ppen ez\u00e9rt elengedhetetlen fokozott figyelmet ford\u00edtani a min\u00e9l hat\u00e9konyabb megbesz\u00e9l\u00e9sekre.<\/p>\t\t\t\t\t\t\t\t<\/div>\n\t\t\t\t<\/div>\n\t\t\t\t<div class=\"elementor-element elementor-element-4984414 elementor-widget elementor-widget-text-editor\" data-id=\"4984414\" data-element_type=\"widget\" data-e-type=\"widget\" data-widget_type=\"text-editor.default\">\n\t\t\t\t<div class=\"elementor-widget-container\">\n\t\t\t\t\t\t\t\t\t<h3>Meeting kult\u00fara: reform a nagy c\u00e9gekn\u00e9l<\/h3><p style=\"font-weight: 400;\">Sok nagyv\u00e1llalat dolgozik a meeting kult\u00fara jav\u00edt\u00e1s\u00e1n, teh\u00e1t a meetingekre vonatkoz\u00f3 megfelel\u0151 norm\u00e1k, \u00e9rt\u00e9kek, viselked\u00e9sek bevezet\u00e9s\u00e9n vagy \u00e9pp azon, hogy a munkav\u00e1llal\u00f3knak lehet\u0151s\u00e9g\u00fck legyen elm\u00e9ly\u00fclten dolgozni A Facebook p\u00e9ld\u00e1ul minden szerd\u00e1n &#8222;meeting-mentes&#8221; napot tart, amely lehet\u0151v\u00e9 teszi a munkav\u00e1llal\u00f3k sz\u00e1m\u00e1ra, hogy megszak\u00edt\u00e1s n\u00e9lk\u00fcl dolgozhassanak a projektjeiken.<\/p><p style=\"font-weight: 400;\">Az Uber is reag\u00e1lt erre a negat\u00edv trendre, miszerint az alkalmazottak egyre t\u00f6bb id\u0151t t\u00f6ltenek megbesz\u00e9l\u00e9seken. H\u00e9tf\u0151nk\u00e9nt nem tartanak \u00e9rtekezleteket, hiszen \u00fagy v\u00e9lik, hogy a h\u00e9tind\u00edt\u00f3 nap a legnehezebb az alkalmazottak sz\u00e1m\u00e1ra. A c\u00e9g vezet\u0151i szerint min\u00e9l t\u00f6bb meetingen kell r\u00e9szt venni\u00fck az alkalmazottaknak, ann\u00e1l k\u00f6nnyebben vesz\u00edtenek f\u00f3kuszt \u00e9s ann\u00e1l f\u00e1radtabbak lesznek.<\/p><p style=\"font-weight: 400;\">Az amerikai Virgin Atlantic Airways &#8222;s\u00e9t\u00e1l\u00f3 meetingeket&#8221; tart, ahol a dolgoz\u00f3k s\u00e9t\u00e1lnak egyet a h\u00e1zt\u00f6mb k\u00f6r\u00fcl, mik\u00f6zben megbesz\u00e9lik az \u00fczleti \u00fcgyeket. M\u00e1s v\u00e1llalatok \u00f6szt\u00f6nzik az \u00e1ll\u00f3 megbesz\u00e9l\u00e9seket, amelyek bizony\u00edtottan jav\u00edtj\u00e1k a koncentr\u00e1ci\u00f3t \u00e9s a hat\u00e9konys\u00e1got.<\/p><h2>Milyen a j\u00f3 meeting kult\u00fara?<\/h2><p style=\"font-weight: 400;\">Az er\u0151s meeting kult\u00fara mindenekel\u0151tt azt jelenti, hogy a szervezet minden egyes tagja tiszt\u00e1ban van a szervezet-specifikus meeting szab\u00e1lyokkal \u00e9s jog\u00e1nak, k\u00f6teless\u00e9g\u00e9nek \u00e9rzi a gyakorlatban ezeket k\u00e9pviselni. \u00cdgy, lehet\u0151s\u00e9g ny\u00edlik b\u00e1rmilyen m\u00e9ret\u0171 szakmai tal\u00e1lkoz\u00f3t \u00f6sszehozni, amely j\u00f3l szervezett, \u00e9s amely k\u00e9zzelfoghat\u00f3 eredm\u00e9nyhez, illetve a k\u00f6vetkez\u0151 l\u00e9p\u00e9sek megt\u00e9tel\u00e9hez vezet.<\/p><p style=\"font-weight: 400;\"><strong>Hogy milyen a szervezet\u00fcnk meeting kult\u00far\u00e1ja, arr\u00f3l \u00e1ltal\u00e1noss\u00e1gban az al\u00e1bbiak \u00e1rulkodnak:<\/strong><\/p><ul><li>a csapat egy\u00fcttm\u0171k\u00f6d\u0151 k\u00e9pess\u00e9ge<\/li><li>a szervezet elv\u00e1r\u00e1sai az egyes alkalmazottakkal szemben<\/li><li>a team mennyire sikeres a v\u00e1llalati c\u00e9lok el\u00e9r\u00e9s\u00e9ben<\/li><\/ul><p style=\"font-weight: 400;\">Saj\u00e1t tapasztalatunk szerint fontos jelz\u00e9s az is, hogy<\/p><ul><li>mennyire mernek megsz\u00f3lalni a r\u00e9sztvev\u0151k egy-egy meetingen<\/li><li>mennyire \u00e9rkeznek felk\u00e9sz\u00fclten a r\u00e9sztvev\u0151k, illetve a meeting vezet\u0151je, facilit\u00e1tora<\/li><li>megfigyelhet\u0151-e eg\u00e9szs\u00e9ges vita a r\u00e9sztvev\u0151k, ak\u00e1r vezet\u0151 \u00e9s beosztott k\u00f6z\u00f6tt is<\/li><li>milyen hangulatban z\u00e1rulnak a megbesz\u00e9l\u00e9sek hogyan fogalmaznak meg, illetve hogyan v\u00e1llalnak feladatot a r\u00e9sztvev\u0151k<\/li><li>van-e gyakorlatban is ut\u00e1nk\u00f6vethet\u0151 el\u0151rehalad\u00e1s k\u00e9t meeting k\u00f6z\u00f6tt<\/li><\/ul><p style=\"font-weight: 400;\">A j\u00f3 meeting kult\u00far\u00e1t az \u00e1tl\u00e1that\u00f3s\u00e1g, fenntarthat\u00f3s\u00e1g jellemzi, \u00e9s a megbesz\u00e9l\u00e9seket k\u00f6lcs\u00f6n\u00f6s tisztelet \u00e9s elsz\u00e1moltathat\u00f3s\u00e1g vez\u00e9rli. Mindenki, aki r\u00e9szt vesz a produkt\u00edv csoportos megbesz\u00e9l\u00e9seken, tiszt\u00e1ban van a szerep\u00e9vel, \u00e9s felel\u0151ss\u00e9g\u00e9rzettel rendelkezik az \u00e9rtekezletek etikettj\u00e9t illet\u0151en.<\/p><h2>Mi\u00e9rt jelent m\u00e9gis sok szervezet sz\u00e1m\u00e1ra probl\u00e9m\u00e1t a hat\u00e9kony \u201emeetingel\u00e9s\u201d?<\/h2><p style=\"font-weight: 400;\">A szervezeteken bel\u00fcl az emberek gyakran nem \u00e9rt\u00e9kelik sokra a megbesz\u00e9l\u00e9seket, pedig ez lenne az a t\u00e9r, ahol a szervezeti probl\u00e9m\u00e1kr\u00f3l, vagy projektekr\u0151l, feladatokr\u00f3l alkotott k\u00fcl\u00f6nb\u00f6z\u0151 v\u00e9lem\u00e9nyek, megl\u00e1t\u00e1sok a felsz\u00ednre ker\u00fclhetnek, vagy tiszt\u00e1z\u00f3dhatnak a f\u00e9lre\u00e9rt\u00e9sek. A hat\u00e9kony feladatmegold\u00e1s els\u0151 sz\u00e1m\u00fa felt\u00e9tele az, hogy a megfelel\u0151 inform\u00e1ci\u00f3 rendelkez\u00e9sre \u00e1lljon, ami legt\u00f6bbsz\u00f6r azt ig\u00e9nyli, hogy elmes\u00e9lj\u00fck egym\u00e1snak az elk\u00e9pzel\u00e9seinket. Sok alkalmazott p\u00e9ld\u00e1ul \u00fagy v\u00e9li, hogy az \u00e9rtekezletek id\u0151rabl\u00f3k, de v\u00e9lem\u00e9ny\u00fcket nem merik felv\u00e1llalni, ami azt eredm\u00e9nyezi, hogy ker\u00fcl\u0151utakat keresve meeting alatt is dolgoznak, vagy eleve lehangoltan \u00e9rkeznek, hiszen ahhoz szoktak hozz\u00e1, hogy a meeting egy k\u00f6telez\u0151 rossz, ami legt\u00f6bbsz\u00f6r nem v\u00e1ltja be a hozz\u00e1 f\u0171z\u00f6tt rem\u00e9nyeket.<\/p><p style=\"font-weight: 400;\">De nem csak az alkalmazottak, hanem a fels\u0151vezet\u0151k sz\u00e1m\u00e1ra is sokszor terhesek az egyeztet\u00e9sek. Egy amerikai kutat\u00e1s sor\u00e1n, melyben k\u00fcl\u00f6nb\u00f6z\u0151 ipar\u00e1gakb\u00f3l k\u00e9rdeztek meg 182 vezet\u0151t, az al\u00e1bbi eredm\u00e9nyeket kapt\u00e1k:<\/p><ul><li>65% mondta, hogy az \u00e9rtekezletek megakad\u00e1lyozz\u00e1k \u0151ket abban, hogy befejezz\u00e9k a saj\u00e1t munk\u00e1jukat<\/li><li>71% szerint a megbesz\u00e9l\u00e9sek nem produkt\u00edvak \u00e9s nem hat\u00e9konyak<\/li><li>64% v\u00e9li \u00fagy, hogy az \u00e9rtekezletek az elm\u00e9ly\u00fclt gondolkod\u00e1s rov\u00e1s\u00e1ra mennek<\/li><\/ul><p style=\"font-weight: 400;\"><strong>A probl\u00e9m\u00e1k okai \u00e1ltal\u00e1ban:<\/strong><\/p><ul><li>a nem hat\u00e9kony tervez\u00e9s<\/li><li>a meetingek alatt az \u00f6sszpontos\u00edt\u00e1s hi\u00e1nya<\/li><li>az \u00e9rtekezlet ut\u00e1n a nem megfelel\u0151 nyomonk\u00f6vet\u00e9s<\/li><\/ul>\t\t\t\t\t\t\t\t<\/div>\n\t\t\t\t<\/div>\n\t\t\t\t<div class=\"elementor-element elementor-element-5cba623 elementor-widget elementor-widget-image\" data-id=\"5cba623\" data-element_type=\"widget\" data-e-type=\"widget\" data-widget_type=\"image.default\">\n\t\t\t\t<div class=\"elementor-widget-container\">\n\t\t\t\t\t\t\t\t\t\t\t\t\t\t\t<img decoding=\"async\" width=\"1000\" height=\"667\" src=\"https:\/\/promanconsulting.hu\/wp-content\/uploads\/2023\/02\/meeting-kultura-fejlesztese.jpg\" class=\"attachment-large size-large wp-image-7283\" alt=\"A meeting kult\u00fara fejleszt\u00e9se minden szervezet sz\u00e1m\u00e1ra kulcsfontoss\u00e1g\u00fa.\" srcset=\"https:\/\/promanconsulting.hu\/wp-content\/uploads\/2023\/02\/meeting-kultura-fejlesztese.jpg 1000w, https:\/\/promanconsulting.hu\/wp-content\/uploads\/2023\/02\/meeting-kultura-fejlesztese-300x200.jpg 300w, https:\/\/promanconsulting.hu\/wp-content\/uploads\/2023\/02\/meeting-kultura-fejlesztese-768x512.jpg 768w\" sizes=\"(max-width: 1000px) 100vw, 1000px\" \/>\t\t\t\t\t\t\t\t\t\t\t\t\t\t\t<\/div>\n\t\t\t\t<\/div>\n\t\t\t\t<div class=\"elementor-element elementor-element-8cfab34 elementor-widget elementor-widget-text-editor\" data-id=\"8cfab34\" data-element_type=\"widget\" data-e-type=\"widget\" data-widget_type=\"text-editor.default\">\n\t\t\t\t<div class=\"elementor-widget-container\">\n\t\t\t\t\t\t\t\t\t<h2>Hogyan jav\u00edthat\u00f3 a meeting kult\u00fara?<\/h2><p style=\"font-weight: 400;\">N\u00e9zz\u00fcnk most meg n\u00e9h\u00e1ny hat\u00e9kony m\u00f3dszert, amely seg\u00edthet a meeting kult\u00fara fejleszt\u00e9s\u00e9ben.<\/p><ul><li>A megbesz\u00e9l\u00e9s el\u0151tt a meeting vezet\u0151je meghat\u00e1rozza az \u00e9rtekezlet c\u00e9ljait \u00e9s hogy milyen k\u00e9zzelfoghat\u00f3 eredm\u00e9nyeket v\u00e1r (pl.: d\u00f6nt\u00e9s X t\u00e9m\u00e1ban, az X projektre vonatkoz\u00f3 megval\u00f3s\u00edthat\u00f3 \u00f6tletek list\u00e1j\u00e1nak megvitat\u00e1sa stb.).<\/li><li>A vezet\u0151 az el\u00e9rni k\u00edv\u00e1nt eredm\u00e9nyeket haszn\u00e1lja fel annak meghat\u00e1roz\u00e1s\u00e1ra, hogy kiket h\u00edvjon meg a meetingre, \u00e9s hogyan \u00e9p\u00fclj\u00f6n fel annak napirendje.<\/li><li>A c\u00e9lokat, v\u00e1rt eredm\u00e9nyeket a megbesz\u00e9l\u00e9s vezet\u0151je a meeting elej\u00e9n is elmondja a r\u00e9sztvev\u0151knek, vagy m\u00e1r a meeting megh\u00edv\u00f3ban felt\u00fcnteti ezeket, ezzel is inform\u00e1lva a koll\u00e9g\u00e1kat arr\u00f3l, hogy mi\u00e9rt van sz\u00fcks\u00e9g a jelenl\u00e9t\u00fckre<\/li><li>Amennyiben a besz\u00e9lget\u00e9s elt\u00e9r a t\u00e1rgyt\u00f3l, a csapat b\u00e1rmelyik tagja felteheti a k\u00e9rd\u00e9st, hogy az elhangzottak mennyiben seg\u00edtik a meeting c\u00e9lj\u00e1nak el\u00e9r\u00e9s\u00e9t, ezzel visszaterelve a megsz\u00f3lal\u00e1sokat az aktu\u00e1lis t\u00e9m\u00e1hoz.<\/li><li>Az \u00e9rtekezlet v\u00e9g\u00e9n a csapat k\u00f6z\u00f6sen \u00e9rt\u00e9keli, hogy siker\u00fclt-e el\u00e9rni a k\u00edv\u00e1nt eredm\u00e9nyt.<\/li><\/ul><p style=\"font-weight: 400;\">\u00c9s:<\/p><ul><li>A szervezet tagjai a megfelel\u0151 tud\u00e1s birtok\u00e1ban vannak azt illet\u0151en, hogy:<ul><li>mik tartoznak a meetingvezet\u0151, vagy facilit\u00e1tor feladatai k\u00f6z\u00e9,<\/li><li>hogy hogyan kell a r\u00e9sztvev\u0151k \u00e9rzelmi \u00e1llapot\u00e1t \u00e9szlelni,<\/li><li>k\u00e9pesek a pszichol\u00f3giai biztons\u00e1g kialakul\u00e1s\u00e1t, fenntart\u00e1s\u00e1t t\u00e1mogatni fesz\u00fcltebb pillanatokban is,<\/li><li>hogyan \u00e9rdemes meeting c\u00e9lt \u00e9s feladatokat meghat\u00e1rozni, hogy a meetinget k\u00f6vet\u0151 munkav\u00e9gz\u00e9s min\u00e9l egy\u00e9rtelm\u0171 legyen mindenki sz\u00e1m\u00e1ra<\/li><\/ul><\/li><\/ul><p style=\"font-weight: 400;\">Mindezek eredm\u00e9nyorient\u00e1ltt\u00e1 \u00e9s hat\u00e9konny\u00e1 teszik a megbesz\u00e9l\u00e9seket mind a meeting-, mint pedig a munka- vagy projektc\u00e9lokra vonatkoz\u00f3an.<\/p><h3>Mikre \u00e9rdemes figyelni a meetingek megtervez\u00e9sekor?<\/h3><h4>Meeting el\u0151k\u00e9sz\u00edt\u00e9s<\/h4><p style=\"font-weight: 400;\">A folyamat kialak\u00edt\u00e1sa a megbesz\u00e9l\u00e9s megtervez\u00e9sekor l\u00e9tfontoss\u00e1g\u00fa. Ez adja meg a meeting alapj\u00e1t. Figyelmet kell ford\u00edtani t\u00f6bbek k\u00f6z\u00f6tt az \u00e9rtekezlet eredm\u00e9nyeinek megtervez\u00e9s\u00e9re, a megbesz\u00e9l\u00e9sek t\u00e9m\u00e1inak \u00e9s helysz\u00edneinek meghat\u00e1roz\u00e1s\u00e1ra, a napirend \u00f6ssze\u00e1ll\u00edt\u00e1s\u00e1ra. Ha e t\u00e9nyez\u0151k k\u00f6z\u00fcl egy vagy t\u00f6bb nem megfelel\u0151en van \u00f6sszehangolva, az kihat\u00e1ssal lesz a meeting t\u00f6bbi r\u00e9sz\u00e9re \u00e9s a megbesz\u00e9l\u00e9s ut\u00e1ni id\u0151szakra.<\/p><p style=\"font-weight: 400;\">Maga az el\u0151k\u00e9sz\u00edt\u00e9s f\u00e1zisa a teljes \u00fcl\u00e9sciklus nagyj\u00e1b\u00f3l 40%-\u00e1t teszi ki. A tal\u00e1lkoz\u00f3ra vonatkoz\u00f3 norm\u00e1k meghat\u00e1roz\u00e1sa \u00e9s a hat\u00e9kony tervez\u00e9s n\u00e9lk\u00fcl az eg\u00e9sz folyamat kudarcba fullad, \u00edgy a meeting kult\u00fara ezen szakasza a legfontosabb szempont.<\/p><p style=\"font-weight: 400;\"><strong>N\u00e9h\u00e1ny kulcsfontoss\u00e1g\u00fa dolog, amit egy megbesz\u00e9l\u00e9s el\u0151tt minden esetben el kell v\u00e9gezni:<\/strong><\/p><ul><li>A napirend meghat\u00e1roz\u00e1sa.<\/li><li>A megbesz\u00e9l\u00e9sen r\u00e9sztvev\u0151k kiv\u00e1laszt\u00e1sa.<\/li><li>Az \u00e9rtekezlet moder\u00e1tor\u00e1nak, facilit\u00e1tor\u00e1nak kijel\u00f6l\u00e9se.<\/li><li>Napt\u00e1ri megh\u00edv\u00f3 k\u00fcld\u00e9se.<\/li><li>Milyen jelleg\u0171 megbesz\u00e9l\u00e9s lesz?<\/li><li>Mi a tal\u00e1lkoz\u00f3 c\u00e9lja?<\/li><li>Mikor \u00e9s hol ker\u00fcl sor a megbesz\u00e9l\u00e9sre?<\/li><li>Mennyi ideig fog tartani az \u00e9rtekezlet?<\/li><\/ul><p style=\"font-weight: 400;\">Amennyiben ezeket a pontokat a megbesz\u00e9l\u00e9s el\u0151tt tiszt\u00e1zzuk, elker\u00fclhet\u0151k a stresszhelyzetek, a meglepet\u00e9sek, f\u00e9lre\u00e9rt\u00e9sek \u00e9s fennakad\u00e1sok.<\/p><p style=\"font-weight: 400;\">Vitathatatlanul az \u00e9rtekezletek el\u0151k\u00e9sz\u00edt\u00e9s\u00e9nek egyik legfontosabb t\u00e9nyez\u0151je, a napirend meghat\u00e1roz\u00e1sa.<\/p><p style=\"font-weight: 400;\">\u00a0<strong>A napirend az \u00e9rtekezlet strukt\u00far\u00e1ja, amely:<\/strong><\/p><ul><li>tartalmazza az \u00e9rtekezlet \u00f6sszes t\u00e1rgyal\u00e1si pontj\u00e1t \u00e9s cselekv\u00e9si pontj\u00e1t<\/li><li>seg\u00edti a f\u00f3kusz\u00e1lts\u00e1got<\/li><li>biztos\u00edtja, hogy a megbesz\u00e9l\u00e9s c\u00e9ljai id\u0151vesztes\u00e9g n\u00e9lk\u00fcl megval\u00f3suljanak (ez akkor lehets\u00e9ges, ha mindenki tudja, mi\u00e9rt van ott, mi fog t\u00f6rt\u00e9nni, \u00e9s mennyi ideig tart)<\/li><\/ul><h4>A meeting lebonyol\u00edt\u00e1sa<\/h4><p style=\"font-weight: 400;\">Ahhoz, hogy a megbesz\u00e9l\u00e9s sikeres legyen, sz\u00e1mos kulcsfontoss\u00e1g\u00fa ter\u00fcletre kell \u00f6sszpontos\u00edtani, t\u00f6bbek k\u00f6z\u00f6tt a hangnemre, a pontoss\u00e1gra, az elk\u00f6telezetts\u00e9gre \u00e9s a napirend k\u00f6vet\u00e9s\u00e9re. Ezek elengedhetetlenek ahhoz, hogy a v\u00e1llalaton bel\u00fcl megfelel\u0151 meeting kult\u00far\u00e1t teremts\u00fcnk, \u00e9s biztos\u00edtsuk, hogy minden egyes megbesz\u00e9l\u00e9s a tervek szerint, \u00e9rdekfesz\u00edt\u0151en \u00e9s mindenekel\u0151tt hat\u00e9konyan ker\u00fcljenek lebonyol\u00edt\u00e1sra. \u00c9rdemes a csapattal k\u00f6z\u00f6sen a meeting elej\u00e9n tiszt\u00e1zni, vagy r\u00f6viden elism\u00e9telni azokat a norm\u00e1kat, amelyeket k\u00f6vetve tiszteletteljes hangulatban, hat\u00e9konyan folyhat a megbesz\u00e9l\u00e9s.<\/p><h4>Ut\u00e1nk\u00f6vet\u00e9s<\/h4><p style=\"font-weight: 400;\">A megbesz\u00e9l\u00e9st k\u00f6vet\u0151 l\u00e9p\u00e9seket meghat\u00e1rozhatja az, hogy hogyan \u00e9rt v\u00e9get a megbesz\u00e9l\u00e9s, milyen int\u00e9zked\u00e9sekr\u0151l sz\u00fcletett d\u00f6nt\u00e9s, \u00e9s hogy sz\u00fcks\u00e9g van-e b\u00e1rmilyen ut\u00f3k\u00f6vet\u00e9sre.<\/p><p style=\"font-weight: 400;\"><strong>A meeting ut\u00f3k\u00f6vet\u00e9se lehet p\u00e9ld\u00e1ul:<\/strong><\/p><ul><li>egy \u00f6sszefoglal\u00f3 e-mail<\/li><li>a sz\u00fcks\u00e9ges k\u00f6vetkez\u0151 l\u00e9p\u00e9sek meghat\u00e1roz\u00e1sa<\/li><li>visszajelz\u00e9s \u0171rlapon stb.<\/li><\/ul><p style=\"font-weight: 400;\">Fontos, hogy az \u00e9rtekezletet k\u00f6vet\u0151en a r\u00e9sztvev\u0151k tudj\u00e1k, mi a feladatuk, \u00e9s a vezet\u0151s\u00e9g is tiszt\u00e1ban legyen az el\u00e9rt c\u00e9lokkal.<\/p><p style=\"font-weight: 400;\">Amennyiben egy meeting pozit\u00edvan z\u00e1rul, d\u00f6nt\u00e9sek sz\u00fcletnek, \u00e9s a k\u00f6vetkez\u0151 l\u00e9p\u00e9sekr\u0151l is sz\u00f3 esik, akkor a megbesz\u00e9l\u00e9s el\u00e9rte a c\u00e9lj\u00e1t. Amennyiben viszont a megbesz\u00e9l\u00e9s \u00fagy \u00e9r v\u00e9get, hogy a r\u00e9sztvev\u0151k frusztr\u00e1ltnak, d\u00fch\u00f6snek, vagy \u00e9pp kimer\u00fcltnek, lehangoltnak \u00e9rzik magukat, ez val\u00f3sz\u00edn\u0171leg kihat a j\u00f6v\u0151beli megbesz\u00e9l\u00e9sekre, \u00e9s zavarokat okozhat a csapatok k\u00f6z\u00f6tt, v\u00e9gs\u0151 soron pedig rombol\u00f3lag hat a meeting kult\u00far\u00e1ra.<\/p>\t\t\t\t\t\t\t\t<\/div>\n\t\t\t\t<\/div>\n\t\t\t\t<div class=\"elementor-element elementor-element-8fca303 elementor-widget elementor-widget-image\" data-id=\"8fca303\" data-element_type=\"widget\" data-e-type=\"widget\" data-widget_type=\"image.default\">\n\t\t\t\t<div class=\"elementor-widget-container\">\n\t\t\t\t\t\t\t\t\t\t\t\t\t\t\t<img decoding=\"async\" width=\"1000\" height=\"667\" src=\"https:\/\/promanconsulting.hu\/wp-content\/uploads\/2023\/02\/meeting-kultura-fejlesztes-elonyei.jpg\" class=\"attachment-large size-large wp-image-7285\" alt=\"\" srcset=\"https:\/\/promanconsulting.hu\/wp-content\/uploads\/2023\/02\/meeting-kultura-fejlesztes-elonyei.jpg 1000w, https:\/\/promanconsulting.hu\/wp-content\/uploads\/2023\/02\/meeting-kultura-fejlesztes-elonyei-300x200.jpg 300w, https:\/\/promanconsulting.hu\/wp-content\/uploads\/2023\/02\/meeting-kultura-fejlesztes-elonyei-768x512.jpg 768w\" sizes=\"(max-width: 1000px) 100vw, 1000px\" \/>\t\t\t\t\t\t\t\t\t\t\t\t\t\t\t<\/div>\n\t\t\t\t<\/div>\n\t\t\t\t<div class=\"elementor-element elementor-element-ba5f59c elementor-widget elementor-widget-text-editor\" data-id=\"ba5f59c\" data-element_type=\"widget\" data-e-type=\"widget\" data-widget_type=\"text-editor.default\">\n\t\t\t\t<div class=\"elementor-widget-container\">\n\t\t\t\t\t\t\t\t\t<h2>Mikor besz\u00e9lhet\u00fcnk sikeres meetingr\u0151l?<\/h2><p style=\"font-weight: 400;\">Ahogy arr\u00f3l m\u00e1r arr\u00f3l sz\u00f3t ejtett\u00fcnk, a j\u00f3 meetingnek van c\u00e9lja \u00e9s eredm\u00e9nye. Ha nincsenek c\u00e9lok, akkor az eg\u00e9sz csak id\u0151pazarl\u00e1s. Ez\u00e9rt annak meg\u00e1llap\u00edt\u00e1s\u00e1hoz, hogy egy megbesz\u00e9l\u00e9s sikeres volt-e, vagy sem, fontos figyelembe venni a k\u00f6vetkez\u0151ket:<\/p><ul><li>El\u00e9rt\u00fck-e a c\u00e9lt? Hogyan \u00e9rt\u00fck el?<\/li><li>Mi\u00e9rt nem siker\u00fclt el\u00e9rni a c\u00e9lt?<\/li><li>Visszajelz\u00e9sek gy\u0171jt\u00e9se arr\u00f3l, hogy milyen volt az \u00e9rtekezlet a r\u00e9sztvev\u0151k sz\u00e1m\u00e1ra. Legjobb, ha k\u00e9r\u00e9s n\u00e9lk\u00fcl kapunk visszajelz\u00e9st az \u00e9rtekezletr\u0151l.<\/li><\/ul><p style=\"font-weight: 400;\">Annak meg\u00e9rt\u00e9se, hogy a megbesz\u00e9l\u00e9s el\u00e9rte-e a kit\u0171z\u00f6tt c\u00e9lokat, r\u00e9szben seg\u00edt azonos\u00edtani, hogy van-e probl\u00e9ma a meeting kult\u00far\u00e1val \u00e9s megtenni a l\u00e9p\u00e9seket a jav\u00edt\u00e1sa \u00e9rdek\u00e9ben. A meeting kult\u00fara kialak\u00edt\u00e1sa nem felt\u00e9tlen\u00fcl bonyolult, de hosszadalmas feladat lehet, hiszen a legt\u00f6bb esetben az \u00faj norm\u00e1k ment\u00e9n t\u00f6rt\u00e9n\u0151 tudatos viselked\u00e9sv\u00e1ltoz\u00e1st k\u00edv\u00e1n mind a munkav\u00e1llal\u00f3kt\u00f3l, mind a vezet\u0151kt\u0151l, amely visszajelz\u00e9sekre \u00e9s \u00f6nvizsg\u00e1latra \u00e9p\u00fcl.<\/p><p style=\"font-weight: 400;\"><strong>Ha \u00d6n is fontosnak tartja, hogy vezet\u0151k\u00e9nt folyamatosan k\u00e9pezze mag\u00e1t \u00fczleti sikerei \u00e9rdek\u00e9ben, eredm\u00e9nyeket szeretne el\u00e9rni a szervezeti \u00e9s meeting kult\u00fara fejleszt\u00e9s\u00e9ben, akkor tekintse meg aktu\u00e1lis <\/strong><span style=\"color: #0000ff;\"><a style=\"color: #0000ff;\" href=\"https:\/\/promanconsulting.hu\/vezetoknek-ajanlott-kepzesek\/\"><strong>vezet\u0151knek aj\u00e1nlott k\u00e9pz\u00e9seinket<\/strong><\/a><\/span><strong>!<\/strong><\/p>\t\t\t\t\t\t\t\t<\/div>\n\t\t\t\t<\/div>\n\t\t\t\t\t<\/div>\n\t\t<\/div>\n\t\t\t\t\t<\/div>\n\t\t<\/section>\n\t\t\t\t<\/div>\n\t\t","protected":false},"excerpt":{"rendered":"<p>Mi\u00e9rt \u00e9rdemes a meeting kult\u00fara fejleszt\u00e9s\u00e9re f\u00f3kusz\u00e1lni? Ak\u00e1r egy v\u00e1llalatot fejleszt\u00fcnk, ak\u00e1r csapatot vezet\u00fcnk, fontos, hogy a meeting kult\u00fara egy tudatosan kezelt, folyamatosan ut\u00e1nk\u00f6vetett elemm\u00e9 v\u00e1lhasson. Sajnos sok csapat k\u00fczd azzal, hogy a meetingek nem el\u00e9g hat\u00e9konyak, ami jelent\u0151s id\u0151-, energia-, p\u00e9nzpazarl\u00e1st jelent. Cikk\u00fcnkben most megn\u00e9zz\u00fck, hogy mi\u00e9rt is kell figyelmet ford\u00edtani a j\u00f3 meeting [&hellip;]<\/p>\n","protected":false},"author":5,"featured_media":7278,"comment_status":"closed","ping_status":"closed","sticky":false,"template":"","format":"standard","meta":{"footnotes":""},"categories":[206],"tags":[256,257,234],"class_list":["post-7277","post","type-post","status-publish","format-standard","has-post-thumbnail","hentry","category-szervezetfejlesztes-egyeb","tag-meeting","tag-meetingkultura","tag-szervezeti-kultura","entry","has-media"],"_links":{"self":[{"href":"https:\/\/promanconsulting.hu\/en\/wp-json\/wp\/v2\/posts\/7277","targetHints":{"allow":["GET"]}}],"collection":[{"href":"https:\/\/promanconsulting.hu\/en\/wp-json\/wp\/v2\/posts"}],"about":[{"href":"https:\/\/promanconsulting.hu\/en\/wp-json\/wp\/v2\/types\/post"}],"author":[{"embeddable":true,"href":"https:\/\/promanconsulting.hu\/en\/wp-json\/wp\/v2\/users\/5"}],"replies":[{"embeddable":true,"href":"https:\/\/promanconsulting.hu\/en\/wp-json\/wp\/v2\/comments?post=7277"}],"version-history":[{"count":20,"href":"https:\/\/promanconsulting.hu\/en\/wp-json\/wp\/v2\/posts\/7277\/revisions"}],"predecessor-version":[{"id":7442,"href":"https:\/\/promanconsulting.hu\/en\/wp-json\/wp\/v2\/posts\/7277\/revisions\/7442"}],"wp:featuredmedia":[{"embeddable":true,"href":"https:\/\/promanconsulting.hu\/en\/wp-json\/wp\/v2\/media\/7278"}],"wp:attachment":[{"href":"https:\/\/promanconsulting.hu\/en\/wp-json\/wp\/v2\/media?parent=7277"}],"wp:term":[{"taxonomy":"category","embeddable":true,"href":"https:\/\/promanconsulting.hu\/en\/wp-json\/wp\/v2\/categories?post=7277"},{"taxonomy":"post_tag","embeddable":true,"href":"https:\/\/promanconsulting.hu\/en\/wp-json\/wp\/v2\/tags?post=7277"}],"curies":[{"name":"wp","href":"https:\/\/api.w.org\/{rel}","templated":true}]}}