{"id":7021,"date":"2022-12-19T07:32:40","date_gmt":"2022-12-19T07:32:40","guid":{"rendered":"https:\/\/promanconsulting.hu\/?p=7021"},"modified":"2023-05-17T19:05:45","modified_gmt":"2023-05-17T19:05:45","slug":"conflict-management","status":"publish","type":"post","link":"https:\/\/promanconsulting.hu\/en\/konfliktuskezeles\/","title":{"rendered":"Conflict management in project management"},"content":{"rendered":"\t\t<div data-elementor-type=\"wp-post\" data-elementor-id=\"7021\" class=\"elementor elementor-7021\" data-elementor-settings=\"{&quot;ha_cmc_init_switcher&quot;:&quot;no&quot;}\" data-elementor-post-type=\"post\">\n\t\t\t\t\t\t<section class=\"elementor-section elementor-top-section elementor-element elementor-element-167538e2 elementor-section-boxed elementor-section-height-default elementor-section-height-default\" data-id=\"167538e2\" data-element_type=\"section\" data-e-type=\"section\" data-settings=\"{&quot;jet_parallax_layout_list&quot;:[{&quot;jet_parallax_layout_image&quot;:{&quot;url&quot;:&quot;&quot;,&quot;id&quot;:&quot;&quot;,&quot;size&quot;:&quot;&quot;},&quot;_id&quot;:&quot;da11ba3&quot;,&quot;jet_parallax_layout_image_tablet&quot;:{&quot;url&quot;:&quot;&quot;,&quot;id&quot;:&quot;&quot;,&quot;size&quot;:&quot;&quot;},&quot;jet_parallax_layout_image_mobile&quot;:{&quot;url&quot;:&quot;&quot;,&quot;id&quot;:&quot;&quot;,&quot;size&quot;:&quot;&quot;},&quot;jet_parallax_layout_speed&quot;:{&quot;unit&quot;:&quot;%&quot;,&quot;size&quot;:50,&quot;sizes&quot;:[]},&quot;jet_parallax_layout_type&quot;:&quot;scroll&quot;,&quot;jet_parallax_layout_direction&quot;:&quot;1&quot;,&quot;jet_parallax_layout_fx_direction&quot;:null,&quot;jet_parallax_layout_z_index&quot;:&quot;&quot;,&quot;jet_parallax_layout_bg_x&quot;:50,&quot;jet_parallax_layout_bg_x_tablet&quot;:&quot;&quot;,&quot;jet_parallax_layout_bg_x_mobile&quot;:&quot;&quot;,&quot;jet_parallax_layout_bg_y&quot;:50,&quot;jet_parallax_layout_bg_y_tablet&quot;:&quot;&quot;,&quot;jet_parallax_layout_bg_y_mobile&quot;:&quot;&quot;,&quot;jet_parallax_layout_bg_size&quot;:&quot;auto&quot;,&quot;jet_parallax_layout_bg_size_tablet&quot;:&quot;&quot;,&quot;jet_parallax_layout_bg_size_mobile&quot;:&quot;&quot;,&quot;jet_parallax_layout_animation_prop&quot;:&quot;transform&quot;,&quot;jet_parallax_layout_on&quot;:[&quot;desktop&quot;,&quot;tablet&quot;]}],&quot;_ha_eqh_enable&quot;:false}\">\n\t\t\t\t\t\t<div class=\"elementor-container elementor-column-gap-default\">\n\t\t\t\t\t<div class=\"elementor-column elementor-col-100 elementor-top-column elementor-element elementor-element-4773b297\" data-id=\"4773b297\" data-element_type=\"column\" data-e-type=\"column\">\n\t\t\t<div class=\"elementor-widget-wrap elementor-element-populated\">\n\t\t\t\t\t\t<div class=\"elementor-element elementor-element-cba2f88 elementor-widget elementor-widget-text-editor\" data-id=\"cba2f88\" data-element_type=\"widget\" data-e-type=\"widget\" data-widget_type=\"text-editor.default\">\n\t\t\t\t<div class=\"elementor-widget-container\">\n\t\t\t\t\t\t\t\t\t<p><span style=\"font-weight: 400;\">A projektekben k\u00fcl\u00f6nb\u00f6z\u0151 tud\u00e1ssal \u00e9s tapasztalattal, v\u00e9lem\u00e9nnyel, elv\u00e1r\u00e1sokkal, \u00e9rt\u00e9kekkel \u00e9s munkam\u00f3dszerekkel rendelkez\u0151 emberek vesznek r\u00e9szt, akik egy k\u00f6z\u00f6s projektc\u00e9l \u00e9rdek\u00e9ben dolgoznak. Ez\u00e9rt egy bizonyos ponton elker\u00fclhetetlen, hogy konfliktusok alakuljanak ki. Amennyiben ezekre nem tal\u00e1lunk megold\u00e1st, az az eg\u00e9sz projekt \u00e9let\u00e9re hat\u00e1ssal lehet, vesz\u00e9lyeztetheti sikeress\u00e9g\u00e9t. \u00cdr\u00e1sunkban most a konfliktuskezel\u00e9ssel kapcsolatos legfontosabb tudnival\u00f3kat mutatjuk be, azokat a hat\u00e9kony strat\u00e9gi\u00e1kat, melyek feloldhatj\u00e1k a vit\u00e1s helyzeteket.<\/span><\/p>\t\t\t\t\t\t\t\t<\/div>\n\t\t\t\t<\/div>\n\t\t\t\t<div class=\"elementor-element elementor-element-2656966 elementor-widget elementor-widget-image\" data-id=\"2656966\" data-element_type=\"widget\" data-e-type=\"widget\" data-widget_type=\"image.default\">\n\t\t\t\t<div class=\"elementor-widget-container\">\n\t\t\t\t\t\t\t\t\t\t\t\t\t\t\t<img fetchpriority=\"high\" decoding=\"async\" width=\"1000\" height=\"667\" src=\"https:\/\/promanconsulting.hu\/wp-content\/uploads\/2022\/12\/konfliktuskezeles.jpg\" class=\"attachment-full size-full wp-image-7022\" alt=\"A konfliktuskezel\u00e9s fogalma a vit\u00e1k felismer\u00e9s\u00e9nek \u00e9s racion\u00e1lis, kiegyens\u00falyozott \u00e9s hat\u00e9kony kezel\u00e9s\u00e9nek gyakorlat\u00e1t takarja.\" srcset=\"https:\/\/promanconsulting.hu\/wp-content\/uploads\/2022\/12\/konfliktuskezeles.jpg 1000w, https:\/\/promanconsulting.hu\/wp-content\/uploads\/2022\/12\/konfliktuskezeles-300x200.jpg 300w, https:\/\/promanconsulting.hu\/wp-content\/uploads\/2022\/12\/konfliktuskezeles-768x512.jpg 768w\" sizes=\"(max-width: 1000px) 100vw, 1000px\" \/>\t\t\t\t\t\t\t\t\t\t\t\t\t\t\t<\/div>\n\t\t\t\t<\/div>\n\t\t\t\t<div class=\"elementor-element elementor-element-40662c0 elementor-widget elementor-widget-text-editor\" data-id=\"40662c0\" data-element_type=\"widget\" data-e-type=\"widget\" data-widget_type=\"text-editor.default\">\n\t\t\t\t<div class=\"elementor-widget-container\">\n\t\t\t\t\t\t\t\t\t<h2>Mit jelent a konfliktuskezel\u00e9s a projektmenedzsmentben?<\/h2><p><span style=\"font-weight: 400;\">A konfliktuskezel\u00e9s projekt k\u00f6rnyezetben megk\u00f6veteli a probl\u00e9mamegold\u00e1s, a kompromisszumk\u00f6t\u00e9s, a szem\u00e9lyis\u00e9gbeli n\u00e9zetelt\u00e9r\u00e9sek rendez\u00e9s\u00e9nek \u00e9s a konfliktusok felold\u00e1s\u00e1nak k\u00e9pess\u00e9g\u00e9t.\u00a0<\/span><\/p><p><span style=\"font-weight: 400;\">A konfliktuskezel\u00e9s fogalma teh\u00e1t a vit\u00e1k felismer\u00e9s\u00e9nek \u00e9s racion\u00e1lis, kiegyens\u00falyozott \u00e9s hat\u00e9kony kezel\u00e9s\u00e9nek gyakorlat\u00e1t takarja.<\/span><\/p><p><span style=\"font-weight: 400;\">Mivel jellemz\u0151en a projektmenedzserek felel\u0151sek a visz\u00e1lyok enyh\u00edt\u00e9s\u00e9\u00e9rt, ez\u00e9rt elengedhetetlen, hogy min\u00e9l ink\u00e1bb a vit\u00e1s helyzetek megold\u00e1s\u00e1nak mestereiv\u00e9 v\u00e1ljanak.<\/span><\/p><h2>Milyen t\u00edpus\u00fa konfliktusok jelentkezhetnek a projekt sor\u00e1n?<\/h2><p><span style=\"font-weight: 400;\">A konfliktusok k\u00fcl\u00f6nb\u00f6z\u0151 form\u00e1kban jelennek meg, \u00e9s ak\u00e1r pillanatok alatt kibillenthetik a projektet az egyens\u00faly\u00e1b\u00f3l. A n\u00e9zetelt\u00e9r\u00e9sek gyakorlatilag b\u00e1rmib\u0151l ad\u00f3dhatnak: lehetnek \u00e9rzelmi alap\u00faak, a kommunik\u00e1ci\u00f3s st\u00edlussal \u00f6sszef\u00fcgg\u0151ek, szem\u00e9lyis\u00e9gekkel, munkam\u00f3dszerekkel kapcsolatosak.<\/span><\/p><p><span style=\"font-weight: 400;\">N\u00e9zz\u00fck most meg, hogy milyen t\u00edpus\u00fa probl\u00e9m\u00e1kkal tal\u00e1lkozhatunk!<\/span><\/p><h3>1. A kommunik\u00e1ci\u00f3 hi\u00e1nya<\/h3><p><span style=\"font-weight: 400;\">Sokszor el\u0151fordul, hogy a csapattagok kiz\u00e1r\u00f3lag a saj\u00e1t munk\u00e1jukra koncentr\u00e1lnak \u00e9s nincsenek tiszt\u00e1ban azzal, hogy m\u00e1sok hol tartanak a feladataikkal. A kommunik\u00e1ci\u00f3 hi\u00e1nya megakaszthatja a projektek el\u0151rehalad\u00e1s\u00e1t.\u00a0<\/span><\/p><p><span style=\"font-weight: 400;\">Ahhoz, hogy val\u00f3ban mindenki egy oldalon \u00e1lljon \u00e9s azonos ir\u00e1nyba haladjon, elker\u00fclhetetlen a rendszeres kommunik\u00e1ci\u00f3.<\/span><\/p><h3>2. Szem\u00e9lyis\u00e9gb\u0151l ad\u00f3d\u00f3 konfliktusok<\/h3><p><span style=\"font-weight: 400;\">Egy projektcsapatnak k\u00fcl\u00f6nb\u00f6z\u0151 szem\u00e9lyis\u00e9g\u0171 tagjai vannak. Egyesek lehetnek introvert\u00e1ltak, m\u00edg m\u00e1sok extrovert\u00e1ltak. R\u00e9szt vehetnek a munk\u00e1ban k\u00fcl\u00f6nb\u00f6z\u0151 kult\u00far\u00e1b\u00f3l \u00e9rkez\u0151, m\u00e1s nyelvet besz\u00e9l\u0151 emberek, valamint olyanok, akik gyorsan meg\u00e9rtenek mindent \u00e9s akik nehezebben tanulnak. Ezek a k\u00fcl\u00f6nbs\u00e9gek egy bizonyos ponton f\u00e9lre\u00e9rt\u00e9sekhez, t\u00e9ves elk\u00e9pzel\u00e9sekhez vezethetnek \u00e9s konfliktusokba torkollhatnak.<\/span><\/p><p><span style=\"font-weight: 400;\">Egy csapattag p\u00e9ld\u00e1ul tiszteletlennek vagy arrog\u00e1nsnak tal\u00e1lhatja t\u00e1rsa egyik megjegyz\u00e9s\u00e9t. K\u00e9nyelmetlen\u00fcl \u00e9rezheti mag\u00e1t az \u00e9rintett szem\u00e9llyel folytatott besz\u00e9lget\u00e9sek sor\u00e1n. Ez megnehez\u00edtheti a mindennapos munk\u00e1t, folyamatos konfront\u00e1ci\u00f3hoz \u00e9s a hat\u00e9konys\u00e1g elveszt\u00e9s\u00e9hez vezethet.<\/span><\/p><h3>3. Munkast\u00edlusbeli k\u00fcl\u00f6nbs\u00e9gek<\/h3><p><span style=\"font-weight: 400;\">A projektek sor\u00e1n a csapattagok m\u00e1s \u00e9s m\u00e1s feladatokat v\u00e9geznek \u00e9s mindenkinek elt\u00e9r\u0151 a munkast\u00edlusa. Egyesek gyorsan dolgoznak, v\u00e1llalj\u00e1k az egy\u00e9ni felel\u0151ss\u00e9get, m\u00edg m\u00e1sok t\u00f6bb \u00fatmutat\u00e1st ig\u00e9nyelnek, lassabban haladnak \u00e9s nem v\u00e1llalj\u00e1k fel esetlegesen a hib\u00e1ikat. Az elt\u00e9r\u0151 munkast\u00edlusok akad\u00e1lyozhatj\u00e1k a projekt halad\u00e1s\u00e1t. Ha a projekt nem a tervezett \u00fctemben megy, \u00e9s az \u00fat v\u00e9gtelennek t\u0171nik, elker\u00fclhetetlen\u00fcl konfliktusok alakulnak ki. V\u00e1daskod\u00e1sokat, f\u00e9lre\u00e9rt\u00e9seket \u00e9s z\u0171rzavart sz\u00fcl.<\/span><\/p><h3>4. A nem egy\u00e9rtelm\u0171 feladat v\u00e9grehajt\u00e1s miatti konfliktusok<\/h3><p><span style=\"font-weight: 400;\">Sokszor ad\u00f3dik olyan helyzet, hogy csapattagok nincsenek pontosan tiszt\u00e1ban a teend\u0151kkel a projektfeladatok kapcs\u00e1n. Mivel nincsen egy egzakt terv, amit k\u00f6vethetn\u00e9nek, a taskok kezel\u00e9se v\u00e9letlenszer\u0171en t\u00f6rt\u00e9nik. Ez az\u00e9rt okozhat neh\u00e9zs\u00e9get, mert el\u0151fordul, hogy a csapat egyik r\u00e9sze bizonyos ir\u00e1nyba halad, m\u00edg a m\u00e1sik \u00e9pp az ellenkez\u0151be. Ez konfliktusokat gener\u00e1l \u00e9s a befoly\u00e1solja a projekt eredm\u00e9nyess\u00e9g\u00e9t.<\/span><\/p><h3>5. A rossz vezet\u00e9s miatti konfliktusok<\/h3><p><span style=\"font-weight: 400;\">A csapatvezet\u0151k feladata a projektben r\u00e9sztvev\u0151k megfelel\u0151 ir\u00e1nyba terel\u00e9se m\u00e9rhet\u0151 c\u00e9lok kit\u0171z\u00e9s\u00e9vel, a feladatok eloszt\u00e1s\u00e1val \u00e9s a munka el\u0151rehalad\u00e1s\u00e1nak nyomon k\u00f6vet\u00e9s\u00e9vel. A csapatb\u00f3l \u00fagy hozhatjuk ki a legt\u00f6bbet, ha folyamatosan b\u00e1tor\u00edtjuk \u00e9s motiv\u00e1ljuk \u0151ket. Ez biztos\u00edtja, hogy a projektfeladatokat minden probl\u00e9ma n\u00e9lk\u00fcl, id\u0151ben teljes\u00edts\u00e9k. El\u0151fordulhat ugyanakkor, hogy a vezet\u0151 ezt nem ismeri fel, ebben az esetben a projekt nem tud sikeres lenni.<\/span><\/p><h3>6. Konfliktusok a k\u00f6lts\u00e9gvet\u00e9ssel kapcsolatban<\/h3><p><span style=\"font-weight: 400;\">Minden projektnek megvannak a meghat\u00e1rozott er\u0151forr\u00e1sai, mint p\u00e9ld\u00e1ul a munkaer\u0151, az eszk\u00f6z\u00f6k, szoftverek stb. Ezek a projekt v\u00e9grehajt\u00e1si f\u00e1zis\u00e1ban egy\u00e9rtelm\u0171 k\u00f6lts\u00e9gvet\u00e9si allok\u00e1ci\u00f3t ig\u00e9nyelnek. Sok szervezet azonban k\u00f6lts\u00e9gcs\u00f6kkent\u00e9shez folyamodik, ezzel akad\u00e1lyozva a projektfolyamatot.\u00a0<\/span><\/p><p><span style=\"font-weight: 400;\">Az eszk\u00f6zbeszerz\u00e9s k\u00e9sik, nem ker\u00fcl sor \u00faj ember felv\u00e9tel\u00e9re stb. Tov\u00e1bb\u00e1 egyes csapatok t\u00f6bb k\u00f6lts\u00e9gvet\u00e9st kapnak, m\u00edg m\u00e1sok, a teljes k\u00f6lts\u00e9gvet\u00e9s csek\u00e9ly r\u00e9sz\u00e9b\u0151l gazd\u00e1lkodhatnak, ami konfliktusokhoz vezet a projektvezet\u0151k k\u00f6z\u00f6tt. <\/span><\/p>\t\t\t\t\t\t\t\t<\/div>\n\t\t\t\t<\/div>\n\t\t\t\t<div class=\"elementor-element elementor-element-1e0c985 elementor-widget elementor-widget-image\" data-id=\"1e0c985\" data-element_type=\"widget\" data-e-type=\"widget\" data-widget_type=\"image.default\">\n\t\t\t\t<div class=\"elementor-widget-container\">\n\t\t\t\t\t\t\t\t\t\t\t\t\t\t\t<img decoding=\"async\" width=\"1000\" height=\"650\" src=\"https:\/\/promanconsulting.hu\/wp-content\/uploads\/2022\/12\/konfliktuskezeles-modszerei.jpg\" class=\"attachment-large size-large wp-image-7024\" alt=\"A konfliktuskezel\u00e9s m\u00f3dszerei k\u00f6z\u00f6tt sz\u00e1mos j\u00f3l bev\u00e1lt strat\u00e9gi\u00e1t tal\u00e1lunk.\" srcset=\"https:\/\/promanconsulting.hu\/wp-content\/uploads\/2022\/12\/konfliktuskezeles-modszerei.jpg 1000w, https:\/\/promanconsulting.hu\/wp-content\/uploads\/2022\/12\/konfliktuskezeles-modszerei-300x195.jpg 300w, https:\/\/promanconsulting.hu\/wp-content\/uploads\/2022\/12\/konfliktuskezeles-modszerei-768x499.jpg 768w\" sizes=\"(max-width: 1000px) 100vw, 1000px\" \/>\t\t\t\t\t\t\t\t\t\t\t\t\t\t\t<\/div>\n\t\t\t\t<\/div>\n\t\t\t\t<div class=\"elementor-element elementor-element-4984414 elementor-widget elementor-widget-text-editor\" data-id=\"4984414\" data-element_type=\"widget\" data-e-type=\"widget\" data-widget_type=\"text-editor.default\">\n\t\t\t\t<div class=\"elementor-widget-container\">\n\t\t\t\t\t\t\t\t\t<h2>A konfliktuskezel\u00e9s m\u00f3dszerei<\/h2><p><span style=\"font-weight: 400;\">Mindenkinek m\u00e1s \u00e9s m\u00e1s a prefer\u00e1lt konfliktuskezel\u00e9si met\u00f3dusa. Kenneth L. Thomas \u00e9s Ralph H. Kilmann pszichol\u00f3gusok szerint \u00f6t konfliktuskezel\u00e9si strat\u00e9gia k\u00fcl\u00f6n\u00edthet\u0151 el, ezek meg\u00e9rt\u00e9se seg\u00edthet el\u0151bbre vinni egy projektet vagy csapatot, ha konfliktusra ker\u00fcl sor.<\/span><\/p><h3>1. strat\u00e9gia &#8211; Elker\u00fcl\u00e9s<\/h3><p><span style=\"font-weight: 400;\">Ilyenkor az emberek igyekeznek kivonulni a konfliktusb\u00f3l, vagy figyelmen k\u00edv\u00fcl hagyni azt. \u00c1ltal\u00e1ban az\u00e9rt, mert a konfront\u00e1ci\u00f3 miatt \u00e9rzett kellemetlen \u00e9rz\u00e9s fel\u00fclm\u00falja a konfliktus megold\u00e1s\u00e1nak lehets\u00e9ges haszn\u00e1t. A probl\u00e9ma az, hogy ez a strat\u00e9gia nem igaz\u00e1n oldja meg a vit\u00e1s helyzetet, mivel g\u00e1tat szab a kommunik\u00e1ci\u00f3nak.<\/span><\/p><h3>2. strat\u00e9gia &#8211; Verseng\u00e9s<\/h3><p><span style=\"font-weight: 400;\">Azok az emberek, akik ink\u00e1bb a t\u00fals\u00e1gosan asszert\u00edv konfliktuskezel\u00e9s h\u00edvei, mintsem egy\u00fcttm\u0171k\u00f6d\u0151ek, a gy\u0151zelem sz\u00e1nd\u00e9k\u00e1val mennek bele a konfliktusmegold\u00e1sba. Felt\u00e9telezik, hogy az egyik szem\u00e9ly nyer, a m\u00e1sik pedig vesz\u00edt, ezzel kiszor\u00edtva minden es\u00e9lyt arra, hogy m\u00e1s n\u00e9z\u0151pontot l\u00e1ssanak meg. Emiatt ez \u00e1ltal\u00e1ban nem j\u00f3 strat\u00e9gia a csoporton bel\u00fcli konfliktusok megold\u00e1s\u00e1ra.<\/span><\/p><h3>3. strat\u00e9gia &#8211; Alkalmazkod\u00e1s<\/h3><p><span style=\"font-weight: 400;\">Ha enged\u00fcnk a m\u00e1sik k\u00edv\u00e1ns\u00e1gainak, elv\u00e1r\u00e1sainak vagy k\u00f6vetel\u00e9seinek, akkor egy\u00fcttm\u0171k\u00f6d\u0151ek vagyunk, de nem asszert\u00edvak. B\u00e1r k\u00edv\u00fclr\u0151l ez pozit\u00edvnak t\u0171nhet, de ha valaki csak a b\u00e9ke fenntart\u00e1sa \u00e9rdek\u00e9ben enged, az nem felt\u00e9tlen\u00fcl hasznos. Nem mindig vezet a probl\u00e9ma kiel\u00e9g\u00edt\u0151 megold\u00e1s\u00e1hoz, \u00e9s nyitva hagyja a kaput a csoport asszert\u00edvabb tagjai el\u0151tt, hogy \u00e1tvegy\u00e9k az ir\u00e1ny\u00edt\u00e1st.<\/span><\/p><h3>4. strat\u00e9gia &#8211; Egy\u00fcttm\u0171k\u00f6d\u00e9s<\/h3><p><span style=\"font-weight: 400;\">A legt\u00f6bb projektvezet\u0151 ezt a strat\u00e9gi\u00e1t alkalmazza. Egyszerre egy\u00fcttm\u0171k\u00f6d\u0151 \u00e9s asszert\u00edv, lehet\u0151v\u00e9 teszi a csoport minden tagj\u00e1nak, hogy hozz\u00e1sz\u00f3ljon, majd a probl\u00e9m\u00e1kat egy olyan k\u00f6z\u00f6s megold\u00e1s kialak\u00edt\u00e1s\u00e1val oldja meg, amelyet mindenki t\u00e1mogatni tud.<\/span><\/p><h3>5. strat\u00e9gia &#8211; Kompromisszumk\u00e9szs\u00e9g<\/h3><p><span style=\"font-weight: 400;\">Az utols\u00f3 strat\u00e9gia hasonl\u00f3 az el\u0151z\u0151h\u00f6z, de ebben az esetben az illet\u0151 csak f\u00e9lig-meddig asszert\u00edv \u00e9s egy\u00fcttm\u0171k\u00f6d\u0151. A koncepci\u00f3 l\u00e9nyege, hogy a csoport minden tagja lemond valamir\u0151l, \u00edgy egyik tag sem kap meg mindent. Ezt tekintik a legjobb eredm\u00e9nynek, olyan kompromisszumra t\u00f6rekedve, amely igazs\u00e1gos, b\u00e1r gyakran senki sem teljesen el\u00e9gedett a v\u00e9gs\u0151 megold\u00e1ssal.<\/span><\/p><h2>Hogyan kov\u00e1csoljunk el\u0151nyt a konfliktusokb\u00f3l?<\/h2><p><span style=\"font-weight: 400;\">A konfliktusok elker\u00fclhetetlenek, ha egy soksz\u00edn\u0171 csapatban dolgozunk. Mik\u00f6zben ezek pr\u00f3b\u00e1ra teszik a csapat eg\u00e9sz\u00e9nek dinamik\u00e1j\u00e1t, egyben lehet\u0151s\u00e9get adnak a vit\u00e1s k\u00e9rd\u00e9sek tiszt\u00e1z\u00e1s\u00e1ra \u00e9s innovat\u00edv megold\u00e1sok kidolgoz\u00e1s\u00e1ra.<\/span><\/p><p><span style=\"font-weight: 400;\">A konfliktusok t\u00f6bbek k\u00f6z\u00f6tt olyan t\u00e9nyez\u0151kb\u0151l fakadnak, mint a nem egy\u00e9rtelm\u0171 projekt k\u00f6vetelm\u00e9nyek, a nem alkalmazkod\u00f3 vezet\u00e9si st\u00edlus, az ego csat\u00e1k, a kommunik\u00e1ci\u00f3 hi\u00e1nya.<\/span><\/p><p><span style=\"font-weight: 400;\">A projektmenedzsmentben azonban az 5 f\u0151 strat\u00e9giai m\u00f3dszeren t\u00fal a konfliktuskezel\u00e9si technik\u00e1k sz\u00e9les sk\u00e1l\u00e1j\u00e1t alkalmazhatjuk. R\u00e1ad\u00e1sul ha j\u00f3l csin\u00e1ljuk, akkor a nap v\u00e9g\u00e9n tanulva a n\u00e9zetelt\u00e9r\u00e9sekb\u0151l, meger\u0151s\u00f6d\u00f6tt csapatk\u00e9nt \u00e1llhatunk fel \u00fajra.<\/span><\/p><p><span style=\"font-weight: 400;\">N\u00e9zz\u00fcnk meg n\u00e9h\u00e1ny m\u00f3dszert, ami ebben seg\u00edthet!<\/span><\/p><h3>Ir\u00e1nyelvek lefektet\u00e9se<\/h3><p><span style=\"font-weight: 400;\">A csapattagoknak egy\u00e9rtelm\u0171 ir\u00e1nymutat\u00e1sokat kell adni a t\u0151l\u00fck elv\u00e1rt ide\u00e1lis viselked\u00e9sre \u00e9a feladatok teljes\u00edt\u00e9s\u00e9re vonatkoz\u00f3an. Amennyiben mindenki tiszt\u00e1ban van a szab\u00e1lyokkal, sokkal kisebb a vit\u00e1k kirobban\u00e1s\u00e1nak es\u00e9lye.<\/span><\/p><p><span style=\"font-weight: 400;\">Fontos p\u00e9ld\u00e1ul, hogy mindenki tiszt\u00e1ban legyen a hierarchi\u00e1val, hogy kihez fordulhat \u00e9s ki seg\u00edthet neki. L\u00e1ssa pontosan a szervezeti c\u00e9lokat. Ha minden ir\u00e1nymutat\u00e1s m\u00e1r a kezdetekt\u0151l fogva vil\u00e1gos, kisebb az es\u00e9lye a f\u00e9lre\u00e9rthet\u0151 kommunik\u00e1ci\u00f3nak. \u00cdgy cs\u00f6kken a konfliktusok val\u00f3sz\u00edn\u0171s\u00e9ge.<\/span><\/p><h3>Odafigyel\u00e9s<\/h3><p><span style=\"font-weight: 400;\">Megfelel\u0151 odafigyel\u00e9ssel megismerhet\u0151 \u00e9s meg\u00e9rthet\u0151 a konfliktusban \u00e9rintett \u00f6sszes f\u00e9l \u00e1ll\u00e1spontj\u00e1t. Az egyes csapattagok m\u00e1s \u00e9s m\u00e1s kih\u00edv\u00e1sokkal k\u00fczdenek \u00e9s elt\u00e9r\u0151 f\u00e9lelmekkel szembes\u00fclnek, \u00edgy viselked\u00e9s\u00fck is k\u00fcl\u00f6nb\u00f6z\u0151. Ez\u00e9rt fontos megtal\u00e1lni az \u00e9rzelmek gy\u00f6ker\u00e9t, hiszen csak \u00edgy van lehet\u0151s\u00e9g az elfogulatlan probl\u00e9mamegold\u00e1sra.<\/span><\/p><h3>Ker\u00fclj\u00fck az er\u0151szakot \u00e9s a megf\u00e9leml\u00edt\u00e9st<\/h3><p><span style=\"font-weight: 400;\">A megf\u00e9leml\u00edt\u00e9s azt jelenti, hogy vezet\u0151k\u00e9nt a tekint\u00e9ly\u00fcnket arra haszn\u00e1ljuk, hogy r\u00e1k\u00e9nyszer\u00edts\u00fck\u00a0 az embereket a parancsok k\u00f6vet\u00e9s\u00e9re. Ez azonban a legt\u00f6bb esetben nem hozza meg a k\u00edv\u00e1nt eredm\u00e9nyt. Lehet, hogy a csapattagok \u00e1tmenetileg f\u00e9lelemb\u0151l eleget tesznek ugyan a k\u00e9r\u00e9seknek, de ez hossz\u00fa t\u00e1von zavart okoz a k\u00f6z\u00f6s munk\u00e1ban. A ki nem mondott \u00e9rzelmek, a harag, a frusztr\u00e1ci\u00f3 egy id\u0151 ut\u00e1n m\u00e9g nagyobb er\u0151vel t\u00f6r felsz\u00ednre. A konfliktusok megold\u00e1sa sor\u00e1n teh\u00e1t fontos a nyugalom. T\u00fcrelmesen meg kell hallgatni a csapat minden tagj\u00e1t. Soha ne v\u00e1doljunk \u00e9s h\u00e1r\u00edtsuk m\u00e1sra a felel\u0151ss\u00e9get \u00e9s ne is \u00e1lljunk senki p\u00e1rtj\u00e1ra. Ink\u00e1bb tekints\u00fcnk erre egy olyan lehet\u0151s\u00e9gk\u00e9nt, hogy m\u00e9g hat\u00e9konyabb\u00e1 tehetj\u00fck a kommunik\u00e1ci\u00f3t csapatszinten.<\/span><\/p><h3>Pragmatikus d\u00f6nt\u00e9shozatal<\/h3><p><span style=\"font-weight: 400;\">A pragmatikus vezet\u0151k d\u00f6nt\u00e9seiket a csapatuk v\u00e1ltoz\u00f3 ig\u00e9nyeihez igaz\u00edtj\u00e1k. Gondoskodnak arr\u00f3l, hogy megold\u00e1si javaslataik \u00e9rzelmileg \u00e9s \u00e9rvel\u00e9s szempontj\u00e1b\u00f3l is kiegyens\u00falyozottak legyenek. Ennek sor\u00e1n empatikusan k\u00f6zel\u00edtik meg a csapat konfliktusainak rendez\u00e9s\u00e9t.<\/span><\/p><p><span style=\"font-weight: 400;\">Amikor p\u00e9ld\u00e1ul n\u00e9zetelt\u00e9r\u00e9s mer\u00fcl fel, vil\u00e1gosan elemzik mindk\u00e9t oldalt. A konfliktusban r\u00e9sztvev\u0151 valamennyi f\u00e9l es\u00e9lyt kap arra, hogy kifejtse \u00e1ll\u00e1spontj\u00e1t. A pragmatikus vezet\u0151 a visszajelz\u00e9sek alapj\u00e1n k\u00e9pes elfogulatlanul szeml\u00e9lni a helyzetet. A folyamat sor\u00e1n nemcsak az adott probl\u00e9ma megold\u00e1s\u00e1ra ker\u00fcl sor, hanem hat\u00e9kony megel\u0151z\u0151 int\u00e9zked\u00e9seket kidolgoz\u00e1sa is t\u00f6rt\u00e9nhet.<\/span><\/p><h3>Haszn\u00e1ljuk a kompromisszum erej\u00e9t\u00a0<\/h3><p><span style=\"font-weight: 400;\">A kompromisszumos megk\u00f6zel\u00edt\u00e9sben mindk\u00e9t f\u00e9l fel\u00e1ldoz bizonyos meggy\u0151z\u0151d\u00e9seket, elveket a csapat \u00e9rdek\u00e9ben. Ez megk\u00f6veteli, hogy az \u00e9rintett felek egy\u00fcttm\u0171k\u00f6djenek, \u00e9s a k\u00f6z\u00f6s csapatc\u00e9l \u00e9rdek\u00e9ben dolgozzanak, ahelyett, hogy az egy\u00e9ni probl\u00e9m\u00e1kra f\u00f3kusz\u00e1ln\u00e1nak. A kompromisszumos technika \u00e1ltal\u00e1ban b\u00e9k\u00e9s konfliktus-megold\u00e1shoz vezet, mivel a felek le\u00fclnek megvitatni, t\u00e1rgyalni \u00e9s eszm\u00e9t cser\u00e9lni.<\/span><\/p><h3>\u00c9p\u00edt\u0151 kritika<\/h3><p><span style=\"font-weight: 400;\">Az \u00e9p\u00edt\u0151 kritika egy olyan technika, amelynek l\u00e9nyege, hogy b\u00e1tor\u00edt\u00f3 visszajelz\u00e9st adunk a konfliktusban \u00e9rintetteknek. Itt az a c\u00e9l, hogy \u0151szint\u00e9n \u00e9s egyenesen elmondjuk a v\u00e9lem\u00e9ny\u00fcnket a probl\u00e9ma megold\u00e1sa \u00e9rdek\u00e9ben. Fontos, hogy mindez t\u00e1mogat\u00f3 legyen, \u00e9s r\u00e1mutasson a csapattagok \u00e1ltal v\u00e9gzett j\u00f3 munk\u00e1ra. Nem szabad, hogy s\u00e9rt\u0151d\u00f6tts\u00e9get \u00e9rezzenek, \u00e9s kis\u00e9t\u00e1ljanak a konfliktusmegold\u00e1si folyamatb\u00f3l. El\u0151fordulhat, hogy ugyanazokkal az emberekkel kell tov\u00e1bb dolgoznunk k\u00fcl\u00f6nb\u00f6z\u0151 projekteken, \u00edgy nem engedhetj\u00fck meg magunknak, hogy b\u00e1rkiben keres\u0171 sz\u00e1j\u00edz maradjon.<\/span><\/p><h3>Medi\u00e1tor alkalmaz\u00e1sa<\/h3><p><span style=\"font-weight: 400;\">Hat\u00e9kony konfliktuskezel\u00e9si-technika egy harmadik szem\u00e9ly bevon\u00e1sa. A medi\u00e1tor h\u00eddk\u00e9nt m\u0171k\u00f6dik a k\u00e9t konfliktusban \u00e1ll\u00f3 szem\u00e9ly k\u00f6z\u00f6tt, aki figyelmesen meghallgatja mindegyik\u00fck agg\u00e1lyait. Biztos\u00edtja, hogy a csapattagok ne ragadjanak bele a vit\u00e1kba, \u00e9s seg\u00edt a tagoknak a k\u00f6lcs\u00f6n\u00f6s megegyez\u00e9sben.<\/span><\/p><h2>Miben tudunk mi seg\u00edteni?<\/h2><p>A projektek sikeres koordin\u00e1l\u00e1s\u00e1hoz elengedhetetlen a megfelel\u0151 kommunik\u00e1ci\u00f3 \u00e9s a sikeres konfliktuskezel\u00e9s. V\u00e1lasszon k\u00e9pz\u00e9seink k\u00f6z\u00fcl, sz\u00e9les\u00edtse ismereteit, fejlessze k\u00e9szs\u00e9geit, illetve szerezzen nemzetk\u00f6zi min\u0151s\u00edt\u00e9st<span style=\"color: #0000ff;\"> <a style=\"color: #0000ff;\" href=\"https:\/\/promanconsulting.hu\/projektvezetoknek-ajanlott-kepzesek\/\">projektvezet\u0151knek aj\u00e1nlott k\u00e9pz\u00e9seinken<\/a><\/span>! <\/p>\t\t\t\t\t\t\t\t<\/div>\n\t\t\t\t<\/div>\n\t\t\t\t\t<\/div>\n\t\t<\/div>\n\t\t\t\t\t<\/div>\n\t\t<\/section>\n\t\t\t\t<\/div>\n\t\t","protected":false},"excerpt":{"rendered":"<p>A projektekben k\u00fcl\u00f6nb\u00f6z\u0151 tud\u00e1ssal \u00e9s tapasztalattal, v\u00e9lem\u00e9nnyel, elv\u00e1r\u00e1sokkal, \u00e9rt\u00e9kekkel \u00e9s munkam\u00f3dszerekkel rendelkez\u0151 emberek vesznek r\u00e9szt, akik egy k\u00f6z\u00f6s projektc\u00e9l \u00e9rdek\u00e9ben dolgoznak. Ez\u00e9rt egy bizonyos ponton elker\u00fclhetetlen, hogy konfliktusok alakuljanak ki. Amennyiben ezekre nem tal\u00e1lunk megold\u00e1st, az az eg\u00e9sz projekt \u00e9let\u00e9re hat\u00e1ssal lehet, vesz\u00e9lyeztetheti sikeress\u00e9g\u00e9t. \u00cdr\u00e1sunkban most a konfliktuskezel\u00e9ssel kapcsolatos legfontosabb tudnival\u00f3kat mutatjuk be, azokat a [&hellip;]<\/p>\n","protected":false},"author":5,"featured_media":7022,"comment_status":"closed","ping_status":"closed","sticky":false,"template":"","format":"standard","meta":{"footnotes":""},"categories":[77],"tags":[238,252,253,35,78,188,170],"class_list":["post-7021","post","type-post","status-publish","format-standard","has-post-thumbnail","hentry","category-projektmenedzsment","tag-keszsegfejlesztes","tag-konfliktus","tag-konfliktuskezeles","tag-projektmenedzsment","tag-projektvezetes","tag-vezetoi-keszsegek","tag-vezetoi-kompetenciak","entry","has-media"],"_links":{"self":[{"href":"https:\/\/promanconsulting.hu\/en\/wp-json\/wp\/v2\/posts\/7021","targetHints":{"allow":["GET"]}}],"collection":[{"href":"https:\/\/promanconsulting.hu\/en\/wp-json\/wp\/v2\/posts"}],"about":[{"href":"https:\/\/promanconsulting.hu\/en\/wp-json\/wp\/v2\/types\/post"}],"author":[{"embeddable":true,"href":"https:\/\/promanconsulting.hu\/en\/wp-json\/wp\/v2\/users\/5"}],"replies":[{"embeddable":true,"href":"https:\/\/promanconsulting.hu\/en\/wp-json\/wp\/v2\/comments?post=7021"}],"version-history":[{"count":12,"href":"https:\/\/promanconsulting.hu\/en\/wp-json\/wp\/v2\/posts\/7021\/revisions"}],"predecessor-version":[{"id":7035,"href":"https:\/\/promanconsulting.hu\/en\/wp-json\/wp\/v2\/posts\/7021\/revisions\/7035"}],"wp:featuredmedia":[{"embeddable":true,"href":"https:\/\/promanconsulting.hu\/en\/wp-json\/wp\/v2\/media\/7022"}],"wp:attachment":[{"href":"https:\/\/promanconsulting.hu\/en\/wp-json\/wp\/v2\/media?parent=7021"}],"wp:term":[{"taxonomy":"category","embeddable":true,"href":"https:\/\/promanconsulting.hu\/en\/wp-json\/wp\/v2\/categories?post=7021"},{"taxonomy":"post_tag","embeddable":true,"href":"https:\/\/promanconsulting.hu\/en\/wp-json\/wp\/v2\/tags?post=7021"}],"curies":[{"name":"wp","href":"https:\/\/api.w.org\/{rel}","templated":true}]}}