{"id":7003,"date":"2023-01-03T07:15:21","date_gmt":"2023-01-03T07:15:21","guid":{"rendered":"https:\/\/promanconsulting.hu\/?p=7003"},"modified":"2023-05-17T19:06:02","modified_gmt":"2023-05-17T19:06:02","slug":"vezeto-kepzes","status":"publish","type":"post","link":"https:\/\/promanconsulting.hu\/en\/vezeto-kepzes\/","title":{"rendered":"Leadership training is the key to efficiency and growth"},"content":{"rendered":"\t\t<div data-elementor-type=\"wp-post\" data-elementor-id=\"7003\" class=\"elementor elementor-7003\" data-elementor-settings=\"{&quot;ha_cmc_init_switcher&quot;:&quot;no&quot;}\" data-elementor-post-type=\"post\">\n\t\t\t\t\t\t<section class=\"elementor-section elementor-top-section elementor-element elementor-element-167538e2 elementor-section-boxed elementor-section-height-default elementor-section-height-default\" data-id=\"167538e2\" data-element_type=\"section\" data-e-type=\"section\" data-settings=\"{&quot;jet_parallax_layout_list&quot;:[{&quot;jet_parallax_layout_image&quot;:{&quot;url&quot;:&quot;&quot;,&quot;id&quot;:&quot;&quot;,&quot;size&quot;:&quot;&quot;},&quot;_id&quot;:&quot;da11ba3&quot;,&quot;jet_parallax_layout_image_tablet&quot;:{&quot;url&quot;:&quot;&quot;,&quot;id&quot;:&quot;&quot;,&quot;size&quot;:&quot;&quot;},&quot;jet_parallax_layout_image_mobile&quot;:{&quot;url&quot;:&quot;&quot;,&quot;id&quot;:&quot;&quot;,&quot;size&quot;:&quot;&quot;},&quot;jet_parallax_layout_speed&quot;:{&quot;unit&quot;:&quot;%&quot;,&quot;size&quot;:50,&quot;sizes&quot;:[]},&quot;jet_parallax_layout_type&quot;:&quot;scroll&quot;,&quot;jet_parallax_layout_direction&quot;:&quot;1&quot;,&quot;jet_parallax_layout_fx_direction&quot;:null,&quot;jet_parallax_layout_z_index&quot;:&quot;&quot;,&quot;jet_parallax_layout_bg_x&quot;:50,&quot;jet_parallax_layout_bg_x_tablet&quot;:&quot;&quot;,&quot;jet_parallax_layout_bg_x_mobile&quot;:&quot;&quot;,&quot;jet_parallax_layout_bg_y&quot;:50,&quot;jet_parallax_layout_bg_y_tablet&quot;:&quot;&quot;,&quot;jet_parallax_layout_bg_y_mobile&quot;:&quot;&quot;,&quot;jet_parallax_layout_bg_size&quot;:&quot;auto&quot;,&quot;jet_parallax_layout_bg_size_tablet&quot;:&quot;&quot;,&quot;jet_parallax_layout_bg_size_mobile&quot;:&quot;&quot;,&quot;jet_parallax_layout_animation_prop&quot;:&quot;transform&quot;,&quot;jet_parallax_layout_on&quot;:[&quot;desktop&quot;,&quot;tablet&quot;]}],&quot;_ha_eqh_enable&quot;:false}\">\n\t\t\t\t\t\t<div class=\"elementor-container elementor-column-gap-default\">\n\t\t\t\t\t<div class=\"elementor-column elementor-col-100 elementor-top-column elementor-element elementor-element-4773b297\" data-id=\"4773b297\" data-element_type=\"column\" data-e-type=\"column\">\n\t\t\t<div class=\"elementor-widget-wrap elementor-element-populated\">\n\t\t\t\t\t\t<div class=\"elementor-element elementor-element-cba2f88 elementor-widget elementor-widget-text-editor\" data-id=\"cba2f88\" data-element_type=\"widget\" data-e-type=\"widget\" data-widget_type=\"text-editor.default\">\n\t\t\t\t<div class=\"elementor-widget-container\">\n\t\t\t\t\t\t\t\t\t<p><span style=\"font-weight: 400;\">V\u00e1llalati \u00e9s projekt k\u00f6rnyezetben rendszeresen mer\u00fclhetnek\u00a0 fel komoly kih\u00edv\u00e1sok a mindennapok sor\u00e1n. Megold\u00e1sukban kulcsszerepet j\u00e1tszanak a vezet\u0151k, akiknek intelligenci\u00e1val, szak\u00e9rtelemmel, emberk\u00f6zpont\u00fa attit\u0171ddel, a strat\u00e9giai c\u00e9lok szem el\u0151tt tart\u00e1s\u00e1val kell v\u00e1laszolniuk a probl\u00e9m\u00e1kra. Ahhoz, hogy mindezt a legprofibban\u00a0 tudj\u00e1k megtenni, elengedhetetlen folyamatos k\u00e9pz\u00e9s\u00fck, k\u00e9szs\u00e9geik fejleszt\u00e9se. De mi is az a vezet\u0151k\u00e9pz\u00e9s? Mi\u00e9rt fontos \u00e9s milyen eredm\u00e9nyeket v\u00e1rhatunk t\u0151le? Milyen k\u00e9szs\u00e9gekre van sz\u00fcks\u00e9ge a j\u00f3 vezet\u0151nek? Hogyan v\u00e1ltozik a vezet\u0151k\u00e9pz\u00e9s az egyes karrier\u00e1llom\u00e1sok sor\u00e1n? \u00cdr\u00e1sunkban most ezt fogjuk k\u00f6rbej\u00e1rni.<\/span><\/p>\t\t\t\t\t\t\t\t<\/div>\n\t\t\t\t<\/div>\n\t\t\t\t<div class=\"elementor-element elementor-element-2656966 elementor-widget elementor-widget-image\" data-id=\"2656966\" data-element_type=\"widget\" data-e-type=\"widget\" data-widget_type=\"image.default\">\n\t\t\t\t<div class=\"elementor-widget-container\">\n\t\t\t\t\t\t\t\t\t\t\t\t\t\t\t<img fetchpriority=\"high\" decoding=\"async\" width=\"1000\" height=\"717\" src=\"https:\/\/promanconsulting.hu\/wp-content\/uploads\/2022\/12\/vezetokepzes.jpg\" class=\"attachment-full size-full wp-image-7004\" alt=\"A vezet\u0151k\u00e9pz\u00e9s seg\u00edt fejleszteni a vezet\u0151 szem\u00e9lyek k\u00e9szs\u00e9geit \u00e9s tud\u00e1s\u00e1t.\" srcset=\"https:\/\/promanconsulting.hu\/wp-content\/uploads\/2022\/12\/vezetokepzes.jpg 1000w, https:\/\/promanconsulting.hu\/wp-content\/uploads\/2022\/12\/vezetokepzes-300x215.jpg 300w, https:\/\/promanconsulting.hu\/wp-content\/uploads\/2022\/12\/vezetokepzes-768x551.jpg 768w\" sizes=\"(max-width: 1000px) 100vw, 1000px\" \/>\t\t\t\t\t\t\t\t\t\t\t\t\t\t\t<\/div>\n\t\t\t\t<\/div>\n\t\t\t\t<div class=\"elementor-element elementor-element-f445454 elementor-widget elementor-widget-heading\" data-id=\"f445454\" data-element_type=\"widget\" data-e-type=\"widget\" data-widget_type=\"heading.default\">\n\t\t\t\t<div class=\"elementor-widget-container\">\n\t\t\t\t\t<h2 class=\"elementor-heading-title elementor-size-default\">Mi az a vezet\u0151k\u00e9pz\u00e9s?<\/h2>\t\t\t\t<\/div>\n\t\t\t\t<\/div>\n\t\t\t\t<div class=\"elementor-element elementor-element-40662c0 elementor-widget elementor-widget-text-editor\" data-id=\"40662c0\" data-element_type=\"widget\" data-e-type=\"widget\" data-widget_type=\"text-editor.default\">\n\t\t\t\t<div class=\"elementor-widget-container\">\n\t\t\t\t\t\t\t\t\t<p><span style=\"font-weight: 400;\">A vezet\u0151k\u00e9pz\u00e9s seg\u00edt azonos\u00edtani azokat a nagy potenci\u00e1llal rendelkez\u0151 szem\u00e9lyeket, akikb\u0151l j\u00f3 vezet\u0151k v\u00e1lhatnak, valamint elm\u00e9ly\u00edti a m\u00e1r vezet\u0151 szerepet bet\u00f6lt\u0151 szem\u00e9lyek k\u00e9pess\u00e9geit \u00e9s tud\u00e1s\u00e1t.\u00a0<\/span><\/p><p><span style=\"font-weight: 400;\">A vezet\u0151knek a szervezet vagy egy projekt aktu\u00e1lis kih\u00edv\u00e1sait\u00f3l f\u00fcgg\u0151en mind az \u00fagynevezett soft skillek (interperszon\u00e1lis, szoci\u00e1lis k\u00e9szs\u00e9gek), mind hard skillek (objekt\u00edv, m\u00e9rhet\u0151 k\u00e9szs\u00e9gek) ter\u00e9n sz\u00fcks\u00e9g\u00fck lehet fejleszt\u00e9sre.<\/span><\/p><h2>Mi\u00e9rt fontos a vezet\u0151k\u00e9pz\u00e9s?<\/h2><h3>Fejl\u0151d\u00e9s \u00e9s eredm\u00e9nyess\u00e9g<\/h3><p><span style=\"font-weight: 400;\">Ahhoz, hogy egy c\u00e9g n\u00f6vekedhessen, vagy egy projekt sikeres lehessen, elengedhetetlen, hogy a vezet\u0151k elk\u00f6telezz\u00e9k magukat a szem\u00e9lyes \u00e9s szakmai fejl\u0151d\u00e9s\u00fck mellett. Ellenkez\u0151 esetben csorbul az eredm\u00e9nyess\u00e9g \u00e9s stagn\u00e1l\u00e1s v\u00e1rhat\u00f3.<\/span><\/p><h3>Hat\u00e9kony v\u00e1ltoz\u00e1smenedzsment<\/h3><p><span style=\"font-weight: 400;\">A Harvard Business School tanulm\u00e1nya szerint h\u00e1rom er\u0151teljes er\u0151 hat\u00e1rozza meg a munka term\u00e9szet\u00e9t \u00e9s teremti meg a vezet\u0151i k\u00e9pz\u00e9s ir\u00e1nti ig\u00e9nyt:<\/span><\/p><ul><li style=\"font-weight: 400;\" aria-level=\"1\"><span style=\"font-weight: 400;\">A gyors globaliz\u00e1ci\u00f3<\/span><\/li><li style=\"font-weight: 400;\" aria-level=\"1\"><span style=\"font-weight: 400;\">A t\u00e1vmunk\u00e1ban dolgoz\u00f3k sz\u00e1m\u00e1nak n\u00f6veked\u00e9se<\/span><\/li><li style=\"font-weight: 400;\" aria-level=\"1\"><span style=\"font-weight: 400;\">A gener\u00e1ci\u00f3s szakad\u00e9kok<\/span><\/li><\/ul><p><span style=\"font-weight: 400;\">A gyors globaliz\u00e1ci\u00f3 elker\u00fclhetetlenn\u00e9 teszi, hogy a vezet\u0151k k\u00e9pesek legyenek a fizikai \u00e9s kultur\u00e1lis hat\u00e1rok lek\u00fczd\u00e9s\u00e9re, valamint a csapatok hat\u00e1rokon \u00e1tny\u00fal\u00f3 vezet\u00e9s\u00e9re.<\/span><\/p><p><span style=\"font-weight: 400;\">A t\u00e1vmunk\u00e1ban dolgoz\u00f3k sz\u00e1m\u00e1nak n\u00f6veked\u00e9se azt induk\u00e1lja, hogy a vezet\u0151knek tudniuk kell, hogy mik\u00e9nt ir\u00e1ny\u00edts\u00e1k \u00e9s egyes\u00edts\u00e9k a fizikailag egym\u00e1st\u00f3l t\u00e1vol dolgoz\u00f3 csapattagokat \u00e9s a csapat eg\u00e9sz\u00e9t.<\/span><\/p><p><span style=\"font-weight: 400;\">A gener\u00e1ci\u00f3s szakad\u00e9knak az\u00e9rt van jelent\u0151s\u00e9ge, mert megfigyelhet\u0151, hogy az Y \u00e9s a Z gener\u00e1ci\u00f3 a vezet\u0151i poz\u00edci\u00f3kban eg\u00e9szen \u00faj \u00f6tleteket hoz mind a munka, mind pedig a tanul\u00e1s ter\u00e9n, ami olykor \u00e9lesen szemben \u00e1ll a hagyom\u00e1nyos vezet\u0151i megk\u00f6zel\u00edt\u00e9sekkel. Ez konfliktusokhoz vezet, amelyek hat\u00e9kony kezel\u00e9se elengedhetetlen.<\/span><\/p><h2>Milyen eredm\u00e9nyek v\u00e1rhat\u00f3k a vezet\u0151i k\u00e9pz\u00e9sekt\u0151l?<\/h2><p><span style=\"font-weight: 400;\">A vezet\u0151k:<\/span><\/p><ul><li style=\"font-weight: 400;\" aria-level=\"1\"><span style=\"font-weight: 400;\">azonos\u00edthatj\u00e1k \u00e9s fejleszthetik vezet\u0151i st\u00edlusukat<\/span><\/li><li style=\"font-weight: 400;\" aria-level=\"1\"><span style=\"font-weight: 400;\">k\u00e9pesek lesznek hat\u00e9kony vezet\u0151i strat\u00e9gi\u00e1k megfogalmaz\u00e1s\u00e1ra \u00e9s v\u00e9grehajt\u00e1s\u00e1ra<\/span><\/li><li style=\"font-weight: 400;\" aria-level=\"1\"><span style=\"font-weight: 400;\">olyan k\u00e9szs\u00e9geket saj\u00e1t\u00edthatnak el, amelyekkel n\u00f6velhetik csapatuk hat\u00e9konys\u00e1g\u00e1t, eredm\u00e9nyess\u00e9g\u00e9t \u00e9s sikereit<\/span><\/li><li style=\"font-weight: 400;\" aria-level=\"1\"><span style=\"font-weight: 400;\">cs\u00f6kkenthetik a fluktu\u00e1ci\u00f3t \u00e9s n\u00f6velhetik az elk\u00f6telezetts\u00e9get, er\u0151s \u00e9s egys\u00e9ges csapatot hozva l\u00e9tre<\/span><\/li><li style=\"font-weight: 400;\" aria-level=\"1\"><span style=\"font-weight: 400;\">fejleszthetik a kommunik\u00e1ci\u00f3s k\u00e9szs\u00e9geiket, elsaj\u00e1t\u00edthatj\u00e1k a t\u00e1rgyal\u00e1s, a befoly\u00e1sol\u00e1s \u00e9s a konfliktuskezel\u00e9s technik\u00e1it<\/span><\/li><li style=\"font-weight: 400;\" aria-level=\"1\"><span style=\"font-weight: 400;\">n\u00f6velhetik magabiztoss\u00e1gukat<\/span><\/li><li style=\"font-weight: 400;\" aria-level=\"1\"><span style=\"font-weight: 400;\">megtanulhatnak hat\u00e9konyan kapcsolatba l\u00e9pni az emberekkel, fejlesztve a konstrukt\u00edv visszajelz\u00e9s ad\u00e1s\u00e1nak k\u00e9pess\u00e9g\u00e9t, \u00e9s keresve a csapat \u00e9rt\u00e9kes feedbackjeit<\/span><\/li><\/ul><h2>Vezet\u0151k\u00e9pz\u00e9s tr\u00e9ning: Milyen k\u00e9szs\u00e9geket \u00e9rdemes fejleszteni?<\/h2><p><span style=\"font-weight: 400;\">B\u00e1rmilyen ter\u00fcleten is tev\u00e9kenykedik, minden vezet\u0151nek sz\u00fcks\u00e9ge van olyan soft skilllek elsaj\u00e1t\u00edt\u00e1s\u00e1ra \u00e9s fejleszt\u00e9s\u00e9re, amelyekkel motiv\u00e1lni tudja csapat\u00e1t \u00e9s biztos\u00edtani a megfelel\u0151 hat\u00e9konys\u00e1got.\u00a0<\/span><\/p><p><b>Melyek ezek az alapvet\u0151 vezet\u0151i k\u00e9szs\u00e9gek?<\/b><\/p><ul><li style=\"font-weight: 400;\" aria-level=\"1\"><b>Strat\u00e9giai gondolkod\u00e1s<\/b><span style=\"font-weight: 400;\"> &#8211; A vezet\u0151knek k\u00e9pesnek kell lenni\u00fck arra, hogy \u00e1tfog\u00f3an gondolkodjanak, \u00f6sszekapcsolj\u00e1k az aktu\u00e1lis feladatokat a hossz\u00fa t\u00e1v\u00fa c\u00e9lokkal, \u00e9s az eredm\u00e9nyekre, ne pedig az egyes folyamatelemekre koncentr\u00e1ljanak.<\/span><\/li><li style=\"font-weight: 400;\" aria-level=\"1\"><b>Kezdem\u00e9nyez\u0151k\u00e9szs\u00e9g<\/b><span style=\"font-weight: 400;\"> &#8211; Ez egy alap kompetencia, mivel elengedhetetlen, hogy ir\u00e1nyt tudjanak mutatni a csapatok sz\u00e1m\u00e1ra. A v\u00e1llalati vagy projekt c\u00e9lok el\u00e9r\u00e9s\u00e9\u00e9rt kell dolgozniuk, el\u0151re kell l\u00e1tniuk a probl\u00e9m\u00e1kat \u00e9s sz\u00fcks\u00e9g eset\u00e9n alternat\u00edv megold\u00e1sokat javasolniuk.<\/span><\/li><li style=\"font-weight: 400;\" aria-level=\"1\"><b>Szenved\u00e9ly<\/b><span style=\"font-weight: 400;\"> &#8211; A nagyszer\u0171 vezet\u0151 elk\u00f6telezett a csapat sikere ir\u00e1nt, meg\u00e9rti, mi motiv\u00e1lja \u0151ket, \u00e9s tudja, hogyan \u00f6szt\u00f6n\u00f6zze a csapattagokat arra, hogy a legjobb form\u00e1jukat hozz\u00e1k.<\/span><\/li><\/ul><ul><li style=\"font-weight: 400;\" aria-level=\"1\"><b>Odafigyel\u00e9s<\/b><span style=\"font-weight: 400;\"> &#8211; A siker egyik kulcsa, hogy egy vezet\u0151 a f\u00f3kuszt k\u00e9pes legyen \u00e1tir\u00e1ny\u00edtani \u00f6nmag\u00e1r\u00f3l m\u00e1sokra is, hogy jobban meg\u00e9rtse p\u00e9ld\u00e1ul egy csapat ig\u00e9nyeit. Ez amellett, hogy hozz\u00e1j\u00e1rul az eredm\u00e9nyess\u00e9ghez, kiv\u00e1l\u00f3an tudja \u00e9p\u00edteni a bizalmat.\u00a0<\/span><\/li><li style=\"font-weight: 400;\" aria-level=\"1\"><b>Tisztelet<\/b><span style=\"font-weight: 400;\"> &#8211; Az egy\u00fcttm\u0171k\u00f6d\u00e9s alap\u00fa vezet\u00e9si st\u00edlus minden esetben eredm\u00e9nyesebb, mint a parancs alap\u00fa m\u00f3dszer.<\/span><\/li><li style=\"font-weight: 400;\" aria-level=\"1\"><b>Megb\u00edzhat\u00f3s\u00e1g<\/b><span style=\"font-weight: 400;\"> &#8211; Ha a csapattagok a vezet\u0151j\u00fcket megb\u00edzhat\u00f3 partnernek \u00e9rz\u00e9kelik, aki mindig mellett\u00fck \u00e1ll, motiv\u00e1ltabbak lesznek.<\/span><\/li><li style=\"font-weight: 400;\" aria-level=\"1\"><b>Hiteless\u00e9g<\/b><span style=\"font-weight: 400;\"> &#8211;\u00a0 Egy vezet\u0151 a hiteless\u00e9g\u00e9vel tudja elnyerni egy csapat, valamint a partnerek bizalm\u00e1t.<\/span><\/li><li style=\"font-weight: 400;\" aria-level=\"1\"><b>Lelkesed\u00e9s <\/b><span style=\"font-weight: 400;\">&#8211; A vezet\u0151knek pozit\u00edvnak \u00e9s energikusnak kell lenni\u00fck, \u00e9s m\u00e1sokat is hasonl\u00f3 hozz\u00e1\u00e1ll\u00e1sra kell \u00f6szt\u00f6n\u00f6zni\u00fck. Ez seg\u00edt abban, hogy az \u00f6tleteiket elfogadj\u00e1k, \u00e9s motiv\u00e1lja a dolgoz\u00f3kat, hogy kreat\u00edv megold\u00e1sokkal \u00e1lljanak el\u0151, amikor egy neh\u00e9z probl\u00e9m\u00e1n dolgoznak.\u00a0<\/span><\/li><li style=\"font-weight: 400;\" aria-level=\"1\"><b>T\u00e1mogat\u00e1s<\/b><span style=\"font-weight: 400;\"> &#8211; Egy nagyszer\u0171 vezet\u0151nek k\u00f6nnyen el\u00e9rhet\u0151nek kell lennie, hogy v\u00e1laszoljon minden k\u00e9rd\u00e9sre, \u00e9s megoldja a felmer\u00fcl\u0151 probl\u00e9m\u00e1kat.<\/span><\/li><\/ul>\t\t\t\t\t\t\t\t<\/div>\n\t\t\t\t<\/div>\n\t\t\t\t<div class=\"elementor-element elementor-element-1e0c985 elementor-widget elementor-widget-image\" data-id=\"1e0c985\" data-element_type=\"widget\" data-e-type=\"widget\" data-widget_type=\"image.default\">\n\t\t\t\t<div class=\"elementor-widget-container\">\n\t\t\t\t\t\t\t\t\t\t\t\t\t\t\t<img decoding=\"async\" width=\"1000\" height=\"667\" src=\"https:\/\/promanconsulting.hu\/wp-content\/uploads\/2022\/12\/vezetokepzes-trening.jpg\" class=\"attachment-large size-large wp-image-7006\" alt=\"\" srcset=\"https:\/\/promanconsulting.hu\/wp-content\/uploads\/2022\/12\/vezetokepzes-trening.jpg 1000w, https:\/\/promanconsulting.hu\/wp-content\/uploads\/2022\/12\/vezetokepzes-trening-300x200.jpg 300w, https:\/\/promanconsulting.hu\/wp-content\/uploads\/2022\/12\/vezetokepzes-trening-768x512.jpg 768w\" sizes=\"(max-width: 1000px) 100vw, 1000px\" \/>\t\t\t\t\t\t\t\t\t\t\t\t\t\t\t<\/div>\n\t\t\t\t<\/div>\n\t\t\t\t<div class=\"elementor-element elementor-element-4984414 elementor-widget elementor-widget-text-editor\" data-id=\"4984414\" data-element_type=\"widget\" data-e-type=\"widget\" data-widget_type=\"text-editor.default\">\n\t\t\t\t<div class=\"elementor-widget-container\">\n\t\t\t\t\t\t\t\t\t<h2><strong>Hogyan lehet hat\u00e9kony a vezet\u0151k\u00e9pz\u00e9s szervezeten bel\u00fcl?<\/strong><\/h2><h3><strong>1. A tanul\u00e1s kult\u00far\u00e1j\u00e1nak kialak\u00edt\u00e1sa<\/strong><\/h3><p><span style=\"font-weight: 400;\">A vezet\u0151k\u00e9pz\u00e9s nem fogja el\u00e9rni a c\u00e9lj\u00e1t \u00e9s nem lesz kell\u0151en motiv\u00e1l\u00f3, ha egy olyan szervezetben t\u00f6rt\u00e9nik, ahol nem sz\u00e1m\u00edt fontos \u00e9rt\u00e9knek a folyamatos fejl\u0151d\u00e9s \u00e9s tanul\u00e1s.\u00a0\u00a0<\/span><\/p><p><span style=\"font-weight: 400;\">Ahhoz, hogy ezt megteremthess\u00fck a szervezeti kult\u00far\u00e1n bel\u00fcl, fontos a tud\u00e1smegoszt\u00e1s lehet\u0151v\u00e9 t\u00e9tele. Azaz azoknak a csapattagoknak, alkalmazottaknak az elismer\u00e9se, akik \u00faj k\u00e9szs\u00e9gek fejleszt\u00e9s\u00e9n f\u00e1radoznak. Az \u0151 p\u00e9ld\u00e1jukkal \u00f6szt\u00f6n\u00f6zhet\u0151ek m\u00e1sok is, hogy ig\u00e9ny\u00fck legyen a tanul\u00e1sra.<\/span><\/p><h3><strong>2. K\u00e9pz\u00e9si c\u00e9lok meghat\u00e1roz\u00e1sa<\/strong><\/h3><p><span style=\"font-weight: 400;\">Ehhez figyelembe kell venni a jelenlegi hi\u00e1nyoss\u00e1gokat, p\u00e9ld\u00e1ul a vezet\u0151k ut\u00f3dl\u00e1s\u00e1nak neh\u00e9zs\u00e9geit. Meg kell n\u00e9zni, hogy kik lehetnek azok, akik j\u00f3 es\u00e9llyel v\u00e1lhatnak a k\u00e9s\u0151bbiekben nagyszer\u0171 vezet\u0151v\u00e9.<\/span><\/p><p><span style=\"font-weight: 400;\">Fontos emellett szem el\u0151tt tartani a strat\u00e9giai c\u00e9lkit\u0171z\u00e9seket is. Ha p\u00e9ld\u00e1ul egy \u00faj piacon val\u00f3 terjeszked\u00e9st tervez a c\u00e9g, akkor elengedhetetlen lehet a megfelel\u0151 vezet\u0151k fejleszt\u00e9s\u00e9re \u00f6sszpontos\u00edtani a konkr\u00e9t c\u00e9lok el\u00e9r\u00e9se \u00e9rdek\u00e9ben.<\/span><\/p><p><span style=\"font-weight: 400;\">Tov\u00e1bb\u00e1 azt is meg kell vizsg\u00e1lni, hogy egy adott szervezet vagy csapat milyen vezet\u0151i \u00e9rt\u00e9keket tart fontosnak, \u00e9s \u00e9rdemes ezek tov\u00e1bbfejleszt\u00e9s\u00e9re koncentr\u00e1lni.\u00a0<\/span><\/p><h3><strong>3. Az ide\u00e1lis vezet\u0151 k\u00e9pz\u00e9si m\u00f3dszer kialak\u00edt\u00e1sa<\/strong><\/h3><p><span style=\"font-weight: 400;\">A vezet\u0151i k\u00e9pz\u00e9si program fontos, hogy egy\u00e9nre szabott legyen, amely megfelel a szervezet aktu\u00e1lis ig\u00e9nyeinek \u00e9s c\u00e9ljainak.<\/span><\/p><p><b>Mik a leggyakoribb tanul\u00e1si m\u00f3dszerek?<\/b><\/p><ul><li style=\"font-weight: 400;\" aria-level=\"1\"><b>Tanul\u00e1s m\u00e1s fels\u0151vezet\u0151kt\u0151l<\/b><span style=\"font-weight: 400;\"> &#8211;\u00a0 Nagyon hat\u00e9kony lehet p\u00e9ld\u00e1ul a fels\u0151vezet\u0151k p\u00e1ros\u00edt\u00e1sa olyan vezet\u0151kkel, akik most v\u00e1llaltak \u00faj szerepet, k\u00fcl\u00f6n\u00f6sen akkor, ha a c\u00e9l a tud\u00e1s\u00e1tad\u00e1s vagy az ut\u00f3dl\u00e1s.\u00a0<\/span><\/li><li style=\"font-weight: 400;\" aria-level=\"1\"><b>Csoportos tanul\u00e1s<\/b><span style=\"font-weight: 400;\"> &#8211; A csoportos tanul\u00e1s felhaszn\u00e1lhat\u00f3\u00a0 a vezet\u0151i potenci\u00e1llal rendelkez\u0151 alkalmazottak azonos\u00edt\u00e1s\u00e1ra, a j\u00f6v\u0151beli vezet\u0151k k\u00e9pz\u00e9s\u00e9re,\u00a0 a csoportdinamika meg\u00e9rt\u00e9s\u00e9re.<\/span><\/li><li style=\"font-weight: 400;\" aria-level=\"1\"><b>Vezet\u0151i csapatfejleszt\u00e9s<\/b><span style=\"font-weight: 400;\"> &#8211; A m\u00e1r vezet\u0151i poz\u00edci\u00f3ban l\u00e9v\u0151k k\u00f6z\u00f6s programja seg\u00edti a r\u00e9sztvev\u0151ket, hogy t\u00e1mogass\u00e1k egym\u00e1st \u00faj k\u00e9szs\u00e9gek fejleszt\u00e9s\u00e9ben \u00e9s az interperszon\u00e1lis kommunik\u00e1ci\u00f3 jav\u00edt\u00e1s\u00e1ban.<\/span><\/li><li style=\"font-weight: 400;\" aria-level=\"1\"><b>\u00d6nir\u00e1ny\u00edtott tanul\u00e1s<\/b><span style=\"font-weight: 400;\"> &#8211; B\u00e1r a vezet\u0151k nem fejl\u0151dhetnek elszigetelten, de az \u00f6nir\u00e1ny\u00edtott tanul\u00e1snak is helye van a k\u00e9pz\u00e9sben. A v\u00e1llalati tanul\u00e1snak \u00e9s fejleszt\u00e9snek ez a form\u00e1ja p\u00e9ld\u00e1ul olyan soft skillek tan\u00edt\u00e1s\u00e1ra haszn\u00e1lhat\u00f3, mint a kommunik\u00e1ci\u00f3s technik\u00e1k \u00e9s a strat\u00e9giai gondolkod\u00e1s. Ez az\u00e9rt el\u0151ny\u00f6s, mert a r\u00e9sztvev\u0151k a saj\u00e1t temp\u00f3jukban haladhatnak a rendelkez\u00e9sre bocs\u00e1tott tananyagok, \u00fatmutat\u00f3k, gyakorlatok \u00e9s \u00f6n\u00e9rt\u00e9kel\u00e9si eszk\u00f6z\u00f6k seg\u00edts\u00e9g\u00e9vel.<\/span><\/li><\/ul><h2><strong>Karrier\u00e1llom\u00e1sok \u00e9s vezet\u0151k\u00e9pz\u00e9s<\/strong><\/h2><p><span style=\"font-weight: 400;\">A vezet\u0151i k\u00e9szs\u00e9gek fejleszt\u00e9se fontos minden egyes karrierszakasz sor\u00e1n.\u00a0<\/span><\/p><h3><strong>A karrierj\u00fck elej\u00e9n \u00e1ll\u00f3 vezet\u0151k k\u00e9pz\u00e9se<\/strong><\/h3><p><span style=\"font-weight: 400;\">A fiatal vezet\u0151k szem\u00e9lyes vezet\u0151i k\u00e9szs\u00e9geik fejleszt\u00e9s\u00e9vel felk\u00e9sz\u00fclhetnek a nagyobb felel\u0151ss\u00e9gv\u00e1llal\u00e1sra \u00e9s gyorsabban haladhatnak el\u0151re a rangl\u00e9tr\u00e1n. Ezt olyan vezet\u0151i k\u00e9szs\u00e9gfejleszt\u0151 programokkal lehet t\u00e1mogatni, amelyek jav\u00edtj\u00e1k az \u00f6nismeretet \u00e9s fokozz\u00e1k a csapatok motiv\u00e1l\u00e1s\u00e1hoz sz\u00fcks\u00e9ges k\u00e9szs\u00e9geket.<\/span><\/p><h3><strong>A karrierj\u00fck k\u00f6zep\u00e9n \u00e1ll\u00f3 vezet\u0151k k\u00e9pz\u00e9se<\/strong><\/h3><p><span style=\"font-weight: 400;\">A k\u00e9pz\u00e9sek seg\u00edthetnek a k\u00f6z\u00e9pvezet\u0151knek abban, hogy a mai gyorsan v\u00e1ltoz\u00f3 glob\u00e1lis k\u00f6rnyezetben nagyobb \u00e9rt\u00e9ket teremtsenek v\u00e1llalatuk sz\u00e1m\u00e1ra. A vezet\u0151i k\u00e9pz\u00e9s gyakran mag\u00e1ban foglalja az \u00fczletfejleszt\u00e9ssel \u00e9s az \u00fczleti strat\u00e9gi\u00e1val kapcsolatos programokat, valamint a <\/span><span style=\"color: #0000ff;\"><a style=\"color: #0000ff;\" href=\"https:\/\/promanconsulting.hu\/vezetoi-coaching\/\"><span style=\"font-weight: 400;\">vezet\u0151i coachingot<\/span><\/a><\/span><span style=\"font-weight: 400;\"> a komplex v\u00e1llalkoz\u00e1s vezet\u00e9s\u00e9hez sz\u00fcks\u00e9ges k\u00e9szs\u00e9gek tov\u00e1bbi csiszol\u00e1sa \u00e9rdek\u00e9ben. Ebben a karrierszakaszban \u00e9rdemes fontol\u00f3ra venni a vezet\u0151i szakir\u00e1ny\u00fa fels\u0151fok\u00fa tanulm\u00e1nyokat.<\/span><\/p><h3><strong>Cs\u00facsszint\u0171 vezet\u0151i k\u00e9pz\u00e9sek<\/strong><\/h3><p><span style=\"font-weight: 400;\">Fels\u0151vezet\u0151k\u00e9nt, vez\u00e9rigazgat\u00f3k\u00e9nt vagy igazgat\u00f3s\u00e1gi tagk\u00e9nt fontos figyelmet szentelni az \u00faj \u00fczleti lehet\u0151s\u00e9gek felkutat\u00e1s\u00e1ra \u00e9s kiakn\u00e1z\u00e1s\u00e1ra, az innov\u00e1ci\u00f3 \u00f6szt\u00f6nz\u00e9s\u00e9re \u00e9s a meggy\u0151z\u0151d\u00e9ses vezet\u00e9sre ir\u00e1nyul\u00f3 k\u00e9pess\u00e9gek fejleszt\u00e9s\u00e9nek.<\/span><\/p><h2><strong>K\u00c9RD\u00c9SE VAN? L\u00c9PJEN VEL\u00dcNK KAPCSOLATBA!<\/strong><\/h2><p><span style=\"font-weight: 400;\">Szeretn\u00e9 felt\u00e9rk\u00e9pezni, milyen vezet\u0151i k\u00e9szs\u00e9gek jelentik az er\u0151ss\u00e9geit, \u00e9s mely ter\u00fcleten tudna vezet\u0151k\u00e9nt tov\u00e1bbfejl\u0151dni? Esetleg egy\u00e9b, projektmenedzsmenttel kapcsolatos k\u00e9rd\u00e9se van? Vegye fel vel\u00fcnk a kapcsolatot \u00e9s <\/span><span style=\"color: #0000ff;\"><a style=\"color: #0000ff;\" href=\"https:\/\/promanconsulting.hu\/kapcsolat\/\"><span style=\"font-weight: 400;\">k\u00e9rjen ingyenes konzult\u00e1ci\u00f3t!<\/span><\/a><\/span><span style=\"font-weight: 400;\"> Vezet\u0151knek aj\u00e1nlott k\u00e9pz\u00e9seinket pedig<\/span><span style=\"color: #0000ff;\"><a style=\"color: #0000ff;\" href=\"https:\/\/promanconsulting.hu\/vezetoknek-ajanlott-kepzesek\/\"><span style=\"font-weight: 400;\"> itt <\/span><\/a><\/span><span style=\"font-weight: 400;\">tal\u00e1lja!<\/span><\/p>\t\t\t\t\t\t\t\t<\/div>\n\t\t\t\t<\/div>\n\t\t\t\t\t<\/div>\n\t\t<\/div>\n\t\t\t\t\t<\/div>\n\t\t<\/section>\n\t\t\t\t<\/div>\n\t\t","protected":false},"excerpt":{"rendered":"<p>V\u00e1llalati \u00e9s projekt k\u00f6rnyezetben rendszeresen mer\u00fclhetnek\u00a0 fel komoly kih\u00edv\u00e1sok a mindennapok sor\u00e1n. Megold\u00e1sukban kulcsszerepet j\u00e1tszanak a vezet\u0151k, akiknek intelligenci\u00e1val, szak\u00e9rtelemmel, emberk\u00f6zpont\u00fa attit\u0171ddel, a strat\u00e9giai c\u00e9lok szem el\u0151tt tart\u00e1s\u00e1val kell v\u00e1laszolniuk a probl\u00e9m\u00e1kra. Ahhoz, hogy mindezt a legprofibban\u00a0 tudj\u00e1k megtenni, elengedhetetlen folyamatos k\u00e9pz\u00e9s\u00fck, k\u00e9szs\u00e9geik fejleszt\u00e9se. De mi is az a vezet\u0151k\u00e9pz\u00e9s? Mi\u00e9rt fontos \u00e9s milyen eredm\u00e9nyeket [&hellip;]<\/p>\n","protected":false},"author":5,"featured_media":7004,"comment_status":"closed","ping_status":"closed","sticky":false,"template":"","format":"standard","meta":{"footnotes":""},"categories":[187],"tags":[103,201,188,170],"class_list":["post-7003","post","type-post","status-publish","format-standard","has-post-thumbnail","hentry","category-vezetes","tag-vezetes","tag-vezetofejlesztes","tag-vezetoi-keszsegek","tag-vezetoi-kompetenciak","entry","has-media"],"_links":{"self":[{"href":"https:\/\/promanconsulting.hu\/en\/wp-json\/wp\/v2\/posts\/7003","targetHints":{"allow":["GET"]}}],"collection":[{"href":"https:\/\/promanconsulting.hu\/en\/wp-json\/wp\/v2\/posts"}],"about":[{"href":"https:\/\/promanconsulting.hu\/en\/wp-json\/wp\/v2\/types\/post"}],"author":[{"embeddable":true,"href":"https:\/\/promanconsulting.hu\/en\/wp-json\/wp\/v2\/users\/5"}],"replies":[{"embeddable":true,"href":"https:\/\/promanconsulting.hu\/en\/wp-json\/wp\/v2\/comments?post=7003"}],"version-history":[{"count":15,"href":"https:\/\/promanconsulting.hu\/en\/wp-json\/wp\/v2\/posts\/7003\/revisions"}],"predecessor-version":[{"id":7020,"href":"https:\/\/promanconsulting.hu\/en\/wp-json\/wp\/v2\/posts\/7003\/revisions\/7020"}],"wp:featuredmedia":[{"embeddable":true,"href":"https:\/\/promanconsulting.hu\/en\/wp-json\/wp\/v2\/media\/7004"}],"wp:attachment":[{"href":"https:\/\/promanconsulting.hu\/en\/wp-json\/wp\/v2\/media?parent=7003"}],"wp:term":[{"taxonomy":"category","embeddable":true,"href":"https:\/\/promanconsulting.hu\/en\/wp-json\/wp\/v2\/categories?post=7003"},{"taxonomy":"post_tag","embeddable":true,"href":"https:\/\/promanconsulting.hu\/en\/wp-json\/wp\/v2\/tags?post=7003"}],"curies":[{"name":"wp","href":"https:\/\/api.w.org\/{rel}","templated":true}]}}