{"id":6802,"date":"2022-10-24T07:30:41","date_gmt":"2022-10-24T07:30:41","guid":{"rendered":"https:\/\/promanconsulting.hu\/?p=6802"},"modified":"2023-05-17T19:03:26","modified_gmt":"2023-05-17T19:03:26","slug":"team-epites","status":"publish","type":"post","link":"https:\/\/promanconsulting.hu\/en\/csapatepites\/","title":{"rendered":"Team building for joint project success"},"content":{"rendered":"\t\t<div data-elementor-type=\"wp-post\" data-elementor-id=\"6802\" class=\"elementor elementor-6802\" data-elementor-settings=\"{&quot;ha_cmc_init_switcher&quot;:&quot;no&quot;}\" data-elementor-post-type=\"post\">\n\t\t\t\t\t\t<section class=\"elementor-section elementor-top-section elementor-element elementor-element-167538e2 elementor-section-boxed elementor-section-height-default elementor-section-height-default\" data-id=\"167538e2\" data-element_type=\"section\" data-e-type=\"section\" data-settings=\"{&quot;jet_parallax_layout_list&quot;:[{&quot;jet_parallax_layout_image&quot;:{&quot;url&quot;:&quot;&quot;,&quot;id&quot;:&quot;&quot;,&quot;size&quot;:&quot;&quot;},&quot;_id&quot;:&quot;da11ba3&quot;,&quot;jet_parallax_layout_image_tablet&quot;:{&quot;url&quot;:&quot;&quot;,&quot;id&quot;:&quot;&quot;,&quot;size&quot;:&quot;&quot;},&quot;jet_parallax_layout_image_mobile&quot;:{&quot;url&quot;:&quot;&quot;,&quot;id&quot;:&quot;&quot;,&quot;size&quot;:&quot;&quot;},&quot;jet_parallax_layout_speed&quot;:{&quot;unit&quot;:&quot;%&quot;,&quot;size&quot;:50,&quot;sizes&quot;:[]},&quot;jet_parallax_layout_type&quot;:&quot;scroll&quot;,&quot;jet_parallax_layout_direction&quot;:&quot;1&quot;,&quot;jet_parallax_layout_fx_direction&quot;:null,&quot;jet_parallax_layout_z_index&quot;:&quot;&quot;,&quot;jet_parallax_layout_bg_x&quot;:50,&quot;jet_parallax_layout_bg_x_tablet&quot;:&quot;&quot;,&quot;jet_parallax_layout_bg_x_mobile&quot;:&quot;&quot;,&quot;jet_parallax_layout_bg_y&quot;:50,&quot;jet_parallax_layout_bg_y_tablet&quot;:&quot;&quot;,&quot;jet_parallax_layout_bg_y_mobile&quot;:&quot;&quot;,&quot;jet_parallax_layout_bg_size&quot;:&quot;auto&quot;,&quot;jet_parallax_layout_bg_size_tablet&quot;:&quot;&quot;,&quot;jet_parallax_layout_bg_size_mobile&quot;:&quot;&quot;,&quot;jet_parallax_layout_animation_prop&quot;:&quot;transform&quot;,&quot;jet_parallax_layout_on&quot;:[&quot;desktop&quot;,&quot;tablet&quot;]}],&quot;_ha_eqh_enable&quot;:false}\">\n\t\t\t\t\t\t<div class=\"elementor-container elementor-column-gap-default\">\n\t\t\t\t\t<div class=\"elementor-column elementor-col-100 elementor-top-column elementor-element elementor-element-4773b297\" data-id=\"4773b297\" data-element_type=\"column\" data-e-type=\"column\">\n\t\t\t<div class=\"elementor-widget-wrap elementor-element-populated\">\n\t\t\t\t\t\t<div class=\"elementor-element elementor-element-2656966 elementor-widget elementor-widget-image\" data-id=\"2656966\" data-element_type=\"widget\" data-e-type=\"widget\" data-widget_type=\"image.default\">\n\t\t\t\t<div class=\"elementor-widget-container\">\n\t\t\t\t\t\t\t\t\t\t\t\t\t\t\t<img fetchpriority=\"high\" decoding=\"async\" width=\"1000\" height=\"667\" src=\"https:\/\/promanconsulting.hu\/wp-content\/uploads\/2022\/10\/csapatepites.jpg\" class=\"attachment-full size-full wp-image-6804\" alt=\"A csapat\u00e9p\u00edt\u00e9s fontos eleme a csapatfejleszt\u0151 folyamatoknak.\" srcset=\"https:\/\/promanconsulting.hu\/wp-content\/uploads\/2022\/10\/csapatepites.jpg 1000w, https:\/\/promanconsulting.hu\/wp-content\/uploads\/2022\/10\/csapatepites-300x200.jpg 300w, https:\/\/promanconsulting.hu\/wp-content\/uploads\/2022\/10\/csapatepites-768x512.jpg 768w\" sizes=\"(max-width: 1000px) 100vw, 1000px\" \/>\t\t\t\t\t\t\t\t\t\t\t\t\t\t\t<\/div>\n\t\t\t\t<\/div>\n\t\t\t\t<div class=\"elementor-element elementor-element-f445454 elementor-widget elementor-widget-heading\" data-id=\"f445454\" data-element_type=\"widget\" data-e-type=\"widget\" data-widget_type=\"heading.default\">\n\t\t\t\t<div class=\"elementor-widget-container\">\n\t\t\t\t\t<h1 class=\"elementor-heading-title elementor-size-default\">Csapat\u00e9p\u00edt\u00e9s a k\u00f6z\u00f6s projektsikerek\u00e9rt\n<\/h1>\t\t\t\t<\/div>\n\t\t\t\t<\/div>\n\t\t\t\t<div class=\"elementor-element elementor-element-cba2f88 elementor-widget elementor-widget-text-editor\" data-id=\"cba2f88\" data-element_type=\"widget\" data-e-type=\"widget\" data-widget_type=\"text-editor.default\">\n\t\t\t\t<div class=\"elementor-widget-container\">\n\t\t\t\t\t\t\t\t\t<p><span style=\"font-weight: 400;\">A csapat\u00e9p\u00edt\u00e9s a csapatfejleszt\u00e9s kulcsfontoss\u00e1g\u00fa eleme \u00e9s egyre nagyobb szerephez jut az \u00fczleti vil\u00e1gban. Egy kiv\u00e1l\u00f3an egy\u00fcttm\u0171k\u00f6d\u0151 team mindig sokkal produkt\u00edvabb \u00e9s sikeresebb, r\u00e1ad\u00e1sul a k\u00f6z\u00f6s munka is nagyobb \u00e9lm\u00e9ny, ha kedvelj\u00fck azokat, akikkel dolgozunk. \u00c9ppen ez\u00e9rt a csapat\u00e9p\u00edt\u00e9s egy remek m\u00f3dszer, hogy megfelel\u0151en motiv\u00e1ljuk csapatunk tagjait, \u00f6sszehozzuk \u0151ket munk\u00e1n k\u00edv\u00fcl, hogy m\u00e9g jobban megismerhess\u00e9k egym\u00e1st, nagyobb r\u00e1l\u00e1t\u00e1suk legyen a csapatban elfoglalt hely\u00fckre \u00e9s szerep\u00fckre a csoportdinamik\u00e1ban. Cikk\u00fcnkben most megn\u00e9zz\u00fck, hogy mik a csapat\u00e9p\u00edt\u00e9s el\u0151nyei \u00e9s hogyan kov\u00e1csolhatunk val\u00f3ban \u00f6sszetart\u00f3 teamet.<\/span><\/p>\t\t\t\t\t\t\t\t<\/div>\n\t\t\t\t<\/div>\n\t\t\t\t<div class=\"elementor-element elementor-element-40662c0 elementor-widget elementor-widget-text-editor\" data-id=\"40662c0\" data-element_type=\"widget\" data-e-type=\"widget\" data-widget_type=\"text-editor.default\">\n\t\t\t\t<div class=\"elementor-widget-container\">\n\t\t\t\t\t\t\t\t\t<h2><strong>Mi az a csapat\u00e9p\u00edt\u00e9s?<\/strong><\/h2><p><span style=\"font-weight: 400;\">A csapat\u00e9p\u00edt\u00e9st sok szervezet alkalmazza, hogy a munkat\u00e1rsakat hat\u00e9konyabb kommunik\u00e1ci\u00f3ra \u00e9s egy\u00fcttm\u0171k\u00f6d\u00e9sre \u00f6szt\u00f6n\u00f6zze.<\/span><\/p><p><span style=\"font-weight: 400;\">A csapat\u00e9p\u00edt\u0151 programok a csapatfejleszt\u0151 folyamatok fontos \u00e9p\u00edt\u0151k\u00f6vei. Remek lehet\u0151s\u00e9get biztos\u00edtanak arra, hogy a munkat\u00e1rsak jobban megismerj\u00e9k egym\u00e1st \u00e9s er\u0151sebb k\u00f6tel\u00e9k alakuljon ki k\u00f6z\u00f6tt\u00fck, mely gy\u00fcm\u00f6lcs\u00f6z\u0151bb\u00a0 k\u00f6z\u00f6s munk\u00e1t tesz lehet\u0151v\u00e9 szervezeten vagy projekten bel\u00fcl.\u00a0<\/span><\/p><p><span style=\"font-weight: 400;\">Az er\u0151s csapat l\u00e9trehoz\u00e1sa t\u00falmutat azon, hogy tapasztalt, j\u00f3 szem\u00e9lyis\u00e9ggel rendelkez\u0151 alkalmazottakat vesz\u00fcnk fel. Az egy\u00e9neket \u00f6sszetart\u00f3, produkt\u00edv csapatt\u00e1 kell form\u00e1lni a k\u00f6z\u00f6s sikerek \u00e9rdek\u00e9ben, amely folyamatos munk\u00e1t ig\u00e9nyel.<\/span><\/p><h2><strong>A csapat\u00e9p\u00edt\u00e9s legfontosabb el\u0151nyei\u00a0<\/strong><\/h2><p><span style=\"font-weight: 400;\">N\u00e9zz\u00fck most r\u00e9szletesen, hogy mi\u00e9rt \u00e9rdemes figyelmet ford\u00edtani a csapat\u00e9p\u00edt\u00e9sre.<\/span><\/p><h3><strong>1. Kapcsolat\u00e9p\u00edt\u00e9s<\/strong><\/h3><p><span style=\"font-weight: 400;\">A csapat\u00e9p\u00edt\u00e9s az egyik legjobb m\u00f3dja a kapcsolatok er\u0151s\u00edt\u00e9s\u00e9nek, valamint a hat\u00e9konyabb munkav\u00e9gz\u00e9snek, ak\u00e1r virtu\u00e1lis, hibrid vagy szem\u00e9lyes munkav\u00e9gz\u00e9sr\u0151l van sz\u00f3. A csapattagok jobban megismerhetik egym\u00e1st. A feladatok, k\u00f6z\u00f6s \u00e9lm\u00e9nyek er\u0151s\u00edtik az \u00f6sszetartoz\u00e1s \u00e9rz\u00e9s\u00e9t, k\u00f6nnyebb egy\u00fcttm\u0171k\u00f6d\u00e9st tesznek lehet\u0151v\u00e9. Mindez t\u00e1mogatja az elk\u00f6telez\u0151d\u00e9st, cs\u00f6kkenti a fluktu\u00e1ci\u00f3t.<\/span><\/p><h3><strong>2. Csapatmunka \u00e9s a csapatteljes\u00edtm\u00e9ny fokoz\u00e1sa<\/strong><\/h3><p><span style=\"font-weight: 400;\">A csapat\u00e9p\u00edt\u0151 tev\u00e9kenys\u00e9gek sor\u00e1n remek\u00fcl megismerhet\u0151k a team tagok er\u0151ss\u00e9gei \u00e9s gyenges\u00e9gei. Ennek az\u00e9rt van jelent\u0151s\u00e9ge, mert seg\u00edt egym\u00e1s jobb meg\u00e9rt\u00e9s\u00e9ben, form\u00e1lja a csoportdinamik\u00e1t, ami l\u00e9tfontoss\u00e1g\u00fa lehet egy projekt eredm\u00e9nyeinek el\u00e9r\u00e9se szempontj\u00e1b\u00f3l.<\/span><\/p><p><span style=\"font-weight: 400;\">Mindenki m\u00e1s m\u00f3don ad hozz\u00e1 a csapategys\u00e9ghez, ez\u00e9rt fontos, hogy ki-ki a saj\u00e1t er\u0151forr\u00e1sainak \u00e9s er\u0151ss\u00e9geinek megfelel\u0151en tegyen a k\u00f6z\u00f6s c\u00e9lokhoz, mert \u00edgy \u00e9rhet\u0151 el a legjobb eredm\u00e9ny.<\/span><\/p>\t\t\t\t\t\t\t\t<\/div>\n\t\t\t\t<\/div>\n\t\t\t\t<div class=\"elementor-element elementor-element-1e0c985 elementor-widget elementor-widget-image\" data-id=\"1e0c985\" data-element_type=\"widget\" data-e-type=\"widget\" data-widget_type=\"image.default\">\n\t\t\t\t<div class=\"elementor-widget-container\">\n\t\t\t\t\t\t\t\t\t\t\t\t\t\t\t<img decoding=\"async\" width=\"1000\" height=\"667\" src=\"https:\/\/promanconsulting.hu\/wp-content\/uploads\/2022\/10\/csapatepito-program.jpg\" class=\"attachment-large size-large wp-image-6805\" alt=\"A csapat\u00e9p\u00edt\u0151 program hat\u00e9konyabb kommunik\u00e1ci\u00f3t \u00e9s egy\u00fcttm\u0171k\u00f6d\u00e9st tesz lehet\u0151v\u00e9.\" srcset=\"https:\/\/promanconsulting.hu\/wp-content\/uploads\/2022\/10\/csapatepito-program.jpg 1000w, https:\/\/promanconsulting.hu\/wp-content\/uploads\/2022\/10\/csapatepito-program-300x200.jpg 300w, https:\/\/promanconsulting.hu\/wp-content\/uploads\/2022\/10\/csapatepito-program-768x512.jpg 768w\" sizes=\"(max-width: 1000px) 100vw, 1000px\" \/>\t\t\t\t\t\t\t\t\t\t\t\t\t\t\t<\/div>\n\t\t\t\t<\/div>\n\t\t\t\t<div class=\"elementor-element elementor-element-4984414 elementor-widget elementor-widget-text-editor\" data-id=\"4984414\" data-element_type=\"widget\" data-e-type=\"widget\" data-widget_type=\"text-editor.default\">\n\t\t\t\t<div class=\"elementor-widget-container\">\n\t\t\t\t\t\t\t\t\t<h3><strong>3. Bizalom\u00e9p\u00edt\u00e9s<\/strong><\/h3><p><span style=\"font-weight: 400;\">A bizalom, a hat\u00e9kony csapat kulcseleme.\u00a0 Ha nem b\u00edzunk a m\u00e1sikban, akkor nem m\u0171k\u00f6dhet j\u00f3l a csapatmunka sem. A csapat\u00e9p\u00edt\u00e9s sor\u00e1n a k\u00fcl\u00f6nb\u00f6z\u0151 feladatok, helyzetek lehet\u0151s\u00e9get biztos\u00edtanak a bizalmi h\u00e1l\u00f3 ki\u00e9p\u00edt\u00e9s\u00e9re.<\/span><\/p><p><span style=\"font-weight: 400;\">A bizalom biztons\u00e1g\u00e9rzetet ad, ami fokozza a proaktivit\u00e1st \u00e9s a kreativit\u00e1st. Seg\u00edti a m\u00e1sokra val\u00f3 odafigyel\u00e9s, a konszenzuskeres\u00e9st,\u00a0 valamint t\u00e1mogatja a gyenges\u00e9gek b\u00e1trabb felv\u00e1llal\u00e1s\u00e1t, ami el\u0151remozd\u00edt\u00f3 lehet a csapatmunka sor\u00e1n.<\/span><\/p><h3><strong>4. Hat\u00e9konyabb kommunik\u00e1ci\u00f3<\/strong><\/h3><p><span style=\"font-weight: 400;\">Egy \u00f6sszekov\u00e1csolt csapat eset\u00e9n sokkal g\u00f6rd\u00fcl\u00e9kenyebb a kommunik\u00e1ci\u00f3, mindenki sz\u00edvesebben osztja meg az \u00f6tleteit, vagy mondja el a v\u00e9lem\u00e9ny\u00e9t bizonyos probl\u00e9m\u00e1kkal kapcsolatban. Mindez seg\u00edti a feladatok k\u00f6nnyebb megold\u00e1s\u00e1t, az egy\u00fcttm\u0171k\u00f6d\u00e9st \u00e9s egym\u00e1s t\u00e1mogat\u00e1s\u00e1t a siker el\u00e9r\u00e9s\u00e9ben.<\/span><\/p><h3><strong>5. \u00d6sszehozza az eg\u00e9sz csapatot<\/strong><\/h3><p><span style=\"font-weight: 400;\">Ma m\u00e1r nagyon gyakori, hogy a csapatok egy r\u00e9sze az irod\u00e1ban, m\u00edg m\u00e1sik fele home office-ban dolgozik, ez\u00e9rt kevesebb a szem\u00e9lyes interakci\u00f3. A csapat\u00e9p\u00edt\u00e9s remek lehet\u0151s\u00e9g arra, hogy egyes\u00fclj\u00f6n a team \u00e9s a k\u00f6z\u00f6s \u00e9lm\u00e9nyek r\u00e9v\u00e9n ne csak az online t\u00e9rben, hanem sz\u00f3rakoztat\u00f3 programok form\u00e1j\u00e1ban t\u00f6ltsenek egy\u00fctt min\u0151s\u00e9gi id\u0151t \u00e9s jobban megismerj\u00e9k egym\u00e1st.<\/span><\/p><h3><strong>6. A soksz\u00edn\u0171s\u00e9g t\u00e1mogat\u00e1sa<\/strong><\/h3><p><span style=\"font-weight: 400;\">Egyre mindennaposabb\u00e1 v\u00e1lt, hogy szervezeten, projekten bel\u00fcl sz\u00e1mos olyan szakember dolgozik, aki k\u00fclf\u00f6ld\u00f6n \u00e9l, m\u00e1s h\u00e1tt\u00e9rrel \u00e9s kult\u00far\u00e1val rendelkezik \u00e9s elt\u00e9r\u0151 nyelvet besz\u00e9l. A csapat\u00e9p\u00edt\u00e9s seg\u00edti a befogad\u00f3 k\u00f6rnyezet kialakul\u00e1s\u00e1t, ahol a soksz\u00edn\u0171s\u00e9g, az elt\u00e9r\u0151 tapasztalatok pozit\u00edv hat\u00e1ssal vannak a mindennapi munk\u00e1ra \u00e9s \u00faj lehet\u0151s\u00e9geket nyitnak meg a kommunik\u00e1ci\u00f3 \u00e9s a probl\u00e9mamegold\u00e1s ter\u00e9n.<\/span><\/p>\t\t\t\t\t\t\t\t<\/div>\n\t\t\t\t<\/div>\n\t\t\t\t<div class=\"elementor-element elementor-element-b90a961 elementor-widget elementor-widget-image\" data-id=\"b90a961\" data-element_type=\"widget\" data-e-type=\"widget\" data-widget_type=\"image.default\">\n\t\t\t\t<div class=\"elementor-widget-container\">\n\t\t\t\t\t\t\t\t\t\t\t\t\t\t\t<img decoding=\"async\" width=\"1000\" height=\"667\" src=\"https:\/\/promanconsulting.hu\/wp-content\/uploads\/2022\/10\/csapatepito-trening.jpg\" class=\"attachment-large size-large wp-image-6806\" alt=\"\" srcset=\"https:\/\/promanconsulting.hu\/wp-content\/uploads\/2022\/10\/csapatepito-trening.jpg 1000w, https:\/\/promanconsulting.hu\/wp-content\/uploads\/2022\/10\/csapatepito-trening-300x200.jpg 300w, https:\/\/promanconsulting.hu\/wp-content\/uploads\/2022\/10\/csapatepito-trening-768x512.jpg 768w\" sizes=\"(max-width: 1000px) 100vw, 1000px\" \/>\t\t\t\t\t\t\t\t\t\t\t\t\t\t\t<\/div>\n\t\t\t\t<\/div>\n\t\t\t\t<div class=\"elementor-element elementor-element-bf4b460 elementor-widget elementor-widget-text-editor\" data-id=\"bf4b460\" data-element_type=\"widget\" data-e-type=\"widget\" data-widget_type=\"text-editor.default\">\n\t\t\t\t<div class=\"elementor-widget-container\">\n\t\t\t\t\t\t\t\t\t<h2><strong>Tippek, tan\u00e1csok: ezekre figyelj\u00fcnk a csapat\u00e9p\u00edt\u0151 programok szervez\u00e9s\u00e9n\u00e9l<\/strong><\/h2><p><span style=\"font-weight: 400;\">Miel\u0151tt belev\u00e1gn\u00e1nk a csapat\u00e9p\u00edt\u0151 program szervez\u00e9s\u00e9be, mindig \u00e9rdemes az al\u00e1bbiakat \u00e1tgondolni:<\/span><\/p><ul><li style=\"font-weight: 400;\" aria-level=\"1\"><span style=\"font-weight: 400;\">Mi az esem\u00e9ny c\u00e9lja? Milyen eredm\u00e9nyt szeretn\u00e9nk el\u00e9rni?<\/span><\/li><li style=\"font-weight: 400;\" aria-level=\"1\"><span style=\"font-weight: 400;\">Vannak-e konkr\u00e9t probl\u00e9m\u00e1k, amikre megold\u00e1st keres\u00fcnk?<\/span><\/li><li style=\"font-weight: 400;\" aria-level=\"1\"><span style=\"font-weight: 400;\">Milyen hossz\u00fara tervezz\u00fck az esem\u00e9nyt? N\u00e9h\u00e1ny \u00f3r\u00e1sra vagy t\u00f6bb naposra?<\/span><\/li><li style=\"font-weight: 400;\" aria-level=\"1\"><span style=\"font-weight: 400;\">Mekkora k\u00f6lts\u00e9gvet\u00e9s\u00fcnk van r\u00e1?<\/span><\/li><li style=\"font-weight: 400;\" aria-level=\"1\"><span style=\"font-weight: 400;\">K\u00fclt\u00e9ri, belt\u00e9ri vagy online program legyen?<\/span><\/li><li style=\"font-weight: 400;\" aria-level=\"1\"><span style=\"font-weight: 400;\">V\u00e1roson bel\u00fcl maradunk, vagy elutazunk?<\/span><\/li><li style=\"font-weight: 400;\" aria-level=\"1\"><span style=\"font-weight: 400;\">Kik lesznek megh\u00edvva?<\/span><\/li><\/ul><p><span style=\"font-weight: 400;\">Az alap k\u00e9rd\u00e9seken t\u00fal a k\u00f6vetkez\u0151 szempontok lehetnek m\u00e9g ir\u00e1nyad\u00f3k.<\/span><\/p><h3><span style=\"font-weight: 400;\">Tartsuk munkaid\u0151ben a csapat\u00e9p\u00edt\u0151t!<\/span><\/h3><p><span style=\"font-weight: 400;\">Egyre nagyobb az ig\u00e9ny a munka \u00e9s mag\u00e1n\u00e9let egyens\u00faly\u00e1nak megteremt\u00e9s\u00e9re. A csapattagokban szimp\u00e1ti\u00e1t kelt, ha az esem\u00e9nyt \u00fagy id\u0151z\u00edtj\u00fck, hogy az ne menjen a csal\u00e1d \u00e9s a pihen\u00e9s rov\u00e1s\u00e1ra. Ha t\u00f6bb napos esem\u00e9nyben gondolkodunk, akkor term\u00e9szetesen ezt fel\u00fcl kell \u00edrni, azonban ha mind\u00f6ssze n\u00e9h\u00e1ny \u00f3r\u00e1s programot tartunk, akkor c\u00e9lszer\u0171 munkanapra id\u0151z\u00edteni, \u00edgy biztosan nagyobb lesz a r\u00e9szv\u00e9tel.<\/span><\/p><h3><span style=\"font-weight: 400;\">Koncentr\u00e1ljunk a kritikus ter\u00fcletekre!<\/span><\/h3><p><span style=\"font-weight: 400;\">A c\u00e9lok megfogalmaz\u00e1sa az\u00e9rt fontos, mert a csapat\u00e9p\u00edt\u0151 esem\u00e9nyt ezek k\u00f6r\u00e9 kell szervezni. Ez lehet konkr\u00e9t probl\u00e9ma a csapaton bel\u00fcl, \u00edgy a kommunik\u00e1ci\u00f3, a feladatdeleg\u00e1l\u00e1s vagy az id\u0151menedzsment jav\u00edt\u00e1sa. De olyan f\u00f3kusszal is tervezhet\u00fcnk esem\u00e9nyt, hogy meg\u00fcnnepelj\u00fck az el\u00e9rt sikereket, vagy seg\u00edts\u00fcnk az \u00faj csapattagoknak a beilleszked\u00e9sben.\u00a0<\/span><\/p><h3><span style=\"font-weight: 400;\">Vonjuk be a csapatot a szervez\u00e9sbe!<\/span><\/h3><p><span style=\"font-weight: 400;\">T\u00f6rekedj\u00fcnk arra, hogy a csapat azt \u00e9rezze, hogy fontosak az \u00f6tleteik, visszajelz\u00e9seik, ez\u00e9rt mindenk\u00e9pp k\u00e9rj\u00fck ki a v\u00e9lem\u00e9ny\u00fcket. Ez t\u00f6rt\u00e9nhet egy szok\u00e1sos megbesz\u00e9l\u00e9s sor\u00e1n, e-mailben vagy szavaz\u00e1s, k\u00e9rd\u0151\u00edv form\u00e1j\u00e1ban. Ha \u00fagy l\u00e1tj\u00e1k, hogy r\u00e9szesei az eg\u00e9sz folyamatnak, sz\u00edvesebben vesznek r\u00e9szt a programokon \u00e9s jobb eredm\u00e9nyeket v\u00e1rhatunk az esem\u00e9nyt\u0151l.<\/span><\/p><h3><span style=\"font-weight: 400;\">Egy\u00e9rtelm\u0171s\u00edts\u00fck a c\u00e9lokat!<\/span><\/h3><p><span style=\"font-weight: 400;\">Ak\u00e1rmilyen programt\u00edpust is v\u00e1lasztunk, mindig tudatos\u00edtsuk annak konkr\u00e9t c\u00e9lj\u00e1t. Ez pozit\u00edv attit\u0171d\u00f6t teremt, \u00e9s lehet\u0151v\u00e9 teszi, hogy meg\u00e9rts\u00e9k a tev\u00e9kenys\u00e9g hasznoss\u00e1g\u00e1t.\u00a0<\/span><\/p><p><span style=\"font-weight: 400;\">Mindig tal\u00e1ljuk meg az egyens\u00falyt a sz\u00f3rakoz\u00e1s \u00e9s az eredm\u00e9nyes munka k\u00f6z\u00f6tt! Az id\u0151 nagyj\u00e1b\u00f3l 60\u201375%-\u00e1t ford\u00edtsuk a kit\u0171z\u00f6tt c\u00e9lok el\u00e9r\u00e9s\u00e9re, a fennmarad\u00f3 r\u00e9szben pedig nyugodtan kiengedhetj\u00fck a g\u0151zt.<\/span><\/p><h3><span style=\"font-weight: 400;\">Az egy\u00fcttm\u0171k\u00f6d\u00e9st \u00f6szt\u00f6n\u00f6zz\u00fck, ne a versenyt!<\/span><\/h3><p><span style=\"font-weight: 400;\">A hat\u00e9kony csapat\u00e9p\u00edt\u0151 er\u0151s\u00edti az egy\u00fcttm\u0171k\u00f6d\u00e9st \u00e9s ker\u00fcli a bels\u0151 verseng\u00e9st. A feladatok \u00e9s a program kialak\u00edt\u00e1sakor tartsuk szem el\u0151tt, hogy azok min\u00e9l ink\u00e1bb a k\u00f6lcs\u00f6n\u00f6s t\u00e1mogat\u00e1sra \u00e9p\u00fcljenek. A csapattagok k\u00f6z\u00f6tti j\u00f3 kapcsolat ki\u00e9p\u00edt\u00e9se el\u0151seg\u00edti a produkt\u00edv munkakult\u00far\u00e1t \u00e9s egym\u00e1st seg\u00edt\u00e9s\u00e9t a k\u00f6z\u00f6s c\u00e9l el\u00e9r\u00e9s\u00e9ben.<\/span><\/p><h3><span style=\"font-weight: 400;\">\u00d6nk\u00e9nteskedj\u00fcnk!<\/span><\/h3><p><span style=\"font-weight: 400;\">Sokan sz\u00edvesen vesznek r\u00e9szt olyan tev\u00e9kenys\u00e9gekben, amelyek a t\u00e1rsadalom jav\u00e1t szolg\u00e1lj\u00e1k. A csapat\u00e9p\u00edt\u00e9st teh\u00e1t \u00f6ssze is k\u00f6thetj\u00fck az \u00f6nk\u00e9ntes munka propag\u00e1l\u00e1s\u00e1val.\u00a0 Ilyen lehet helyi \u00e1llatmenhelyek vagy id\u0151sotthonok megl\u00e1togat\u00e1sa, beteg gyermekek t\u00e1mogat\u00e1sa csapatszinten.<\/span><\/p><h2><strong>A csapat\u00e9p\u00edt\u00e9s t\u00edpusai<\/strong><\/h2><p><span style=\"font-weight: 400;\">Ma m\u00e1r sz\u00e1mtalan csapat\u00e9p\u00edt\u0151 programmal tal\u00e1lkozhatunk, legyen sz\u00f3 ak\u00e1r fizikai &#8211; belt\u00e9ri vagy k\u00fclt\u00e9ri -, ak\u00e1r virtu\u00e1lis esem\u00e9nyr\u0151l, kis- vagy nagycsoportos programr\u00f3l.<\/span><\/p><p><b>Ha kategoriz\u00e1lni szeretn\u00e9nk a csapat\u00e9p\u00edt\u0151ket, akkor az al\u00e1bbiak a leggyakoribb t\u00edpusok:<\/b><\/p><ul><li style=\"font-weight: 400;\" aria-level=\"1\"><span style=\"font-weight: 400;\">Kommunik\u00e1ci\u00f3s csapat\u00e9p\u00edt\u00e9s (pl. emberi csom\u00f3)<\/span><\/li><li style=\"font-weight: 400;\" aria-level=\"1\"><span style=\"font-weight: 400;\">Szem\u00e9lyis\u00e9gfejleszt\u0151 csapat\u00e9p\u00edt\u00e9s (pl. szem\u00e9lyis\u00e9gtesztek, csal\u00e1d\u00e1ll\u00edt\u00e1s)<\/span><\/li><li style=\"font-weight: 400;\" aria-level=\"1\"><span style=\"font-weight: 400;\">Fizikai csapat\u00e9p\u00edt\u00e9s (pl. quadoz\u00e1s, rafting, ker\u00e9kp\u00e1rt\u00fara)<\/span><\/li><li style=\"font-weight: 400;\" aria-level=\"1\"><span style=\"font-weight: 400;\">Probl\u00e9mamegold\u00f3 csapat\u00e9p\u00edt\u00e9s (pl. szabadul\u00f3 szoba)<\/span><\/li><li style=\"font-weight: 400;\" aria-level=\"1\"><span style=\"font-weight: 400;\">Kreat\u00edv csapat\u00e9p\u00edt\u00e9s (pl. torony\u00e9p\u00edt\u00e9s pillecukorb\u00f3l)<\/span><\/li><li style=\"font-weight: 400;\" aria-level=\"1\"><span style=\"font-weight: 400;\">Egy\u00fcttm\u0171k\u00f6d\u00e9st seg\u00edt\u0151 tr\u00e9ning (pl. Filmk\u00e9sz\u00edt\u00e9s, kincsvad\u00e1szat)<\/span><\/li><li style=\"font-weight: 400;\" aria-level=\"1\"><span style=\"font-weight: 400;\">Ment\u00e1lis csapat\u00e9p\u00edt\u00e9s\u00a0 (pl. p\u00f3ker, t\u00e1rsasj\u00e1t\u00e9k)<\/span><\/li><li style=\"font-weight: 400;\" aria-level=\"1\"><span style=\"font-weight: 400;\">J\u00f3t\u00e9konys\u00e1gi csapat\u00e9p\u00edt\u00e9s (pl. \u00e9teloszt\u00e1s, meseolvas\u00e1s beteg gyerekeknek)<\/span><\/li><li style=\"font-weight: 400;\" aria-level=\"1\"><span style=\"font-weight: 400;\">Pihen\u00e9st c\u00e9lz\u00f3 programok (pl. wellness h\u00e9tv\u00e9ge, bork\u00f3stol\u00e1s)<\/span><\/li><\/ul><h2><strong>Ne feledkezz\u00fcnk meg a csapat\u00e9p\u00edt\u00e9s \u00e9rt\u00e9kel\u00e9s\u00e9r\u0151l sem<\/strong><\/h2><p><span style=\"font-weight: 400;\">A csapat\u00e9p\u00edt\u00e9s egy csapatfejleszt\u00e9si folyamat, ez\u00e9rt elengedhetetlen, hogy \u00e9rt\u00e9kelj\u00fck az eredm\u00e9nyeket.<\/span><\/p><p><span style=\"font-weight: 400;\">A r\u00e9sztvev\u0151k visszajelz\u00e9sei kulcsfontoss\u00e1g\u00faak, c\u00e9lszer\u0171 a v\u00e9lem\u00e9nyeket anonim k\u00e9rd\u0151\u00edv form\u00e1j\u00e1ban bek\u00e9rni.<\/span><\/p><p><span style=\"font-weight: 400;\">Mik a legfontosabb k\u00e9rd\u00e9sek?<\/span><\/p><ul><li style=\"font-weight: 400;\" aria-level=\"1\"><span style=\"font-weight: 400;\">Szereztek-e a r\u00e9sztvev\u0151k olyan \u00faj tud\u00e1st, amelyet a gyakorlatban is tudnak alkalmazni a munk\u00e1juk sor\u00e1n?<\/span><\/li><li style=\"font-weight: 400;\" aria-level=\"1\"><span style=\"font-weight: 400;\">Milyen v\u00e1ltoz\u00e1sokat tapasztaltak az\u00f3ta a csapatmunk\u00e1ban?<\/span><\/li><li style=\"font-weight: 400;\" aria-level=\"1\"><span style=\"font-weight: 400;\">N\u0151tt-e a csapat teljes\u00edtm\u00e9nye a csapat\u00e9p\u00edt\u0151t k\u00f6vet\u0151en?<\/span><\/li><li style=\"font-weight: 400;\" aria-level=\"1\"><span style=\"font-weight: 400;\">Milyen ter\u00fcleten volna m\u00e9g sz\u00fcks\u00e9g v\u00e1ltoz\u00e1sra?<\/span><\/li><\/ul><p><span style=\"font-weight: 400;\">A tapasztalatok seg\u00edthetnek abban, hogy jav\u00edthassuk a folyamatokat a m\u00e9g hat\u00e9konyabb csapatmunka \u00e9rdek\u00e9ben.<\/span><\/p>\t\t\t\t\t\t\t\t<\/div>\n\t\t\t\t<\/div>\n\t\t\t\t<div class=\"elementor-element elementor-element-04f2f39 elementor-widget elementor-widget-text-editor\" data-id=\"04f2f39\" data-element_type=\"widget\" data-e-type=\"widget\" data-widget_type=\"text-editor.default\">\n\t\t\t\t<div class=\"elementor-widget-container\">\n\t\t\t\t\t\t\t\t\t<h2><strong>\u00d6sszefoglalva<\/strong><\/h2><p><span style=\"font-weight: 400;\">A projektmenedzsment sor\u00e1n \u00f3ri\u00e1si jelent\u0151s\u00e9ge van a csapatmunk\u00e1nak, a megfelel\u0151 kommunik\u00e1ci\u00f3nak \u00e9s az egy\u00fcttm\u0171k\u00f6d\u00e9snek. Ann\u00e1l sikeresebb egy projekt, min\u00e9l elk\u00f6telezettebbek a munk\u00e1ban r\u00e9sztvev\u0151k, \u00edgy a csapat\u00e9p\u00edt\u00e9s kulcsfontoss\u00e1g\u00fa. Amennyiben szeretne hat\u00e9kony lenni a csapatt\u00e1mogat\u00e1s ter\u00e9n, n\u00f6veln\u00e9 a produktivit\u00e1st \u00e9s hat\u00e9kony projektvezet\u0151i m\u00f3dszereket saj\u00e1t\u00edtana el, <\/span><span style=\"color: #3366ff;\"><a style=\"color: #3366ff;\" href=\"https:\/\/promanconsulting.hu\/projektvezetoknek-ajanlott-kepzesek\/\"><span style=\"font-weight: 400;\">v\u00e1lasszon professzion\u00e1lis k\u00e9pz\u00e9seink k\u00f6z\u00fcl!<\/span><\/a><\/span><\/p>\t\t\t\t\t\t\t\t<\/div>\n\t\t\t\t<\/div>\n\t\t\t\t\t<\/div>\n\t\t<\/div>\n\t\t\t\t\t<\/div>\n\t\t<\/section>\n\t\t\t\t<\/div>\n\t\t","protected":false},"excerpt":{"rendered":"<p>Csapat\u00e9p\u00edt\u00e9s a k\u00f6z\u00f6s projektsikerek\u00e9rt A csapat\u00e9p\u00edt\u00e9s a csapatfejleszt\u00e9s kulcsfontoss\u00e1g\u00fa eleme \u00e9s egyre nagyobb szerephez jut az \u00fczleti vil\u00e1gban. Egy kiv\u00e1l\u00f3an egy\u00fcttm\u0171k\u00f6d\u0151 team mindig sokkal produkt\u00edvabb \u00e9s sikeresebb, r\u00e1ad\u00e1sul a k\u00f6z\u00f6s munka is nagyobb \u00e9lm\u00e9ny, ha kedvelj\u00fck azokat, akikkel dolgozunk. \u00c9ppen ez\u00e9rt a csapat\u00e9p\u00edt\u00e9s egy remek m\u00f3dszer, hogy megfelel\u0151en motiv\u00e1ljuk csapatunk tagjait, \u00f6sszehozzuk \u0151ket munk\u00e1n k\u00edv\u00fcl, [&hellip;]<\/p>\n","protected":false},"author":5,"featured_media":6804,"comment_status":"closed","ping_status":"closed","sticky":false,"template":"","format":"standard","meta":{"footnotes":""},"categories":[179],"tags":[245,246,247,209,35],"class_list":["post-6802","post","type-post","status-publish","format-standard","has-post-thumbnail","hentry","category-szervezetfejlesztes","tag-csapatepites","tag-csapatepito","tag-egyuttmukodes","tag-motivacio","tag-projektmenedzsment","entry","has-media"],"_links":{"self":[{"href":"https:\/\/promanconsulting.hu\/en\/wp-json\/wp\/v2\/posts\/6802","targetHints":{"allow":["GET"]}}],"collection":[{"href":"https:\/\/promanconsulting.hu\/en\/wp-json\/wp\/v2\/posts"}],"about":[{"href":"https:\/\/promanconsulting.hu\/en\/wp-json\/wp\/v2\/types\/post"}],"author":[{"embeddable":true,"href":"https:\/\/promanconsulting.hu\/en\/wp-json\/wp\/v2\/users\/5"}],"replies":[{"embeddable":true,"href":"https:\/\/promanconsulting.hu\/en\/wp-json\/wp\/v2\/comments?post=6802"}],"version-history":[{"count":13,"href":"https:\/\/promanconsulting.hu\/en\/wp-json\/wp\/v2\/posts\/6802\/revisions"}],"predecessor-version":[{"id":6832,"href":"https:\/\/promanconsulting.hu\/en\/wp-json\/wp\/v2\/posts\/6802\/revisions\/6832"}],"wp:featuredmedia":[{"embeddable":true,"href":"https:\/\/promanconsulting.hu\/en\/wp-json\/wp\/v2\/media\/6804"}],"wp:attachment":[{"href":"https:\/\/promanconsulting.hu\/en\/wp-json\/wp\/v2\/media?parent=6802"}],"wp:term":[{"taxonomy":"category","embeddable":true,"href":"https:\/\/promanconsulting.hu\/en\/wp-json\/wp\/v2\/categories?post=6802"},{"taxonomy":"post_tag","embeddable":true,"href":"https:\/\/promanconsulting.hu\/en\/wp-json\/wp\/v2\/tags?post=6802"}],"curies":[{"name":"wp","href":"https:\/\/api.w.org\/{rel}","templated":true}]}}