{"id":6680,"date":"2022-09-19T09:15:30","date_gmt":"2022-09-19T09:15:30","guid":{"rendered":"https:\/\/promanconsulting.hu\/?p=6680"},"modified":"2023-05-17T19:02:04","modified_gmt":"2023-05-17T19:02:04","slug":"my-project-got-in-trouble-what-to-do","status":"publish","type":"post","link":"https:\/\/promanconsulting.hu\/en\/bajba-jutott-a-projektem-mit-tegyek\/","title":{"rendered":"My project is in trouble! What should I do?"},"content":{"rendered":"\t\t<div data-elementor-type=\"wp-post\" data-elementor-id=\"6680\" class=\"elementor elementor-6680\" data-elementor-settings=\"{&quot;ha_cmc_init_switcher&quot;:&quot;no&quot;}\" data-elementor-post-type=\"post\">\n\t\t\t\t\t\t<section class=\"elementor-section elementor-top-section elementor-element elementor-element-167538e2 elementor-section-boxed elementor-section-height-default elementor-section-height-default\" data-id=\"167538e2\" data-element_type=\"section\" data-e-type=\"section\" data-settings=\"{&quot;jet_parallax_layout_list&quot;:[{&quot;jet_parallax_layout_image&quot;:{&quot;url&quot;:&quot;&quot;,&quot;id&quot;:&quot;&quot;,&quot;size&quot;:&quot;&quot;},&quot;_id&quot;:&quot;da11ba3&quot;,&quot;jet_parallax_layout_image_tablet&quot;:{&quot;url&quot;:&quot;&quot;,&quot;id&quot;:&quot;&quot;,&quot;size&quot;:&quot;&quot;},&quot;jet_parallax_layout_image_mobile&quot;:{&quot;url&quot;:&quot;&quot;,&quot;id&quot;:&quot;&quot;,&quot;size&quot;:&quot;&quot;},&quot;jet_parallax_layout_speed&quot;:{&quot;unit&quot;:&quot;%&quot;,&quot;size&quot;:50,&quot;sizes&quot;:[]},&quot;jet_parallax_layout_type&quot;:&quot;scroll&quot;,&quot;jet_parallax_layout_direction&quot;:&quot;1&quot;,&quot;jet_parallax_layout_fx_direction&quot;:null,&quot;jet_parallax_layout_z_index&quot;:&quot;&quot;,&quot;jet_parallax_layout_bg_x&quot;:50,&quot;jet_parallax_layout_bg_x_tablet&quot;:&quot;&quot;,&quot;jet_parallax_layout_bg_x_mobile&quot;:&quot;&quot;,&quot;jet_parallax_layout_bg_y&quot;:50,&quot;jet_parallax_layout_bg_y_tablet&quot;:&quot;&quot;,&quot;jet_parallax_layout_bg_y_mobile&quot;:&quot;&quot;,&quot;jet_parallax_layout_bg_size&quot;:&quot;auto&quot;,&quot;jet_parallax_layout_bg_size_tablet&quot;:&quot;&quot;,&quot;jet_parallax_layout_bg_size_mobile&quot;:&quot;&quot;,&quot;jet_parallax_layout_animation_prop&quot;:&quot;transform&quot;,&quot;jet_parallax_layout_on&quot;:[&quot;desktop&quot;,&quot;tablet&quot;]}],&quot;_ha_eqh_enable&quot;:false}\">\n\t\t\t\t\t\t<div class=\"elementor-container elementor-column-gap-default\">\n\t\t\t\t\t<div class=\"elementor-column elementor-col-100 elementor-top-column elementor-element elementor-element-4773b297\" data-id=\"4773b297\" data-element_type=\"column\" data-e-type=\"column\">\n\t\t\t<div class=\"elementor-widget-wrap elementor-element-populated\">\n\t\t\t\t\t\t<div class=\"elementor-element elementor-element-24db6b0 elementor-widget elementor-widget-text-editor\" data-id=\"24db6b0\" data-element_type=\"widget\" data-e-type=\"widget\" data-widget_type=\"text-editor.default\">\n\t\t\t\t<div class=\"elementor-widget-container\">\n\t\t\t\t\t\t\t\t\t<p>\u00cdrta: <strong>Czimbalmos Zsolt<\/strong>, PMP, PBA, ACP, DASSM vezet\u0151 tan\u00e1csad\u00f3, \u00fcgyvezet\u0151<\/p>\t\t\t\t\t\t\t\t<\/div>\n\t\t\t\t<\/div>\n\t\t\t\t<div class=\"elementor-element elementor-element-f445454 elementor-widget elementor-widget-heading\" data-id=\"f445454\" data-element_type=\"widget\" data-e-type=\"widget\" data-widget_type=\"heading.default\">\n\t\t\t\t<div class=\"elementor-widget-container\">\n\t\t\t\t\t<h1 class=\"elementor-heading-title elementor-size-default\">Bajba jutott a projektem! Mit tegyek?<\/h1>\t\t\t\t<\/div>\n\t\t\t\t<\/div>\n\t\t\t\t<div class=\"elementor-element elementor-element-cba2f88 elementor-widget elementor-widget-text-editor\" data-id=\"cba2f88\" data-element_type=\"widget\" data-e-type=\"widget\" data-widget_type=\"text-editor.default\">\n\t\t\t\t<div class=\"elementor-widget-container\">\n\t\t\t\t\t\t\t\t\t<p>Mindenki hallott m\u00e1r olyan projektekr\u0151l, melyek elakadnak, bajba jutnak, egy bizonyos pont ut\u00e1n minden pr\u00f3b\u00e1lkoz\u00e1s ellen\u00e9re k\u00e9ptelenek tov\u00e1bbl\u00e9pni. Az \u00e9rt\u00e9kes er\u0151forr\u00e1sokat ezek, a jellemz\u0151en \u00f3ri\u00e1s m\u00e9ret\u0171 projektek \u00e9getik, m\u00e9gis \u00e1ltal\u00e1nos \u00e9rtelemben a projekt v\u00e1lik a szervezeten bel\u00fcl szitoksz\u00f3v\u00e1.<\/p><p>Bejegyz\u00e9s\u00fcnkben azt j\u00e1rjuk k\u00f6rbe, hogy leggyakrabban milyen t\u00e9nyez\u0151k okozz\u00e1k e tetszhalott projekt\u00e1llapotot, illetve, hogy az agilit\u00e1s milyen m\u00f3don alkalmazhat\u00f3, hogy a projektet kimozd\u00edtsuk ebb\u0151l a helyzetb\u0151l.<\/p>\t\t\t\t\t\t\t\t<\/div>\n\t\t\t\t<\/div>\n\t\t\t\t<div class=\"elementor-element elementor-element-2656966 elementor-widget elementor-widget-image\" data-id=\"2656966\" data-element_type=\"widget\" data-e-type=\"widget\" data-widget_type=\"image.default\">\n\t\t\t\t<div class=\"elementor-widget-container\">\n\t\t\t\t\t\t\t\t\t\t\t\t\t\t\t<img fetchpriority=\"high\" decoding=\"async\" width=\"768\" height=\"512\" src=\"https:\/\/promanconsulting.hu\/wp-content\/uploads\/2022\/09\/bajba-jutott-projekt-768x512.jpg\" class=\"attachment-medium_large size-medium_large wp-image-6682\" alt=\"Hogyan seg\u00edthetek a projektemen\" srcset=\"https:\/\/promanconsulting.hu\/wp-content\/uploads\/2022\/09\/bajba-jutott-projekt-768x512.jpg 768w, https:\/\/promanconsulting.hu\/wp-content\/uploads\/2022\/09\/bajba-jutott-projekt-300x200.jpg 300w, https:\/\/promanconsulting.hu\/wp-content\/uploads\/2022\/09\/bajba-jutott-projekt-1024x682.jpg 1024w, https:\/\/promanconsulting.hu\/wp-content\/uploads\/2022\/09\/bajba-jutott-projekt.jpg 1280w\" sizes=\"(max-width: 768px) 100vw, 768px\" \/>\t\t\t\t\t\t\t\t\t\t\t\t\t\t\t<\/div>\n\t\t\t\t<\/div>\n\t\t\t\t<div class=\"elementor-element elementor-element-0be0a1b elementor-widget elementor-widget-heading\" data-id=\"0be0a1b\" data-element_type=\"widget\" data-e-type=\"widget\" data-widget_type=\"heading.default\">\n\t\t\t\t<div class=\"elementor-widget-container\">\n\t\t\t\t\t<h2 class=\"elementor-heading-title elementor-size-default\">Leggyakoribb gy\u00f6k\u00e9rokok, amik a projekt meg\u00e1ll\u00e1s\u00e1hoz vezetnek<\/h2>\t\t\t\t<\/div>\n\t\t\t\t<\/div>\n\t\t\t\t<div class=\"elementor-element elementor-element-40662c0 elementor-widget elementor-widget-text-editor\" data-id=\"40662c0\" data-element_type=\"widget\" data-e-type=\"widget\" data-widget_type=\"text-editor.default\">\n\t\t\t\t<div class=\"elementor-widget-container\">\n\t\t\t\t\t\t\t\t\t<p>A fent le\u00edrt \u00e1llapotot, jellemz\u0151ket tapasztalataink szerint legritk\u00e1bb esetben okozza a projektcsapat szaktud\u00e1s\u00e1nak hi\u00e1nya. Amikor \u00fcgyfeleink olyan ig\u00e9nnyel keresnek meg minket, hogy egy adott, elakadt projekt el\u0151mozd\u00edt\u00e1s\u00e1t seg\u00edts\u00fck, az al\u00e1bbiakat tapasztaljuk leggyakrabban:<\/p><ul><li><strong>Mozg\u00f3 vagy nem ismert c\u00e9lok<\/strong><\/li><\/ul><p>A projekt kezdeti c\u00e9lja folyamatosan v\u00e1ltozik, a csapat napr\u00f3l napra dolgozik, a projekt folyamatos \u00fajra tervez\u00e9st ig\u00e9nyel. Ez a bizonytalans\u00e1g nem a terjedelem (scope), hanem sokkal ink\u00e1bb a v\u00e9gs\u0151 c\u00e9l v\u00e1ltoz\u00e1s\u00e1t jelenti.<\/p><ul><li><strong>A f\u00f3kusz hi\u00e1nya<\/strong><\/li><\/ul><p>A projektben dolgoz\u00f3k a feladatokat m\u00e1sodrang\u00fanak gondolj\u00e1k a napi operat\u00edv vagy m\u00e1s projektfeladatok mellett. T\u00fal sok t\u00e9ma fut p\u00e1rhuzamosan, nem jut elegend\u0151 f\u00f3kusz a projektre.<\/p><ul><li><strong>Nem elegend\u0151 er\u0151forr\u00e1s<\/strong><\/li><\/ul><p>Tipikus probl\u00e9ma a projektek alultervez\u00e9se. Sok esetben az er\u0151forr\u00e1sgazd\u00e1k nem veszik figyelembe, hogy a projekttagok a projektben nem csup\u00e1n a szakmai feladatok megval\u00f3s\u00edt\u00e1s\u00e1t l\u00e1tj\u00e1k el, hanem egyeztet\u00e9seken, adminisztrat\u00edv feladatokban is r\u00e9szt kell venni\u00fck. Ne felejts\u00fck el, hogy p\u00e9lda kedv\u00e9\u00e9rt egy fejleszt\u0151i nap a legritk\u00e1bb esetben jelent 7-8 \u00f3ra fejleszt\u00e9st, sokkal \u00e9letszer\u0171bb napi 4-5 \u00f3r\u00e1val kalkul\u00e1lni.<\/p><ul><li><strong>Vezet\u0151i t\u00e1mogat\u00e1s, motiv\u00e1ci\u00f3 hi\u00e1nya \u2013 nem hisz\u00fcnk a sikerben<\/strong><\/li><\/ul><p>Sajnos tapasztalataink szerint sok esetben a megb\u00edz\u00f3k csak form\u00e1lis szerepet t\u00f6ltenek be a projektekben, \u00e9rdemi hozz\u00e1adott \u00e9rt\u00e9k n\u00e9lk\u00fcl. Az esetleges eszkal\u00e1ci\u00f3s folyamatok, a j\u00f3v\u00e1hagy\u00e1sok a lass\u00fa, vagy elmaradt d\u00f6nt\u00e9sek miatt lelassulnak, ez a hozz\u00e1\u00e1ll\u00e1s pedig \u00e1tragad a csapattagokra is.<\/p><ul><li><strong>Nem megfelel\u0151 emberek a csapatban<\/strong><\/li><\/ul><p>A projektcsapat fel\u00e9p\u00edt\u00e9se, kijel\u00f6l\u00e9se nem minden esetben mag\u00e1t\u00f3l \u00e9rtet\u0151d\u0151. Ezt a t\u00f6bbt\u00e9nyez\u0151s d\u00f6nt\u00e9st j\u00f3l megalapozott \u00e9s \u00e1tgondolt folyamat ment\u00e9n \u00e9rdemes meghozni. A szakmai tud\u00e1s, kompetenci\u00e1k mellett a csapatban dolgoz\u00f3k k\u00e9szs\u00e9gei, egy\u00fcttm\u0171k\u00f6d\u00e9si hajland\u00f3s\u00e1guk \u00e9s motiv\u00e1ci\u00f3juk is fontos szerepet t\u00f6lthet be.<\/p><ul><li><strong>Rosszul v\u00e1lasztott m\u00f3dszertani ir\u00e1nyok<\/strong><\/li><\/ul><p>Gyakran emlegetj\u00fck, hogy nem mi vagyunk a m\u00f3dszertan\u00e9rt, a m\u00f3dszertan van \u00e9rt\u00fcnk. Az egyes projektek jellemz\u0151ik alapj\u00e1n elt\u00e9r\u0151 megk\u00f6zel\u00edt\u00e9st ig\u00e9nyelhetnek, egy rosszul megv\u00e1lasztott m\u00f3dszertan ak\u00e1r a projekt megreked\u00e9s\u00e9t is okozhatja.<\/p><ul><li><strong>R\u00f6gt\u00f6n \u201e\u0171rhaj\u00f3t akarunk \u00e9p\u00edteni\u201d \u2013 t\u00falzott elv\u00e1r\u00e1sok<\/strong><\/li><\/ul><p>Gyakori probl\u00e9ma, hogy a projekttel szemben t\u00falzott elv\u00e1r\u00e1sokat fogalmaznak meg, r\u00f6gt\u00f6n a lehet\u0151 legteljesebb, minden funkcionalit\u00e1ssal b\u00edr\u00f3 eredm\u00e9ny sz\u00e1ll\u00edt\u00e1s\u00e1ra t\u00f6rekednek. Ez nem csup\u00e1n a megval\u00f3s\u00edt\u00e1st teszi bonyolultabb\u00e1, k\u00e9slelteti is az \u00e9rt\u00e9ksz\u00e1ll\u00edt\u00e1st is. \u00a0<\/p><ul><li><strong>A hangs\u00faly csak a feladatokon van<\/strong><\/li><\/ul><p>Egy csoport, csapat hat\u00e9kony m\u0171k\u00f6d\u00e9s\u00e9hez nem el\u00e9g csak a munk\u00e1ra, feladatokra helyezni a hangs\u00falyt. A csapaton bel\u00fcli dinamika, illetve a csapat m\u0171k\u00f6d\u00e9si kereteinek hangs\u00falyoz\u00e1sa, fejleszt\u00e9se is sz\u00fcks\u00e9ges ahhoz, hogy egy csapat j\u00f3l m\u0171k\u00f6dj\u00f6n \u00e9s tudjon sz\u00e1ll\u00edtani.<\/p>\t\t\t\t\t\t\t\t<\/div>\n\t\t\t\t<\/div>\n\t\t\t\t<div class=\"elementor-element elementor-element-b24554e elementor-widget elementor-widget-image\" data-id=\"b24554e\" data-element_type=\"widget\" data-e-type=\"widget\" data-widget_type=\"image.default\">\n\t\t\t\t<div class=\"elementor-widget-container\">\n\t\t\t\t\t\t\t\t\t\t\t\t\t\t\t<img decoding=\"async\" width=\"1024\" height=\"683\" src=\"https:\/\/promanconsulting.hu\/wp-content\/uploads\/2022\/09\/projektek-tamogatas-agilis-eszkozokkel-1024x683.jpg\" class=\"attachment-large size-large wp-image-6683\" alt=\"A projekteket seg\u00edthetj\u00fck agilis elemek beemel\u00e9s\u00e9vel is\" srcset=\"https:\/\/promanconsulting.hu\/wp-content\/uploads\/2022\/09\/projektek-tamogatas-agilis-eszkozokkel-1024x683.jpg 1024w, https:\/\/promanconsulting.hu\/wp-content\/uploads\/2022\/09\/projektek-tamogatas-agilis-eszkozokkel-300x200.jpg 300w, https:\/\/promanconsulting.hu\/wp-content\/uploads\/2022\/09\/projektek-tamogatas-agilis-eszkozokkel-768x512.jpg 768w, https:\/\/promanconsulting.hu\/wp-content\/uploads\/2022\/09\/projektek-tamogatas-agilis-eszkozokkel.jpg 1280w\" sizes=\"(max-width: 1024px) 100vw, 1024px\" \/>\t\t\t\t\t\t\t\t\t\t\t\t\t\t\t<\/div>\n\t\t\t\t<\/div>\n\t\t\t\t<div class=\"elementor-element elementor-element-5dd89e3 elementor-widget elementor-widget-heading\" data-id=\"5dd89e3\" data-element_type=\"widget\" data-e-type=\"widget\" data-widget_type=\"heading.default\">\n\t\t\t\t<div class=\"elementor-widget-container\">\n\t\t\t\t\t<h2 class=\"elementor-heading-title elementor-size-default\">Az agilit\u00e1s, mint egy lehets\u00e9ges megold\u00e1s?<\/h2>\t\t\t\t<\/div>\n\t\t\t\t<\/div>\n\t\t\t\t<div class=\"elementor-element elementor-element-4984414 elementor-widget elementor-widget-text-editor\" data-id=\"4984414\" data-element_type=\"widget\" data-e-type=\"widget\" data-widget_type=\"text-editor.default\">\n\t\t\t\t<div class=\"elementor-widget-container\">\n\t\t\t\t\t\t\t\t\t<p>Fontos hangs\u00falyozni, hogy az al\u00e1bbi, \u00e1ltalunk is alkalmazott kezel\u00e9si m\u00f3d ilyen helyzetekben nem arr\u00f3l sz\u00f3l, hogy a projektet \u201e\u00e1ll\u00edtsuk \u00e1t\u201d agilis m\u00f3dszertanra, hanem sokkal ink\u00e1bb arr\u00f3l, hogy az <a href=\"https:\/\/promanconsulting.hu\/agilis-jelentese\/\"><span style=\"color: #0000ff;\">agilis szeml\u00e9let<\/span><\/a> \u00e9s eszk\u00f6zt\u00e1r egyes elemeinek haszn\u00e1lat\u00e1val mik\u00e9nt seg\u00edthet\u00fcnk bajba jutott projekteken. A fenti gy\u00f6k\u00e9rokokb\u00f3l kiindulva, ha el tudjuk \u00e9rni, hogy a csapat egy sz\u0171k\u00edtett terjedelmet, scope-ot, f\u00f3kusz\u00e1lt munk\u00e1val, a megb\u00edz\u00f3 szoros bevon\u00e1sa mellett egy lehet\u0151s\u00e9g szerint r\u00f6videbb id\u0151keretben le tudjon sz\u00e1ll\u00edtani, j\u00f3 es\u00e9llyel a projektet ki tudjuk mozd\u00edtani a megrekedt \u00e1llapotb\u00f3l.<\/p><p>A m\u00e1r-m\u00e1r unalomig ismert ellen\u0151rz\u0151 list\u00e1t\u00f3l (pl. pontos\u00edtsuk az elv\u00e1r\u00e1sokat, gondoljuk \u00e1t az \u00fctemtervet, \u00e9rt\u00e9kelj\u00fck a kock\u00e1zatokat stb.) most eltekint\u00fcnk \u00e9s gondolat\u00e9breszt\u0151k\u00e9nt ink\u00e1bb az \u00e1ltalunk is alkalmazott l\u00e9p\u00e9seket mutatjuk be az al\u00e1bbiakban:<\/p><p><strong>1. Gyorselemz\u00e9s<\/strong><\/p><p>Az indul\u00e1shoz felt\u00e9tel\u00fcl sz\u00fcks\u00e9ges, hogy meg\u00e9rts\u00fck a probl\u00e9m\u00e1kat, az elakad\u00e1s ok\u00e1t. Tapasztalataink szerint ez gyorsan, hat\u00e9konyan megval\u00f3s\u00edthat\u00f3 egy kulcsszerepl\u0151kkel megval\u00f3sul\u00f3 p\u00e1r \u00f3r\u00e1s workshop seg\u00edts\u00e9g\u00e9vel. A workshop sor\u00e1n a c\u00e9lok pontos\u00edt\u00e1sra, a felmer\u00fclt probl\u00e9m\u00e1k, a csapat oldali kompetenci\u00e1k, k\u00e9szs\u00e9gek, valamint a megc\u00e9lzott felhaszn\u00e1l\u00f3i elv\u00e1r\u00e1sok pedig felt\u00e1r\u00e1sra ker\u00fclhetnek.<\/p><p><strong>2. Roadmap kialak\u00edt\u00e1s<\/strong><\/p><p>Ak\u00e1r a kezdeti projekttervet felhaszn\u00e1lva, vagy ak\u00e1r azt figyelmen k\u00edv\u00fcl hagyva a kulcsszerepl\u0151kkel k\u00f6z\u00f6sen kialak\u00edt\u00e1sra ker\u00fcl egy roadmap, melynek c\u00e9lja nem egy minden feladatra kiterjed\u0151 \u00fctemterv k\u00e9sz\u00edt\u00e9se, hanem sokkal ink\u00e1bb egy els\u0151 nagyobb eredm\u00e9ny \u00e1tad\u00e1s\u00e1ra f\u00f3kusz\u00e1l\u00f3 menetrend, mely a legfontosabb feladatokat tartalmazza. Kritikus, hogy ez az eredm\u00e9ny egy megfoghat\u00f3, sz\u0171kebb jellemz\u0151kkel b\u00edr\u00f3 lesz\u00e1ll\u00edtand\u00f3 legyen, ami bizonyos szinten v\u00e1laszt ad a felhaszn\u00e1l\u00f3i elv\u00e1r\u00e1sokra. Hosszabb t\u00e1von term\u00e9szetesen ez az eredm\u00e9ny tov\u00e1bb fejleszthet\u0151, kieg\u00e9sz\u00edthet\u0151, de egy ilyen \u201egyors gy\u0151zelem\u201d \u00faj lend\u00fcletet adhat a projektnek, n\u00f6velheti a motiv\u00e1ci\u00f3t \u00e9s ami tal\u00e1n m\u00e9g fontosabb, rem\u00e9nyt adhat a projekt lez\u00e1r\u00e1s\u00e1val kapcsolatban, \u00edgy n\u00f6velheti a kulcsszerepl\u0151k \u00e9s a megb\u00edz\u00f3 elk\u00f6telezetts\u00e9g\u00e9t is.<\/p><p><strong>3. Kapacit\u00e1sok biztos\u00edt\u00e1sa, roadmap hangol\u00e1sa<\/strong><\/p><p>Az el\u0151zetes roadmap alapj\u00e1n felm\u00e9rj\u00fck, hogy milyen kapacit\u00e1sokat tud a szervezet biztos\u00edtani a sz\u00e1ll\u00edt\u00e1shoz. Ez egy kulcsfontoss\u00e1g\u00fa k\u00e9rd\u00e9s, az irre\u00e1lis elv\u00e1r\u00e1sokat (pl. 2 f\u0151 heti 1 napos allok\u00e1ci\u00f3 mellett nem lesz k\u00e9pes gyors eredm\u00e9nyeket sz\u00e1ll\u00edtani) jelezz\u00fck \u00e9s megpr\u00f3b\u00e1lunk olyan felt\u00e9teleket \u00e9s csapat l\u00e9tsz\u00e1mot kiharcolni, amivel re\u00e1lis lehet az elv\u00e1r\u00e1sok teljes\u00edt\u00e9se.<\/p><p>Amennyiben ezt siker\u00fcl el\u00e9rni, \u00fagy a kijel\u00f6lt csapattagok bevon\u00e1s\u00e1val k\u00f6z\u00f6sen felt\u00e1rjuk, hogy milyen kompetenci\u00e1kra lesz sz\u00fcks\u00e9g a sz\u00e1ll\u00edt\u00e1shoz. A kompetenciafelm\u00e9r\u00e9st nem az er\u0151forr\u00e1sgazd\u00e1kkal, vagy szakmai felel\u0151s\u00f6kkel, hanem a csapattagokkal v\u00e9gezz\u00fck, hiszen nekik kell majd a szakmai feladatokat megval\u00f3s\u00edtaniuk, nekik kell legjobban tudniuk, hogy milyen technol\u00f3giai, vagy egy\u00e9b ismeretekre lesz sz\u00fcks\u00e9g. Ha hi\u00e1nyoss\u00e1got l\u00e1tunk, azt azonnal jelezz\u00fck a megb\u00edz\u00f3 fel\u00e9 \u00e9s javaslatot fogalmazunk meg annak kezel\u00e9s\u00e9re. Ezzel egyid\u0151ben a kialak\u00edtott roadmap-et a csapattal k\u00f6z\u00f6sen \u00e1ttekintj\u00fck \u00e9s sz\u00fcks\u00e9g eset\u00e9n a kulcsszerepl\u0151kkel egyeztetve m\u00f3dos\u00edtjuk, elker\u00fclve a lehetetlen k\u00fcldet\u00e9seket. \u00a0\u00a0<\/p>\t\t\t\t\t\t\t\t<\/div>\n\t\t\t\t<\/div>\n\t\t\t\t<div class=\"elementor-element elementor-element-5cba623 elementor-widget elementor-widget-image\" data-id=\"5cba623\" data-element_type=\"widget\" data-e-type=\"widget\" data-widget_type=\"image.default\">\n\t\t\t\t<div class=\"elementor-widget-container\">\n\t\t\t\t\t\t\t\t\t\t\t\t\t\t\t<img decoding=\"async\" width=\"512\" height=\"288\" src=\"https:\/\/promanconsulting.hu\/wp-content\/uploads\/2022\/09\/projekt-munkamodszer.jpg\" class=\"attachment-large size-large wp-image-6684\" alt=\"\" srcset=\"https:\/\/promanconsulting.hu\/wp-content\/uploads\/2022\/09\/projekt-munkamodszer.jpg 512w, https:\/\/promanconsulting.hu\/wp-content\/uploads\/2022\/09\/projekt-munkamodszer-300x169.jpg 300w\" sizes=\"(max-width: 512px) 100vw, 512px\" \/>\t\t\t\t\t\t\t\t\t\t\t\t\t\t\t<\/div>\n\t\t\t\t<\/div>\n\t\t\t\t<div class=\"elementor-element elementor-element-9eed48b elementor-widget elementor-widget-text-editor\" data-id=\"9eed48b\" data-element_type=\"widget\" data-e-type=\"widget\" data-widget_type=\"text-editor.default\">\n\t\t\t\t<div class=\"elementor-widget-container\">\n\t\t\t\t\t\t\t\t\t<p><strong>4. Munkam\u00f3dszer kialak\u00edt\u00e1s, csapat\u00e9p\u00edt\u00e9s<\/strong><\/p><p>Ahhoz, hogy a csapat hat\u00e9konyan tudjon dolgozni, egy mindenki \u00e1ltal ismert \u00e9s elfogadott munkam\u00f3dszerre van sz\u00fcks\u00e9g. Projektt\u0151l f\u00fcgg\u0151en, ez lehet agilis, vagy tradicion\u00e1lis alap\u00fa m\u00f3dszertani megk\u00f6zel\u00edt\u00e9s is, azonban v\u00e1lasszuk b\u00e1rmelyiket is, mi minden esetben feladatlist\u00e1t (agilis kifejez\u00e9ssel \u00e9lve backlogot) haszn\u00e1lunk. Ennek seg\u00edts\u00e9g\u00e9vel a feladatok transzparenss\u00e9, jobban nyomon k\u00f6vethet\u0151v\u00e9 v\u00e1lnak.<\/p><p>A munkam\u00f3dszer kialak\u00edt\u00e1s\u00e1t sok esetben \u201eminitr\u00e9ninggel\u201d kezdj\u00fck, ahol j\u00f3 gyakorlatokat mutatunk be \u00e9s ez alapj\u00e1n \u00e1llapodunk meg a csapattagokkal az alkalmazand\u00f3 menetrendr\u0151l. Igyeksz\u00fcnk min\u00e9l gyakrabban bemutat\u00f3kat tartani a kulcsszerepl\u0151k sz\u00e1m\u00e1ra, illetve kapacit\u00e1s f\u00fcggv\u00e9ny\u00e9ben stand-up-okat is tartunk heti t\u00f6bb alkalommal. A sz\u00e1ll\u00edt\u00e1st lehet\u0151s\u00e9g szerint iter\u00e1ci\u00f3kba szervezz\u00fck \u00e9s igyeksz\u00fcnk a feladatokat er\u0151sen prioriz\u00e1lni. A munkam\u00f3dszer k\u00f6z\u00f6s kialak\u00edt\u00e1sa \u00e9s a k\u00f6z\u00f6s workshopok remek alkalmak arra is, hogy a csapattagok motiv\u00e1ci\u00f3j\u00e1t megismerj\u00fck \u00e9s a csapategys\u00e9get er\u0151s\u00edts\u00fck.<\/p><p><strong>5. Gyors eredm\u00e9nyek, kis gy\u0151zelmek<\/strong><\/p><p>Ahogy kor\u00e1bban \u00edrtuk, csod\u00e1k sajnos nincsenek. Egy \u00f3ri\u00e1si \u201egiga projekt\u201d nem sz\u00e1ll\u00edthat\u00f3 le p\u00e1r h\u00e9t alatt, viszont az el\u00e9rhet\u0151, hogy gyorsan, ak\u00e1r p\u00e1r h\u00e9t alatt \u201ekis gy\u0151zelmeket\u201d \u00e9rj\u00fcnk el, azaz valami olyan eredm\u00e9nyterm\u00e9k sz\u00fclessen, ami \u00e9rt\u00e9ket jelent a felhaszn\u00e1l\u00f3k, \u00e9s\/vagy a megb\u00edz\u00f3 sz\u00e1m\u00e1ra. Ez b\u00e1r nem fedi le a teljes k\u00f6vetelm\u00e9nylist\u00e1t, m\u00e9gis komoly el\u0151rel\u00e9p\u00e9st jelent.<\/p><p>Az elk\u00e9sz\u00fclt eredm\u00e9nyek megfelel\u0151 kommunik\u00e1l\u00e1s\u00e1ra nagy hangs\u00falyt fektet\u00fcnk, \u00e9s ha eddig ez nem t\u00f6rt\u00e9nt meg, igyeksz\u00fcnk min\u00e9l t\u00f6bb kulcsszerepl\u0151nek megmutatni, hogy igenis, a projekt megfelel\u0151 f\u00f3kusz \u00e9s elk\u00f6telezetts\u00e9g ment\u00e9n sikeresen lez\u00e1rhat\u00f3 lesz. A sikeres sz\u00e1ll\u00edt\u00e1s \u00e9rdek\u00e9ben a napi folyamatokat facilit\u00e1ljuk, t\u00e1mogatjuk ig\u00e9ny eset\u00e9n gyakori coaching t\u00e1mogat\u00e1ssal, ak\u00e1r klasszikus \u00e9rtelemben vett projektvezet\u0151 vagy ak\u00e1r az agilit\u00e1sban ismert <span style=\"color: #0000ff;\"><a style=\"color: #0000ff;\" href=\"https:\/\/promanconsulting.hu\/kepzes\/scrum-master\/\">Scrum Master<\/a><\/span>\/<span style=\"color: #0000ff;\"><a style=\"color: #0000ff;\" href=\"https:\/\/promanconsulting.hu\/mi-a-coaching-milyen-coaching-ot-valasszak\/\">Agile Coach<\/a><\/span>, \u00e9s\/vagy ak\u00e1r <span style=\"color: #0000ff;\"><a style=\"color: #0000ff;\" href=\"https:\/\/promanconsulting.hu\/kepzes\/product-owner\/\">Product Owner<\/a><\/span> szerepben.<\/p><p>A fenti folyamattal kapcsolatban k\u00e9t dolgot fontos hangs\u00falyozni. Az egyik, hogy a projekt t\u00e9nyleges el\u0151remozd\u00edt\u00e1sa \u00e9rdek\u00e9ben a munkam\u00f3dszer kialak\u00edt\u00e1s\u00e1ig 2 h\u00e9t alatt el kell jutni annak \u00e9rdek\u00e9ben, hogy ne az legyen az \u00e9rintettek meg\u00e9l\u00e9se, hogy egy \u00fajabb lass\u00fa, neh\u00e9zkes pr\u00f3b\u00e1lkoz\u00e1s veszi kezdet\u00e9t. A m\u00e1sik, hogy a munkam\u00f3dszer kialak\u00edt\u00e1s\u00e1nak, valamint a szakmai feladatok t\u00e1mogat\u00e1s\u00e1nak minden esetben egyedinek, a csapatra \u00e9s projektre testre szabottnak kell lennie, ugyanis ezzel \u00e9rhet\u0151 el, hogy a k\u00f6nyvekben le\u00edrt, sokszor \u00e1ltal\u00e1nosnak t\u0171n\u0151 feladatok val\u00f3s, m\u0171k\u00f6d\u0151 rendszerk\u00e9nt m\u0171k\u00f6djenek.<\/p>\t\t\t\t\t\t\t\t<\/div>\n\t\t\t\t<\/div>\n\t\t\t\t<div class=\"elementor-element elementor-element-df7771e elementor-widget elementor-widget-heading\" data-id=\"df7771e\" data-element_type=\"widget\" data-e-type=\"widget\" data-widget_type=\"heading.default\">\n\t\t\t\t<div class=\"elementor-widget-container\">\n\t\t\t\t\t<h2 class=\"elementor-heading-title elementor-size-default\">El\u0151felt\u00e9telek, melyek Megb\u00edz\u00f3 oldali biztos\u00edt\u00e1s\u00e1val tudunk seg\u00edteni<\/h2>\t\t\t\t<\/div>\n\t\t\t\t<\/div>\n\t\t\t\t<div class=\"elementor-element elementor-element-bf4b460 elementor-widget elementor-widget-text-editor\" data-id=\"bf4b460\" data-element_type=\"widget\" data-e-type=\"widget\" data-widget_type=\"text-editor.default\">\n\t\t\t\t<div class=\"elementor-widget-container\">\n\t\t\t\t\t\t\t\t\t<p>Ahogy az a fentebb le\u00edrtakb\u00f3l is l\u00e1that\u00f3, eredm\u00e9nyek csak akkor \u00e9rhet\u0151k el, ha a sz\u00fcks\u00e9ges felt\u00e9telek rendelkez\u00e9sre \u00e1llnak. Mi leggyakrabban ilyen helyzetben az al\u00e1bbiakat k\u00e9rj\u00fck a megrendel\u0151t\u0151l:<\/p><ul><li>csak olyan projektbe kezdj\u00fcnk, ami t\u00e9nyleg fontos a szervezet sz\u00e1m\u00e1ra, ami nem fontos az \u00fagysem ker\u00fcl megval\u00f3s\u00edt\u00e1sra, vagy menet k\u00f6zben \u201eelhal\u201d<\/li><li>Akt\u00edv k\u00f6zrem\u0171k\u00f6d\u00e9s a megb\u00edz\u00f3 r\u00e9sz\u00e9r\u0151l. Ez megjelenhet a projekt \u00e9s eredm\u00e9nyek kommunik\u00e1l\u00e1s\u00e1nak t\u00e1mogat\u00e1s\u00e1ban, az elk\u00f6telezetts\u00e9g er\u0151s\u00edt\u00e9s\u00e9ben bemutat\u00f3kon val\u00f3 r\u00e9szv\u00e9tellel, vagy ak\u00e1r rendszeres visszajelz\u00e9sekben is.<\/li><li>Megfelel\u0151 kapacit\u00e1s \u00e9s csapat rendelkez\u00e9sre \u00e1ll\u00e1s biztos\u00edt\u00e1sa. Err\u0151l m\u00e1r kor\u00e1bban is \u00edrtunk, az eredm\u00e9nyek el\u00e9r\u00e9s\u00e9t mi is csak megfelel\u0151 l\u00e9tsz\u00e1m\u00fa csapattal \u00e9s legal\u00e1bb el\u0151re r\u00f6gz\u00edtett projektnapokkal tudjuk biztos\u00edtani.<\/li><\/ul><p><a href=\"https:\/\/promanconsulting.hu\/kapcsolat\/\"><span style=\"color: #0000ff;\">Elakadt a projektje? Seg\u00edts\u00e9gre van sz\u00fcks\u00e9ge? K\u00e9rjen d\u00edjmentes konzult\u00e1ci\u00f3t, vegye fel vel\u00fcnk a kapcsolatot!<\/span><\/a><\/p>\t\t\t\t\t\t\t\t<\/div>\n\t\t\t\t<\/div>\n\t\t\t\t\t<\/div>\n\t\t<\/div>\n\t\t\t\t\t<\/div>\n\t\t<\/section>\n\t\t\t\t<\/div>\n\t\t","protected":false},"excerpt":{"rendered":"<p>\u00cdrta: Czimbalmos Zsolt, PMP, PBA, ACP, DASSM vezet\u0151 tan\u00e1csad\u00f3, \u00fcgyvezet\u0151 Bajba jutott a projektem! Mit tegyek? Mindenki hallott m\u00e1r olyan projektekr\u0151l, melyek elakadnak, bajba jutnak, egy bizonyos pont ut\u00e1n minden pr\u00f3b\u00e1lkoz\u00e1s ellen\u00e9re k\u00e9ptelenek tov\u00e1bbl\u00e9pni. Az \u00e9rt\u00e9kes er\u0151forr\u00e1sokat ezek, a jellemz\u0151en \u00f3ri\u00e1s m\u00e9ret\u0171 projektek \u00e9getik, m\u00e9gis \u00e1ltal\u00e1nos \u00e9rtelemben a projekt v\u00e1lik a szervezeten bel\u00fcl szitoksz\u00f3v\u00e1. Bejegyz\u00e9s\u00fcnkben [&hellip;]<\/p>\n","protected":false},"author":5,"featured_media":6682,"comment_status":"closed","ping_status":"closed","sticky":false,"template":"","format":"standard","meta":{"footnotes":""},"categories":[77],"tags":[96,35,78,157,124],"class_list":["post-6680","post","type-post","status-publish","format-standard","has-post-thumbnail","hentry","category-projektmenedzsment","tag-agilis-projektmenedzsment","tag-projektmenedzsment","tag-projektvezetes","tag-tradicionalis-projekt","tag-valtozas","entry","has-media"],"_links":{"self":[{"href":"https:\/\/promanconsulting.hu\/en\/wp-json\/wp\/v2\/posts\/6680","targetHints":{"allow":["GET"]}}],"collection":[{"href":"https:\/\/promanconsulting.hu\/en\/wp-json\/wp\/v2\/posts"}],"about":[{"href":"https:\/\/promanconsulting.hu\/en\/wp-json\/wp\/v2\/types\/post"}],"author":[{"embeddable":true,"href":"https:\/\/promanconsulting.hu\/en\/wp-json\/wp\/v2\/users\/5"}],"replies":[{"embeddable":true,"href":"https:\/\/promanconsulting.hu\/en\/wp-json\/wp\/v2\/comments?post=6680"}],"version-history":[{"count":5,"href":"https:\/\/promanconsulting.hu\/en\/wp-json\/wp\/v2\/posts\/6680\/revisions"}],"predecessor-version":[{"id":6688,"href":"https:\/\/promanconsulting.hu\/en\/wp-json\/wp\/v2\/posts\/6680\/revisions\/6688"}],"wp:featuredmedia":[{"embeddable":true,"href":"https:\/\/promanconsulting.hu\/en\/wp-json\/wp\/v2\/media\/6682"}],"wp:attachment":[{"href":"https:\/\/promanconsulting.hu\/en\/wp-json\/wp\/v2\/media?parent=6680"}],"wp:term":[{"taxonomy":"category","embeddable":true,"href":"https:\/\/promanconsulting.hu\/en\/wp-json\/wp\/v2\/categories?post=6680"},{"taxonomy":"post_tag","embeddable":true,"href":"https:\/\/promanconsulting.hu\/en\/wp-json\/wp\/v2\/tags?post=6680"}],"curies":[{"name":"wp","href":"https:\/\/api.w.org\/{rel}","templated":true}]}}