{"id":6602,"date":"2022-07-27T06:58:04","date_gmt":"2022-07-27T06:58:04","guid":{"rendered":"https:\/\/promanconsulting.hu\/?p=6602"},"modified":"2023-05-17T18:59:01","modified_gmt":"2023-05-17T18:59:01","slug":"capm-valtozas-2023","status":"publish","type":"post","link":"https:\/\/promanconsulting.hu\/en\/capm-valtozas-2023\/","title":{"rendered":"What do I need to know about the CAPM exam changes in 2023?"},"content":{"rendered":"\t\t<div data-elementor-type=\"wp-post\" data-elementor-id=\"6602\" class=\"elementor elementor-6602\" data-elementor-settings=\"{&quot;ha_cmc_init_switcher&quot;:&quot;no&quot;}\" data-elementor-post-type=\"post\">\n\t\t\t\t\t\t<section class=\"elementor-section elementor-top-section elementor-element elementor-element-167538e2 elementor-section-boxed elementor-section-height-default elementor-section-height-default\" data-id=\"167538e2\" data-element_type=\"section\" data-e-type=\"section\" data-settings=\"{&quot;jet_parallax_layout_list&quot;:[{&quot;jet_parallax_layout_image&quot;:{&quot;url&quot;:&quot;&quot;,&quot;id&quot;:&quot;&quot;,&quot;size&quot;:&quot;&quot;},&quot;_id&quot;:&quot;da11ba3&quot;,&quot;jet_parallax_layout_image_tablet&quot;:{&quot;url&quot;:&quot;&quot;,&quot;id&quot;:&quot;&quot;,&quot;size&quot;:&quot;&quot;},&quot;jet_parallax_layout_image_mobile&quot;:{&quot;url&quot;:&quot;&quot;,&quot;id&quot;:&quot;&quot;,&quot;size&quot;:&quot;&quot;},&quot;jet_parallax_layout_speed&quot;:{&quot;unit&quot;:&quot;%&quot;,&quot;size&quot;:50,&quot;sizes&quot;:[]},&quot;jet_parallax_layout_type&quot;:&quot;scroll&quot;,&quot;jet_parallax_layout_direction&quot;:&quot;1&quot;,&quot;jet_parallax_layout_fx_direction&quot;:null,&quot;jet_parallax_layout_z_index&quot;:&quot;&quot;,&quot;jet_parallax_layout_bg_x&quot;:50,&quot;jet_parallax_layout_bg_x_tablet&quot;:&quot;&quot;,&quot;jet_parallax_layout_bg_x_mobile&quot;:&quot;&quot;,&quot;jet_parallax_layout_bg_y&quot;:50,&quot;jet_parallax_layout_bg_y_tablet&quot;:&quot;&quot;,&quot;jet_parallax_layout_bg_y_mobile&quot;:&quot;&quot;,&quot;jet_parallax_layout_bg_size&quot;:&quot;auto&quot;,&quot;jet_parallax_layout_bg_size_tablet&quot;:&quot;&quot;,&quot;jet_parallax_layout_bg_size_mobile&quot;:&quot;&quot;,&quot;jet_parallax_layout_animation_prop&quot;:&quot;transform&quot;,&quot;jet_parallax_layout_on&quot;:[&quot;desktop&quot;,&quot;tablet&quot;]}],&quot;_ha_eqh_enable&quot;:false}\">\n\t\t\t\t\t\t<div class=\"elementor-container elementor-column-gap-default\">\n\t\t\t\t\t<div class=\"elementor-column elementor-col-100 elementor-top-column elementor-element elementor-element-4773b297\" data-id=\"4773b297\" data-element_type=\"column\" data-e-type=\"column\">\n\t\t\t<div class=\"elementor-widget-wrap elementor-element-populated\">\n\t\t\t\t\t\t<div class=\"elementor-element elementor-element-24db6b0 elementor-widget elementor-widget-text-editor\" data-id=\"24db6b0\" data-element_type=\"widget\" data-e-type=\"widget\" data-widget_type=\"text-editor.default\">\n\t\t\t\t<div class=\"elementor-widget-container\">\n\t\t\t\t\t\t\t\t\t<p>\u00cdrta: <strong>Rem\u00e9nyi S\u00e1ra<\/strong>, CAPM, tan\u00e1csad\u00f3<\/p>\t\t\t\t\t\t\t\t<\/div>\n\t\t\t\t<\/div>\n\t\t\t\t<div class=\"elementor-element elementor-element-f445454 elementor-widget elementor-widget-heading\" data-id=\"f445454\" data-element_type=\"widget\" data-e-type=\"widget\" data-widget_type=\"heading.default\">\n\t\t\t\t<div class=\"elementor-widget-container\">\n\t\t\t\t\t<h1 class=\"elementor-heading-title elementor-size-default\">Mit kell tudni a CAPM vizsga 2023-as v\u00e1ltoz\u00e1s\u00e1r\u00f3l?<\/h1>\t\t\t\t<\/div>\n\t\t\t\t<\/div>\n\t\t\t\t<div class=\"elementor-element elementor-element-cba2f88 elementor-widget elementor-widget-text-editor\" data-id=\"cba2f88\" data-element_type=\"widget\" data-e-type=\"widget\" data-widget_type=\"text-editor.default\">\n\t\t\t\t<div class=\"elementor-widget-container\">\n\t\t\t\t\t\t\t\t\t<p>Project Management Institute (PMI) j\u00faniusban jelentette be, hogy 2023. janu\u00e1r 2-t\u00f3l megv\u00e1ltoznak a <span style=\"color: #0000ff;\"><a style=\"color: #0000ff;\" href=\"https:\/\/promanconsulting.hu\/kepzes\/pmi-capm-vizsgafelkeszito\/\">Certified Associate in Project Management (CAPM)<\/a><\/span> min\u0151s\u00edt\u00e9s vizsgak\u00f6vetelm\u00e9nyei. Az al\u00e1bbiakban \u00f6sszefoglaljuk, miben \u00e1ll ez a v\u00e1ltoz\u00e1s, \u00e9s hogyan fog hatni a felk\u00e9sz\u00fcl\u00e9sre.<\/p><p>A CAPM min\u0151s\u00edt\u00e9s azoknak lehet megfelel\u0151 v\u00e1laszt\u00e1s, akik m\u00e9g kev\u00e9s tapasztalattal rendelkeznek a projektmenedzsment szakm\u00e1ban, vagy m\u00e1r van valamennyi rutinjuk, de nagyobb felel\u0151ss\u00e9gre v\u00e1gynak \u00e9s projektmenedzserek szeretn\u00e9nek lenni. \u00a0<\/p>\t\t\t\t\t\t\t\t<\/div>\n\t\t\t\t<\/div>\n\t\t\t\t<div class=\"elementor-element elementor-element-2656966 elementor-widget elementor-widget-image\" data-id=\"2656966\" data-element_type=\"widget\" data-e-type=\"widget\" data-widget_type=\"image.default\">\n\t\t\t\t<div class=\"elementor-widget-container\">\n\t\t\t\t\t\t\t\t\t\t\t\t\t\t\t<img fetchpriority=\"high\" decoding=\"async\" width=\"300\" height=\"300\" src=\"https:\/\/promanconsulting.hu\/wp-content\/uploads\/2019\/03\/capm-600px-300x300.png\" class=\"attachment-medium size-medium wp-image-4306\" alt=\"Certified Associate in Project Management k\u00e9pz\u00e9s\" srcset=\"https:\/\/promanconsulting.hu\/wp-content\/uploads\/2019\/03\/capm-600px-300x300.png 300w, https:\/\/promanconsulting.hu\/wp-content\/uploads\/2019\/03\/capm-600px-150x150.png 150w, https:\/\/promanconsulting.hu\/wp-content\/uploads\/2019\/03\/capm-600px.png 600w\" sizes=\"(max-width: 300px) 100vw, 300px\" \/>\t\t\t\t\t\t\t\t\t\t\t\t\t\t\t<\/div>\n\t\t\t\t<\/div>\n\t\t\t\t<div class=\"elementor-element elementor-element-40662c0 elementor-widget elementor-widget-text-editor\" data-id=\"40662c0\" data-element_type=\"widget\" data-e-type=\"widget\" data-widget_type=\"text-editor.default\">\n\t\t\t\t<div class=\"elementor-widget-container\">\n\t\t\t\t\t\t\t\t\t<h2><strong>Mi\u00e9rt v\u00e1ltozik a CAPM?<\/strong><\/h2><p>A projektmenedzsment szakma \u00e1lland\u00f3 v\u00e1ltoz\u00e1sban van, trendek j\u00f6nnek-mennek, \u00faj eszk\u00f6z\u00f6k, technik\u00e1k, elj\u00e1r\u00e1sok alakulnak ki, amelyek jobban t\u00fckr\u00f6zik a szervezetek aktu\u00e1lis probl\u00e9m\u00e1it, ig\u00e9nyeit. Emiatt a PMI id\u0151r\u0151l id\u0151re fejleszti a vizsg\u00e1k tananyag\u00e1t, hogy a tan\u00fas\u00edtv\u00e1ny megszerz\u00e9s\u00e9vel a szakmabeliek a legfrissebb ir\u00e1nyzatokat, v\u00edvm\u00e1nyokat saj\u00e1t\u00edthass\u00e1k el.\u00a0 <span style=\"color: #0000ff;\"><a style=\"color: #0000ff;\" href=\"https:\/\/promanconsulting.hu\/kepzes\/pmi-pmp-vizsgafelkeszito\/\">A PMP (Project Management Professional) vizsga<\/a><\/span> 2021-ben esett \u00e1t egy hasonl\u00f3 v\u00e1ltoztat\u00e1son, a CAPM fejleszt\u00e9se pedig id\u00e9n ker\u00fclt sorra.<\/p><p>A friss\u00edt\u00e9ssel a CAPM jobban megfelel a projektmenedzsment szakma gyakorlati ig\u00e9nyeinek, ez\u00e1ltal a projektcsapat tagjainak a projekten v\u00e9gzett munk\u00e1j\u00e1t is hat\u00e9konyabban seg\u00edti.<\/p>\t\t\t\t\t\t\t\t<\/div>\n\t\t\t\t<\/div>\n\t\t\t\t<div class=\"elementor-element elementor-element-b24554e elementor-widget elementor-widget-image\" data-id=\"b24554e\" data-element_type=\"widget\" data-e-type=\"widget\" data-widget_type=\"image.default\">\n\t\t\t\t<div class=\"elementor-widget-container\">\n\t\t\t\t\t\t\t\t\t\t\t\t\t\t\t<img decoding=\"async\" width=\"500\" height=\"500\" src=\"https:\/\/promanconsulting.hu\/wp-content\/uploads\/2018\/12\/capm_kep.jpg\" class=\"attachment-large size-large wp-image-3028\" alt=\"CAPM \u2013 Certified Associate in Project Management\" srcset=\"https:\/\/promanconsulting.hu\/wp-content\/uploads\/2018\/12\/capm_kep.jpg 500w, https:\/\/promanconsulting.hu\/wp-content\/uploads\/2018\/12\/capm_kep-300x300.jpg 300w, https:\/\/promanconsulting.hu\/wp-content\/uploads\/2018\/12\/capm_kep-150x150.jpg 150w\" sizes=\"(max-width: 500px) 100vw, 500px\" \/>\t\t\t\t\t\t\t\t\t\t\t\t\t\t\t<\/div>\n\t\t\t\t<\/div>\n\t\t\t\t<div class=\"elementor-element elementor-element-4984414 elementor-widget elementor-widget-text-editor\" data-id=\"4984414\" data-element_type=\"widget\" data-e-type=\"widget\" data-widget_type=\"text-editor.default\">\n\t\t\t\t<div class=\"elementor-widget-container\">\n\t\t\t\t\t\t\t\t\t<h2><strong>Hogyan v\u00e1ltozik a vizsgak\u00f6vetelm\u00e9ny? <\/strong><\/h2>\n<p>A CAPM tan\u00fas\u00edtv\u00e1ny eddigi tananyag\u00e1t a PMBOK 6 adta, \u00edgy az egyik legnagyobb v\u00e1ltoz\u00e1st a 2021-ben kiadott PMBOK 7 a vizsgaanyagba val\u00f3 beemel\u00e9se jelenti. Itt fontos megjegyezni, hogy b\u00e1r sokan \u00fagy gondolj\u00e1k, a PMI min\u0151s\u00edt\u00e9sei kiz\u00e1r\u00f3lag az \u00e1ltaluk \u00f6ssze\u00e1ll\u00edtott PMBOK szakk\u00f6nyvekre \u00e9p\u00edtenek, de b\u00e1r a vizsgasorok nagyobb r\u00e9sze ezeken alapul, a PMI tov\u00e1bbi 8-10 szakk\u00f6nyvet, nemzetk\u00f6zi szabv\u00e1nyt is elismer, mint vizsgaforr\u00e1s.<\/p>\n<p><span style=\"color: #0000ff;\"><a style=\"color: #0000ff;\" href=\"https:\/\/www.pmi.org\/-\/media\/pmi\/documents\/public\/pdf\/certifications\/capm20ecofinal.pdf?v=35b5b1ef-d82f-4393-a9fe-99d0f50955f3\" target=\"_blank\" rel=\"noopener\">A r\u00e9szletes v\u00e1ltoztat\u00e1sokat a PMI a honlapj\u00e1n felt\u0171ntetett, The CAPM Exam Content Outline (ECO) nev\u0171 kiadv\u00e1ny\u00e1ban foglalta \u00f6ssze.<\/a><\/span><\/p>\n<p>A friss\u00edt\u00e9s a tartalmi v\u00e1ltoz\u00e1sokon fel\u00fcl, struktur\u00e1lis \u00e1talak\u00edt\u00e1sokat is jelent. A 2021-es PMP v\u00e1ltoz\u00e1saib\u00f3l azt lehet sejteni, hogy az \u00faj CAPM form\u00e1tum is szak\u00edtani fog a PMBOK 6-ban m\u00e9g alkalmazott PMBOK m\u00e1trixszal, \u00e9s egy egyszer\u0171bb, rugalmasabb keretrendszert haszn\u00e1l. Megsz\u0171nnek a folyamatcsoportok \u00e9s a tud\u00e1ster\u00fcletek, helyett\u00fck bevezetik a \u201edomain\u201d kifejez\u00e9st, melyek egy-egy nagyobb ismereti aspektust jel\u00f6lnek, \u00faj szerkezetet adva a tananyagnak. \u00d6sszesen 4 domainre bontott\u00e1k fel az anyagot \u00e9s meghat\u00e1rozt\u00e1k azt is, hogy az egyes domainek milyen ar\u00e1nyban szerepelnek a vizsg\u00e1n.<\/p>\t\t\t\t\t\t\t\t<\/div>\n\t\t\t\t<\/div>\n\t\t\t\t<div class=\"elementor-element elementor-element-fa5df65 elementor-widget elementor-widget-jet-table\" data-id=\"fa5df65\" data-element_type=\"widget\" data-e-type=\"widget\" data-widget_type=\"jet-table.default\">\n\t\t\t\t<div class=\"elementor-widget-container\">\n\t\t\t\t\t<div class=\"elementor-jet-table jet-elements\">\n\t\t<div class=\"jet-table-wrapper\">\n\t\t\t<table class=\"jet-table jet-table--fa5-compat\">\n\t\t\t\t<thead class=\"jet-table__head\"><tr class=\"jet-table__head-row\"><th class=\"jet-table__cell elementor-repeater-item-1fd8a19 jet-table__head-cell\" scope=\"col\"><div class=\"jet-table__cell-inner\"><div class=\"jet-table__cell-content\"><div class=\"jet-table__cell-text\">Domain<\/div><\/div><\/div><\/th><th class=\"jet-table__cell elementor-repeater-item-c22b444 jet-table__head-cell\" scope=\"col\"><div class=\"jet-table__cell-inner\"><div class=\"jet-table__cell-content\"><div class=\"jet-table__cell-text\">Milyen ar\u00e1nyban szerepel a vizsg\u00e1n?<\/div><\/div><\/div><\/th><\/tr><\/thead>\n\t\t\t\t\t\t\t\t<tbody class=\"jet-table__body\"><tr class=\"jet-table__body-row elementor-repeater-item-b349454\"><td class=\"jet-table__cell elementor-repeater-item-ab84e59 jet-table__body-cell\"><div class=\"jet-table__cell-inner\"><div class=\"jet-table__cell-content\"><div class=\"jet-table__cell-text\">I.\tProjektmenedzsment alapjai \u00e9s alapvet\u0151 fogalmai<\/div><\/div><\/div><\/td><td class=\"jet-table__cell elementor-repeater-item-5f684e8 jet-table__body-cell\"><div class=\"jet-table__cell-inner\"><div class=\"jet-table__cell-content\"><div class=\"jet-table__cell-text\">36%<\/div><\/div><\/div><\/td><\/tr><tr class=\"jet-table__body-row elementor-repeater-item-b833f94\"><td class=\"jet-table__cell elementor-repeater-item-2243143 jet-table__body-cell\"><div class=\"jet-table__cell-inner\"><div class=\"jet-table__cell-content\"><div class=\"jet-table__cell-text\">II.\tPredikt\u00edv, tervalap\u00fa m\u00f3dszertanok<\/div><\/div><\/div><\/td><td class=\"jet-table__cell elementor-repeater-item-20d6677 jet-table__body-cell\"><div class=\"jet-table__cell-inner\"><div class=\"jet-table__cell-content\"><div class=\"jet-table__cell-text\">17%<\/div><\/div><\/div><\/td><\/tr><tr class=\"jet-table__body-row elementor-repeater-item-f2a875e\"><td class=\"jet-table__cell elementor-repeater-item-fdf3505 jet-table__body-cell\"><div class=\"jet-table__cell-inner\"><div class=\"jet-table__cell-content\"><div class=\"jet-table__cell-text\">III.\tAgilis keretrendszerek \u00e9s m\u00f3dszertanok<\/div><\/div><\/div><\/td><td class=\"jet-table__cell elementor-repeater-item-bd6daf6 jet-table__body-cell\"><div class=\"jet-table__cell-inner\"><div class=\"jet-table__cell-content\"><div class=\"jet-table__cell-text\">20%<\/div><\/div><\/div><\/td><\/tr><tr class=\"jet-table__body-row elementor-repeater-item-3325dae\"><td class=\"jet-table__cell elementor-repeater-item-76562bf jet-table__body-cell\"><div class=\"jet-table__cell-inner\"><div class=\"jet-table__cell-content\"><div class=\"jet-table__cell-text\">IV.\t\u00dczleti elemz\u00e9s keretrendszerei<\/div><\/div><\/div><\/td><td class=\"jet-table__cell elementor-repeater-item-b754f79 jet-table__body-cell\"><div class=\"jet-table__cell-inner\"><div class=\"jet-table__cell-content\"><div class=\"jet-table__cell-text\">27%<\/div><\/div><\/div><\/td><\/tr><\/tbody>\n\t\t\t<\/table>\n\t\t<\/div>\n\n\t\t<\/div>\t\t\t\t<\/div>\n\t\t\t\t<\/div>\n\t\t\t\t<div class=\"elementor-element elementor-element-bf4b460 elementor-widget elementor-widget-text-editor\" data-id=\"bf4b460\" data-element_type=\"widget\" data-e-type=\"widget\" data-widget_type=\"text-editor.default\">\n\t\t\t\t<div class=\"elementor-widget-container\">\n\t\t\t\t\t\t\t\t\t<p>A t\u00e1bl\u00e1zatban tal\u00e1lhat\u00f3 4 domain az al\u00e1bbiakat tartalmazza:<\/p><ol><li><strong>Projektmenedzsment alapjai \u00e9s alapvet\u0151 fogalmai<\/strong> \u2013 Ebben a fejezetben \u00f6sszefoglalj\u00e1k az alapvet\u0151 defin\u00edci\u00f3kat, mint p\u00e9ld\u00e1ul projekt\u00e9letciklus, projekten bel\u00fcli szerepek \u00e9s felel\u0151ss\u00e9gek.<\/li><li><strong>Predikt\u00edv, tervalap\u00fa m\u00f3dszertanok<\/strong> \u2013 Itt a legnagyobb hangs\u00faly a v\u00edzes\u00e9s modell \u00e9s saj\u00e1ts\u00e1gos eszk\u00f6zeinek bemutat\u00e1s\u00e1ra ker\u00fcl.<\/li><li><strong>Agilis keretrendszerek \u00e9s m\u00f3dszertanok<\/strong> \u2013 Az eddigi CAPM-hez k\u00e9pest, egy b\u0151vebb agilis anyagot defini\u00e1l, hangs\u00falyozva az egyes agilis m\u00f3dszertanokat, valamint az esetleges kombin\u00e1lhat\u00f3s\u00e1got a tradicion\u00e1lis eszk\u00f6z\u00f6kkel, m\u00f3dszertanokkal.<\/li><li><strong>\u00dczleti elemz\u00e9s keretrendszerei<\/strong> \u2013 Szinte teljesen \u00faj anyagr\u00e9sz, kor\u00e1bban a BA feladatok bemutat\u00e1sa a k\u00f6vetelm\u00e9nygy\u0171jt\u00e9s eszk\u00f6zt\u00e1r\u00e1nak bemutat\u00e1s\u00e1ban mer\u00fclt ki. A fejezetben sz\u00f3 lesz p\u00e9ld\u00e1ul az \u00fczleti elemz\u0151 feladatk\u00f6r\u00f6kr\u0151l \u00e9s felel\u0151ss\u00e9gekr\u0151l, ezen fel\u00fcl az \u00fczleti elemz\u00e9s \u00e9rintettmenedzsmentj\u00e9r\u0151l, a k\u00f6vetelm\u00e9nyek projekt\u00e9letciklus alatti kezel\u00e9s\u00e9r\u0151l \u00e9s a projektsiker visszam\u00e9r\u00e9s\u00e9r\u0151l is.<\/li><\/ol><p><strong>\u00d6sszess\u00e9g\u00e9ben elmondhatjuk, hogy a legnagyobb v\u00e1ltoz\u00e1st az agilis ismeretanyag b\u0151v\u00edt\u00e9se \u00e9s az \u00fczleti elemz\u00e9s a tananyagba val\u00f3 beemel\u00e9se jelenti.<\/strong><\/p><h2><strong>Mikort\u00f3l v\u00e1ltozik vizsgafelk\u00e9sz\u00edt\u0151nk anyaga? <\/strong><\/h2><p>Az \u00faj CAPM vizsga a jelenlegi tervek szerint <strong>2023. janu\u00e1r 2-t\u00f3l lesz \u00e9rv\u00e9nyben<\/strong>.<\/p><p>PMI Authorized Training Partnerk\u00e9nt (ATP) a ProMan Consulting k\u00e9pz\u00e9seinek anyag\u00e1t folyamatosan igaz\u00edtjuk a PMI \u00e1ltal el\u0151\u00edrt k\u00f6vetelm\u00e9nyekhez, \u00edgy most is \u00e1talak\u00edtottuk a v\u00e1ltoztat\u00e1soknak megfelel\u0151en. Azt szoktuk javasolni, hogy a r\u00e9sztvev\u0151k vizsgafelk\u00e9sz\u00edt\u0151 ut\u00e1n 3 h\u00f3napon bel\u00fcl menjenek el vizsg\u00e1zni, ez\u00e9rt a ProMan Consulting k\u00e9s\u0151 \u0151szt\u0151l az \u00faj v\u00e1ltozat szerint tartja a <span style=\"color: #0000ff;\"><a style=\"color: #0000ff;\" href=\"https:\/\/promanconsulting.hu\/kepzes\/pmi-capm-vizsgafelkeszito\/\">CAPM vizsgafelk\u00e9sz\u00edt\u0151ket<\/a><\/span>. Fontos kiemelni, hogy aki 2022 december 31-ig szeretne vizsg\u00e1t tenni, m\u00e9g nyugodtan megteheti a r\u00e9gi tananyag alapj\u00e1n.<\/p><p><a href=\"https:\/\/promanconsulting.hu\/mennyi-ido-alatt-lehet-felkeszulni-a-capm-vizsgara-es-hogyan-erdemes-elkezdeni\/\"><span style=\"color: #0000ff;\">Tov\u00e1bbi inform\u00e1ci\u00f3 a felk\u00e9sz\u00fcl\u00e9sr\u0151l itt \u00e9rhet\u0151 el.<\/span><\/a><\/p>\t\t\t\t\t\t\t\t<\/div>\n\t\t\t\t<\/div>\n\t\t\t\t\t<\/div>\n\t\t<\/div>\n\t\t\t\t\t<\/div>\n\t\t<\/section>\n\t\t\t\t<\/div>\n\t\t","protected":false},"excerpt":{"rendered":"<p>\u00cdrta: Rem\u00e9nyi S\u00e1ra, CAPM, tan\u00e1csad\u00f3 Mit kell tudni a CAPM vizsga 2023-as v\u00e1ltoz\u00e1s\u00e1r\u00f3l? Project Management Institute (PMI) j\u00faniusban jelentette be, hogy 2023. janu\u00e1r 2-t\u00f3l megv\u00e1ltoznak a Certified Associate in Project Management (CAPM) min\u0151s\u00edt\u00e9s vizsgak\u00f6vetelm\u00e9nyei. Az al\u00e1bbiakban \u00f6sszefoglaljuk, miben \u00e1ll ez a v\u00e1ltoz\u00e1s, \u00e9s hogyan fog hatni a felk\u00e9sz\u00fcl\u00e9sre. A CAPM min\u0151s\u00edt\u00e9s azoknak lehet megfelel\u0151 v\u00e1laszt\u00e1s, [&hellip;]<\/p>\n","protected":false},"author":5,"featured_media":4306,"comment_status":"closed","ping_status":"closed","sticky":false,"template":"","format":"standard","meta":{"footnotes":""},"categories":[33],"tags":[65,32,86,34,36],"class_list":["post-6602","post","type-post","status-publish","format-standard","has-post-thumbnail","hentry","category-pmi","tag-capm","tag-minosites","tag-pmi","tag-pmp","tag-vizsga","entry","has-media"],"_links":{"self":[{"href":"https:\/\/promanconsulting.hu\/en\/wp-json\/wp\/v2\/posts\/6602","targetHints":{"allow":["GET"]}}],"collection":[{"href":"https:\/\/promanconsulting.hu\/en\/wp-json\/wp\/v2\/posts"}],"about":[{"href":"https:\/\/promanconsulting.hu\/en\/wp-json\/wp\/v2\/types\/post"}],"author":[{"embeddable":true,"href":"https:\/\/promanconsulting.hu\/en\/wp-json\/wp\/v2\/users\/5"}],"replies":[{"embeddable":true,"href":"https:\/\/promanconsulting.hu\/en\/wp-json\/wp\/v2\/comments?post=6602"}],"version-history":[{"count":22,"href":"https:\/\/promanconsulting.hu\/en\/wp-json\/wp\/v2\/posts\/6602\/revisions"}],"predecessor-version":[{"id":6629,"href":"https:\/\/promanconsulting.hu\/en\/wp-json\/wp\/v2\/posts\/6602\/revisions\/6629"}],"wp:featuredmedia":[{"embeddable":true,"href":"https:\/\/promanconsulting.hu\/en\/wp-json\/wp\/v2\/media\/4306"}],"wp:attachment":[{"href":"https:\/\/promanconsulting.hu\/en\/wp-json\/wp\/v2\/media?parent=6602"}],"wp:term":[{"taxonomy":"category","embeddable":true,"href":"https:\/\/promanconsulting.hu\/en\/wp-json\/wp\/v2\/categories?post=6602"},{"taxonomy":"post_tag","embeddable":true,"href":"https:\/\/promanconsulting.hu\/en\/wp-json\/wp\/v2\/tags?post=6602"}],"curies":[{"name":"wp","href":"https:\/\/api.w.org\/{rel}","templated":true}]}}