{"id":6369,"date":"2022-05-11T15:49:25","date_gmt":"2022-05-11T15:49:25","guid":{"rendered":"https:\/\/promanconsulting.hu\/?p=6369"},"modified":"2023-05-17T18:56:08","modified_gmt":"2023-05-17T18:56:08","slug":"burnout-syndrome-a-kieges-tunetei-megelozese-es-kezelese","status":"publish","type":"post","link":"https:\/\/promanconsulting.hu\/en\/burnout-szindroma-a-kieges-tunetei-megelozese-es-kezelese\/","title":{"rendered":"Burnout syndrome: symptoms, prevention and treatment"},"content":{"rendered":"\t\t<div data-elementor-type=\"wp-post\" data-elementor-id=\"6369\" class=\"elementor elementor-6369\" data-elementor-settings=\"{&quot;ha_cmc_init_switcher&quot;:&quot;no&quot;}\" data-elementor-post-type=\"post\">\n\t\t\t\t\t\t<section class=\"elementor-section elementor-top-section elementor-element elementor-element-167538e2 elementor-section-boxed elementor-section-height-default elementor-section-height-default\" data-id=\"167538e2\" data-element_type=\"section\" data-e-type=\"section\" data-settings=\"{&quot;jet_parallax_layout_list&quot;:[{&quot;jet_parallax_layout_image&quot;:{&quot;url&quot;:&quot;&quot;,&quot;id&quot;:&quot;&quot;,&quot;size&quot;:&quot;&quot;},&quot;_id&quot;:&quot;da11ba3&quot;,&quot;jet_parallax_layout_image_tablet&quot;:{&quot;url&quot;:&quot;&quot;,&quot;id&quot;:&quot;&quot;,&quot;size&quot;:&quot;&quot;},&quot;jet_parallax_layout_image_mobile&quot;:{&quot;url&quot;:&quot;&quot;,&quot;id&quot;:&quot;&quot;,&quot;size&quot;:&quot;&quot;},&quot;jet_parallax_layout_speed&quot;:{&quot;unit&quot;:&quot;%&quot;,&quot;size&quot;:50,&quot;sizes&quot;:[]},&quot;jet_parallax_layout_type&quot;:&quot;scroll&quot;,&quot;jet_parallax_layout_direction&quot;:&quot;1&quot;,&quot;jet_parallax_layout_fx_direction&quot;:null,&quot;jet_parallax_layout_z_index&quot;:&quot;&quot;,&quot;jet_parallax_layout_bg_x&quot;:50,&quot;jet_parallax_layout_bg_x_tablet&quot;:&quot;&quot;,&quot;jet_parallax_layout_bg_x_mobile&quot;:&quot;&quot;,&quot;jet_parallax_layout_bg_y&quot;:50,&quot;jet_parallax_layout_bg_y_tablet&quot;:&quot;&quot;,&quot;jet_parallax_layout_bg_y_mobile&quot;:&quot;&quot;,&quot;jet_parallax_layout_bg_size&quot;:&quot;auto&quot;,&quot;jet_parallax_layout_bg_size_tablet&quot;:&quot;&quot;,&quot;jet_parallax_layout_bg_size_mobile&quot;:&quot;&quot;,&quot;jet_parallax_layout_animation_prop&quot;:&quot;transform&quot;,&quot;jet_parallax_layout_on&quot;:[&quot;desktop&quot;,&quot;tablet&quot;]}],&quot;_ha_eqh_enable&quot;:false}\">\n\t\t\t\t\t\t<div class=\"elementor-container elementor-column-gap-default\">\n\t\t\t\t\t<div class=\"elementor-column elementor-col-100 elementor-top-column elementor-element elementor-element-4773b297\" data-id=\"4773b297\" data-element_type=\"column\" data-e-type=\"column\">\n\t\t\t<div class=\"elementor-widget-wrap elementor-element-populated\">\n\t\t\t\t\t\t<div class=\"elementor-element elementor-element-2656966 elementor-widget elementor-widget-image\" data-id=\"2656966\" data-element_type=\"widget\" data-e-type=\"widget\" data-widget_type=\"image.default\">\n\t\t\t\t<div class=\"elementor-widget-container\">\n\t\t\t\t\t\t\t\t\t\t\t\t\t\t\t<img fetchpriority=\"high\" decoding=\"async\" width=\"512\" height=\"256\" src=\"https:\/\/promanconsulting.hu\/wp-content\/uploads\/2022\/04\/kieges.jpg\" class=\"attachment-full size-full wp-image-6371\" alt=\"a ki\u00e9g\u00e9s t\u00fcnetei \u00e9s kezel\u00e9se\" srcset=\"https:\/\/promanconsulting.hu\/wp-content\/uploads\/2022\/04\/kieges.jpg 512w, https:\/\/promanconsulting.hu\/wp-content\/uploads\/2022\/04\/kieges-300x150.jpg 300w\" sizes=\"(max-width: 512px) 100vw, 512px\" \/>\t\t\t\t\t\t\t\t\t\t\t\t\t\t\t<\/div>\n\t\t\t\t<\/div>\n\t\t\t\t<div class=\"elementor-element elementor-element-f445454 elementor-widget elementor-widget-heading\" data-id=\"f445454\" data-element_type=\"widget\" data-e-type=\"widget\" data-widget_type=\"heading.default\">\n\t\t\t\t<div class=\"elementor-widget-container\">\n\t\t\t\t\t<h1 class=\"elementor-heading-title elementor-size-default\">Burnout szindr\u00f3ma: a ki\u00e9g\u00e9s t\u00fcnetei, megel\u0151z\u00e9se \u00e9s kezel\u00e9se<\/h1>\t\t\t\t<\/div>\n\t\t\t\t<\/div>\n\t\t\t\t<div class=\"elementor-element elementor-element-cba2f88 elementor-widget elementor-widget-text-editor\" data-id=\"cba2f88\" data-element_type=\"widget\" data-e-type=\"widget\" data-widget_type=\"text-editor.default\">\n\t\t\t\t<div class=\"elementor-widget-container\">\n\t\t\t\t\t\t\t\t\t<p><span style=\"font-weight: 400;\">A burnout szindr\u00f3ma, azaz ki\u00e9g\u00e9s a modern t\u00e1rsadalom egyik leggyakoribb \u00e9s legvesz\u00e9lyesebb probl\u00e9m\u00e1ja. A t\u00fcnetegy\u00fcttes, amely mind a fizikai, mind ment\u00e1lis \u00e9s \u00e9rzelmi eg\u00e9szs\u00e9g\u00fcnket fenyegeti, a k\u00f6zhiedelemmel ellent\u00e9tben nem csak a munkahelyi k\u00f6rnyezetben alakulhat ki, b\u00e1r ott a leggyakoribb.\u00a0<\/span><\/p><p><span style=\"font-weight: 400;\">Cikk\u00fcnkb\u0151l kider\u00fcl, hogy:<\/span><\/p><ul><li style=\"font-weight: 400;\" aria-level=\"1\"><span style=\"font-weight: 400;\">Mi okozhatja a ki\u00e9g\u00e9st;<\/span><\/li><li style=\"font-weight: 400;\" aria-level=\"1\"><span style=\"font-weight: 400;\">Kik a legvesz\u00e9lyeztetettebbek;<\/span><\/li><li style=\"font-weight: 400;\" aria-level=\"1\"><span style=\"font-weight: 400;\">Mik a burnout t\u00fcnetei;<\/span><\/li><li style=\"font-weight: 400;\" aria-level=\"1\"><span style=\"font-weight: 400;\">Melyek a burnout st\u00e1diumai;<\/span><\/li><li style=\"font-weight: 400;\" aria-level=\"1\"><span style=\"font-weight: 400;\">Hogyan zajlik a diagnosztiz\u00e1l\u00e1sa \u00e9s kezel\u00e9se;<\/span><\/li><li style=\"font-weight: 400;\" aria-level=\"1\"><span style=\"font-weight: 400;\">Mik a megel\u0151z\u00e9s lehet\u0151s\u00e9gei, hogyan seg\u00edthet a coaching a megel\u0151z\u00e9sben \u00e9s a t\u00fcnetek kezel\u00e9s\u00e9ben.<\/span><\/li><\/ul>\t\t\t\t\t\t\t\t<\/div>\n\t\t\t\t<\/div>\n\t\t\t\t<div class=\"elementor-element elementor-element-1e0c985 elementor-widget elementor-widget-image\" data-id=\"1e0c985\" data-element_type=\"widget\" data-e-type=\"widget\" data-widget_type=\"image.default\">\n\t\t\t\t<div class=\"elementor-widget-container\">\n\t\t\t\t\t\t\t\t\t\t\t\t\t\t\t<img decoding=\"async\" width=\"512\" height=\"342\" src=\"https:\/\/promanconsulting.hu\/wp-content\/uploads\/2022\/04\/burnout.jpg\" class=\"attachment-large size-large wp-image-6372\" alt=\"\" srcset=\"https:\/\/promanconsulting.hu\/wp-content\/uploads\/2022\/04\/burnout.jpg 512w, https:\/\/promanconsulting.hu\/wp-content\/uploads\/2022\/04\/burnout-300x200.jpg 300w\" sizes=\"(max-width: 512px) 100vw, 512px\" \/>\t\t\t\t\t\t\t\t\t\t\t\t\t\t\t<\/div>\n\t\t\t\t<\/div>\n\t\t\t\t<div class=\"elementor-element elementor-element-40662c0 elementor-widget elementor-widget-text-editor\" data-id=\"40662c0\" data-element_type=\"widget\" data-e-type=\"widget\" data-widget_type=\"text-editor.default\">\n\t\t\t\t<div class=\"elementor-widget-container\">\n\t\t\t\t\t\t\t\t\t<h2><strong>Mi az a ki\u00e9g\u00e9s \u00e9s mi\u00e9rt olyan vesz\u00e9lyes?<\/strong><\/h2><p><span style=\"font-weight: 400;\">A ki\u00e9g\u00e9s, vagy m\u00e1sn\u00e9ven burnout szindr\u00f3ma egy t\u00fcnetegy\u00fcttes, amely a hossz\u00fa ideig tart\u00f3 stressz, \u00e9rzelmi megterhel\u00e9s k\u00f6vetkezt\u00e9ben jelentkezhet. Kialakul\u00e1s\u00e1nak folyamata hossz\u00fa, \u00e9s szinte minden \u00e9rintett ugyanazokon a f\u00e1zisokon megy kereszt\u00fcl. Ha id\u0151ben \u00e9szreveszik a t\u00fcneteket, a burnout szindr\u00f3ma kezelhet\u0151, a folyamat visszaford\u00edthat\u00f3. Azonban ez gyakran nem t\u00f6rt\u00e9nik meg, ami teljes ap\u00e1tia kialakul\u00e1s\u00e1hoz, rosszabb esetben pedig komolyabb eg\u00e9szs\u00e9gk\u00e1rosod\u00e1shoz is vezethet. Ilyen lehet p\u00e9ld\u00e1ul:\u00a0<\/span><\/p><ul><li style=\"font-weight: 400;\" aria-level=\"1\"><span style=\"font-weight: 400;\">Pszichoszomatikus betegs\u00e9gek kialakul\u00e1sa<\/span><\/li><li style=\"font-weight: 400;\" aria-level=\"1\"><span style=\"font-weight: 400;\">Alv\u00e1sprobl\u00e9m\u00e1k<\/span><\/li><li style=\"font-weight: 400;\" aria-level=\"1\"><span style=\"font-weight: 400;\">T\u00e1pl\u00e1lkoz\u00e1si zavarok<\/span><\/li><li style=\"font-weight: 400;\" aria-level=\"1\"><span style=\"font-weight: 400;\">Viselked\u00e9s-, magatart\u00e1szavarok<\/span><\/li><li style=\"font-weight: 400;\" aria-level=\"1\"><span style=\"font-weight: 400;\">F\u00fcgg\u0151s\u00e9g<\/span><\/li><\/ul><h2><strong>A ki\u00e9g\u00e9s okai\u00a0<\/strong><\/h2><p><span style=\"font-weight: 400;\">A ki\u00e9g\u00e9st a szakirodalom leggyakrabban\u00a0 a nem megfelel\u0151 munkahelyi k\u00f6rnyezettel hozza \u00f6sszef\u00fcgg\u00e9sbe. \u00c9ppen ez\u00e9rt a burnout-szindr\u00f3m\u00e1t gyakran munkahelyi ki\u00e9g\u00e9snek is nevezik.\u00a0<\/span><\/p><p><span style=\"font-weight: 400;\">T\u00e9ny \u00e9s val\u00f3, hogy a kedvez\u0151tlen munkahelyi k\u00f6r\u00fclm\u00e9nyek &#8211; p\u00e9ld\u00e1ul a dics\u00e9ret hi\u00e1nya, rossz anyagi felt\u00e9telek, a t\u00fal sok feladat vagy m\u00e1sod\u00e1ll\u00e1s miatti t\u00falterhelts\u00e9g &#8211; okozhat ki\u00e9g\u00e9st. Ehhez azonban hozz\u00e1ad\u00f3dnak olyan szem\u00e9lyes t\u00e9nyez\u0151k is, mint a munka t\u00falzott idealiz\u00e1l\u00e1s\u00e1ra val\u00f3 hajlam, vagy t\u00fal m\u00e9ly szem\u00e9lyes elk\u00f6telez\u0151d\u00e9s, \u00e9s egy\u00e9b szem\u00e9lyes jellemz\u0151k, amelyek a s\u00e9r\u00fcl\u00e9kenys\u00e9get fokozz\u00e1k.\u00a0<\/span><\/p><p><span style=\"font-weight: 400;\">M\u00e1ra pedig m\u00e1r az is tiszt\u00e1zott, hogy nem csak munkahelyi k\u00f6rnyezetben, hanem gyakorlatilag b\u00e1rki b\u00e1rmikor tapasztalhatja a ki\u00e9g\u00e9s jeleit.\u00a0<\/span><\/p><h3><strong>Kik a legvesz\u00e9lyeztetettebbek?\u00a0<\/strong><\/h3><ul><li style=\"font-weight: 400;\" aria-level=\"1\"><b>Seg\u00edt\u0151 foglalkoz\u00e1s\u00faak:<\/b><span style=\"font-weight: 400;\"> p\u00e9ld\u00e1ul orvosok, \u00e1pol\u00f3k, szoci\u00e1lis munk\u00e1sok, pedag\u00f3gusok, pszichol\u00f3gusok, stb. Eset\u00fckben folyamatos fokozott \u00e9rzelmi megterhel\u00e9s t\u00f6rt\u00e9nik, \u00e9s k\u00fcl\u00f6n\u00f6sen neh\u00e9z a hat\u00e1rok megh\u00faz\u00e1sa;<\/span><\/li><\/ul><ul><li aria-level=\"1\"><b>Vezet\u0151 poz\u00edci\u00f3ban dolgoz\u00f3k, v\u00e1llalkoz\u00f3k: <\/b><span style=\"font-weight: 400;\">gyakran folyamatos stresszt \u00e9s teljes\u00edtm\u00e9nyk\u00e9nyszert \u00e9lnek \u00e1t az el\u0151rejut\u00e1s \u00e9rdek\u00e9ben ;<\/span><\/li><\/ul><ul><li aria-level=\"1\"><b>A magukat valamilyen nagyon ambici\u00f3zus c\u00e9lnak al\u00e1vet\u0151k: <\/b><span style=\"font-weight: 400;\">a leggyakoribb ilyen c\u00e9lok a karrier, vagy a c\u00e9g\u00e9p\u00edt\u00e9s, de az extr\u00e9m mennyis\u00e9g\u0171 tanul\u00e1s, egy \u00e9p\u00edtkez\u00e9s\u00a0 vagy ak\u00e1r a csal\u00e1d (pl. anyas\u00e1g) is okozhatja, hogy a szem\u00e9lyes sz\u00fcks\u00e9gletek a h\u00e1tt\u00e9rbe szorulnak, a szem\u00e9ly szinte elvesz\u00edti a kapcsolatot \u00f6nmag\u00e1val;<\/span><\/li><\/ul><ul><li aria-level=\"1\"><b>Magukkal szemben t\u00falzott elv\u00e1r\u00e1sokat t\u00e1maszt\u00f3k: <\/b><span style=\"font-weight: 400;\">gyakran teljes\u00edtm\u00e9nyk\u00e9nyszer \u00e9s maximalizmus jellemzi ezeket a szem\u00e9lyeket, azonban a folyamatos extr\u00e9m elv\u00e1r\u00e1soknak nem lehet megfelelni, ami \u00f3ri\u00e1si frusztr\u00e1ci\u00f3t okoz<\/span><\/li><\/ul><ul><li style=\"font-weight: 400;\" aria-level=\"1\"><b>Biztons\u00e1got, harm\u00f3ni\u00e1t keres\u0151k:<\/b><span style=\"font-weight: 400;\"> vannak, akik term\u00e9szet\u00fckb\u0151l fakad\u00f3an nem tudnak azonosulni a mai vil\u00e1g rohan\u00f3 temp\u00f3j\u00e1val, m\u00e9gis erej\u00fck\u00f6n fel\u00fcl megpr\u00f3b\u00e1lnak adapt\u00e1l\u00f3dni, m\u00edg teljesen fel nem \u00f6rl\u0151dnek benne.\u00a0<\/span><\/li><\/ul>\t\t\t\t\t\t\t\t<\/div>\n\t\t\t\t<\/div>\n\t\t\t\t<div class=\"elementor-element elementor-element-b24554e elementor-widget elementor-widget-image\" data-id=\"b24554e\" data-element_type=\"widget\" data-e-type=\"widget\" data-widget_type=\"image.default\">\n\t\t\t\t<div class=\"elementor-widget-container\">\n\t\t\t\t\t\t\t\t\t\t\t\t\t\t\t<img decoding=\"async\" width=\"512\" height=\"512\" src=\"https:\/\/promanconsulting.hu\/wp-content\/uploads\/2022\/04\/kieges-tunetei.jpg\" class=\"attachment-large size-large wp-image-6373\" alt=\"\" srcset=\"https:\/\/promanconsulting.hu\/wp-content\/uploads\/2022\/04\/kieges-tunetei.jpg 512w, https:\/\/promanconsulting.hu\/wp-content\/uploads\/2022\/04\/kieges-tunetei-300x300.jpg 300w, https:\/\/promanconsulting.hu\/wp-content\/uploads\/2022\/04\/kieges-tunetei-150x150.jpg 150w\" sizes=\"(max-width: 512px) 100vw, 512px\" \/>\t\t\t\t\t\t\t\t\t\t\t\t\t\t\t<\/div>\n\t\t\t\t<\/div>\n\t\t\t\t<div class=\"elementor-element elementor-element-4984414 elementor-widget elementor-widget-text-editor\" data-id=\"4984414\" data-element_type=\"widget\" data-e-type=\"widget\" data-widget_type=\"text-editor.default\">\n\t\t\t\t<div class=\"elementor-widget-container\">\n\t\t\t\t\t\t\t\t\t<h2><strong>A ki\u00e9g\u00e9s t\u00fcnetei \u00e9s szakaszai<\/strong><\/h2><p><span style=\"font-weight: 400;\">A burnout szindr\u00f3ma kialakul\u00e1sa elk\u00fcl\u00f6n\u00edthet\u0151 szakaszokra bonthat\u00f3, amelyekre m\u00e1s-m\u00e1s t\u00fcnetek jellemz\u0151ek. Ezeket mindenk\u00e9ppen \u00e9rdemes megismerni, ugyanis a t\u00fcnetek korai felismer\u00e9se \u00f3ri\u00e1si seg\u00edts\u00e9get jelent a megel\u0151z\u00e9sben \u00e9s kezel\u00e9sben.\u00a0<\/span><\/p><h3><strong>A kezdetek: t\u00falzott idealizmus \u00e9s lelkesed\u00e9s<\/strong><\/h3><p><span style=\"font-weight: 400;\">A ki\u00e9g\u00e9sben \u00e9rintettek szinte mindegyik\u00e9n\u00e9l megfigyelhet\u0151, hogy eleinte \u00f3ri\u00e1si lelkesed\u00e9ssel vetik bele magukat a feladatokba. Gyakran \u00f6nk\u00e9nt v\u00e1llalnak extra munkamennyis\u00e9get, k\u00fcl\u00f6nleges kreativit\u00e1ssal dolgoznak, szoci\u00e1lis \u00e9rz\u00e9kenys\u00e9g\u00fck igen magas. Ennek megfelel\u0151en extra d\u00edcs\u00e9retet \u00e9s elismer\u00e9st kapnak, amely tov\u00e1bb n\u00f6veli a lelkesed\u00e9s\u00fcket.\u00a0<\/span><\/p><p><span style=\"font-weight: 400;\">A kezdeti szakaszra jelemz\u0151 t\u00fcnetek:<\/span><\/p><ul><li style=\"font-weight: 400;\" aria-level=\"1\"><span style=\"font-weight: 400;\">Extr\u00e9m lelkesed\u00e9s, munkav\u00e1llal\u00e1s<\/span><\/li><li style=\"font-weight: 400;\" aria-level=\"1\"><span style=\"font-weight: 400;\">T\u00fal nagy \u00e1t\u00e9l\u00e9s, a szem\u00e9ly saj\u00e1t mag\u00e1t tekinti legf\u0151bb munkaeszk\u00f6z\u00e9nek<\/span><\/li><li style=\"font-weight: 400;\" aria-level=\"1\"><span style=\"font-weight: 400;\">Gyakran h\u00e1tt\u00e9rbe szorul a mag\u00e1n\u00e9let<\/span><\/li><li style=\"font-weight: 400;\" aria-level=\"1\"><span style=\"font-weight: 400;\">A szakasz v\u00e9ge fel\u00e9 a lelkesed\u00e9s \u00e1tcsaphat f\u00e9lelembe \u00e9s szorong\u00e1sba is, \u0171z\u00f6tts\u00e9g, t\u00falhajszolts\u00e1g alakul ki<\/span><\/li><\/ul><h3><strong>M\u00e1sodik szakasz: val\u00f3s\u00e1g okozta frusztr\u00e1ci\u00f3<\/strong><\/h3><p><span style=\"font-weight: 400;\">Az extr\u00e9m munkateljes\u00edtm\u00e9nyt azonban nem lehet hossz\u00fa ideig fenntartani, \u00edgy az elk\u00e9pzel\u00e9sek \u00e9s a val\u00f3s teljes\u00edtm\u00e9ny k\u00fcl\u00f6nbs\u00e9g\u00e9b\u0151l bels\u0151 konfliktus alakulhat ki. Ez komoly frusztr\u00e1ci\u00f3hoz vezethet.\u00a0<\/span><\/p><p><span style=\"font-weight: 400;\">A m\u00e1sodik szakaszra jellemz\u0151 t\u00fcnetek:\u00a0<\/span><\/p><ul><li style=\"font-weight: 400;\" aria-level=\"1\"><span style=\"font-weight: 400;\">Az \u00e9rintett \u00e9let\u00e9ben m\u00e9g k\u00f6zpontibb szerepet kap a munka, hogy bizony\u00edtsa kiv\u00e1l\u00f3s\u00e1g\u00e1t<\/span><\/li><li style=\"font-weight: 400;\" aria-level=\"1\"><span style=\"font-weight: 400;\">A mag\u00e1n\u00e9let \u00e9s a szem\u00e9lyes sz\u00fcks\u00e9gletek elhanyagol\u00e1sa k\u00f6vetkezik be<\/span><\/li><li style=\"font-weight: 400;\" aria-level=\"1\"><span style=\"font-weight: 400;\">A munk\u00e1ra sz\u00e1nt t\u00f6bb id\u0151 ellen\u00e9re a teljes\u00edtm\u00e9ny romlik, ami tov\u00e1bbi frusztr\u00e1ci\u00f3t okoz<\/span><\/li><li style=\"font-weight: 400;\" aria-level=\"1\"><span style=\"font-weight: 400;\">Gyakran romlanak a szoci\u00e1lis kapcsolatok, cs\u00f6kken az emp\u00e1tia a munkat\u00e1rsakkal, \u00fcgyfelekkel szemben\u00a0<\/span><\/li><\/ul><h4><strong>A d\u00f6nt\u00e9s ideje<\/strong><\/h4><p><span style=\"font-weight: 400;\">Nagyon fontos kiemelni, hogy a m\u00e1sodik szakasz sor\u00e1n m\u00e9g van lehet\u0151s\u00e9g a v\u00e1ltoztat\u00e1sra, \u00e9s arra, hogy vissza\u00e1lljon az eg\u00e9szs\u00e9ges munka-mag\u00e1n\u00e9let egyens\u00faly. Ha az \u00e9rintett felismeri a probl\u00e9m\u00e1t \u00e9s tudatosan dolgozik rajta, akkor ilyenkor m\u00e9g megel\u0151zhet\u0151 a komolyabb ki\u00e9g\u00e9s. Kialakulhat a munk\u00e1val val\u00f3 eg\u00e9szs\u00e9ges kapcsolat, a munka szeretete is. A megel\u0151z\u00e9snek cikk\u00fcnk m\u00e1sodik r\u00e9sz\u00e9ben k\u00fcl\u00f6n r\u00e9szt szentel\u00fcnk.\u00a0<\/span><\/p><h3><strong>Harmadik szakasz: ap\u00e1tia, eg\u00e9szs\u00e9g\u00fcgyi probl\u00e9m\u00e1k kialakul\u00e1sa<\/strong><\/h3><p><span style=\"font-weight: 400;\">Sajnos gyakran megt\u00f6rt\u00e9nik, hogy a ki\u00e9g\u00e9s jeleit sem az \u00e9rintett szem\u00e9ly, sem a k\u00f6rnyezete nem ismeri fel, \u00e9s az \u00e9rintett egyszer\u0171en k\u00e9ptelen le\u00e1llni \u00e9s megtal\u00e1lni a helyes egyens\u00falyt. Ebben az esetben a k\u00f6vetkez\u0151 t\u00fcnetek jelentkeznek:<\/span><\/p><ul><li style=\"font-weight: 400;\" aria-level=\"1\"><span style=\"font-weight: 400;\">Az \u00e9rintett mag\u00e1ba fordul, k\u00f6z\u00f6ny\u00f6ss\u00e9 v\u00e1lik<\/span><\/li><li style=\"font-weight: 400;\" aria-level=\"1\"><span style=\"font-weight: 400;\">Motiv\u00e1ci\u00f3ja elv\u00e9sz, munk\u00e1j\u00e1t monotonnak \u00e9s \u00e9rt\u00e9ktelennek \u00e9rzi<\/span><\/li><li style=\"font-weight: 400;\" aria-level=\"1\"><span style=\"font-weight: 400;\">\u00c1lland\u00f3 rosszkedv\u0171s\u00e9g, kil\u00e1t\u00e1stalans\u00e1g, rem\u00e9nyvesztetts\u00e9g \u00e9s inkompetencia-\u00e9rz\u00e9s jelentkezik<\/span><\/li><li style=\"font-weight: 400;\" aria-level=\"1\"><span style=\"font-weight: 400;\">Munkav\u00e9gz\u00e9se n\u00e9lk\u00fcl\u00f6zi a kreativit\u00e1st, rutinszer\u0171v\u00e9 v\u00e1lik<\/span><\/li><li style=\"font-weight: 400;\" aria-level=\"1\"><span style=\"font-weight: 400;\">T\u00e1rsas kapcsolatai mind munkahelyi, mind mag\u00e1n\u00e9leti szinten ellaposodhatnak, \u00fcress\u00e9 v\u00e1lhatnak<\/span><\/li><\/ul><p><span style=\"font-weight: 400;\">Ebben a f\u00e1zisban gyakran el\u0151fordul, hogy a ki\u00e9g\u00e9sben szenved\u0151 impulz\u00edv viselked\u00e9st tanus\u00edt: p\u00e9ld\u00e1ul t\u00fcrelmetlenn\u00e9 v\u00e1lik m\u00e1sokkal, vagy hirtelen munkahelyet v\u00e1lt. A ki\u00e9g\u00e9st ebben a f\u00e1zisban egyed\u00fcl m\u00e1r nagyon neh\u00e9z kezelni, sokszor szakember bevon\u00e1sa sz\u00fcks\u00e9ges. Amennyiben ez nem t\u00f6rt\u00e9nik meg, akkor fizikai \u00e9s ment\u00e1lis betegs\u00e9gek is kialakulhatnak.\u00a0<\/span><\/p>\t\t\t\t\t\t\t\t<\/div>\n\t\t\t\t<\/div>\n\t\t\t\t<div class=\"elementor-element elementor-element-b90a961 elementor-widget elementor-widget-image\" data-id=\"b90a961\" data-element_type=\"widget\" data-e-type=\"widget\" data-widget_type=\"image.default\">\n\t\t\t\t<div class=\"elementor-widget-container\">\n\t\t\t\t\t\t\t\t\t\t\t\t\t\t\t<img loading=\"lazy\" decoding=\"async\" width=\"512\" height=\"342\" src=\"https:\/\/promanconsulting.hu\/wp-content\/uploads\/2022\/04\/burnout-szindroma.jpg\" class=\"attachment-large size-large wp-image-6374\" alt=\"A burnout szindr\u00f3ma nem csak munkahelyi k\u00f6rnyezetben jelentkezhet\" srcset=\"https:\/\/promanconsulting.hu\/wp-content\/uploads\/2022\/04\/burnout-szindroma.jpg 512w, https:\/\/promanconsulting.hu\/wp-content\/uploads\/2022\/04\/burnout-szindroma-300x200.jpg 300w\" sizes=\"(max-width: 512px) 100vw, 512px\" \/>\t\t\t\t\t\t\t\t\t\t\t\t\t\t\t<\/div>\n\t\t\t\t<\/div>\n\t\t\t\t<div class=\"elementor-element elementor-element-bf4b460 elementor-widget elementor-widget-text-editor\" data-id=\"bf4b460\" data-element_type=\"widget\" data-e-type=\"widget\" data-widget_type=\"text-editor.default\">\n\t\t\t\t<div class=\"elementor-widget-container\">\n\t\t\t\t\t\t\t\t\t<h2><strong>A ki\u00e9g\u00e9s kezel\u00e9se<\/strong><\/h2><p><span style=\"font-weight: 400;\">Amennyiben a probl\u00e9m\u00e1t id\u0151ben \u00e9szreveszik, a ki\u00e9g\u00e9st \u00e9letm\u00f3dbeli \u00e9s munkahelyi v\u00e1ltoztat\u00e1sokkal is lehet kezelni, p\u00e9ld\u00e1ul:\u00a0<\/span><\/p><ul><li style=\"font-weight: 400;\" aria-level=\"1\"><span style=\"font-weight: 400;\">A munkahelyi k\u00f6rnyezet \u00e1talak\u00edt\u00e1s\u00e1val, amelyhez sz\u00fcks\u00e9ges a munkat\u00e1rsak bevon\u00e1sa is<\/span><\/li><li style=\"font-weight: 400;\" aria-level=\"1\"><span style=\"font-weight: 400;\">A feladatok \u00e9s szabadid\u0151 egyens\u00faly\u00e1nak tudatos helyre\u00e1ll\u00edt\u00e1s\u00e1val<\/span><\/li><li style=\"font-weight: 400;\" aria-level=\"1\"><span style=\"font-weight: 400;\">Rendszeres sporttal, vagy medit\u00e1ci\u00f3val\u00a0<\/span><\/li><\/ul><p><span style=\"font-weight: 400;\">\u00c9rdemes m\u00e1r ezen a ponton is pszichol\u00f3gus, coach seg\u00edts\u00e9g\u00e9t k\u00e9rni, aki seg\u00edt felt\u00e1rni a h\u00e1tt\u00e9rben rejl\u0151 szem\u00e9lyes motiv\u00e1ci\u00f3s er\u0151ket, \u00e9s k\u00e9pes megk\u00fczd\u00e9si technik\u00e1kat tan\u00edtani. Bizonyos esetekben, az utols\u00f3 f\u00e1zisban pszichi\u00e1ter bevon\u00e1sa is sz\u00fcks\u00e9ges lehet, aki javasolhat gy\u00f3gyszeres, antidepressz\u00e1nsokkal t\u00f6rt\u00e9n\u0151 kezel\u00e9st is.\u00a0<\/span><\/p><h2><strong>A ki\u00e9g\u00e9s megel\u0151z\u00e9se<\/strong><\/h2><p><span style=\"font-weight: 400;\">Szerencs\u00e9re az elm\u00falt \u00e9vekre jellemz\u0151 pozit\u00edv tendencia, hogy egyre t\u00f6bb inform\u00e1ci\u00f3 hangzik el, egyre tudatosabbak mind a munk\u00e1ltat\u00f3k, mind a munkav\u00e1llal\u00f3k a burnout t\u00e9mak\u00f6r\u00e9ben. M\u00edg r\u00e9gen, f\u0151leg magasabb poz\u00edci\u00f3ban elk\u00e9pzelhetetlen volt besz\u00e9lni a szem\u00e9lyes neh\u00e9zs\u00e9gekr\u0151l, addig ma m\u00e1r egyre t\u00f6bben v\u00e1llalj\u00e1k fel a probl\u00e9m\u00e1ikat. Ez sokat seg\u00edt abban, hogy az \u00e9rintettek id\u0151ben felismerj\u00e9k, hogy a ki\u00e9g\u00e9s \u00fatj\u00e1t j\u00e1rj\u00e1k.\u00a0<\/span><\/p><h3><strong>Mit lehet tenni szervezeti szinten a ki\u00e9g\u00e9s megel\u0151z\u00e9s\u00e9\u00e9rt?\u00a0<\/strong><\/h3><ul><li style=\"font-weight: 400;\" aria-level=\"1\"><span style=\"font-weight: 400;\">Rendszeres felm\u00e9r\u00e9sek \u00e9s sz\u0171r\u00e9sek elv\u00e9gz\u00e9se mind a munkahelyi k\u00f6rnyezetet, mind a munkav\u00e1llal\u00f3k ment\u00e1lhigi\u00e9n\u00e9s \u00e1llapot\u00e1t tekintve<\/span><\/li><li style=\"font-weight: 400;\" aria-level=\"1\"><span style=\"font-weight: 400;\">Csoportos coaching vagy k\u00fcl\u00f6nb\u00f6z\u0151 munkahelyi tr\u00e9ningek szervez\u00e9se, amelyek a munkahelyi stresszt cs\u00f6kkentik: p\u00e9ld\u00e1ul kommunik\u00e1ci\u00f3s vagy \u00f6nismereti tr\u00e9ningek, relax\u00e1ci\u00f3s gyakorlatok oktat\u00e1sa<\/span><\/li><li style=\"font-weight: 400;\" aria-level=\"1\"><span style=\"font-weight: 400;\">Pszichol\u00f3giai konzult\u00e1ci\u00f3 lehet\u0151s\u00e9g\u00e9nek biztos\u00edt\u00e1sa, ahol a munkav\u00e1llal\u00f3 szabadon besz\u00e9lhet a bels\u0151 fesz\u00fclts\u00e9geir\u0151l<\/span><\/li><\/ul><h3><strong>Mit lehet tenni egy\u00e9ni szinten a ki\u00e9g\u00e9s megel\u0151z\u00e9s\u00e9\u00e9rt?\u00a0<\/strong><\/h3><p><span style=\"font-weight: 400;\">A ki\u00e9g\u00e9s megel\u0151z\u00e9s\u00e9ben az egyik legfontosabb l\u00e9p\u00e9s a t\u00e9m\u00e1ban val\u00f3 t\u00e1j\u00e9koz\u00f3d\u00e1s. Hiszen csak \u00edgy ismerhetj\u00fck fel el\u00e9g kor\u00e1n azt a spir\u00e1lt, amibe ker\u00fclt\u00fcnk. A m\u00e1sik rendk\u00edv\u00fcl fontos t\u00e9nyez\u0151 az \u00f6nreflexi\u00f3 folyamatos gyakorl\u00e1sa, \u00e9s a tudatos \u00e9letvezet\u00e9s kialak\u00edt\u00e1sa. Ugyanakkor a munkahelyi, egy\u00e9ni \u00e9s t\u00e1rsas sz\u00fcks\u00e9gletek perem\u00e9n egyens\u00falyozva ez egy\u00e1ltal\u00e1n nem k\u00f6nny\u0171, \u00e9ppen ez\u00e9rt \u00e9rdemes lehet a t\u00e9m\u00e1ban j\u00e1rtas szakember, tapasztalt coach seg\u00edts\u00e9g\u00e9t k\u00e9rni. Miben seg\u00edthet a szakember?\u00a0<\/span><\/p><ul><li style=\"font-weight: 400;\" aria-level=\"1\"><span style=\"font-weight: 400;\">Megtal\u00e1lni legfontosabb bels\u0151 motiv\u00e1ci\u00f3s t\u00e9nyez\u0151ket, \u00e9s felismerni a sz\u00fcks\u00e9gleteket<\/span><\/li><li style=\"font-weight: 400;\" aria-level=\"1\"><span style=\"font-weight: 400;\">Megismerkedni olyan megk\u00fczd\u00e9si strat\u00e9gi\u00e1kat, amelyek a mindennapi stressz lek\u00fczd\u00e9s\u00e9ben seg\u00edtenek<\/span><\/li><li style=\"font-weight: 400;\" aria-level=\"1\"><span style=\"font-weight: 400;\">Fejleszteni a munka \u00e9s mag\u00e1n\u00e9let egyens\u00faly\u00e1t<\/span><\/li><li style=\"font-weight: 400;\" aria-level=\"1\"><span style=\"font-weight: 400;\">Kialak\u00edtani a megfelel\u0151 napirendet \u00e9s k\u00f6vetni azt<\/span><\/li><\/ul><h3><strong>\u00d6sszefoglal\u00e1s<\/strong><\/h3><p><span style=\"font-weight: 400;\">A burnout szindr\u00f3ma, azaz ki\u00e9g\u00e9s egy \u00e9get\u0151 t\u00e1rsadalmi probl\u00e9ma, amely kezeletlen\u00fcl nemcsak motiv\u00e1latlans\u00e1got, hanem komoly eg\u00e9szs\u00e9g\u00fcgyi probl\u00e9m\u00e1kat is okozhat. \u00c9ppen ez\u00e9rt mindenk\u00e9pp fontos megismerni a f\u00e1zisait \u00e9s t\u00fcnetet \u00e9s tudatosan tenni a megel\u0151z\u00e9s\u00e9rt \u00e9s kezel\u00e9s\u00e9rt &#8211; egy\u00e9ni \u00e9s szervezeti szinten is.\u00a0<\/span><\/p><p><b>K\u00c9RD\u00c9SE VAN? VEGYE FEL VEL\u00dcNK A KAPCSOLATOT!<\/b><\/p><p><span style=\"font-weight: 400;\">Bizonytalan abban, hogy milyen t\u00e1mogat\u00e1si forma jelenthet megold\u00e1st a probl\u00e9m\u00e1ira? Coaching szolg\u00e1ltat\u00e1sainkr\u00f3l <a href=\"https:\/\/promanconsulting.hu\/coaching\/\"><span style=\"color: #0000ff;\">itt olvashat<\/span><\/a> b\u0151vebben, vagy vegye fel <a href=\"mailto:info@promanconsulting.hu\"><span style=\"color: #0000ff;\">vel\u00fcnk a kapcsolatot<\/span>!<\/a><\/span><\/p>\t\t\t\t\t\t\t\t<\/div>\n\t\t\t\t<\/div>\n\t\t\t\t\t<\/div>\n\t\t<\/div>\n\t\t\t\t\t<\/div>\n\t\t<\/section>\n\t\t\t\t<\/div>\n\t\t","protected":false},"excerpt":{"rendered":"<p>Burnout szindr\u00f3ma: a ki\u00e9g\u00e9s t\u00fcnetei, megel\u0151z\u00e9se \u00e9s kezel\u00e9se A burnout szindr\u00f3ma, azaz ki\u00e9g\u00e9s a modern t\u00e1rsadalom egyik leggyakoribb \u00e9s legvesz\u00e9lyesebb probl\u00e9m\u00e1ja. A t\u00fcnetegy\u00fcttes, amely mind a fizikai, mind ment\u00e1lis \u00e9s \u00e9rzelmi eg\u00e9szs\u00e9g\u00fcnket fenyegeti, a k\u00f6zhiedelemmel ellent\u00e9tben nem csak a munkahelyi k\u00f6rnyezetben alakulhat ki, b\u00e1r ott a leggyakoribb.&nbsp; Cikk\u00fcnkb\u0151l kider\u00fcl, hogy: Mi okozhatja a ki\u00e9g\u00e9st; Kik [&hellip;]<\/p>\n","protected":false},"author":5,"featured_media":6371,"comment_status":"closed","ping_status":"closed","sticky":false,"template":"","format":"standard","meta":{"footnotes":""},"categories":[179],"tags":[232,233,154,103],"class_list":["post-6369","post","type-post","status-publish","format-standard","has-post-thumbnail","hentry","category-szervezetfejlesztes","tag-burnout","tag-kieges","tag-szervezetfejlesztes","tag-vezetes","entry","has-media"],"_links":{"self":[{"href":"https:\/\/promanconsulting.hu\/en\/wp-json\/wp\/v2\/posts\/6369","targetHints":{"allow":["GET"]}}],"collection":[{"href":"https:\/\/promanconsulting.hu\/en\/wp-json\/wp\/v2\/posts"}],"about":[{"href":"https:\/\/promanconsulting.hu\/en\/wp-json\/wp\/v2\/types\/post"}],"author":[{"embeddable":true,"href":"https:\/\/promanconsulting.hu\/en\/wp-json\/wp\/v2\/users\/5"}],"replies":[{"embeddable":true,"href":"https:\/\/promanconsulting.hu\/en\/wp-json\/wp\/v2\/comments?post=6369"}],"version-history":[{"count":5,"href":"https:\/\/promanconsulting.hu\/en\/wp-json\/wp\/v2\/posts\/6369\/revisions"}],"predecessor-version":[{"id":6378,"href":"https:\/\/promanconsulting.hu\/en\/wp-json\/wp\/v2\/posts\/6369\/revisions\/6378"}],"wp:featuredmedia":[{"embeddable":true,"href":"https:\/\/promanconsulting.hu\/en\/wp-json\/wp\/v2\/media\/6371"}],"wp:attachment":[{"href":"https:\/\/promanconsulting.hu\/en\/wp-json\/wp\/v2\/media?parent=6369"}],"wp:term":[{"taxonomy":"category","embeddable":true,"href":"https:\/\/promanconsulting.hu\/en\/wp-json\/wp\/v2\/categories?post=6369"},{"taxonomy":"post_tag","embeddable":true,"href":"https:\/\/promanconsulting.hu\/en\/wp-json\/wp\/v2\/tags?post=6369"}],"curies":[{"name":"wp","href":"https:\/\/api.w.org\/{rel}","templated":true}]}}