{"id":5584,"date":"2021-09-21T09:19:32","date_gmt":"2021-09-21T09:19:32","guid":{"rendered":"http:\/\/promanconsulting.hu\/?p=5584"},"modified":"2023-05-17T18:52:49","modified_gmt":"2023-05-17T18:52:49","slug":"eye-test","status":"publish","type":"post","link":"https:\/\/promanconsulting.hu\/en\/szemelyisegteszt\/","title":{"rendered":"Types of personality tests and their application in business"},"content":{"rendered":"\t\t<div data-elementor-type=\"wp-post\" data-elementor-id=\"5584\" class=\"elementor elementor-5584\" data-elementor-settings=\"{&quot;ha_cmc_init_switcher&quot;:&quot;no&quot;}\" data-elementor-post-type=\"post\">\n\t\t\t\t\t\t<section class=\"elementor-section elementor-top-section elementor-element elementor-element-167538e2 elementor-section-boxed elementor-section-height-default elementor-section-height-default\" data-id=\"167538e2\" data-element_type=\"section\" data-e-type=\"section\" data-settings=\"{&quot;jet_parallax_layout_list&quot;:[{&quot;jet_parallax_layout_image&quot;:{&quot;url&quot;:&quot;&quot;,&quot;id&quot;:&quot;&quot;,&quot;size&quot;:&quot;&quot;},&quot;_id&quot;:&quot;da11ba3&quot;,&quot;jet_parallax_layout_image_tablet&quot;:{&quot;url&quot;:&quot;&quot;,&quot;id&quot;:&quot;&quot;,&quot;size&quot;:&quot;&quot;},&quot;jet_parallax_layout_image_mobile&quot;:{&quot;url&quot;:&quot;&quot;,&quot;id&quot;:&quot;&quot;,&quot;size&quot;:&quot;&quot;},&quot;jet_parallax_layout_speed&quot;:{&quot;unit&quot;:&quot;%&quot;,&quot;size&quot;:50,&quot;sizes&quot;:[]},&quot;jet_parallax_layout_type&quot;:&quot;scroll&quot;,&quot;jet_parallax_layout_direction&quot;:&quot;1&quot;,&quot;jet_parallax_layout_fx_direction&quot;:null,&quot;jet_parallax_layout_z_index&quot;:&quot;&quot;,&quot;jet_parallax_layout_bg_x&quot;:50,&quot;jet_parallax_layout_bg_x_tablet&quot;:&quot;&quot;,&quot;jet_parallax_layout_bg_x_mobile&quot;:&quot;&quot;,&quot;jet_parallax_layout_bg_y&quot;:50,&quot;jet_parallax_layout_bg_y_tablet&quot;:&quot;&quot;,&quot;jet_parallax_layout_bg_y_mobile&quot;:&quot;&quot;,&quot;jet_parallax_layout_bg_size&quot;:&quot;auto&quot;,&quot;jet_parallax_layout_bg_size_tablet&quot;:&quot;&quot;,&quot;jet_parallax_layout_bg_size_mobile&quot;:&quot;&quot;,&quot;jet_parallax_layout_animation_prop&quot;:&quot;transform&quot;,&quot;jet_parallax_layout_on&quot;:[&quot;desktop&quot;,&quot;tablet&quot;]}],&quot;_ha_eqh_enable&quot;:false}\">\n\t\t\t\t\t\t<div class=\"elementor-container elementor-column-gap-default\">\n\t\t\t\t\t<div class=\"elementor-column elementor-col-100 elementor-top-column elementor-element elementor-element-4773b297\" data-id=\"4773b297\" data-element_type=\"column\" data-e-type=\"column\">\n\t\t\t<div class=\"elementor-widget-wrap elementor-element-populated\">\n\t\t\t\t\t\t<div class=\"elementor-element elementor-element-2656966 elementor-widget elementor-widget-image\" data-id=\"2656966\" data-element_type=\"widget\" data-e-type=\"widget\" data-widget_type=\"image.default\">\n\t\t\t\t<div class=\"elementor-widget-container\">\n\t\t\t\t\t\t\t\t\t\t\t\t\t\t\t<img fetchpriority=\"high\" decoding=\"async\" width=\"512\" height=\"341\" src=\"https:\/\/promanconsulting.hu\/wp-content\/uploads\/2021\/09\/szemelyisegteszt.jpg\" class=\"attachment-full size-full wp-image-5585\" alt=\"\" srcset=\"https:\/\/promanconsulting.hu\/wp-content\/uploads\/2021\/09\/szemelyisegteszt.jpg 512w, https:\/\/promanconsulting.hu\/wp-content\/uploads\/2021\/09\/szemelyisegteszt-300x200.jpg 300w\" sizes=\"(max-width: 512px) 100vw, 512px\" \/>\t\t\t\t\t\t\t\t\t\t\t\t\t\t\t<\/div>\n\t\t\t\t<\/div>\n\t\t\t\t<div class=\"elementor-element elementor-element-0a331af elementor-widget elementor-widget-heading\" data-id=\"0a331af\" data-element_type=\"widget\" data-e-type=\"widget\" data-widget_type=\"heading.default\">\n\t\t\t\t<div class=\"elementor-widget-container\">\n\t\t\t\t\t<h2 class=\"elementor-heading-title elementor-size-default\">A szem\u00e9lyis\u00e9gtesztek t\u00edpusai \u00e9s alkalmaz\u00e1suk \u00fczleti ter\u00fcleten<\/h2>\t\t\t\t<\/div>\n\t\t\t\t<\/div>\n\t\t\t\t<div class=\"elementor-element elementor-element-cba2f88 elementor-widget elementor-widget-text-editor\" data-id=\"cba2f88\" data-element_type=\"widget\" data-e-type=\"widget\" data-widget_type=\"text-editor.default\">\n\t\t\t\t<div class=\"elementor-widget-container\">\n\t\t\t\t\t\t\t\t\t<p><span style=\"font-weight: 400;\">Az \u00fczleti \u00e9letben el\u0151szeretettel alkalmaznak szem\u00e9lyis\u00e9gtesztet, \u00e1ltal\u00e1ban az \u00e1ll\u00e1sinterj\u00fak r\u00e9szek\u00e9nt. A projektmenedzsmentben tipikusan a projektcsapat \u00f6ssze\u00e1ll\u00edt\u00e1sakor \u00e9s a megfelel\u0151 projektmenedzser kiv\u00e1laszt\u00e1sakor tal\u00e1lkozni az ilyen tesztekkel.<\/span><\/p><p><span style=\"font-weight: 400;\">A cikkben \u00e1ttekintj\u00fck, mi az a szem\u00e9lyis\u00e9gteszt, melyek a legismertebb t\u00edpusai, \u00e9s melyek azok a tesztek amiket \u00e1ltal\u00e1ban az \u00fczleti gyakorlatban alkalmaznak.<\/span><\/p>\t\t\t\t\t\t\t\t<\/div>\n\t\t\t\t<\/div>\n\t\t\t\t<div class=\"elementor-element elementor-element-1e0c985 elementor-widget elementor-widget-image\" data-id=\"1e0c985\" data-element_type=\"widget\" data-e-type=\"widget\" data-widget_type=\"image.default\">\n\t\t\t\t<div class=\"elementor-widget-container\">\n\t\t\t\t\t\t\t\t\t\t\t\t\t\t\t<img decoding=\"async\" width=\"512\" height=\"341\" src=\"https:\/\/promanconsulting.hu\/wp-content\/uploads\/2021\/09\/szemelyiseg-teszt.jpg\" class=\"attachment-full size-full wp-image-5587\" alt=\"A szem\u00e9lyis\u00e9gteszt a szem\u00e9lyis\u00e9g m\u00e9rhet\u0151 empirikus adatok alapj\u00e1n t\u00f6rt\u00e9n\u0151 m\u00e9r\u00e9se\" srcset=\"https:\/\/promanconsulting.hu\/wp-content\/uploads\/2021\/09\/szemelyiseg-teszt.jpg 512w, https:\/\/promanconsulting.hu\/wp-content\/uploads\/2021\/09\/szemelyiseg-teszt-300x200.jpg 300w\" sizes=\"(max-width: 512px) 100vw, 512px\" \/>\t\t\t\t\t\t\t\t\t\t\t\t\t\t\t<\/div>\n\t\t\t\t<\/div>\n\t\t\t\t<div class=\"elementor-element elementor-element-38e1651 elementor-widget elementor-widget-heading\" data-id=\"38e1651\" data-element_type=\"widget\" data-e-type=\"widget\" data-widget_type=\"heading.default\">\n\t\t\t\t<div class=\"elementor-widget-container\">\n\t\t\t\t\t<h2 class=\"elementor-heading-title elementor-size-default\">Mi az a szem\u00e9lyis\u00e9gteszt?\n<\/h2>\t\t\t\t<\/div>\n\t\t\t\t<\/div>\n\t\t\t\t<div class=\"elementor-element elementor-element-40662c0 elementor-widget elementor-widget-text-editor\" data-id=\"40662c0\" data-element_type=\"widget\" data-e-type=\"widget\" data-widget_type=\"text-editor.default\">\n\t\t\t\t<div class=\"elementor-widget-container\">\n\t\t\t\t\t\t\t\t\t<p><span style=\"font-weight: 400;\">M\u00e1r az \u00f3kori gondolkod\u00f3kat is foglalkoztatta az emberi szem\u00e9lyis\u00e9g, \u00e9s az, hogy hogyan lehetne a k\u00fcl\u00f6nb\u00f6z\u0151 szem\u00e9lyis\u00e9gt\u00edpusokat besorolni. Hippokrat\u00e9sz \u00e9s Gal\u00e9nosz elm\u00e9lete p\u00e9ld\u00e1ul az volt, hogy bizonyos testnedvek t\u00fals\u00falya vezet a k\u00fcl\u00f6nb\u00f6z\u0151 v\u00e9rm\u00e9rs\u00e9klet\u0171 szem\u00e9lyis\u00e9gt\u00edpusokhoz. A pszichol\u00f3gia fejl\u0151d\u00e9s\u00e9vel a XX. sz\u00e1zadban jelent\u0151s kutat\u00e1sok zajlottak a szem\u00e9lyis\u00e9get illet\u0151en, Kretschmer, Jung \u00e9s Jaensch kutat\u00e1sai szolg\u00e1ltattak alapot a modern szem\u00e9lyis\u00e9gpszichol\u00f3gi\u00e1hoz.\u00a0<\/span><\/p><p><span style=\"font-weight: 400;\">A szem\u00e9lyis\u00e9ggel \u00e9s a k\u00fcl\u00f6nb\u00f6z\u0151 szem\u00e9lyis\u00e9gt\u00edpusokkal kapcsolatban term\u00e9szetesen felmer\u00fclt az az ig\u00e9ny, hogy a <\/span><b>szem\u00e9lyis\u00e9get m\u00e9rhet\u0151, empirikus adatokra tudj\u00e1k leford\u00edtani. Ezt hivatottak szolg\u00e1lni a k\u00fcl\u00f6nb\u00f6z\u0151 szem\u00e9lyis\u00e9gtesztek.\u00a0<\/b><\/p><h2>A szem\u00e9lyis\u00e9gtesztek t\u00edpusai<\/h2><p><span style=\"font-weight: 400;\">Ma m\u00e1r rengeteg k\u00fcl\u00f6nb\u00f6z\u0151 standardiz\u00e1lt \u00e9s \u00e9rv\u00e9nyes\u00edtett tesztet alkalmaznak mind a pszichoter\u00e1pia, pszichoanal\u00edzis, mind \u00fczleti ter\u00fcleten f\u0151k\u00e9nt az \u00e1ll\u00e1sinterj\u00fak r\u00e9szek\u00e9nt. Alapvet\u0151en k\u00e9t nagy csoportot, t\u00edpust k\u00fcl\u00f6nb\u00f6ztethet\u00fcnk meg:\u00a0<\/span><\/p><ol><li style=\"font-weight: 400;\" aria-level=\"1\"><span style=\"font-weight: 400;\">Objekt\u00edv szem\u00e9lyis\u00e9gtesztek<\/span><\/li><li style=\"font-weight: 400;\" aria-level=\"1\"><span style=\"font-weight: 400;\">Projekt\u00edv szem\u00e9lyis\u00e9gtesztek<\/span><\/li><\/ol><p><span style=\"font-weight: 400;\">L\u00e1ssuk, mi a k\u00fcl\u00f6nbs\u00e9g a k\u00e9t t\u00edpus k\u00f6z\u00f6tt!\u00a0<\/span><\/p><h3>Az objekt\u00edv szem\u00e9lyis\u00e9gtesztek<\/h3><p><span style=\"font-weight: 400;\">Az objekt\u00edv szem\u00e9lyis\u00e9gtesztek \u00e1ltal\u00e1ban \u00f6njellemz\u0151 k\u00e9rd\u0151\u00edvek, ahol a vizsg\u00e1lt szem\u00e9ly az \u00e1ll\u00edt\u00e1sokat saj\u00e1t mag\u00e1ra vonatkoztatva v\u00e1laszolja meg. Gyakran vagy igaz-hamis t\u00edpus\u00fa kijelent\u00e9sek szerepelnek a k\u00e9rd\u0151\u00edvben, de olyan teszt is van, ahol a v\u00e1laszad\u00e1s t\u00f6bb fokozat\u00fa sk\u00e1l\u00e1n t\u00f6rt\u00e9nik. Ilyenkor az \u201cegy\u00e1ltal\u00e1n nem igaz\u201d-t\u00f3l a \u201cteljes m\u00e9rt\u00e9kben igaz\u201d-ig terjed\u0151 sk\u00e1l\u00e1n v\u00e1laszolhat a vizsg\u00e1lt egy\u00e9n.\u00a0<\/span><\/p><p><span style=\"font-weight: 400;\">Az objekt\u00edv szem\u00e9lyis\u00e9gtesztek eset\u00e9ben alapvet\u0151en az a felt\u00e9telez\u00e9s \u00e9l, hogy a vizsg\u00e1lat alanya hitelesen \u00e9s \u0151szint\u00e9n k\u00e9pes nyilatkozni az \u00e9rz\u00e9seir\u0151l, gondolatair\u00f3l viszonyul\u00e1sair\u00f3l, \u00e9s ez alapj\u00e1n k\u00f6vetkeztethet\u00fcnk a szem\u00e9lyis\u00e9g\u00e9nek jellemz\u0151ire. Ugyanakkor ez a felt\u00e9telez\u00e9s nem mindig igaz: a vizsg\u00e1lt szem\u00e9lyben sokszor ellen\u00e1ll\u00e1s alakul ki, megpr\u00f3b\u00e1lhatja tudatosan manipul\u00e1lni a tesztet, de pillanatnyi hangulata is befoly\u00e1solhatja a v\u00e1laszad\u00e1st \u00e9s ez\u00e1ltal a teszt eredm\u00e9ny\u00e9t.<\/span><\/p><p><span style=\"font-weight: 400;\">A legismertebb objekt\u00edv szem\u00e9lyis\u00e9gtesztek a k\u00f6vetkez\u0151k:\u00a0<\/span><\/p><ul><li style=\"font-weight: 400;\" aria-level=\"1\"><b>16PF azaz szem\u00e9lyis\u00e9gfaktor k\u00e9rd\u0151\u00edv:<\/b><span style=\"font-weight: 400;\"> ez a k\u00e9rd\u0151\u00edv alkalmazta els\u0151k\u00e9nt a faktoranal\u00edzist, a k\u00e9sz\u00edt\u0151i (Cattell \u00e9s munkat\u00e1rsai) szerint 16 faktor alapj\u00e1n \u00edrhat\u00f3 le a szem\u00e9lyis\u00e9g<\/span><\/li><li style=\"font-weight: 400;\" aria-level=\"1\"><b>EPQ teszt: <\/b><span style=\"font-weight: 400;\">90 t\u00e9teles teszt, amely r\u00e9szben az \u00f3kori szem\u00e9lyis\u00e9gvon\u00e1sokra (melankolikus, szangvinikus, kolerikus, flegmatikus) \u00e9p\u00fcl, r\u00e9szben a modern elm\u00e9letekre. Egy, \u00fagynevezett szem\u00e9lyis\u00e9g m\u00f6g\u00f6tti dimenzi\u00f3, a \u201cszupervon\u00e1s\u201d jelenl\u00e9t\u00e9t felt\u00e9telezi<\/span><\/li><li style=\"font-weight: 400;\" aria-level=\"1\"><b>Big5:<\/b><span style=\"font-weight: 400;\"> ez egy 5 faktoros modell amely tal\u00e1n a legink\u00e1bb elismert \u00e9s elfogadott, a 16 PF modell kritik\u00e1i nyom\u00e1n hozt\u00e1k l\u00e9tre. 5 f\u0151 faktort vizsg\u00e1l: az extraverzi\u00f3t, bar\u00e1ts\u00e1goss\u00e1got, lelkiismeretess\u00e9get, emocionalit\u00e1st, intellektust<\/span><\/li><\/ul><p><span style=\"font-weight: 400;\">Az \u00fczleti gyakorlatban alkalmazott tesztek szinte kiv\u00e9tel n\u00e9lk\u00fcl az objekt\u00edv tesztek k\u00f6z\u00e9 sorolhat\u00f3ak.<\/span><\/p>\t\t\t\t\t\t\t\t<\/div>\n\t\t\t\t<\/div>\n\t\t\t\t<div class=\"elementor-element elementor-element-eac4c2f elementor-widget elementor-widget-image\" data-id=\"eac4c2f\" data-element_type=\"widget\" data-e-type=\"widget\" data-widget_type=\"image.default\">\n\t\t\t\t<div class=\"elementor-widget-container\">\n\t\t\t\t\t\t\t\t\t\t\t\t\t\t\t<img decoding=\"async\" width=\"512\" height=\"342\" src=\"https:\/\/promanconsulting.hu\/wp-content\/uploads\/2021\/09\/szemelyisegteszt-tipusai.jpg\" class=\"attachment-large size-large wp-image-5588\" alt=\"\" srcset=\"https:\/\/promanconsulting.hu\/wp-content\/uploads\/2021\/09\/szemelyisegteszt-tipusai.jpg 512w, https:\/\/promanconsulting.hu\/wp-content\/uploads\/2021\/09\/szemelyisegteszt-tipusai-300x200.jpg 300w\" sizes=\"(max-width: 512px) 100vw, 512px\" \/>\t\t\t\t\t\t\t\t\t\t\t\t\t\t\t<\/div>\n\t\t\t\t<\/div>\n\t\t\t\t<div class=\"elementor-element elementor-element-93b51e3 elementor-widget elementor-widget-heading\" data-id=\"93b51e3\" data-element_type=\"widget\" data-e-type=\"widget\" data-widget_type=\"heading.default\">\n\t\t\t\t<div class=\"elementor-widget-container\">\n\t\t\t\t\t<h2 class=\"elementor-heading-title elementor-size-default\">Projekt\u00edv szem\u00e9lyis\u00e9gtesztek<\/h2>\t\t\t\t<\/div>\n\t\t\t\t<\/div>\n\t\t\t\t<div class=\"elementor-element elementor-element-4984414 elementor-widget elementor-widget-text-editor\" data-id=\"4984414\" data-element_type=\"widget\" data-e-type=\"widget\" data-widget_type=\"text-editor.default\">\n\t\t\t\t<div class=\"elementor-widget-container\">\n\t\t\t\t\t\t\t\t\t<p><span style=\"font-weight: 400;\">A projekt\u00edv szem\u00e9lyis\u00e9gtesztek pszichoanalitikus megk\u00f6zel\u00edt\u00e9sen alapulnak. L\u00e9nyeg\u00fck, hogy a vizsg\u00e1lt szem\u00e9lyt valamilyen nyitott, t\u00f6bb\u00e9rtelm\u0171 ingernek teszik ki \u00e9s az ingerre adott v\u00e1lasz\u00e1t elemzik. Ezekkel a szem\u00e9lyis\u00e9gtesztekkel a szem\u00e9lyis\u00e9g olyan m\u00e9lyebb r\u00e9tegeihez lehet hozz\u00e1f\u00e9rni, amihez az \u00f6njellemz\u00e9sen alapul\u00f3 tesztekkel lehetetlen volna.\u00a0<\/span><\/p><p><span style=\"font-weight: 400;\">A projekt\u00edv szem\u00e9lyis\u00e9gtesztek tov\u00e1bbi el\u0151nye, hogy m\u00edg az objekt\u00edv tesztek sokszor ellen\u00e1ll\u00e1st v\u00e1ltalnak ki, itt kev\u00e9sb\u00e9 tud megnyilv\u00e1nulni a v\u00e9dekez\u0151 reakci\u00f3, kev\u00e9sb\u00e9 tudja az alany befoly\u00e1solni a teszt eredm\u00e9ny\u00e9t. Ugyanakkor ezek a tesztek nem alkalmasak az egyes specifikus szem\u00e9lyis\u00e9gvon\u00e1sok felt\u00e1r\u00e1s\u00e1ra, ink\u00e1bb a szem\u00e9lyis\u00e9g glob\u00e1lis \u00e9rt\u00e9kel\u00e9s\u00e9re megfelel\u0151ek. Emiatt els\u0151sorban a pszichoter\u00e1pi\u00e1ban alkalmazz\u00e1k, kev\u00e9sb\u00e9 alkalmasak \u00fczleti ter\u00fcletekre.\u00a0<\/span><\/p><p><span style=\"font-weight: 400;\">A projekt\u00edv szem\u00e9lyis\u00e9gtesztek f\u0151bb fajt\u00e1i:\u00a0<\/span><\/p><ul><li><b>Foltelemz\u0151 elj\u00e1r\u00e1sok: <\/b><span style=\"font-weight: 400;\">ezek k\u00f6z\u00fcl k\u00e9ts\u00e9gtelen\u00fcl a legismertebb a Rorschach pr\u00f3ba, ahol a tesztelt egy\u00e9nnek szimmetrikus tintafoltokat kell megfigyelnie, \u00e9s elmondania, mi jut r\u00f3luk esz\u00e9be. Az elmondottak \u00e9rtelmez\u00e9s\u00e9re t\u00f6bb m\u00f3dszer van, Magyarorsz\u00e1gon M\u00e9rei Ferenc \u00e9rt\u00e9kel\u00e9s\u00e9t alkalmazz\u00e1k a leggyakrabban.<\/span><\/li><li><b>Sz\u00f3asszoci\u00e1ci\u00f3n alapul\u00f3 m\u00f3dszerek:<\/b><span style=\"font-weight: 400;\"> itt a p\u00e1ciensnek ingerszavakat sorolnak fel, amelyek k\u00f6zt nagy \u00e9rzelmi t\u00f6ltetet hordoz\u00f3 kiemelt jelent\u0151s\u00e9g\u0171 szavak is megtal\u00e1lhat\u00f3ak. A vizsg\u00e1lt szem\u00e9ly a szavakb\u00f3l valamire asszoci\u00e1l, \u00e9s az asszoci\u00e1ci\u00f3t t\u00fckr\u00f6z\u0151 szavak tartalm\u00e1t, az egy\u00e9n reakci\u00f3idej\u00e9t \u00e9s testi v\u00e1laszait vizsg\u00e1lj\u00e1k.\u00a0<\/span><\/li><li><b>Tematikus percepci\u00f3n alapul\u00f3 tesztek:<\/b><span style=\"font-weight: 400;\"> itt a tesztalanynak k\u00e9pek sorozat\u00e1t mutatj\u00e1k, amelyekb\u0151l egy t\u00f6rt\u00e9netet kell l\u00e9trehozni, majd a kapott t\u00f6rt\u00e9netet elemzik<\/span><\/li><li aria-level=\"1\"><b>Mondatok befejez\u00e9s\u00e9n alapul\u00f3 elj\u00e1r\u00e1sok<\/b><\/li><\/ul><ul><li style=\"font-weight: 400;\" aria-level=\"1\"><b>Rajzos tesztek:<\/b><span style=\"font-weight: 400;\"> leggyakrabban embert, h\u00e1zat, \u00e1llatot, f\u00e1t stb. Rajzoltatnak a vizsg\u00e1lt szem\u00e9llyel, majd ezt elemzik szimbolikus tartalmuk, illetve a rajzban megnyilv\u00e1nul\u00f3 \u00e1br\u00e1zol\u00e1si saj\u00e1toss\u00e1gaik (pl. vonalvezet\u00e9s, kidolgozotts\u00e1g, sz\u00ednek) alapj\u00e1n<\/span><\/li><\/ul>\t\t\t\t\t\t\t\t<\/div>\n\t\t\t\t<\/div>\n\t\t\t\t<div class=\"elementor-element elementor-element-370bf7b elementor-widget elementor-widget-image\" data-id=\"370bf7b\" data-element_type=\"widget\" data-e-type=\"widget\" data-widget_type=\"image.default\">\n\t\t\t\t<div class=\"elementor-widget-container\">\n\t\t\t\t\t\t\t\t\t\t\t\t\t\t\t<img loading=\"lazy\" decoding=\"async\" width=\"512\" height=\"342\" src=\"https:\/\/promanconsulting.hu\/wp-content\/uploads\/2021\/09\/szemelyisegteszt-allasinterjun.jpg\" class=\"attachment-large size-large wp-image-5589\" alt=\"\" srcset=\"https:\/\/promanconsulting.hu\/wp-content\/uploads\/2021\/09\/szemelyisegteszt-allasinterjun.jpg 512w, https:\/\/promanconsulting.hu\/wp-content\/uploads\/2021\/09\/szemelyisegteszt-allasinterjun-300x200.jpg 300w\" sizes=\"(max-width: 512px) 100vw, 512px\" \/>\t\t\t\t\t\t\t\t\t\t\t\t\t\t\t<\/div>\n\t\t\t\t<\/div>\n\t\t\t\t<div class=\"elementor-element elementor-element-47f0fd5 elementor-widget elementor-widget-heading\" data-id=\"47f0fd5\" data-element_type=\"widget\" data-e-type=\"widget\" data-widget_type=\"heading.default\">\n\t\t\t\t<div class=\"elementor-widget-container\">\n\t\t\t\t\t<h3 class=\"elementor-heading-title elementor-size-default\">A leggyakoribb szem\u00e9lyis\u00e9gtesztek \u00e1ll\u00e1sinterj\u00fan<\/h3>\t\t\t\t<\/div>\n\t\t\t\t<\/div>\n\t\t\t\t<div class=\"elementor-element elementor-element-bb1aecc elementor-widget elementor-widget-text-editor\" data-id=\"bb1aecc\" data-element_type=\"widget\" data-e-type=\"widget\" data-widget_type=\"text-editor.default\">\n\t\t\t\t<div class=\"elementor-widget-container\">\n\t\t\t\t\t\t\t\t\t<p><span style=\"font-weight: 400;\">Az \u00fczleti gyakorlatban rengeteg k\u00fcl\u00f6nf\u00e9le szem\u00e9lyis\u00e9gtesztet alkalmaznak, melyek egy r\u00e9sze hivatalosan is alkalmazhat\u00f3, m\u00e1sik r\u00e9sze viszont nemzetk\u00f6zi tesztek magyar ford\u00edt\u00e1sa.\u00a0<\/span><\/p><p><span style=\"font-weight: 400;\">Ez ut\u00f3bbi tesztek legnagyobb h\u00e1tr\u00e1nya (a jogszer\u0171tlen alkalmaz\u00e1son k\u00edv\u00fcl), hogy a komolyabb tesztek eset\u00e9ben nem elegend\u0151 a ford\u00edt\u00e1s, hanem a magyar viszonyokat figyelembevev\u0151\u00a0 honos\u00edt\u00e1s \u00e9s szakmai szuperv\u00edzi\u00f3 is sz\u00fcks\u00e9ges lenne. A szimpla ford\u00edt\u00e1ssal ez nem t\u00f6rt\u00e9nik meg, \u00edgy a tesztek eredm\u00e9ny\u00e9nek hiteless\u00e9ge sajnos sokszor megk\u00e9rd\u0151jelezhet\u0151.<\/span><\/p><p><span style=\"font-weight: 400;\">N\u00e9zz\u00fck, milyen tesztekkel tal\u00e1lkozhatunk leggyakrabban az \u00fczleti \u00e9letben!\u00a0<\/span><\/p><h3>Captain<\/h3><p><span style=\"font-weight: 400;\">A Captain egy nemzetk\u00f6zi ISO-tan\u00fas\u00edtv\u00e1nnyal rendelkez\u0151 teszt, melyet a Magyarorsz\u00e1gi Tesztbizotts\u00e1g is elismert. Kifejezetten azt elemzi, hogy a vizsg\u00e1lt szem\u00e9ly mennyire felel meg az adott munkak\u00f6r k\u00f6vetelm\u00e9nyeinek a k\u00f6vetkez\u0151 dimenzi\u00f3k ment\u00e9n:\u00a0<\/span><\/p><ul><li style=\"font-weight: 400;\" aria-level=\"1\"><span style=\"font-weight: 400;\">Munk\u00e1hoz val\u00f3 hozz\u00e1\u00e1ll\u00e1s<\/span><\/li><li style=\"font-weight: 400;\" aria-level=\"1\"><span style=\"font-weight: 400;\">Vezet\u00e9shez val\u00f3 viszony<\/span><\/li><li style=\"font-weight: 400;\" aria-level=\"1\"><span style=\"font-weight: 400;\">D\u00f6nt\u00e9si k\u00e9pess\u00e9g<\/span><\/li><li style=\"font-weight: 400;\" aria-level=\"1\"><span style=\"font-weight: 400;\">Munkat\u00e1rsi kapcsolatok<\/span><\/li><li style=\"font-weight: 400;\" aria-level=\"1\"><span style=\"font-weight: 400;\">K\u00e9pess\u00e9gek<\/span><\/li><\/ul><p><span style=\"font-weight: 400;\">A teszt elv\u00e9gz\u00e9se sor\u00e1n 200 \u00e1ll\u00edt\u00e1sp\u00e1r k\u00f6z\u00fcl kell v\u00e1lasztania a jelentkez\u0151nek.\u00a0<\/span><\/p><h3>MBTI teszt (azaz Myers-Briggs f\u00e9le t\u00edpusindik\u00e1torok)\u00a0<\/h3><p><span style=\"font-weight: 400;\">T\u00f6bb \u00e9vtizedes m\u00faltra visszatekint\u0151 pszichol\u00f3giai rendszer, amelyet tal\u00e1n a legkiterjedtebben kutattak. A Jung \u00e1ltal l\u00e9trehozott szem\u00e9lyis\u00e9gt\u00edpusokat hat\u00e1rozza meg, n\u00e9gy dimenzi\u00f3 alapj\u00e1n. Ezek a dimenzi\u00f3k:\u00a0<\/span><\/p><ul><li style=\"font-weight: 400;\" aria-level=\"1\"><span style=\"font-weight: 400;\">Extraverzi\u00f3 &#8211; Introverzi\u00f3: a vizsg\u00e1lt egy\u00e9n k\u00fclvil\u00e1ghoz val\u00f3 viszonyul\u00e1s\u00e1t vizsg\u00e1lja<\/span><\/li><li style=\"font-weight: 400;\" aria-level=\"1\"><span style=\"font-weight: 400;\">\u00c9rz\u00e9kel\u00e9s &#8211; Intu\u00edci\u00f3: Inform\u00e1ci\u00f3gy\u0171jt\u00e9s \u00e9s \u00e9szlel\u00e9s m\u00f3dj\u00e1t vizsg\u00e1lja<\/span><\/li><li style=\"font-weight: 400;\" aria-level=\"1\"><span style=\"font-weight: 400;\">Gondolkod\u00e1s &#8211; \u00c9rz\u00e9s: A d\u00f6nt\u00e9shozatal m\u00f3dj\u00e1t vizsg\u00e1lja<\/span><\/li><li style=\"font-weight: 400;\" aria-level=\"1\"><span style=\"font-weight: 400;\">Meg\u00edt\u00e9l\u00e9s &#8211; \u00c9szlel\u00e9s: A prefer\u00e1lt \u00e9letst\u00edlust, \u00e9letvitelt vizsg\u00e1lja<\/span><\/li><\/ul><p><span style=\"font-weight: 400;\">A teszt kit\u00f6lt\u00e9se sor\u00e1n igen-nem v\u00e1laszokat kell adni, ki\u00e9rt\u00e9kel\u00e9skor ezeket \u00f6sszes\u00edtik, sz\u00e1zal\u00e9kos ar\u00e1nyban adj\u00e1k meg a dimenzi\u00f3k ar\u00e1ny\u00e1t \u00e9s sorolj\u00e1k be a vizsg\u00e1lt szem\u00e9lyt egy adott szem\u00e9lyis\u00e9gt\u00edpusba.\u00a0<\/span><\/p><h3>DISC teszt<\/h3><p><span style=\"font-weight: 400;\">Az egyik legsz\u00e9lesebb k\u00f6rben elterjedt szem\u00e9lyis\u00e9gteszt, amely els\u0151sorban a kit\u00f6lt\u0151 temperamentum\u00e1r\u00f3l \u00e1rul el sokat.\u00a0 Alapvet\u0151en k\u00e9t dimenzi\u00f3 ment\u00e9n v\u00e9gez m\u00e9r\u00e9seket. Ez a k\u00e9t dimenzi\u00f3 az extra- vagy intraverzi\u00f3, illetve a kapcsolat-vagy feladatorient\u00e1lts\u00e1g. 4 alapvet\u0151 kateg\u00f3ri\u00e1t k\u00fcl\u00f6nb\u00f6ztet meg:\u00a0<\/span><\/p><ul><li style=\"font-weight: 400;\" aria-level=\"1\"><span style=\"font-weight: 400;\">Domin\u00e1ns (D)\u00a0<\/span><\/li><li style=\"font-weight: 400;\" aria-level=\"1\"><span style=\"font-weight: 400;\">Befoly\u00e1sol\u00f3 (I)\u00a0<\/span><\/li><li style=\"font-weight: 400;\" aria-level=\"1\"><span style=\"font-weight: 400;\">Stabil (S)\u00a0<\/span><\/li><li style=\"font-weight: 400;\" aria-level=\"1\"><span style=\"font-weight: 400;\">Szab\u00e1lyk\u00f6vet\u0151 (C)<\/span><\/li><\/ul><p><span style=\"font-weight: 400;\">A DISC teszt kit\u00f6lt\u00e9se ut\u00e1n sz\u00f6veges \u00e9s k\u00e9t grafikus elemz\u00e9st kapunk eredm\u00e9nyk\u00e9nt, amely a term\u00e9szetes (term\u00e9szetes viselked\u00e9s \u00e9s felvett st\u00edlusr\u00f3l (ahogyan a k\u00f6rnyezetre reag\u00e1lunk\u00a0 ad inform\u00e1ci\u00f3t. Kifejezetten vezet\u0151i kompetenci\u00e1t ez a teszt nem m\u00e9r.\u00a0<\/span><\/p><p><span style=\"font-weight: 400;\">A DISC tesztr\u0151l b\u0151vebben <\/span><a href=\"https:\/\/promanconsulting.hu\/disc-teszt\/\"><span style=\"font-weight: 400;\">Mire j\u00f3 a DISC teszt? A DISC modell szem\u00e9lyis\u00e9gt\u00edpusai c\u00edm\u0171 cikkben \u00edrtunk.\u00a0<\/span><\/a><\/p><h3>HOGAN teszt\u00a0<\/h3><p><span style=\"font-weight: 400;\">Ez a teszt nem csak a szem\u00e9lyis\u00e9get t\u00e9rk\u00e9pezi fel, hanem el\u0151rejelz\u00e9st biztos\u00edt a szem\u00e9ly v\u00e1rhat\u00f3 teljes\u00edtm\u00e9ny\u00e9vel kapcsolatban is. 7 dimenzi\u00f3 ment\u00e9n \u00e9rt\u00e9keli a vizsg\u00e1lt szem\u00e9ly viselked\u00e9s\u00e9t:\u00a0<\/span><\/p><ul><li style=\"font-weight: 400;\" aria-level=\"1\"><span style=\"font-weight: 400;\">\u00d6nszab\u00e1lyoz\u00e1s: m\u00e9ri a magabiztoss\u00e1got, \u00f6n\u00e9rt\u00e9kel\u00e9st \u00e9s azt, hogy az egy\u00e9n hogy teljes\u00edt nyom\u00e1s alatt<\/span><\/li><li style=\"font-weight: 400;\" aria-level=\"1\"><span style=\"font-weight: 400;\">Amb\u00edci\u00f3: vezet\u0151i amb\u00edci\u00f3k, verseng\u00e9s<\/span><\/li><li style=\"font-weight: 400;\" aria-level=\"1\"><span style=\"font-weight: 400;\">T\u00e1rsas\u00e1gkedvel\u00e9s: szoci\u00e1lis interakci\u00f3k ig\u00e9nye, extraverzi\u00f3<\/span><\/li><li style=\"font-weight: 400;\" aria-level=\"1\"><span style=\"font-weight: 400;\">Szem\u00e9lyk\u00f6zi \u00e9rz\u00e9kenys\u00e9g: emp\u00e1tia, kapcsolatok megtart\u00e1sa, tapintatoss\u00e1g<\/span><\/li><li style=\"font-weight: 400;\" aria-level=\"1\"><span style=\"font-weight: 400;\">Szisztematikus: felel\u0151ss\u00e9gv\u00e1llal\u00e1s, \u00f6nfegyelem, precizit\u00e1s<\/span><\/li><li style=\"font-weight: 400;\" aria-level=\"1\"><span style=\"font-weight: 400;\">K\u00edv\u00e1ncsis\u00e1g: \u00e9rdekl\u0151d\u00e9s, kreativit\u00e1s<\/span><\/li><li style=\"font-weight: 400;\" aria-level=\"1\"><span style=\"font-weight: 400;\">Tanul\u00e1shoz val\u00f3 viszony: teljes\u00edtm\u00e9nyorient\u00e1ci\u00f3, oktat\u00e1shoz val\u00f3 hozz\u00e1\u00e1ll\u00e1s<\/span><\/li><\/ul><h3>Eysenck f\u00e9le szem\u00e9lyis\u00e9g k\u00e9rd\u0151\u00edv<\/h3><p><span style=\"font-weight: 400;\">Ez a teszt az Eysenck elm\u00e9leteire alapozott k\u00e9t szupervon\u00e1sra \u00e9p\u00fcl, ami az elm\u00e9let szerint alapvet\u0151en meghat\u00e1rozza a szem\u00e9lyis\u00e9g\u00fcnket:\u00a0<\/span><\/p><ul><li style=\"font-weight: 400;\" aria-level=\"1\"><span style=\"font-weight: 400;\">Extraverzi\u00f3 &#8211; Introverzi\u00f3: az igen v\u00e1laszok a nyitotts\u00e1g, azaz extraverzi\u00f3 ir\u00e1ny\u00e1ba viszik az eredm\u00e9nyt<\/span><\/li><li style=\"font-weight: 400;\" aria-level=\"1\"><span style=\"font-weight: 400;\">\u00c9rzelmi labilit\u00e1s: Az igen v\u00e1laszok az \u00e9rzelmi labilit\u00e1s ir\u00e1ny\u00e1ba billentik az eredm\u00e9nyt<\/span><\/li><\/ul><h3>Enneagram teszt<\/h3><p><span style=\"font-weight: 400;\">A kilenc \u00e1g\u00fa csillagot jelent\u0151 Enneagram teszt ink\u00e1bb misztikus, mint tudom\u00e1nyos alapokra nyugszik. 2 f\u0151 dimenzi\u00f3n alapul. Az egyik ilyen dimenzi\u00f3 az \u00e9rzelmi energia, ezen bel\u00fcl az indulatot, kapcsol\u00f3d\u00e1si v\u00e1gyat \u00e9s a f\u00e9lelmet vizsg\u00e1lja. A m\u00e1sik dimenzi\u00f3 pedig az \u00e9rzelmeinkhez val\u00f3 hozz\u00e1\u00e1ll\u00e1s, itt a befel\u00e9 \u00e9s kifel\u00e9 fordul\u00e1s m\u00e9rt\u00e9k\u00e9t \u00e9s a tagad\u00e1st m\u00e9ri.\u00a0<\/span><\/p><h2>Tan\u00e1csok \u00e1ll\u00e1skeres\u0151knek \u00e9s interj\u00faztat\u00f3knak<\/h2><p><span style=\"font-weight: 400;\">Az \u00fczleti gyakorlatban a fentieken k\u00edv\u00fcl is b\u0151ven tal\u00e1lni szem\u00e9lyis\u00e9gteszteket. A rossz h\u00edr az, hogy \u00e1ll\u00e1skeres\u0151k\u00e9nt nem lehet ezekre felk\u00e9sz\u00fclni, \u00e9s b\u00e1r a p\u00e1ly\u00e1z\u00f3nak joga van elz\u00e1rk\u00f3zni a tesztek kit\u00f6lt\u00e9s\u00e9t\u0151l, ez nyilv\u00e1nval\u00f3an nem lesz j\u00f3 hat\u00e1ssal az el\u0151menetel\u00e9re. Ugyanakkor a tesztek eredm\u00e9nyeit \u00e1ltal\u00e1ban meg lehet ismerni, amib\u0151l sokat lehet tanulni \u00f6nmagunkr\u00f3l, teh\u00e1t \u00e9rdemes a tesztek elv\u00e9gz\u00e9s\u00e9nek a pozit\u00edv oldal\u00e1t n\u00e9zni.\u00a0<\/span><\/p><p><span style=\"font-weight: 400;\">Az interj\u00faztat\u00f3knak pedig azt javasoljuk, mindenk\u00e9ppen k\u00f6r\u00fcltekint\u0151en v\u00e1lasszanak szem\u00e9lyis\u00e9gtesztet. Egy rosszul megv\u00e1lasztott teszt alkalmaz\u00e1sa ak\u00e1r jogszer\u0171tlen is lehet, de tal\u00e1n m\u00e9g rosszabb, ha a teszt val\u00f3j\u00e1ban nem szolg\u00e1lja az \u00e9rdek\u00fcket, nem azt m\u00e9ri, amit szeretn\u00e9nek, \u00e9s ezzel nem a megfelel\u0151 p\u00e1ly\u00e1z\u00f3 ker\u00fcl majd kiv\u00e1laszt\u00e1sra.\u00a0<\/span><\/p><h2>K\u00c9RD\u00c9SE VAN? L\u00c9PJEN VEL\u00dcNK KAPCSOLATBA!<\/h2><p><span style=\"font-weight: 400;\">Sz\u00edvesen jav\u00edtan\u00e1 v\u00e1llalata m\u0171k\u00f6d\u00e9s\u00e9t saj\u00e1t vezet\u0151i k\u00e9pess\u00e9geinek fejleszt\u00e9s\u00e9vel? Esetleg egy\u00e9b, folyamat- vagy projektmenedzsmenttel kapcsolatos k\u00e9rd\u00e9se van? B\u00edzza r\u00e1nk c\u00e9ge \u00e1tvil\u00e1g\u00edt\u00e1s\u00e1t, \u00e9s forduljon hozz\u00e1nk vezet\u0151i kompetenci\u00e1inak fejleszt\u00e9se c\u00e9lj\u00e1b\u00f3l.<\/span><\/p><p><span style=\"font-weight: 400;\">\u00a0Vegye fel vel\u00fcnk a kapcsolatot \u00e9s k\u00e9rjen ingyenes konzult\u00e1ci\u00f3t!<\/span><\/p>\t\t\t\t\t\t\t\t<\/div>\n\t\t\t\t<\/div>\n\t\t\t\t\t<\/div>\n\t\t<\/div>\n\t\t\t\t\t<\/div>\n\t\t<\/section>\n\t\t\t\t<\/div>\n\t\t","protected":false},"excerpt":{"rendered":"<p>A szem\u00e9lyis\u00e9gtesztek t\u00edpusai \u00e9s alkalmaz\u00e1suk \u00fczleti ter\u00fcleten Az \u00fczleti \u00e9letben el\u0151szeretettel alkalmaznak szem\u00e9lyis\u00e9gtesztet, \u00e1ltal\u00e1ban az \u00e1ll\u00e1sinterj\u00fak r\u00e9szek\u00e9nt. A projektmenedzsmentben tipikusan a projektcsapat \u00f6ssze\u00e1ll\u00edt\u00e1sakor \u00e9s a megfelel\u0151 projektmenedzser kiv\u00e1laszt\u00e1sakor tal\u00e1lkozni az ilyen tesztekkel. A cikkben \u00e1ttekintj\u00fck, mi az a szem\u00e9lyis\u00e9gteszt, melyek a legismertebb t\u00edpusai, \u00e9s melyek azok a tesztek amiket \u00e1ltal\u00e1ban az \u00fczleti gyakorlatban alkalmaznak. Mi [&hellip;]<\/p>\n","protected":false},"author":5,"featured_media":5585,"comment_status":"closed","ping_status":"closed","sticky":false,"template":"","format":"standard","meta":{"footnotes":""},"categories":[179],"tags":[221,144,183,224],"class_list":["post-5584","post","type-post","status-publish","format-standard","has-post-thumbnail","hentry","category-szervezetfejlesztes","tag-egyeni-fejlodes","tag-fejlesztes","tag-szemelyisegprofil","tag-szemelyisegteszt","entry","has-media"],"_links":{"self":[{"href":"https:\/\/promanconsulting.hu\/en\/wp-json\/wp\/v2\/posts\/5584","targetHints":{"allow":["GET"]}}],"collection":[{"href":"https:\/\/promanconsulting.hu\/en\/wp-json\/wp\/v2\/posts"}],"about":[{"href":"https:\/\/promanconsulting.hu\/en\/wp-json\/wp\/v2\/types\/post"}],"author":[{"embeddable":true,"href":"https:\/\/promanconsulting.hu\/en\/wp-json\/wp\/v2\/users\/5"}],"replies":[{"embeddable":true,"href":"https:\/\/promanconsulting.hu\/en\/wp-json\/wp\/v2\/comments?post=5584"}],"version-history":[{"count":10,"href":"https:\/\/promanconsulting.hu\/en\/wp-json\/wp\/v2\/posts\/5584\/revisions"}],"predecessor-version":[{"id":5598,"href":"https:\/\/promanconsulting.hu\/en\/wp-json\/wp\/v2\/posts\/5584\/revisions\/5598"}],"wp:featuredmedia":[{"embeddable":true,"href":"https:\/\/promanconsulting.hu\/en\/wp-json\/wp\/v2\/media\/5585"}],"wp:attachment":[{"href":"https:\/\/promanconsulting.hu\/en\/wp-json\/wp\/v2\/media?parent=5584"}],"wp:term":[{"taxonomy":"category","embeddable":true,"href":"https:\/\/promanconsulting.hu\/en\/wp-json\/wp\/v2\/categories?post=5584"},{"taxonomy":"post_tag","embeddable":true,"href":"https:\/\/promanconsulting.hu\/en\/wp-json\/wp\/v2\/tags?post=5584"}],"curies":[{"name":"wp","href":"https:\/\/api.w.org\/{rel}","templated":true}]}}