{"id":5558,"date":"2021-09-03T10:39:36","date_gmt":"2021-09-03T10:39:36","guid":{"rendered":"http:\/\/promanconsulting.hu\/?p=5558"},"modified":"2023-05-17T18:52:30","modified_gmt":"2023-05-17T18:52:30","slug":"competence-development","status":"publish","type":"post","link":"https:\/\/promanconsulting.hu\/en\/kompetencia-fejlesztes\/","title":{"rendered":"What is competence? Competence development in adulthood"},"content":{"rendered":"\t\t<div data-elementor-type=\"wp-post\" data-elementor-id=\"5558\" class=\"elementor elementor-5558\" data-elementor-settings=\"{&quot;ha_cmc_init_switcher&quot;:&quot;no&quot;}\" data-elementor-post-type=\"post\">\n\t\t\t\t\t\t<section class=\"elementor-section elementor-top-section elementor-element elementor-element-167538e2 elementor-section-boxed elementor-section-height-default elementor-section-height-default\" data-id=\"167538e2\" data-element_type=\"section\" data-e-type=\"section\" data-settings=\"{&quot;jet_parallax_layout_list&quot;:[{&quot;jet_parallax_layout_image&quot;:{&quot;url&quot;:&quot;&quot;,&quot;id&quot;:&quot;&quot;,&quot;size&quot;:&quot;&quot;},&quot;_id&quot;:&quot;da11ba3&quot;,&quot;jet_parallax_layout_image_tablet&quot;:{&quot;url&quot;:&quot;&quot;,&quot;id&quot;:&quot;&quot;,&quot;size&quot;:&quot;&quot;},&quot;jet_parallax_layout_image_mobile&quot;:{&quot;url&quot;:&quot;&quot;,&quot;id&quot;:&quot;&quot;,&quot;size&quot;:&quot;&quot;},&quot;jet_parallax_layout_speed&quot;:{&quot;unit&quot;:&quot;%&quot;,&quot;size&quot;:50,&quot;sizes&quot;:[]},&quot;jet_parallax_layout_type&quot;:&quot;scroll&quot;,&quot;jet_parallax_layout_direction&quot;:&quot;1&quot;,&quot;jet_parallax_layout_fx_direction&quot;:null,&quot;jet_parallax_layout_z_index&quot;:&quot;&quot;,&quot;jet_parallax_layout_bg_x&quot;:50,&quot;jet_parallax_layout_bg_x_tablet&quot;:&quot;&quot;,&quot;jet_parallax_layout_bg_x_mobile&quot;:&quot;&quot;,&quot;jet_parallax_layout_bg_y&quot;:50,&quot;jet_parallax_layout_bg_y_tablet&quot;:&quot;&quot;,&quot;jet_parallax_layout_bg_y_mobile&quot;:&quot;&quot;,&quot;jet_parallax_layout_bg_size&quot;:&quot;auto&quot;,&quot;jet_parallax_layout_bg_size_tablet&quot;:&quot;&quot;,&quot;jet_parallax_layout_bg_size_mobile&quot;:&quot;&quot;,&quot;jet_parallax_layout_animation_prop&quot;:&quot;transform&quot;,&quot;jet_parallax_layout_on&quot;:[&quot;desktop&quot;,&quot;tablet&quot;]}],&quot;_ha_eqh_enable&quot;:false}\">\n\t\t\t\t\t\t<div class=\"elementor-container elementor-column-gap-default\">\n\t\t\t\t\t<div class=\"elementor-column elementor-col-100 elementor-top-column elementor-element elementor-element-4773b297\" data-id=\"4773b297\" data-element_type=\"column\" data-e-type=\"column\">\n\t\t\t<div class=\"elementor-widget-wrap elementor-element-populated\">\n\t\t\t\t\t\t<div class=\"elementor-element elementor-element-2656966 elementor-widget elementor-widget-image\" data-id=\"2656966\" data-element_type=\"widget\" data-e-type=\"widget\" data-widget_type=\"image.default\">\n\t\t\t\t<div class=\"elementor-widget-container\">\n\t\t\t\t\t\t\t\t\t\t\t\t\t\t\t<img fetchpriority=\"high\" decoding=\"async\" width=\"512\" height=\"341\" src=\"https:\/\/promanconsulting.hu\/wp-content\/uploads\/2021\/09\/kompetencia.jpg\" class=\"attachment-full size-full wp-image-5559\" alt=\"kompetencia fejleszt\u00e9s lehet\u0151s\u00e9gek\" srcset=\"https:\/\/promanconsulting.hu\/wp-content\/uploads\/2021\/09\/kompetencia.jpg 512w, https:\/\/promanconsulting.hu\/wp-content\/uploads\/2021\/09\/kompetencia-300x200.jpg 300w\" sizes=\"(max-width: 512px) 100vw, 512px\" \/>\t\t\t\t\t\t\t\t\t\t\t\t\t\t\t<\/div>\n\t\t\t\t<\/div>\n\t\t\t\t<div class=\"elementor-element elementor-element-0a331af elementor-widget elementor-widget-heading\" data-id=\"0a331af\" data-element_type=\"widget\" data-e-type=\"widget\" data-widget_type=\"heading.default\">\n\t\t\t\t<div class=\"elementor-widget-container\">\n\t\t\t\t\t<h2 class=\"elementor-heading-title elementor-size-default\">Mi a kompetencia? Kompetenciafejleszt\u00e9s feln\u0151ttkorban<\/h2>\t\t\t\t<\/div>\n\t\t\t\t<\/div>\n\t\t\t\t<div class=\"elementor-element elementor-element-cba2f88 elementor-widget elementor-widget-text-editor\" data-id=\"cba2f88\" data-element_type=\"widget\" data-e-type=\"widget\" data-widget_type=\"text-editor.default\">\n\t\t\t\t<div class=\"elementor-widget-container\">\n\t\t\t\t\t\t\t\t\t<p><span style=\"font-weight: 400;\">A jelenlegi munkaer\u0151piaci k\u00f6rnyezetben nem ritka, hogy egy fiatal \u00e9lete sor\u00e1n ak\u00e1r 6-10 munkahelyen dolgozzon, \u00e9s ebb\u0151l ak\u00e1r 1-2 alkalommal szakm\u00e1t is v\u00e1ltson. \u00c9ppen emiatt v\u00e1lt olyan k\u00f6zponti k\u00e9rd\u00e9ss\u00e9 az \u00e9lethosszig tart\u00f3 tanul\u00e1s koncepci\u00f3ja. Azonban van, ami m\u00e9g enn\u00e9l is fontosabb, ami n\u00e9lk\u00fcl nem lesz sikeres az egy\u00e9n sem a tanul\u00e1sban, sem a foglalkoztat\u00e1sban, de a szem\u00e9lyis\u00e9g\u00e9nek kiteljes\u00edt\u00e9s\u00e9ben sem. Ez pedig a megfelel\u0151 kompetenci\u00e1k k\u00f6re.\u00a0<\/span><\/p><p><span style=\"font-weight: 400;\">A cikkb\u0151l kider\u00fcl, mi a kompetencia jelent\u00e9se, melyek a legfontosabb, \u00fagynevezett kulcskompetenci\u00e1k. \u00c1ttekintj\u00fck, hogy mi\u00e9rt annyira fontos a kompetenciafejleszt\u00e9s, \u00e9s milyen lehet\u0151s\u00e9gei vannak a kompetenci\u00e1k fejleszt\u00e9s\u00e9nek a feln\u0151ttkorban. V\u00e9g\u00fcl pedig sz\u00f3 lesz k\u00e9t fantasztikus egy\u00e9ni kompetenciafejleszt\u0151 eszk\u00f6zr\u0151l is: a szuperv\u00edzi\u00f3r\u00f3l \u00e9s a coachingr\u00f3l. <\/span><\/p>\t\t\t\t\t\t\t\t<\/div>\n\t\t\t\t<\/div>\n\t\t\t\t<div class=\"elementor-element elementor-element-1e0c985 elementor-widget elementor-widget-image\" data-id=\"1e0c985\" data-element_type=\"widget\" data-e-type=\"widget\" data-widget_type=\"image.default\">\n\t\t\t\t<div class=\"elementor-widget-container\">\n\t\t\t\t\t\t\t\t\t\t\t\t\t\t\t<img decoding=\"async\" width=\"512\" height=\"341\" src=\"https:\/\/promanconsulting.hu\/wp-content\/uploads\/2021\/09\/kompetencia-fejlesztes.jpg\" class=\"attachment-full size-full wp-image-5561\" alt=\"A kompetencia k\u00e9szs\u00e9gek \u00e9s k\u00e9pess\u00e9gek egy\u00fcttese\" srcset=\"https:\/\/promanconsulting.hu\/wp-content\/uploads\/2021\/09\/kompetencia-fejlesztes.jpg 512w, https:\/\/promanconsulting.hu\/wp-content\/uploads\/2021\/09\/kompetencia-fejlesztes-300x200.jpg 300w\" sizes=\"(max-width: 512px) 100vw, 512px\" \/>\t\t\t\t\t\t\t\t\t\t\t\t\t\t\t<\/div>\n\t\t\t\t<\/div>\n\t\t\t\t<div class=\"elementor-element elementor-element-38e1651 elementor-widget elementor-widget-heading\" data-id=\"38e1651\" data-element_type=\"widget\" data-e-type=\"widget\" data-widget_type=\"heading.default\">\n\t\t\t\t<div class=\"elementor-widget-container\">\n\t\t\t\t\t<h2 class=\"elementor-heading-title elementor-size-default\">A kompetencia jelent\u00e9se\n<\/h2>\t\t\t\t<\/div>\n\t\t\t\t<\/div>\n\t\t\t\t<div class=\"elementor-element elementor-element-40662c0 elementor-widget elementor-widget-text-editor\" data-id=\"40662c0\" data-element_type=\"widget\" data-e-type=\"widget\" data-widget_type=\"text-editor.default\">\n\t\t\t\t<div class=\"elementor-widget-container\">\n\t\t\t\t\t\t\t\t\t<p><span style=\"font-weight: 400;\">A kompetencia kifejez\u00e9s a pedag\u00f3gia tudom\u00e1ny\u00e1ghoz k\u00f6t\u0151dik, jelent\u00e9se pedig meglehet\u0151sen \u00f6sszetett. A kompetencia ugyanis mindazon k\u00e9szs\u00e9gek \u00e9s k\u00e9pess\u00e9gek egy\u00fcttes\u00e9t jelenti, amely \u00e1ltal valaki k\u00e9pes egy adott ter\u00fcleten egy adott probl\u00e9m\u00e1t j\u00f3l megoldani, mindehhez pedig el\u00e9g motiv\u00e1lt, k\u00e9pes d\u00f6nt\u00e9st hozni \u00e9s kivitelezni a d\u00f6nt\u00e9s eredm\u00e9ny\u00e9t.\u00a0<\/span><\/p><p><span style=\"font-weight: 400;\">A kompetenci\u00e1nak k\u00fcl\u00f6nb\u00f6z\u0151 \u00f6sszetev\u0151i vannak:\u00a0<\/span><\/p><ul><li style=\"font-weight: 400;\" aria-level=\"1\"><span style=\"font-weight: 400;\">Ismeretek \u00e9s tud\u00e1s, amelyet az egy\u00e9n k\u00e9pes alkalmazni a gyakorlatban<\/span><\/li><li style=\"font-weight: 400;\" aria-level=\"1\"><span style=\"font-weight: 400;\">Kognit\u00edv \u00e9s gyakorlati k\u00e9szs\u00e9gek \u00e9s j\u00e1rtass\u00e1gok<\/span><\/li><li style=\"font-weight: 400;\" aria-level=\"1\"><span style=\"font-weight: 400;\">Magatart\u00e1si \u00e9s szoci\u00e1lis komponensek<\/span><\/li><li style=\"font-weight: 400;\" aria-level=\"1\"><span style=\"font-weight: 400;\">Hozz\u00e1\u00e1ll\u00e1s, attit\u0171d<\/span><\/li><li style=\"font-weight: 400;\" aria-level=\"1\"><span style=\"font-weight: 400;\">Szem\u00e9lyis\u00e9gjegyek<\/span><\/li><li style=\"font-weight: 400;\" aria-level=\"1\"><span style=\"font-weight: 400;\">Motiv\u00e1lts\u00e1g<\/span><\/li><\/ul><p><span style=\"font-weight: 400;\">A kompetenci\u00e1k fejleszthet\u0151ek, \u00e9s fejleszt\u00e9s\u00fck k\u00fcl\u00f6n\u00f6sen fontos a jelenlegi tud\u00e1s alap\u00fa t\u00e1rsadalomban. Ahhoz p\u00e9ld\u00e1ul, hogy valaki tanulni tudjon, rendelkeznie kell a \u201ctanulni tud\u00e1s\u201d kompetenci\u00e1j\u00e1val, de anyanyelvi \u00e9s ma m\u00e1r digit\u00e1lis kompetenci\u00e1ra is sz\u00fcks\u00e9g lesz.\u00a0<\/span><\/p><p><span style=\"font-weight: 400;\">A kompetenciafejleszt\u00e9s jelent\u0151s\u00e9g\u00e9t m\u00e1r Eur\u00f3pai Uni\u00f3s szinten is felismert\u00e9k. Ez\u00e9rt egy, az Eur\u00f3pai Tan\u00e1cs felk\u00e9r\u00e9s\u00e9re alakult munkacsoport meghat\u00e1rozta az \u00fagynevezett kulcskompetenci\u00e1kat, amelyek egy jelent\u0151s r\u00e9sz\u00e9t mindenkinek el kellene saj\u00e1t\u00edtania a k\u00f6zoktat\u00e1s r\u00e9szek\u00e9nt.\u00a0<\/span><\/p><p><span style=\"font-weight: 400;\">Itt l\u00e9nyeges a kellene sz\u00f3, mert sajnos az a tapasztalat, hogy komoly hi\u00e1nyoss\u00e1gok vannak ezen a ter\u00fcleten, amit j\u00f3 esetben a feln\u0151ttk\u00e9pz\u00e9sben lehet p\u00f3tolni. De err\u0151l majd k\u00e9s\u0151bb lesz sz\u00f3. El\u0151sz\u00f6r is l\u00e1ssuk, mik ezek a kulcskompetenci\u00e1k!<\/span><\/p>\t\t\t\t\t\t\t\t<\/div>\n\t\t\t\t<\/div>\n\t\t\t\t<div class=\"elementor-element elementor-element-93b51e3 elementor-widget elementor-widget-heading\" data-id=\"93b51e3\" data-element_type=\"widget\" data-e-type=\"widget\" data-widget_type=\"heading.default\">\n\t\t\t\t<div class=\"elementor-widget-container\">\n\t\t\t\t\t<h2 class=\"elementor-heading-title elementor-size-default\">A kulcskompetencia \u00e9s a kulcskompetenci\u00e1k fejleszt\u00e9se\n<\/h2>\t\t\t\t<\/div>\n\t\t\t\t<\/div>\n\t\t\t\t<div class=\"elementor-element elementor-element-4984414 elementor-widget elementor-widget-text-editor\" data-id=\"4984414\" data-element_type=\"widget\" data-e-type=\"widget\" data-widget_type=\"text-editor.default\">\n\t\t\t\t<div class=\"elementor-widget-container\">\n\t\t\t\t\t\t\t\t\t<p><span style=\"font-weight: 400;\">A munkacsoport a kulcskompetenci\u00e1kat a k\u00f6vetkez\u0151k\u00e9ppen hat\u00e1rozza meg:\u00a0<\/span><\/p><p><span style=\"font-weight: 400;\">\u201c<\/span><i><span style=\"font-weight: 400;\">A kulcskompetencia az ismeretek, k\u00e9szs\u00e9gek \u00e9s attit\u0171d\u00f6k transzfer\u00e1bilis, t\u00f6bbfunkci\u00f3s egys\u00e9ge, amellyel mindenkinek rendelkeznie kell ahhoz, hogy szem\u00e9lyis\u00e9g\u00e9t kiteljes\u00edthesse \u00e9s fejleszthesse, be tudjon illeszkedni a t\u00e1rsadalomba \u00e9s foglalkoztathat\u00f3 legyen. A kulcskompetenci\u00e1kat, a k\u00f6telez\u0151 oktat\u00e1s illetve k\u00e9pz\u00e9s id\u0151szaka alatt kell elsaj\u00e1t\u00edtani. A k\u00e9s\u0151bbiekben, az eg\u00e9sz \u00e9leten \u00e1t tart\u00f3 tanul\u00e1s sor\u00e1n mindenf\u00e9le tanul\u00e1s alapj\u00e1t ezek a kompetenci\u00e1k k\u00e9pezik.\u201d\u00a0<\/span><\/i><\/p><p><i><span style=\"font-weight: 400;\">(forr\u00e1s: <\/span><\/i><a href=\"https:\/\/ofi.oh.gov.hu\/tudastar\/nemzetkozi-kitekintes\/egesz-eleten-at-tarto#11\" rel=\"nofollow noopener\" target=\"_blank\"><i><span style=\"font-weight: 400;\">https:\/\/ofi.oh.gov.hu\/tudastar\/nemzetkozi-kitekintes\/egesz-eleten-at-tarto#11<\/span><\/i><\/a><i><span style=\"font-weight: 400;\">)<\/span><\/i><\/p><p><span style=\"font-weight: 400;\">A kulcskompetenci\u00e1k teh\u00e1t n\u00e9lk\u00fcl\u00f6zhetetlenek a sikeres \u00e9lethez, a kiteljesed\u00e9shez, valamint az eg\u00e9sz \u00e9leten \u00e1t tart\u00f3 fejl\u0151d\u00e9shez. Az al\u00e1bbiakban felsoroltuk a 8 kulcskompetenci\u00e1t \u00e9s r\u00f6viden \u00f6sszefoglaltuk a l\u00e9nyeg\u00fcket.\u00a0<\/span><\/p><h3><strong>A kulcskompetenci\u00e1k list\u00e1ja<\/strong><\/h3><ol><li style=\"font-weight: 400;\" aria-level=\"1\"><b>Anyanyelvi kommunik\u00e1ci\u00f3: <\/b><span style=\"font-weight: 400;\">mag\u00e1ban foglalja a sz\u00f6veg\u00e9rt\u00e9st, besz\u00e9det, olvas\u00e1st \u00e9s \u00edr\u00e1st, illetve a nyelvi \u00e9rintkez\u00e9s megfelel\u0151 szint\u0171 k\u00e9pess\u00e9g\u00e9t az \u00f6sszes t\u00e1rsadalmi \u00e9s kultur\u00e1lis kontextusban<\/span><\/li><li style=\"font-weight: 400;\" aria-level=\"1\"><b>Idegen nyelvi kommunik\u00e1ci\u00f3: <\/b><span style=\"font-weight: 400;\">az anyanyelvi kommunik\u00e1ci\u00f3val megegyez\u0151 k\u00e9szs\u00e9geket jelenti idegen nyelven, amihez m\u00e9g hozz\u00e1 kapcsol\u00f3dnak a kult\u00far\u00e1k meg\u00e9rt\u00e9s\u00e9hez \u00e9s a k\u00f6zvet\u00edt\u00e9shez kapcsol\u00f3d\u00f3 k\u00e9szs\u00e9gek<\/span><\/li><li style=\"font-weight: 400;\" aria-level=\"1\"><b>Matematikai, term\u00e9szettudom\u00e1nyi \u00e9s technol\u00f3giai kompetenci\u00e1k:<\/b><span style=\"font-weight: 400;\"> a hangs\u00faly itt nem els\u0151sorban az ismereteken van, hanem a folyamatokon. L\u00e9nyeges, hogy az egy\u00e9n k\u00e9pes legyen a mindennapi \u00e9lethez sz\u00fcks\u00e9ges sz\u00e1mol\u00e1sok elv\u00e9gz\u00e9s\u00e9re, akarja meg\u00e9rteni a vil\u00e1got, \u00e9s meglegyenek a m\u00f3dszerei a term\u00e9szeti vil\u00e1g magyar\u00e1zat\u00e1hoz. K\u00e9pes legyen a term\u00e9szeti k\u00f6rnyezetet ig\u00e9nyeinek vagy sz\u00fcks\u00e9gleteinek megfelel\u0151en alak\u00edtani<\/span><\/li><li style=\"font-weight: 400;\" aria-level=\"1\"><b>Digit\u00e1lis kompetencia: <\/b><span style=\"font-weight: 400;\">az elektronikus m\u00e9dia magabiztos alkalmaz\u00e1s\u00e1t jelenti mind munk\u00e1ban, mind szabadid\u0151ben, mind kommunik\u00e1ci\u00f3s c\u00e9lokra<\/span><\/li><li style=\"font-weight: 400;\" aria-level=\"1\"><b>A tanul\u00e1s tanul\u00e1sa: <\/b><span style=\"font-weight: 400;\">az \u00f6n\u00e1ll\u00f3 tanul\u00e1s, valamint a csoportos tanul\u00e1s k\u00e9pess\u00e9ge. Fontos elemei a hat\u00e9kony id\u0151beoszt\u00e1s, a probl\u00e9mamegold\u00e1s, a tud\u00e1s feldolgoz\u00e1sa, elsaj\u00e1t\u00edt\u00e1sa, \u00e9rt\u00e9kel\u00e9se \u00e9s be\u00e9p\u00edt\u00e9se az addigi ismeretekbe. V\u00e9g\u00fcl k\u00e9pess\u00e9g a tud\u00e1s alkalmaz\u00e1s\u00e1ra b\u00e1rmilyen kontextusban<\/span><\/li><li style=\"font-weight: 400;\" aria-level=\"1\"><b>Szem\u00e9lyk\u00f6zi \u00e9s \u00e1llampolg\u00e1ri kompetenci\u00e1k: <\/b><span style=\"font-weight: 400;\">olyan viselked\u00e9sform\u00e1k, amelyek lehet\u0151v\u00e9 teszik a t\u00e1rsadalmi \u00e9letben val\u00f3 hat\u00e9kony \u00e9s konstrukt\u00edv r\u00e9szv\u00e9telt, \u00e9s a konfliktuskezel\u00e9st<\/span><\/li><li style=\"font-weight: 400;\" aria-level=\"1\"><b>V\u00e1llalkoz\u00f3i kompetencia:<\/b><span style=\"font-weight: 400;\">\u00a0 az egy\u00e9n k\u00e9pes legyen elfogadni a k\u00f6rnyezet\u00e9ben t\u00f6rt\u00e9nt v\u00e1ltoz\u00e1sokat, t\u00e1mogatni \u00e9s alkalmazkodni tudjon hozz\u00e1juk. Egy\u00fattal legyen ig\u00e9nye a v\u00e1ltoz\u00e1sok kiv\u00e1lt\u00e1s\u00e1ra, k\u00e9pes legyen strat\u00e9giai szeml\u00e9letre, c\u00e9lok kit\u0171z\u00e9s\u00e9re \u00e9s el\u00e9r\u00e9s\u00e9re. Legyen sikerorient\u00e1lt \u00e9s k\u00e9pes legyen v\u00e1llalni a felel\u0151ss\u00e9get<\/span><\/li><li style=\"font-weight: 400;\" aria-level=\"1\"><b>Kultur\u00e1lis kompetencia:<\/b><span style=\"font-weight: 400;\"> a gondolatok, \u00e9rz\u00e9sek \u00e9s \u00e9lm\u00e9nyek kreat\u00edv kifejez\u00e9se t\u00e1nccal, zen\u00e9vel irodalommal stb., illetve ezek meg\u00e9rt\u00e9s\u00e9nek k\u00e9pess\u00e9ge<\/span><\/li><\/ol><p><span style=\"font-weight: 400;\">A fenti kompetenci\u00e1k mindegyik\u00e9hez r\u00e9szletes le\u00edr\u00e1s k\u00e9sz\u00fclt, hogy pontosan milyen ismeretek, k\u00e9szs\u00e9gek \u00e9s attit\u0171d\u00f6k kapcsol\u00f3dnak hozz\u00e1juk, a r\u00e9szletes le\u00edr\u00e1s<\/span><a href=\"https:\/\/ofi.oh.gov.hu\/tudastar\/nemzetkozi-kitekintes\/egesz-eleten-at-tarto#11\" rel=\"nofollow noopener\" target=\"_blank\"><span style=\"font-weight: 400;\"> itt tal\u00e1lhat\u00f3.<\/span><\/a><span style=\"font-weight: 400;\">\u00a0<\/span><\/p>\t\t\t\t\t\t\t\t<\/div>\n\t\t\t\t<\/div>\n\t\t\t\t<div class=\"elementor-element elementor-element-47f0fd5 elementor-widget elementor-widget-heading\" data-id=\"47f0fd5\" data-element_type=\"widget\" data-e-type=\"widget\" data-widget_type=\"heading.default\">\n\t\t\t\t<div class=\"elementor-widget-container\">\n\t\t\t\t\t<h3 class=\"elementor-heading-title elementor-size-default\">A kompetenciafejleszt\u00e9s fontoss\u00e1ga<\/h3>\t\t\t\t<\/div>\n\t\t\t\t<\/div>\n\t\t\t\t<div class=\"elementor-element elementor-element-bb1aecc elementor-widget elementor-widget-text-editor\" data-id=\"bb1aecc\" data-element_type=\"widget\" data-e-type=\"widget\" data-widget_type=\"text-editor.default\">\n\t\t\t\t<div class=\"elementor-widget-container\">\n\t\t\t\t\t\t\t\t\t<p><span style=\"font-weight: 400;\">Ahogy m\u00e1r a bevezet\u0151ben eml\u00edtett\u00fck, az elm\u00falt \u00e9vekre a munkaer\u0151piac folyamatos v\u00e1ltoz\u00e1sa volt jellemz\u0151, \u00e9s az elk\u00f6vetkezend\u0151 \u00e9vekben m\u00e9g radik\u00e1lisabb v\u00e1ltoz\u00e1sokra sz\u00e1m\u00edthatunk. Ez a folyamatos technol\u00f3giai fejl\u0151d\u00e9snek \u00e9s az automatiz\u00e1ci\u00f3nak k\u00f6sz\u00f6nhet\u0151, hiszen a rutinfeladatokat ell\u00e1t\u00f3 munkak\u00f6r\u00f6k megsz\u0171nnek, a hely\u00fckre pedig \u00faj munkak\u00f6r\u00f6k j\u00f6nnek l\u00e9tre.\u00a0<\/span><\/p><p><span style=\"font-weight: 400;\">Ez egyben azt is jelenti, hogy folyamatos \u00e1tk\u00e9pz\u00e9sekre, tov\u00e1bbk\u00e9pz\u00e9sekre lesz sz\u00fcks\u00e9g, teh\u00e1t val\u00f3ban egy \u00e9lethosszig tart\u00f3 tanul\u00e1si folyamattal sz\u00e1molhatunk majd. Ugyanakkor gondoljunk bele abba, hogy mekkora teher lehet ez valakinek, aki egy\u00e9bk\u00e9nt nem illeszkedett be j\u00f3l, vagy nem boldogult j\u00f3l a hagyom\u00e1nyos oktat\u00e1si rendszerben!\u00a0<\/span><\/p><p><span style=\"font-weight: 400;\">\u00c9ppen ez\u00e9rt mindenn\u00e9l fontosabb volna, hogy azokat a kompetenci\u00e1kat er\u0151s\u00edts\u00fck meg, amelyek k\u00e9pess\u00e9 teszik az egy\u00e9nt a folyamatos tanul\u00e1sra an\u00e9lk\u00fcl, hogy ezt k\u00e9nyszerk\u00e9nt \u00e9ln\u00e9 meg. Ugyanakkor sajnos a jelenlegi k\u00f6zoktat\u00e1si rendszerben ez csak nagyon korl\u00e1tozottan val\u00f3sul meg. Mi lehet teh\u00e1t a megold\u00e1s?\u00a0<\/span><\/p>\t\t\t\t\t\t\t\t<\/div>\n\t\t\t\t<\/div>\n\t\t\t\t<div class=\"elementor-element elementor-element-d9cd76f elementor-widget elementor-widget-image\" data-id=\"d9cd76f\" data-element_type=\"widget\" data-e-type=\"widget\" data-widget_type=\"image.default\">\n\t\t\t\t<div class=\"elementor-widget-container\">\n\t\t\t\t\t\t\t\t\t\t\t\t\t\t\t<img decoding=\"async\" width=\"512\" height=\"341\" src=\"https:\/\/promanconsulting.hu\/wp-content\/uploads\/2021\/09\/kompetencia-fejlesztes-felnottek.jpg\" class=\"attachment-large size-large wp-image-5564\" alt=\"Kompetenciafejleszt\u00e9s feln\u0151ttkorban\" srcset=\"https:\/\/promanconsulting.hu\/wp-content\/uploads\/2021\/09\/kompetencia-fejlesztes-felnottek.jpg 512w, https:\/\/promanconsulting.hu\/wp-content\/uploads\/2021\/09\/kompetencia-fejlesztes-felnottek-300x200.jpg 300w\" sizes=\"(max-width: 512px) 100vw, 512px\" \/>\t\t\t\t\t\t\t\t\t\t\t\t\t\t\t<\/div>\n\t\t\t\t<\/div>\n\t\t\t\t<div class=\"elementor-element elementor-element-ab96aa0 elementor-widget elementor-widget-text-editor\" data-id=\"ab96aa0\" data-element_type=\"widget\" data-e-type=\"widget\" data-widget_type=\"text-editor.default\">\n\t\t\t\t<div class=\"elementor-widget-container\">\n\t\t\t\t\t\t\t\t\t<h2><strong>Kompetenciafejleszt\u00e9s feln\u0151ttkorban<\/strong><\/h2><p><span style=\"font-weight: 400;\">A k\u00f6zoktat\u00e1s hi\u00e1nyoss\u00e1gait sok esetben a feln\u0151ttk\u00e9pz\u00e9snek kell megoldania. Ugyanakkor a feln\u0151ttk\u00e9pz\u00e9sben dolgoz\u00f3k is neh\u00e9z helyzetben vannak. Egyr\u00e9szt rendk\u00edv\u00fcl gyorsan v\u00e1ltakoznak f\u0151leg a technol\u00f3giai ismeretek, m\u00e1sr\u00e9szt meglehet\u0151sen neh\u00e9z valakit \u00fagy felk\u00e9sz\u00edteni egy munkak\u00f6re, hogy az addig m\u00e9g nem is l\u00e9tezett. Ez\u00e9rt a feln\u0151ttk\u00e9pz\u00e9snek is nagy hangs\u00falyt kell fektetni a k\u00fcl\u00f6nb\u00f6z\u0151 k\u00e9szs\u00e9gek, kompetenci\u00e1k fejleszt\u00e9s\u00e9re, hogy az egy\u00e9n a sz\u00e1m\u00e1ra ismeretlen terepen is k\u00f6nnyebben helyt tudjon \u00e1llni.\u00a0<\/span><\/p><p><span style=\"font-weight: 400;\">Egy m\u00e1sik kih\u00edv\u00e1s, hogy hogyan lehet azokat a feln\u0151tteket motiv\u00e1lni \u00e9s akt\u00edvan bevonni a k\u00e9pz\u00e9sekbe, akik egy\u00e9bk\u00e9nt m\u00e1r rengeteg kudarc\u00e9lm\u00e9nyt \u00e9s rossz tapasztalatot szereztek a k\u00f6zoktat\u00e1sban.\u00a0<\/span><\/p><p><span style=\"font-weight: 400;\">A fenti kih\u00edv\u00e1sok lek\u00fczd\u00e9s\u00e9nek \u00e9rdek\u00e9ben \u00faj m\u00f3dszereket, \u00faj szeml\u00e9letm\u00f3dot kell alkalmazni:<\/span><\/p><ul><li style=\"font-weight: 400;\" aria-level=\"1\"><span style=\"font-weight: 400;\">Ma m\u00e1r megker\u00fclhetetlen a modern technol\u00f3gia, a digit\u00e1lis tananyagok alkalmaz\u00e1sa, az e-learning eszk\u00f6z\u00f6k adta lehet\u0151s\u00e9gek min\u00e9l jobb kihaszn\u00e1l\u00e1sa<\/span><\/li><li style=\"font-weight: 400;\" aria-level=\"1\"><span style=\"font-weight: 400;\">Az oktat\u00e1soknak \u00e9letszer\u0171enek, \u00e9lm\u00e9nyszer\u0171nek kell lennie: interakt\u00edv feladatok, szimul\u00e1ci\u00f3k, 3D modellez\u00e9s, vide\u00f3k stb. adta lehet\u0151s\u00e9gek kihaszn\u00e1l\u00e1s\u00e1val<\/span><\/li><li style=\"font-weight: 400;\" aria-level=\"1\"><span style=\"font-weight: 400;\">A hossz\u00fa, \u00e9vekig tart\u00f3 oktat\u00e1s helyett j\u00f3 ir\u00e1nyt jelentenek a r\u00f6videbb, t\u00f6m\u00f6rebb, intenz\u00edv \u201cbootcamp\u201d jelleg\u0171 oktat\u00e1sok, amelyek maxim\u00e1lis id\u0151tartama \u00e1ltal\u00e1ban 6-18 h\u00f3nap, \u00e9s elv\u00e9gz\u00e9s\u00fckkel azonnali munk\u00e1ba\u00e1ll\u00e1s lehets\u00e9ges<\/span><\/li><li style=\"font-weight: 400;\" aria-level=\"1\"><span style=\"font-weight: 400;\">Szeml\u00e9letv\u00e1lt\u00e1s sz\u00fcks\u00e9ges a finansz\u00edroz\u00e1sban is, ak\u00e1r k\u00e9pz\u00e9si hitelek form\u00e1j\u00e1ban, mind \u00e1llami mind c\u00e9ges szinten<\/span><\/li><li style=\"font-weight: 400;\" aria-level=\"1\"><span style=\"font-weight: 400;\">Elker\u00fclhetetlen a munk\u00e1ltat\u00f3k eduk\u00e1l\u00e1sa, valamint motiv\u00e1l\u00e1sa (ak\u00e1r ad\u00f3kedvezm\u00e9nyek stb.) form\u00e1j\u00e1ban, hogy meg\u00e9rts\u00e9k, mi\u00e9rt van sz\u00fcks\u00e9g\u00fck a munkav\u00e1llal\u00f3k tov\u00e1bbk\u00e9pz\u00e9s\u00e9re, \u00e9s t\u00e1mogass\u00e1k azt<\/span><\/li><\/ul>\t\t\t\t\t\t\t\t<\/div>\n\t\t\t\t<\/div>\n\t\t\t\t<div class=\"elementor-element elementor-element-88d0fba elementor-widget elementor-widget-image\" data-id=\"88d0fba\" data-element_type=\"widget\" data-e-type=\"widget\" data-widget_type=\"image.default\">\n\t\t\t\t<div class=\"elementor-widget-container\">\n\t\t\t\t\t\t\t\t\t\t\t\t\t\t\t<img loading=\"lazy\" decoding=\"async\" width=\"512\" height=\"341\" src=\"https:\/\/promanconsulting.hu\/wp-content\/uploads\/2021\/09\/kompetenciak-felsorolasa.jpg\" class=\"attachment-large size-large wp-image-5566\" alt=\"\" srcset=\"https:\/\/promanconsulting.hu\/wp-content\/uploads\/2021\/09\/kompetenciak-felsorolasa.jpg 512w, https:\/\/promanconsulting.hu\/wp-content\/uploads\/2021\/09\/kompetenciak-felsorolasa-300x200.jpg 300w\" sizes=\"(max-width: 512px) 100vw, 512px\" \/>\t\t\t\t\t\t\t\t\t\t\t\t\t\t\t<\/div>\n\t\t\t\t<\/div>\n\t\t\t\t<div class=\"elementor-element elementor-element-cc43fee elementor-widget elementor-widget-text-editor\" data-id=\"cc43fee\" data-element_type=\"widget\" data-e-type=\"widget\" data-widget_type=\"text-editor.default\">\n\t\t\t\t<div class=\"elementor-widget-container\">\n\t\t\t\t\t\t\t\t\t<h3><strong>Szuperv\u00edzi\u00f3 \u00e9s coaching: k\u00e9t szuper eszk\u00f6z a kompetenciafejleszt\u00e9sre<\/strong><\/h3><p><span style=\"font-weight: 400;\">A k\u00fcl\u00f6nb\u00f6z\u0151 kompetenciater\u00fcleteket lehets\u00e9ges \u00e9s \u00e9rdemes egy\u00e9nileg is, feln\u0151ttkorban fejleszteni. Erre k\u00e9t rendk\u00edv\u00fcl hasznos lehet\u0151s\u00e9g van: a szuperv\u00edzi\u00f3 \u00e9s a coaching.\u00a0<\/span><\/p><p><span style=\"font-weight: 400;\">A szuperv\u00edzi\u00f3 f\u0151leg \u00fczleti, munkahelyi ter\u00fcleten alkalmazhat\u00f3. Egy olyan kompetenciafejleszt\u0151 m\u00f3dszertan, amelynek az els\u0151dleges c\u00e9lja, hogy tanuljunk az addigi tapasztalatainkb\u00f3l, \u00e9s ez\u00e1ltal k\u00e9pesek legy\u00fcnk a tudatosabb, professzion\u00e1lisabb munkav\u00e9gz\u00e9sre. Nagym\u00e9rt\u00e9kben \u00e9p\u00fcl az <\/span><strong><a href=\"https:\/\/promanconsulting.hu\/onreflexio\/\">\u00f6nreflexi\u00f3s k\u00e9pess\u00e9g<\/a><\/strong><span style=\"font-weight: 400;\"> fejleszt\u00e9s\u00e9re, ez\u00e1ltal m\u00e9lyebb felismer\u00e9seket tesz lehet\u0151v\u00e9. Felismeri \u00e9s tudatos\u00edtja az addigi kompetenci\u00e1kat, valamint fejleszti azokat. F\u0151 k\u00e9rd\u00e9sei, hogy az egy\u00e9n mit akar, mi\u00e9rt akarja, \u00e9s <\/span><strong><a href=\"https:\/\/promanconsulting.hu\/a-motivacio-folyamata-fogalma-es-tipusa\/\">milyen motiv\u00e1ci\u00f3i vannak<\/a><\/strong><span style=\"font-weight: 400;\"><strong>.<\/strong> Az \u201citt \u00e9s most\u201d-tal foglalkozik, \u00e9s nagyon j\u00f3 alap lehet a j\u00f6v\u0151 ir\u00e1ny\u00fa megk\u00f6zel\u00edt\u00e9st alkalmaz\u00f3 coachingnak.\u00a0<\/span><\/p><p><span style=\"font-weight: 400;\">A <\/span><strong><a href=\"https:\/\/promanconsulting.hu\/a-coaching-kozeppontban-a-szemelyes-fejlodes\/\">coaching<\/a><\/strong><span style=\"font-weight: 400;\"> j\u00f3val sz\u00e9lesebb ter\u00fcleten alkalmazhat\u00f3: tal\u00e1lkozhatunk az \u00e9letvitelt megc\u00e9lz\u00f3, de \u00fczleti, s\u0151t ak\u00e1r p\u00e1rkapcsolati coachinggal is. Sokkal ink\u00e1bb j\u00f6v\u0151orient\u00e1lt, mint a szuperv\u00edzi\u00f3, l\u00e9nyeges eleme egy c\u00e9l kit\u0171z\u00e9se, \u00e9s annak tudatos megval\u00f3s\u00edt\u00e1sa. Ugyanakkor nem \u00f6sszet\u00e9vesztend\u0151 a tan\u00e1csad\u00e1ssal: ez esetben ugyanis a v\u00e1laszokat nem a coach, hanem a coachee, azaz a tanul\u00f3 tal\u00e1lja meg. A coach csak saj\u00e1tos eszk\u00f6zt\u00e1r\u00e1val \u00e9s k\u00e9rd\u00e9seivel elind\u00edtja \u00fcgyfel\u00e9t a v\u00e1ltoz\u00e1s \u00fatj\u00e1n, \u00faj eszk\u00f6z\u00f6ket ad a kez\u00e9be,\u00a0 amelyek seg\u00edtik. A coaching remek eszk\u00f6z a kompetenci\u00e1k fejleszt\u00e9s\u00e9re, \u00fajak elsaj\u00e1t\u00edt\u00e1s\u00e1ra.\u00a0<\/span><\/p><p><span style=\"font-weight: 400;\">\u00d6sszefoglalva teh\u00e1t a fentieket az \u00e9lethosszig tart\u00f3 tanul\u00e1s koncepci\u00f3ja csak akkor val\u00f3sulhat meg, ha megvannak az alapok: a kulcskompetenci\u00e1k. \u00c9ppen ez\u00e9rt ma m\u00e1r legal\u00e1bb ugyanannyira fontos az \u00e9lethosszig tart\u00f3 kompetenciafejleszt\u00e9s is, amit a k\u00f6zoktat\u00e1sn\u00e1l hat\u00e9konyabban tud megoldani a rugalmasabb feln\u0151ttk\u00e9pz\u00e9s. Ugyanakkor saj\u00e1t kompetenci\u00e1inak fejleszt\u00e9se mindenkinek a maga felel\u0151ss\u00e9ge is: \u00e9rdemes teh\u00e1t egy\u00e9ni, szem\u00e9lyreszabott fejleszt\u00e9seken r\u00e9szt venni, p\u00e9ld\u00e1ul szuperv\u00edzi\u00f3n vagy coachingon.\u00a0<\/span><\/p><h2>K\u00c9RD\u00c9SE VAN? VEGYE FEL VEL\u00dcNK A KAPCSOLATOT!<\/h2><p><span style=\"font-weight: 400;\">Bizonytalan abban, hogy milyen t\u00e1mogat\u00e1si forma jelenthet megold\u00e1st a probl\u00e9m\u00e1ira? <\/span><strong><a href=\"https:\/\/promanconsulting.hu\/coaching\/\">Coaching szolg\u00e1ltat\u00e1sainkr\u00f3l itt olvashat b\u0151vebben<\/a><\/strong><span style=\"font-weight: 400;\"><strong>,<\/strong> vagy vegye fel vel\u00fcnk a <a href=\"mailto:info@promanconsulting.hu\">kapcsolatot<\/a>!<\/span><\/p>\t\t\t\t\t\t\t\t<\/div>\n\t\t\t\t<\/div>\n\t\t\t\t\t<\/div>\n\t\t<\/div>\n\t\t\t\t\t<\/div>\n\t\t<\/section>\n\t\t\t\t<\/div>\n\t\t","protected":false},"excerpt":{"rendered":"<p>Mi a kompetencia? Kompetenciafejleszt\u00e9s feln\u0151ttkorban A jelenlegi munkaer\u0151piaci k\u00f6rnyezetben nem ritka, hogy egy fiatal \u00e9lete sor\u00e1n ak\u00e1r 6-10 munkahelyen dolgozzon, \u00e9s ebb\u0151l ak\u00e1r 1-2 alkalommal szakm\u00e1t is v\u00e1ltson. \u00c9ppen emiatt v\u00e1lt olyan k\u00f6zponti k\u00e9rd\u00e9ss\u00e9 az \u00e9lethosszig tart\u00f3 tanul\u00e1s koncepci\u00f3ja. Azonban van, ami m\u00e9g enn\u00e9l is fontosabb, ami n\u00e9lk\u00fcl nem lesz sikeres az egy\u00e9n sem a [&hellip;]<\/p>\n","protected":false},"author":5,"featured_media":5559,"comment_status":"closed","ping_status":"closed","sticky":false,"template":"","format":"standard","meta":{"footnotes":""},"categories":[179],"tags":[221,144,220],"class_list":["post-5558","post","type-post","status-publish","format-standard","has-post-thumbnail","hentry","category-szervezetfejlesztes","tag-egyeni-fejlodes","tag-fejlesztes","tag-kompetencia","entry","has-media"],"_links":{"self":[{"href":"https:\/\/promanconsulting.hu\/en\/wp-json\/wp\/v2\/posts\/5558","targetHints":{"allow":["GET"]}}],"collection":[{"href":"https:\/\/promanconsulting.hu\/en\/wp-json\/wp\/v2\/posts"}],"about":[{"href":"https:\/\/promanconsulting.hu\/en\/wp-json\/wp\/v2\/types\/post"}],"author":[{"embeddable":true,"href":"https:\/\/promanconsulting.hu\/en\/wp-json\/wp\/v2\/users\/5"}],"replies":[{"embeddable":true,"href":"https:\/\/promanconsulting.hu\/en\/wp-json\/wp\/v2\/comments?post=5558"}],"version-history":[{"count":8,"href":"https:\/\/promanconsulting.hu\/en\/wp-json\/wp\/v2\/posts\/5558\/revisions"}],"predecessor-version":[{"id":5570,"href":"https:\/\/promanconsulting.hu\/en\/wp-json\/wp\/v2\/posts\/5558\/revisions\/5570"}],"wp:featuredmedia":[{"embeddable":true,"href":"https:\/\/promanconsulting.hu\/en\/wp-json\/wp\/v2\/media\/5559"}],"wp:attachment":[{"href":"https:\/\/promanconsulting.hu\/en\/wp-json\/wp\/v2\/media?parent=5558"}],"wp:term":[{"taxonomy":"category","embeddable":true,"href":"https:\/\/promanconsulting.hu\/en\/wp-json\/wp\/v2\/categories?post=5558"},{"taxonomy":"post_tag","embeddable":true,"href":"https:\/\/promanconsulting.hu\/en\/wp-json\/wp\/v2\/tags?post=5558"}],"curies":[{"name":"wp","href":"https:\/\/api.w.org\/{rel}","templated":true}]}}