{"id":2755,"date":"2021-02-25T01:29:50","date_gmt":"2021-02-25T01:29:50","guid":{"rendered":"http:\/\/promanconsulting.hu\/?p=2592"},"modified":"2023-05-17T18:51:17","modified_gmt":"2023-05-17T18:51:17","slug":"a-motivation-process-concepts-it-tipus","status":"publish","type":"post","link":"https:\/\/promanconsulting.hu\/en\/a-motivacio-folyamata-fogalma-es-tipusa\/","title":{"rendered":"The process, concept and type of motivation"},"content":{"rendered":"\t\t<div data-elementor-type=\"wp-post\" data-elementor-id=\"2755\" class=\"elementor elementor-2755\" data-elementor-settings=\"{&quot;ha_cmc_init_switcher&quot;:&quot;no&quot;}\" data-elementor-post-type=\"post\">\n\t\t\t\t\t\t<section class=\"elementor-section elementor-top-section elementor-element elementor-element-655e8b34 elementor-section-boxed elementor-section-height-default elementor-section-height-default\" data-id=\"655e8b34\" data-element_type=\"section\" data-e-type=\"section\" data-settings=\"{&quot;jet_parallax_layout_list&quot;:[{&quot;jet_parallax_layout_image&quot;:{&quot;url&quot;:&quot;&quot;,&quot;id&quot;:&quot;&quot;,&quot;size&quot;:&quot;&quot;},&quot;_id&quot;:&quot;0f96d66&quot;,&quot;jet_parallax_layout_image_tablet&quot;:{&quot;url&quot;:&quot;&quot;,&quot;id&quot;:&quot;&quot;,&quot;size&quot;:&quot;&quot;},&quot;jet_parallax_layout_image_mobile&quot;:{&quot;url&quot;:&quot;&quot;,&quot;id&quot;:&quot;&quot;,&quot;size&quot;:&quot;&quot;},&quot;jet_parallax_layout_speed&quot;:{&quot;unit&quot;:&quot;%&quot;,&quot;size&quot;:50,&quot;sizes&quot;:[]},&quot;jet_parallax_layout_type&quot;:&quot;scroll&quot;,&quot;jet_parallax_layout_direction&quot;:&quot;1&quot;,&quot;jet_parallax_layout_fx_direction&quot;:null,&quot;jet_parallax_layout_z_index&quot;:&quot;&quot;,&quot;jet_parallax_layout_bg_x&quot;:50,&quot;jet_parallax_layout_bg_x_tablet&quot;:&quot;&quot;,&quot;jet_parallax_layout_bg_x_mobile&quot;:&quot;&quot;,&quot;jet_parallax_layout_bg_y&quot;:50,&quot;jet_parallax_layout_bg_y_tablet&quot;:&quot;&quot;,&quot;jet_parallax_layout_bg_y_mobile&quot;:&quot;&quot;,&quot;jet_parallax_layout_bg_size&quot;:&quot;auto&quot;,&quot;jet_parallax_layout_bg_size_tablet&quot;:&quot;&quot;,&quot;jet_parallax_layout_bg_size_mobile&quot;:&quot;&quot;,&quot;jet_parallax_layout_animation_prop&quot;:&quot;transform&quot;,&quot;jet_parallax_layout_on&quot;:[&quot;desktop&quot;,&quot;tablet&quot;]}],&quot;_ha_eqh_enable&quot;:false}\">\n\t\t\t\t\t\t<div class=\"elementor-container elementor-column-gap-default\">\n\t\t\t\t\t<div class=\"elementor-column elementor-col-100 elementor-top-column elementor-element elementor-element-442775df\" data-id=\"442775df\" data-element_type=\"column\" data-e-type=\"column\">\n\t\t\t<div class=\"elementor-widget-wrap elementor-element-populated\">\n\t\t\t\t\t\t<div class=\"elementor-element elementor-element-1597a2db elementor-widget elementor-widget-text-editor\" data-id=\"1597a2db\" data-element_type=\"widget\" data-e-type=\"widget\" data-widget_type=\"text-editor.default\">\n\t\t\t\t<div class=\"elementor-widget-container\">\n\t\t\t\t\t\t\t\t\t<p style=\"text-align: justify;\"><b>A motiv\u00e1ci\u00f3 divatos kifejez\u00e9s, gyakran hallhatjuk coaching \u00fcl\u00e9seken \u00e9s menedzsertr\u00e9ningeken is. Cikk\u00fcnkben megvizsg\u00e1ljuk, mi a motiv\u00e1ci\u00f3 jelent\u00e9se, milyen fajt\u00e1i vannak, \u00e9s adunk n\u00e9h\u00e1ny tippet a motiv\u00e1ci\u00f3 n\u00f6vel\u00e9s\u00e9re.\u00a0<\/b><\/p><p style=\"text-align: justify;\"><span style=\"font-weight: 400;\">A c\u00e9gek m\u0171k\u00f6d\u00e9s\u00e9nek fejleszt\u00e9se, optimaliz\u00e1l\u00e1sa akkor lehet hat\u00e9kony \u00e9s eredm\u00e9nyes, ha az alkalmazottak szintj\u00e9n is minden adott a legjobb teljes\u00edtm\u00e9ny el\u00e9r\u00e9s\u00e9hez. A munkat\u00e1rsak kell\u0151 motiv\u00e1ci\u00f3j\u00e1ra a szervezet minden szintj\u00e9n sz\u00fcks\u00e9g van, k\u00fcl\u00f6nben a projektmenedzsment hat\u00e9konys\u00e1g\u00e1nak n\u00f6vel\u00e9s\u00e9t c\u00e9lz\u00f3 programok sem lesznek olyan eredm\u00e9nyesek, mintha mindenki kell\u0151en motiv\u00e1lt.\u00a0<\/span><\/p><p><span style=\"font-weight: 400;\">Cikk\u00fcnkben \u00e1ttekintj\u00fck:<\/span><\/p><ul><li style=\"font-weight: 400;\" aria-level=\"1\"><span style=\"font-weight: 400;\">a motiv\u00e1ci\u00f3 jelent\u00e9s\u00e9t, folyamat\u00e1t,<\/span><\/li><li style=\"font-weight: 400;\" aria-level=\"1\"><span style=\"font-weight: 400;\">a motiv\u00e1ci\u00f3 fajt\u00e1it,<\/span><\/li><li style=\"font-weight: 400;\" aria-level=\"1\"><span style=\"font-weight: 400;\">\u00e9s adunk n\u00e9h\u00e1ny praktikus tan\u00e1csot a motiv\u00e1ci\u00f3 kialak\u00edt\u00e1s\u00e1hoz \u00e9s fejleszt\u00e9s\u00e9hez.\u00a0<\/span><\/li><\/ul><h2>A motiv\u00e1ci\u00f3 jelent\u00e9se<\/h2><p><img fetchpriority=\"high\" decoding=\"async\" class=\"alignnone size-full wp-image-3406\" src=\"https:\/\/promanconsulting.hu\/wp-content\/uploads\/2021\/02\/motivacio.jpg\" alt=\"\" width=\"1280\" height=\"793\" srcset=\"https:\/\/promanconsulting.hu\/wp-content\/uploads\/2021\/02\/motivacio.jpg 1280w, https:\/\/promanconsulting.hu\/wp-content\/uploads\/2021\/02\/motivacio-300x186.jpg 300w, https:\/\/promanconsulting.hu\/wp-content\/uploads\/2021\/02\/motivacio-1024x634.jpg 1024w, https:\/\/promanconsulting.hu\/wp-content\/uploads\/2021\/02\/motivacio-768x476.jpg 768w\" sizes=\"(max-width: 1280px) 100vw, 1280px\" \/><\/p><p style=\"text-align: justify;\"><span style=\"font-weight: 400;\">A motiv\u00e1ci\u00f3 kifejez\u00e9s a latin \u201cmovere\u201d sz\u00f3b\u00f3l ered, aminek jelent\u00e9se: mozog, mozogni, megmozgatni.\u00a0<\/span><\/p><h3 style=\"text-align: justify;\">Mi a motiv\u00e1ci\u00f3?<\/h3><p style=\"text-align: justify;\"><span style=\"font-weight: 400;\">A motiv\u00e1ci\u00f3 azoknak az \u00f6szt\u00f6nz\u00e9seknek, mot\u00edvumoknak az \u00f6sszess\u00e9g\u00e9t jelenti, amelyek cselekv\u00e9sre, viselked\u00e9sre k\u00e9sztetnek benn\u00fcnket, illetve \u00e9sszer\u0171 okot adnak erre \u00e9s\/vagy n\u00f6velik a hajland\u00f3s\u00e1gunkat, hogy cselekedj\u00fcnk.\u00a0<\/span><\/p><p style=\"text-align: justify;\"><span style=\"font-weight: 400;\">A motiv\u00e1ci\u00f3 jelenti teh\u00e1t azt a hajt\u00f3er\u0151t, amit tettekre v\u00e1ltva el\u00e9rhetj\u00fck a c\u00e9ljainkat. A motiv\u00e1ci\u00f3 hi\u00e1nya ahhoz is hasonl\u00edthat\u00f3, mint amikor egy j\u00e1rm\u0171b\u0151l kifogy az \u00fczemanyag.\u00a0<\/span><\/p><h3 style=\"text-align: justify;\">A motiv\u00e1ci\u00f3 folyamata<\/h3><p style=\"text-align: justify;\"><span style=\"font-weight: 400;\">A motiv\u00e1ci\u00f3 folyamat\u00e1ban az els\u0151 l\u00e9p\u00e9s annak a felismer\u00e9se, hogy a j\u00f3l\u00e9t\u00fcnk (vagy a jobbl\u00e9t\u00fcnk) meg\u0151rz\u00e9s\u00e9hez, el\u00e9r\u00e9s\u00e9hez valami hi\u00e1nyzik, valamire sz\u00fcks\u00e9g\u00fcnk van. Ez egy sz\u00fcks\u00e9gletet, v\u00e1gyat induk\u00e1l, aminek a beteljes\u00edt\u00e9se \u00e9rdek\u00e9ben tenn\u00fcnk kell valamit.\u00a0<\/span><\/p><p style=\"text-align: justify;\"><span style=\"font-weight: 400;\">Mindezt \u00edgy \u00e1br\u00e1zolhatjuk folyamat\u00e1bra-szer\u0171en:<\/span><\/p><table><tbody><tr><td style=\"text-align: center;\"><b>sz\u00fcks\u00e9glet, v\u00e1gy\u00a0 \u2192\u00a0 motiv\u00e1ci\u00f3\u00a0 \u2192\u00a0 cselekv\u00e9s<\/b><\/td><\/tr><\/tbody><\/table><h2 style=\"text-align: justify;\">A motiv\u00e1ci\u00f3 fajt\u00e1i<\/h2><p style=\"text-align: justify;\"><span style=\"font-weight: 400;\">A motiv\u00e1ci\u00f3 k\u00e9t f\u0151 t\u00edpusa a k\u00fcls\u0151 \u00e9s a bels\u0151 motiv\u00e1ci\u00f3. Az al\u00e1bbiakban megn\u00e9zz\u00fck, melyik mit jelent, \u00e9s kit\u00e9r\u00fcnk arra is, ami a leg\u00e9rdekesebb: e kett\u0151 egym\u00e1shoz val\u00f3 viszony\u00e1ra.\u00a0<\/span><\/p><h3 style=\"text-align: justify;\">K\u00fcls\u0151 motiv\u00e1ci\u00f3<\/h3><p><img decoding=\"async\" class=\"alignnone size-full wp-image-3404\" src=\"https:\/\/promanconsulting.hu\/wp-content\/uploads\/2021\/02\/kulso-motivacio.jpg\" alt=\"\" width=\"1280\" height=\"880\" srcset=\"https:\/\/promanconsulting.hu\/wp-content\/uploads\/2021\/02\/kulso-motivacio.jpg 1280w, https:\/\/promanconsulting.hu\/wp-content\/uploads\/2021\/02\/kulso-motivacio-300x206.jpg 300w, https:\/\/promanconsulting.hu\/wp-content\/uploads\/2021\/02\/kulso-motivacio-1024x704.jpg 1024w, https:\/\/promanconsulting.hu\/wp-content\/uploads\/2021\/02\/kulso-motivacio-768x528.jpg 768w\" sizes=\"(max-width: 1280px) 100vw, 1280px\" \/><\/p><p><span style=\"font-weight: 400;\">A k\u00fcls\u0151 motiv\u00e1ci\u00f3 (vagy extrinsic, eszk\u00f6z jelleg\u0171 motiv\u00e1ci\u00f3) egy k\u00fcls\u0151 t\u00e9nyez\u0151n alapul. Vagyis az\u00e9rt cseleksz\u00fcnk, hogy valamilyen jutalmat megszerezz\u00fcnk, illetve b\u00fcntet\u00e9st elker\u00fclj\u00fcnk.\u00a0<\/span><br \/><span style=\"font-weight: 400;\">N\u00e9h\u00e1ny p\u00e9lda k\u00fcls\u0151 motiv\u00e1ci\u00f3s t\u00e9nyez\u0151kre:\u00a0<\/span><\/p><ul><li style=\"font-weight: 400;\" aria-level=\"1\"><span style=\"font-weight: 400;\">fizet\u00e9semel\u00e9s,<\/span><\/li><li style=\"font-weight: 400;\" aria-level=\"1\"><span style=\"font-weight: 400;\">el\u0151l\u00e9ptet\u00e9s,<\/span><\/li><li style=\"font-weight: 400;\" aria-level=\"1\"><span style=\"font-weight: 400;\">b\u00fcntet\u00e9s,<\/span><\/li><li style=\"font-weight: 400;\" aria-level=\"1\"><span style=\"font-weight: 400;\">kir\u00fag\u00e1s,<\/span><\/li><li style=\"font-weight: 400;\" aria-level=\"1\"><span style=\"font-weight: 400;\">j\u00f3 oszt\u00e1lyzat,<\/span><\/li><li style=\"font-weight: 400;\" aria-level=\"1\"><span style=\"font-weight: 400;\">dics\u00e9ret,<\/span><\/li><li style=\"font-weight: 400;\" aria-level=\"1\"><span style=\"font-weight: 400;\">n\u00e9pszer\u0171s\u00e9g, h\u00edrn\u00e9v.<\/span><\/li><\/ul><h3>Bels\u0151 motiv\u00e1ci\u00f3<\/h3><p><img decoding=\"async\" class=\"alignnone size-full wp-image-3403\" src=\"https:\/\/promanconsulting.hu\/wp-content\/uploads\/2021\/02\/belso-motivacio.jpg\" alt=\"\" width=\"1280\" height=\"989\" srcset=\"https:\/\/promanconsulting.hu\/wp-content\/uploads\/2021\/02\/belso-motivacio.jpg 1280w, https:\/\/promanconsulting.hu\/wp-content\/uploads\/2021\/02\/belso-motivacio-300x232.jpg 300w, https:\/\/promanconsulting.hu\/wp-content\/uploads\/2021\/02\/belso-motivacio-1024x791.jpg 1024w, https:\/\/promanconsulting.hu\/wp-content\/uploads\/2021\/02\/belso-motivacio-768x593.jpg 768w\" sizes=\"(max-width: 1280px) 100vw, 1280px\" \/><\/p><p style=\"text-align: justify;\"><span style=\"font-weight: 400;\">A bels\u0151 motiv\u00e1ci\u00f3 (intrinsic vagy \u00f6njutalmaz\u00f3 motiv\u00e1ci\u00f3) a cselekv\u0151b\u0151l, illetve a cselekv\u00e9sb\u0151l, az adott tev\u00e9kenys\u00e9g \u00e9lvezet\u00e9b\u0151l sz\u00e1rmazik.\u00a0<\/span><\/p><p style=\"text-align: justify;\"><span style=\"font-weight: 400;\">A bels\u0151 motiv\u00e1ci\u00f3 fogalma teh\u00e1t jelentheti:<\/span><\/p><ul style=\"text-align: justify;\"><li style=\"font-weight: 400;\" aria-level=\"1\"><span style=\"font-weight: 400;\">a cselekv\u00e9sben lelt, abban megtal\u00e1lt \u00f6r\u00f6met,<\/span><\/li><li style=\"font-weight: 400;\" aria-level=\"1\"><span style=\"font-weight: 400;\">azt a hajt\u00f3er\u0151t, amit saj\u00e1t magunk fejleszt\u00e9se, meghalad\u00e1sa jelent,<\/span><\/li><li style=\"font-weight: 400;\" aria-level=\"1\"><span style=\"font-weight: 400;\">az \u00faj \u00e9lm\u00e9nyek keres\u00e9s\u00e9b\u0151l \u00e9s \u00e1t\u00e9l\u00e9s\u00e9b\u0151l sz\u00e1rmaz\u00f3 \u00e9lvezetet.\u00a0\u00a0<\/span><\/li><\/ul><p style=\"text-align: justify;\"><span style=\"font-weight: 400;\">A bels\u0151 motiv\u00e1ci\u00f3 \u00fagy is le\u00edrhat\u00f3, mint a k\u00fcls\u0151 motiv\u00e1ci\u00f3s t\u00e9nyez\u0151k internaliz\u00e1l\u00e1sa, bels\u0151v\u00e9 t\u00e9tele.\u00a0<\/span><\/p><h3 style=\"text-align: justify;\">A k\u00fcls\u0151 \u00e9s a bels\u0151 motiv\u00e1ci\u00f3 viszonya<\/h3><p style=\"text-align: justify;\"><span style=\"font-weight: 400;\">A bels\u0151 motiv\u00e1ci\u00f3 egy\u00e9rtelm\u0171en fels\u0151bbrend\u0171 a k\u00fcls\u0151 motiv\u00e1ci\u00f3hoz k\u00e9pest. Ugyanakkor van, amikor jobb h\u00edj\u00e1n, a bels\u0151 motiv\u00e1ci\u00f3 hi\u00e1ny\u00e1ban csak a k\u00fcls\u0151 motiv\u00e1ci\u00f3 alkalmazhat\u00f3.\u00a0<\/span><\/p><p style=\"text-align: justify;\"><span style=\"font-weight: 400;\">De nem csak err\u0151l van sz\u00f3. Kutat\u00e1sok szerint, ha valamit k\u00fcls\u0151leg motiv\u00e1lunk, p\u00e9ld\u00e1ul jutalmazunk vagy a p\u00e9nz\u00e9rt csin\u00e1lunk, az cs\u00f6kkenti a bels\u0151 motiv\u00e1ci\u00f3t. Ez\u00e9rt ha valamire van bels\u0151 motiv\u00e1ci\u00f3nk, \u00e9s megtehetj\u00fck, a legjobb a k\u00fcls\u0151 motiv\u00e1ci\u00f3s t\u00e9nyez\u0151ket min\u00e9l ink\u00e1bb figyelmen k\u00edv\u00fcl hagyni.\u00a0<\/span><\/p><h2 style=\"text-align: justify;\">Tippek a motiv\u00e1ci\u00f3 kialak\u00edt\u00e1s\u00e1hoz \u00e9s fejleszt\u00e9s\u00e9hez<\/h2><p><img loading=\"lazy\" decoding=\"async\" class=\"alignnone size-full wp-image-3402\" src=\"https:\/\/promanconsulting.hu\/wp-content\/uploads\/2021\/02\/motivacio-fogalma.jpg\" alt=\"\" width=\"1280\" height=\"853\" srcset=\"https:\/\/promanconsulting.hu\/wp-content\/uploads\/2021\/02\/motivacio-fogalma.jpg 1280w, https:\/\/promanconsulting.hu\/wp-content\/uploads\/2021\/02\/motivacio-fogalma-300x200.jpg 300w, https:\/\/promanconsulting.hu\/wp-content\/uploads\/2021\/02\/motivacio-fogalma-1024x682.jpg 1024w, https:\/\/promanconsulting.hu\/wp-content\/uploads\/2021\/02\/motivacio-fogalma-768x512.jpg 768w\" sizes=\"(max-width: 1280px) 100vw, 1280px\" \/><\/p><p style=\"text-align: justify;\"><span style=\"font-weight: 400;\">A motiv\u00e1latlans\u00e1g \u00e9rz\u00e9s\u00e9vel val\u00f3sz\u00edn\u0171leg mindenki tal\u00e1lkozik \u00e9lete sor\u00e1n, a munkahelyi feladatok elv\u00e9gz\u00e9s\u00e9t is jelent\u0151sen h\u00e1tr\u00e1ltathatja. Az al\u00e1bbi tippek nem jelentenek csodaszert, ugyanakkor sok esetben hat\u00e1sosak lehetnek &#8211; van, amikor a legegyszer\u0171bb megold\u00e1s a leghat\u00e9konyabb.<\/span><\/p><p style=\"text-align: justify;\"><span style=\"font-size: 16px; color: var( --e-global-color-text );\"><b>1.\u00a0<\/b><\/span><strong style=\"font-size: 16px; color: var( --e-global-color-text );\">Mindegy, mit teszel, csak csin\u00e1ld<\/strong><\/p><p style=\"text-align: justify;\"><span style=\"font-weight: 400;\">Amikor valaki motiv\u00e1latlan, csak a probl\u00e9m\u00e1kat, akad\u00e1lyokat l\u00e1tja maga el\u0151tt, amelyek lehetetlenn\u00e9 teszik, hogy el\u00e9rje a c\u00e9lj\u00e1t. Van azonban egy tr\u00fckk: ha m\u00e9gis hozz\u00e1fog \u00e9s elkezdi csin\u00e1lni, szinte mindig beindul a folyamat.\u00a0<\/span><\/p><p style=\"text-align: justify;\"><span style=\"font-weight: 400;\">Nem sz\u00e1m\u00edt, hogy mennyire j\u00f3 vagy rossz az eredm\u00e9ny, a l\u00e9nyeg, hogy kezdj\u00fcnk bele. A cselekv\u00e9s ugyanis az eredm\u00e9ny\u00e9t\u0151l f\u00fcggetlen\u00fcl ki tud mozd\u00edtani a holtpontr\u00f3l. M\u00e1s sz\u00f3val a cselekv\u00e9s \u00f6nmag\u00e1ban is k\u00e9pes motiv\u00e1lni, ha pedig az ember motiv\u00e1lt lesz, m\u00e9g ink\u00e1bb k\u00e9pes cselekedni. <\/span><\/p><p style=\"text-align: justify;\"><b>2. Hat\u00e1rozz meg r\u00e9szc\u00e9lokat<\/b><\/p><p style=\"text-align: justify;\"><span style=\"font-weight: 400;\">Ha el\u0151tt\u00fcnk van egy \u00f6sszetett, nehezen megval\u00f3s\u00edthat\u00f3nak \u00e9s t\u00e1volinak t\u0171n\u0151 c\u00e9l, ez \u00f6nmag\u00e1ban demotiv\u00e1l\u00f3 lehet. Ilyenkor \u00e9rdemes a feladatot kisebb r\u00e9szekre bontani. Az \u00edgy meghat\u00e1rozott r\u00e9szc\u00e9lok el\u00e9r\u00e9se m\u00e1r sokkal k\u00f6nnyebb, el\u00e9rhet\u0151 t\u00e1vols\u00e1gba ker\u00fclnek, \u00edgy az ehhez sz\u00fcks\u00e9ges motiv\u00e1ci\u00f3 megszerz\u00e9se is j\u00f3val egyszer\u0171bb.<\/span><\/p><p style=\"text-align: justify;\"><b>3. Kezdd a legk\u00f6nnyebb feladatokkal<\/b><\/p><p style=\"text-align: justify;\"><span style=\"font-weight: 400;\">\u00c9rdemes a k\u00f6nnyebb feladatokt\u00f3l a nehezebbek fel\u00e9 haladni. \u00cdgy kis energiabefektet\u00e9ssel \u00e9rhet\u00fcnk el sikereket m\u00e1r az elej\u00e9n. Ezekb\u0151l t\u00e1pl\u00e1lkozva pedig k\u00f6nnyebb lesz megval\u00f3s\u00edtani az eggyel nehezebb feladatot, ami a k\u00f6vetkez\u0151 a sorban. Ezt tulajdonk\u00e9ppen a motiv\u00e1ci\u00f3 fejleszt\u00e9s\u00e9nek mikromenedzsmentje. <\/span><\/p><p style=\"text-align: justify;\"><b>4. Aludj eleget, t\u00e1pl\u00e1lkozz v\u00e1ltozatosan<\/b><\/p><p style=\"text-align: justify;\"><span style=\"font-weight: 400;\">K\u00f6zhelynek t\u0171nik, de nem az: a motiv\u00e1latlans\u00e1g \u201c\u0151sforr\u00e1sa\u201d a kimer\u00fclts\u00e9g. Ha test\u00fcnket nem l\u00e1tjuk el a m\u0171k\u00f6d\u00e9s\u00e9hez sz\u00fcks\u00e9ges t\u00e1panyagokkal \u00e9s a megfelel\u0151 mennyis\u00e9g\u0171 \u00e9s min\u0151s\u00e9g\u0171 pihen\u00e9ssel, nem lesz\u00fcnk k\u00e9pesek motiv\u00e1ltan cselekedni.\u00a0<\/span><\/p><p style=\"text-align: justify;\"><span style=\"font-weight: 400;\">A megfelel\u0151 alv\u00e1s \u00e9s ev\u00e9s teh\u00e1t \u00f6nmag\u00e1ban nem elegend\u0151 a bels\u0151 motiv\u00e1ci\u00f3 kialak\u00edt\u00e1s\u00e1hoz, de ezek n\u00e9lk\u00fcl lehetetlen erre szert tenni. \u00c9ppen \u00fagy, ahogyan az \u00e9retts\u00e9gi m\u00e9g kev\u00e9s egy j\u00f3 \u00e1ll\u00e1s megszerz\u00e9s\u00e9hez, de annak hi\u00e1ny\u00e1ban es\u00e9ly sincsen r\u00e1.\u00a0<\/span><\/p><h3 style=\"text-align: justify;\">K\u00e9rd\u00e9se van? L\u00e9pjen vel\u00fcnk kapcsolatba!<\/h3><p style=\"text-align: justify;\"><span style=\"font-weight: 400;\">Sz\u00edvesen fejleszten\u00e9 v\u00e1llalata m\u0171k\u00f6d\u00e9s\u00e9t, vagy saj\u00e1t feladatait \u00fctemezn\u00e9 hat\u00e9konyabban? Esetleg egy\u00e9b, folyamat- vagy projektmenedzsmenttel kapcsolatos k\u00e9rd\u00e9se van? B\u00edzza r\u00e1nk c\u00e9ge \u00e1tvil\u00e1g\u00edt\u00e1s\u00e1t, \u00e9s k\u00e9rje seg\u00edts\u00e9g\u00fcnket a folyamatmenedzsment strat\u00e9gia \u00e9s a folyamatfejleszt\u00e9si m\u00f3dszertan kialak\u00edt\u00e1s\u00e1ban.<\/span><\/p><p style=\"text-align: justify;\"><span style=\"font-weight: 400;\">\u00a0<\/span><a href=\"mailto:info@promanconsulting.hu\"><span style=\"font-weight: 400;\">Vegye fel vel\u00fcnk a kapcsolatot \u00e9s k\u00e9rjen ingyenes konzult\u00e1ci\u00f3t!<\/span><\/a><\/p>\t\t\t\t\t\t\t\t<\/div>\n\t\t\t\t<\/div>\n\t\t\t\t\t<\/div>\n\t\t<\/div>\n\t\t\t\t\t<\/div>\n\t\t<\/section>\n\t\t\t\t<\/div>\n\t\t","protected":false},"excerpt":{"rendered":"<p>A motiv\u00e1ci\u00f3 divatos kifejez\u00e9s, gyakran hallhatjuk coaching \u00fcl\u00e9seken \u00e9s menedzsertr\u00e9ningeken is. Cikk\u00fcnkben megvizsg\u00e1ljuk, mi a motiv\u00e1ci\u00f3 jelent\u00e9se, milyen fajt\u00e1i vannak, \u00e9s adunk n\u00e9h\u00e1ny tippet a motiv\u00e1ci\u00f3 n\u00f6vel\u00e9s\u00e9re.&nbsp; A c\u00e9gek m\u0171k\u00f6d\u00e9s\u00e9nek fejleszt\u00e9se, optimaliz\u00e1l\u00e1sa akkor lehet hat\u00e9kony \u00e9s eredm\u00e9nyes, ha az alkalmazottak szintj\u00e9n is minden adott a legjobb teljes\u00edtm\u00e9ny el\u00e9r\u00e9s\u00e9hez. A munkat\u00e1rsak kell\u0151 motiv\u00e1ci\u00f3j\u00e1ra a szervezet minden [&hellip;]<\/p>\n","protected":false},"author":5,"featured_media":3406,"comment_status":"closed","ping_status":"closed","sticky":false,"template":"","format":"standard","meta":{"footnotes":""},"categories":[187],"tags":[207,208,209,173,154,103],"class_list":["post-2755","post","type-post","status-publish","format-standard","has-post-thumbnail","hentry","category-vezetes","tag-csapatmunka","tag-hatekonysag","tag-motivacio","tag-mukodesfejlesztes","tag-szervezetfejlesztes","tag-vezetes","entry","has-media"],"_links":{"self":[{"href":"https:\/\/promanconsulting.hu\/en\/wp-json\/wp\/v2\/posts\/2755","targetHints":{"allow":["GET"]}}],"collection":[{"href":"https:\/\/promanconsulting.hu\/en\/wp-json\/wp\/v2\/posts"}],"about":[{"href":"https:\/\/promanconsulting.hu\/en\/wp-json\/wp\/v2\/types\/post"}],"author":[{"embeddable":true,"href":"https:\/\/promanconsulting.hu\/en\/wp-json\/wp\/v2\/users\/5"}],"replies":[{"embeddable":true,"href":"https:\/\/promanconsulting.hu\/en\/wp-json\/wp\/v2\/comments?post=2755"}],"version-history":[{"count":1,"href":"https:\/\/promanconsulting.hu\/en\/wp-json\/wp\/v2\/posts\/2755\/revisions"}],"predecessor-version":[{"id":6241,"href":"https:\/\/promanconsulting.hu\/en\/wp-json\/wp\/v2\/posts\/2755\/revisions\/6241"}],"wp:featuredmedia":[{"embeddable":true,"href":"https:\/\/promanconsulting.hu\/en\/wp-json\/wp\/v2\/media\/3406"}],"wp:attachment":[{"href":"https:\/\/promanconsulting.hu\/en\/wp-json\/wp\/v2\/media?parent=2755"}],"wp:term":[{"taxonomy":"category","embeddable":true,"href":"https:\/\/promanconsulting.hu\/en\/wp-json\/wp\/v2\/categories?post=2755"},{"taxonomy":"post_tag","embeddable":true,"href":"https:\/\/promanconsulting.hu\/en\/wp-json\/wp\/v2\/tags?post=2755"}],"curies":[{"name":"wp","href":"https:\/\/api.w.org\/{rel}","templated":true}]}}