{"id":2741,"date":"2020-05-29T00:47:03","date_gmt":"2020-05-29T00:47:03","guid":{"rendered":"http:\/\/promanconsulting.hu\/?p=2103"},"modified":"2023-05-17T18:48:17","modified_gmt":"2023-05-17T18:48:17","slug":"application-of-the-5-miert-modser","status":"publish","type":"post","link":"https:\/\/promanconsulting.hu\/en\/az-5-miert-modszer-alkalmazasa\/","title":{"rendered":"The origin and application of the 5 why method"},"content":{"rendered":"\t\t<div data-elementor-type=\"wp-post\" data-elementor-id=\"2741\" class=\"elementor elementor-2741\" data-elementor-settings=\"{&quot;ha_cmc_init_switcher&quot;:&quot;no&quot;}\" data-elementor-post-type=\"post\">\n\t\t\t\t\t\t<section class=\"elementor-section elementor-top-section elementor-element elementor-element-5f028f3c elementor-section-boxed elementor-section-height-default elementor-section-height-default\" data-id=\"5f028f3c\" data-element_type=\"section\" data-e-type=\"section\" data-settings=\"{&quot;jet_parallax_layout_list&quot;:[{&quot;jet_parallax_layout_image&quot;:{&quot;url&quot;:&quot;&quot;,&quot;id&quot;:&quot;&quot;,&quot;size&quot;:&quot;&quot;},&quot;_id&quot;:&quot;ba41bf4&quot;,&quot;jet_parallax_layout_image_tablet&quot;:{&quot;url&quot;:&quot;&quot;,&quot;id&quot;:&quot;&quot;,&quot;size&quot;:&quot;&quot;},&quot;jet_parallax_layout_image_mobile&quot;:{&quot;url&quot;:&quot;&quot;,&quot;id&quot;:&quot;&quot;,&quot;size&quot;:&quot;&quot;},&quot;jet_parallax_layout_speed&quot;:{&quot;unit&quot;:&quot;%&quot;,&quot;size&quot;:50,&quot;sizes&quot;:[]},&quot;jet_parallax_layout_type&quot;:&quot;scroll&quot;,&quot;jet_parallax_layout_direction&quot;:&quot;1&quot;,&quot;jet_parallax_layout_fx_direction&quot;:null,&quot;jet_parallax_layout_z_index&quot;:&quot;&quot;,&quot;jet_parallax_layout_bg_x&quot;:50,&quot;jet_parallax_layout_bg_x_tablet&quot;:&quot;&quot;,&quot;jet_parallax_layout_bg_x_mobile&quot;:&quot;&quot;,&quot;jet_parallax_layout_bg_y&quot;:50,&quot;jet_parallax_layout_bg_y_tablet&quot;:&quot;&quot;,&quot;jet_parallax_layout_bg_y_mobile&quot;:&quot;&quot;,&quot;jet_parallax_layout_bg_size&quot;:&quot;auto&quot;,&quot;jet_parallax_layout_bg_size_tablet&quot;:&quot;&quot;,&quot;jet_parallax_layout_bg_size_mobile&quot;:&quot;&quot;,&quot;jet_parallax_layout_animation_prop&quot;:&quot;transform&quot;,&quot;jet_parallax_layout_on&quot;:[&quot;desktop&quot;,&quot;tablet&quot;]}],&quot;_ha_eqh_enable&quot;:false}\">\n\t\t\t\t\t\t<div class=\"elementor-container elementor-column-gap-default\">\n\t\t\t\t\t<div class=\"elementor-column elementor-col-100 elementor-top-column elementor-element elementor-element-1b4262e8\" data-id=\"1b4262e8\" data-element_type=\"column\" data-e-type=\"column\">\n\t\t\t<div class=\"elementor-widget-wrap elementor-element-populated\">\n\t\t\t\t\t\t<div class=\"elementor-element elementor-element-eae6f77 elementor-widget elementor-widget-image\" data-id=\"eae6f77\" data-element_type=\"widget\" data-e-type=\"widget\" data-widget_type=\"image.default\">\n\t\t\t\t<div class=\"elementor-widget-container\">\n\t\t\t\t\t\t\t\t\t\t\t\t\t\t\t<img fetchpriority=\"high\" decoding=\"async\" width=\"920\" height=\"613\" src=\"https:\/\/promanconsulting.hu\/wp-content\/uploads\/2020\/05\/5-miert-modszer.jpg\" class=\"attachment-large size-large wp-image-4120\" alt=\"5 mi\u00e9rt k\u00e9rd\u00e9sek\" srcset=\"https:\/\/promanconsulting.hu\/wp-content\/uploads\/2020\/05\/5-miert-modszer.jpg 920w, https:\/\/promanconsulting.hu\/wp-content\/uploads\/2020\/05\/5-miert-modszer-300x200.jpg 300w, https:\/\/promanconsulting.hu\/wp-content\/uploads\/2020\/05\/5-miert-modszer-768x512.jpg 768w\" sizes=\"(max-width: 920px) 100vw, 920px\" \/>\t\t\t\t\t\t\t\t\t\t\t\t\t\t\t<\/div>\n\t\t\t\t<\/div>\n\t\t\t\t<div class=\"elementor-element elementor-element-324bf4b5 elementor-widget elementor-widget-text-editor\" data-id=\"324bf4b5\" data-element_type=\"widget\" data-e-type=\"widget\" data-widget_type=\"text-editor.default\">\n\t\t\t\t<div class=\"elementor-widget-container\">\n\t\t\t\t\t\t\t\t\t<h1><span style=\"font-weight: 400;\">Az 5 mi\u00e9rt m\u00f3dszer eredete \u00e9s alkalmaz\u00e1sa<\/span><\/h1><p style=\"text-align: justify;\"><b>Az 5 mi\u00e9rt, m\u00e1s n\u00e9ven 5 why vagy 5w m\u00f3dszer a lean \u00e9s \u00fczleti elemz\u00e9s m\u00f3dszerek k\u00f6z\u00fcl az egyik legn\u00e9pszer\u0171bb. T\u00e9rh\u00f3d\u00edt\u00e1sa j\u00f3l jelzi azt a trendet, amely a probl\u00e9m\u00e1k ut\u00f3lagos jav\u00edt\u00e1sa, t\u00fcneti kezel\u00e9se helyett azok megel\u0151z\u00e9s\u00e9re helyezi a hangs\u00falyt. Az 5 mi\u00e9rt m\u00f3dszer seg\u00edts\u00e9g\u00e9vel azonos\u00edthatjuk a m\u0171k\u00f6d\u00e9si zavarok gy\u00f6k\u00e9rok\u00e1t, \u00edgy val\u00f3di megold\u00e1st alkalmazhatunk a megold\u00e1suk \u00e9rdek\u00e9ben.<\/b><\/p><p><span style=\"font-size: 28.8px; font-weight: 400; color: #333333; text-transform: uppercase;\">Mire haszn\u00e1ljuk az 5 mi\u00e9rt m\u00f3dszert?<\/span><\/p><p style=\"text-align: justify;\"><span style=\"font-weight: 400;\">A m\u00f3dszer c\u00e9lja, hogy megtal\u00e1ljuk a probl\u00e9m\u00e1k val\u00f3di ok\u00e1t. Ha a valami nem m\u0171k\u00f6dik megfelel\u0151en egy v\u00e1llalaton bel\u00fcl, \u00e9s ezt orvosolni pr\u00f3b\u00e1ljuk, gyakran meg\u00e1llunk az els\u0151 \u201cmi\u00e9rt?\u201d k\u00e9rd\u00e9sre adott v\u00e1laszn\u00e1l. Ezzel l\u00e1tsz\u00f3lag megoldjuk a probl\u00e9m\u00e1t, de val\u00f3j\u00e1ban csak t\u00fcneti kezel\u00e9st adunk r\u00e1. Mivel a zavart okoz\u00f3 t\u00e9nyez\u0151, vagyis az eredeti, gy\u00f6k\u00e9rok tov\u00e1bbra is fenn\u00e1ll, a sz\u00f3ban forg\u00f3 probl\u00e9ma szinte biztosan vissza fog t\u00e9rni. Eg\u00e9szen addig, m\u00edg a val\u00f3di kiv\u00e1lt\u00f3 okot nem azonos\u00edtjuk, \u00e9s nem kezelj\u00fck. Az 5 mi\u00e9rt m\u00f3dszer pontosan erre szolg\u00e1l.\u00a0<\/span><\/p><h2><span style=\"font-weight: 400;\">Az 5 mi\u00e9rt m\u00f3dszer eredete<\/span><\/h2><p style=\"text-align: justify;\"><span style=\"font-weight: 400;\">Az 5 mi\u00e9rt a lean m\u00f3dszerek k\u00f6z\u00e9 tartozik, \u00fczleti elemz\u0151k k\u00f6r\u00e9ben is igen elterjedt ennek alkalmaz\u00e1sa, valamint az agilis projektmenedzsmentben is alkalmazz\u00e1k a retrospekt\u00edvek sor\u00e1n. Vagyis akkor, amikor egy-egy fejleszt\u00e9si iter\u00e1ci\u00f3 lez\u00e1rult\u00e1val \u00e9rt\u00e9kelik az adott id\u0151szak t\u00f6rt\u00e9n\u00e9seit.\u00a0\u00a0<\/span><\/p><p style=\"text-align: justify;\"><span style=\"font-weight: 400;\">Az elj\u00e1r\u00e1st a Toyot\u00e1n\u00e1l haszn\u00e1lt\u00e1k el\u0151sz\u00f6r, a jap\u00e1n aut\u00f3gy\u00e1r alap\u00edt\u00f3ja, Sakichi Toyoda fejlesztette ki az 1930-as \u00e9vekben. A nagyvil\u00e1gban \u00d3no Taiicsinek k\u00f6sz\u00f6nhet\u0151en terjedt el. \u0150 a Toyota termel\u00e9si rendszer\u00e9nek atyja, amey a lean menedzsment alapj\u00e1t k\u00e9pezi.\u00a0<\/span><\/p><p style=\"text-align: justify;\"><span style=\"font-weight: 400;\">Az 5 mi\u00e9rt m\u00f3dszere m\u00e1ra sz\u00e9les k\u00f6rben ismertt\u00e9 v\u00e1lt. A met\u00f3dust m\u00e1r nem csak a lean \u00e9s az agilis projektmenedzsment keretein bel\u00fcl haszn\u00e1lj\u00e1k, hanem a gazdas\u00e1g, s\u0151t, a mindennapi \u00e9let sz\u00e1mos ter\u00fclet\u00e9n is.\u00a0\u00a0<\/span><\/p><p><span style=\"font-size: 28.8px; font-weight: 400; color: #333333; text-transform: uppercase;\">Az 5 mi\u00e9rt m\u00f3dszer &#8211; p\u00e9lda<\/span><\/p>\t\t\t\t\t\t\t\t<\/div>\n\t\t\t\t<\/div>\n\t\t\t\t<div class=\"elementor-element elementor-element-aa6806c elementor-widget elementor-widget-image\" data-id=\"aa6806c\" data-element_type=\"widget\" data-e-type=\"widget\" data-widget_type=\"image.default\">\n\t\t\t\t<div class=\"elementor-widget-container\">\n\t\t\t\t\t\t\t\t\t\t\t\t\t\t\t<img decoding=\"async\" width=\"920\" height=\"920\" src=\"https:\/\/promanconsulting.hu\/wp-content\/uploads\/2020\/05\/5-miert.jpg\" class=\"attachment-large size-large wp-image-4121\" alt=\"5 mi\u00e9rt m\u00f3dszer\" srcset=\"https:\/\/promanconsulting.hu\/wp-content\/uploads\/2020\/05\/5-miert.jpg 920w, https:\/\/promanconsulting.hu\/wp-content\/uploads\/2020\/05\/5-miert-300x300.jpg 300w, https:\/\/promanconsulting.hu\/wp-content\/uploads\/2020\/05\/5-miert-150x150.jpg 150w, https:\/\/promanconsulting.hu\/wp-content\/uploads\/2020\/05\/5-miert-768x768.jpg 768w\" sizes=\"(max-width: 920px) 100vw, 920px\" \/>\t\t\t\t\t\t\t\t\t\t\t\t\t\t\t<\/div>\n\t\t\t\t<\/div>\n\t\t\t\t<div class=\"elementor-element elementor-element-5be471f elementor-widget elementor-widget-text-editor\" data-id=\"5be471f\" data-element_type=\"widget\" data-e-type=\"widget\" data-widget_type=\"text-editor.default\">\n\t\t\t\t<div class=\"elementor-widget-container\">\n\t\t\t\t\t\t\t\t\t<p><span style=\"font-size: 16px; font-weight: 400; color: var( --e-global-color-text );\">Az 5 mi\u00e9rt m\u00f3dszer alkalmaz\u00e1sa sor\u00e1n addig tessz\u00fck fel a megoldand\u00f3 probl\u00e9m\u00e1val kapcsolatban a \u201cmi\u00e9rt?\u201d k\u00e9rd\u00e9st, am\u00edg el nem jutunk annak eredeti ok\u00e1ig, illetve a megold\u00e1sig. A tapasztalatok szerint ez leggyakrabban az 5. k\u00e9rd\u00e9s ut\u00e1n k\u00f6vetkezik be. Ez azonban nincs k\u0151be v\u00e9sve, lehet olyan eset, amikor enn\u00e9l kevesebb vagy enn\u00e9l t\u00f6bb k\u00e9rd\u00e9s vezet el a megold\u00e1shoz.\u00a0<\/span><\/p><p><span style=\"font-weight: 400;\">Egy p\u00e9lda az 5 mi\u00e9rt m\u00f3dszer alkalmaz\u00e1s\u00e1ra:<\/span><\/p><p><strong>Mi\u00e9rt 1: <\/strong>Mi\u00e9rt nem tudott ban\u00e1nt v\u00e1s\u00e1rolni Szab\u00f3 n\u00e9ni?<br \/><span style=\"font-weight: 400;\">Mert nem volt ban\u00e1n a polcon.<\/span><br \/><strong>Mi\u00e9rt 2: <\/strong>Mi\u00e9rt nem volt ban\u00e1n a polcon?<br \/><span style=\"font-weight: 400;\">Mert tegnap este elfogyott az \u00f6sszes, \u00e9s senki sem rendelt.<\/span><br \/><strong>Mi\u00e9rt 3: <\/strong>Mi\u00e9rt nem rendelt senki?<br \/><span style=\"font-weight: 400;\">A tegnapi \u00fcgyeletes \u00e1ruh\u00e1zvezet\u0151 kor\u00e1bban elment, a ban\u00e1n ut\u00e1na fogyott ki.<\/span><br \/><strong>Mi\u00e9rt 4: <\/strong>Mi\u00e9rt nem rendelt ban\u00e1nt a mai \u00fcgyeletes?<br \/><span style=\"font-weight: 400;\">Azt hitte, a tegnapi \u00fcgyeletes m\u00e1r rendelt. <\/span><br \/><strong>Mi\u00e9rt 5: <\/strong>Mi\u00e9rt nem gy\u0151z\u0151d\u00f6tt meg r\u00f3la a mai \u00fcgyeletes, hogy van-e el\u00e9g ban\u00e1n?<br \/><span style=\"font-weight: 400;\">M\u00e9g csak 1 hete van n\u00e1lunk, \u00e9s nem tal\u00e1lkozott eddig ilyen esettel.<\/span><\/p><p style=\"text-align: justify;\"><span style=\"font-weight: 400;\">A p\u00e9ld\u00e1b\u00f3l l\u00e1that\u00f3, hogy ha az els\u0151 mi\u00e9rt?-n\u00e9l meg\u00e1llunk, azzal nem oldjuk meg a probl\u00e9m\u00e1t. M\u00e9g akkor sem, ha esetleg lett volna ban\u00e1n a rakt\u00e1rban, \u00e9s tesz\u00fcnk ki a polcokra. Ez csak t\u00fcneti kezel\u00e9s, az \u00e1ruhi\u00e1ny pedig el\u0151bb-ut\u00f3bb megism\u00e9tl\u0151dik. Ugyan\u00edgy, ha a 2. szinten oldjuk csak meg a probl\u00e9m\u00e1t, \u00e9s rendel\u00fcnk ban\u00e1nt, egy hasonl\u00f3 esetben a jelens\u00e9g akkor is megism\u00e9tl\u0151dne.\u00a0<\/span><\/p><p style=\"text-align: justify;\"><span style=\"font-weight: 400;\">A k\u00e9rd\u00e9sfeltev\u00e9st teh\u00e1t tov\u00e1bb kell folytatni, hogy a gy\u00f6k\u00e9rokig fenn\u00e1ll\u00f3 \u00f6sszes ok-okozati \u00f6sszef\u00fcgg\u00e9st felt\u00e1rjuk. Az \u00edgy lefolytatott 5 mi\u00e9rt elemz\u00e9s v\u00e9g\u00e9n azonos\u00edtjuk a val\u00f3di okot, \u00e9s ennek megold\u00e1s\u00e1val rendszerszinten k\u00fcsz\u00f6b\u00f6lj\u00fck ki a probl\u00e9m\u00e1hoz vezet\u0151 m\u0171k\u00f6d\u00e9si zavart. Ebben a konkr\u00e9t esetben az \u00faj \u00e1ruh\u00e1zvezet\u0151 oktat\u00e1s\u00e1val el\u0151zhet\u0151 meg, hogy ez a fajta \u00e1ruhi\u00e1ny megism\u00e9tl\u0151dj\u00f6n.\u00a0<\/span><\/p><p><span style=\"font-size: 28.8px; font-weight: 400; color: #333333; text-transform: uppercase;\">Az 5 mi\u00e9rt m\u00f3dszer a gyakorlatban<\/span><\/p>\t\t\t\t\t\t\t\t<\/div>\n\t\t\t\t<\/div>\n\t\t\t\t<div class=\"elementor-element elementor-element-4d75f29 elementor-widget elementor-widget-image\" data-id=\"4d75f29\" data-element_type=\"widget\" data-e-type=\"widget\" data-widget_type=\"image.default\">\n\t\t\t\t<div class=\"elementor-widget-container\">\n\t\t\t\t\t\t\t\t\t\t\t\t\t\t\t<img decoding=\"async\" width=\"512\" height=\"341\" src=\"https:\/\/promanconsulting.hu\/wp-content\/uploads\/2020\/05\/5-why.jpg\" class=\"attachment-large size-large wp-image-4123\" alt=\"5 mi\u00e9rt?\" srcset=\"https:\/\/promanconsulting.hu\/wp-content\/uploads\/2020\/05\/5-why.jpg 512w, https:\/\/promanconsulting.hu\/wp-content\/uploads\/2020\/05\/5-why-300x200.jpg 300w\" sizes=\"(max-width: 512px) 100vw, 512px\" \/>\t\t\t\t\t\t\t\t\t\t\t\t\t\t\t<\/div>\n\t\t\t\t<\/div>\n\t\t\t\t<div class=\"elementor-element elementor-element-798239f elementor-widget elementor-widget-text-editor\" data-id=\"798239f\" data-element_type=\"widget\" data-e-type=\"widget\" data-widget_type=\"text-editor.default\">\n\t\t\t\t<div class=\"elementor-widget-container\">\n\t\t\t\t\t\t\t\t\t<p><span style=\"font-size: 16px; font-weight: 400; text-align: justify; color: var( --e-global-color-text );\">Az 5 mi\u00e9rt m\u00f3dszert k\u00f6nnyed\u00e9n ellen\u0151rizhetj\u00fck, ehhez olvassuk el ford\u00edtott sorrendben az adott v\u00e1laszokat. A fenti p\u00e9ld\u00e1n\u00e1l maradva:<\/span><\/p><ul style=\"text-align: justify;\"><li style=\"font-weight: 400;\"><span style=\"font-weight: 400;\">az \u00faj munkat\u00e1rsat megtan\u00edtjuk, hogy minden reggel n\u00e9zze \u00e1t a k\u00e9szletet, \u00e9s rendeljen abb\u00f3l, ami elfogyott,<\/span><\/li><li style=\"font-weight: 400;\"><span style=\"font-weight: 400;\">\u00edgy akkor is j\u00f6n \u00e1ru, ha el\u0151z\u0151 nap elmaradt a rendel\u00e9s,<\/span><\/li><li style=\"font-weight: 400;\"><span style=\"font-weight: 400;\">\u00edgy mindig lesz \u00e1ru a polcokon.\u00a0<\/span><\/li><\/ul><p style=\"text-align: justify;\"><span style=\"font-weight: 400;\">Az 5 mi\u00e9rt m\u00f3dszer alkalmaz\u00e1s\u00e1n\u00e1l nagyon fontos, hogy ne probl\u00e9mak\u00f6zpont\u00fa legyen a gondolkod\u00e1s ir\u00e1nya, hanem megold\u00e1sk\u00f6zpont\u00fa. A menedzsment r\u00e9sz\u00e9r\u0151l ez\u00e9rt \u00e9rdemes az okok felder\u00edt\u00e9s\u00e9re f\u00f3kusz\u00e1lni, \u00e9s nem pedig a felel\u0151ss\u00e9gre von\u00e1sra. Ha ugyanis a b\u0171nbakk\u00e9pz\u00e9s, a felel\u0151ss\u00e9gre von\u00e1s ker\u00fcl a k\u00f6z\u00e9ppontba, az hosszabb t\u00e1von g\u00e1tolhatja a val\u00f3di okok felt\u00e1r\u00e1s\u00e1t, \u00e9s \u00edgy az 5 mi\u00e9rt m\u00f3dszer hat\u00e9kony alkalmaz\u00e1s\u00e1t. Hiszen senkinek nem \u00e1ll majd \u00e9rdek\u00e9ben a folyamatok \u0151szinte fel\u00fclvizsg\u00e1lata.\u00a0<\/span><\/p><p style=\"text-align: justify;\"><span style=\"font-weight: 400;\">Ez persze nem jelenti azt, hogy teljes m\u00e9rt\u00e9kben elhagyhat\u00f3 a felel\u0151ss\u00e9gv\u00e1llal\u00e1s, illetve a sz\u00e1monk\u00e9r\u00e9s. F\u0151leg abban az esetben van erre sz\u00fcks\u00e9g, ha egy adott hiba egy szem\u00e9ly r\u00e9sz\u00e9r\u0151l t\u00f6bbsz\u00f6r is megism\u00e9tl\u0151dik.\u00a0<\/span><\/p><p><span style=\"font-size: 28.8px; font-weight: 400; color: #333333; text-transform: uppercase;\">K\u00e9rd\u00e9se van? L\u00e9pjen vel\u00fcnk kapcsolatba!<\/span><\/p><p><span style=\"font-weight: 400;\">Szeretne t\u00f6bbet megtudni az 5 mi\u00e9rt m\u00f3dszer gyakorlati alkalmaz\u00e1s\u00e1val, a lean menedzsmenttel, \u00fczleti elemz\u00e9ssel, net\u00e1n az az agilis transzform\u00e1ci\u00f3val kapcsolatban? Esetleg egy\u00e9b, projektmenedzsmenttel kapcsolatos k\u00e9rd\u00e9se van? <\/span><a href=\"mailto:info@promanconsulting.hu\"><span style=\"font-weight: 400;\">Vegye fel vel\u00fcnk a kapcsolatot \u00e9s k\u00e9rjen ingyenes konzult\u00e1ci\u00f3t!<\/span><\/a><\/p>\t\t\t\t\t\t\t\t<\/div>\n\t\t\t\t<\/div>\n\t\t\t\t\t<\/div>\n\t\t<\/div>\n\t\t\t\t\t<\/div>\n\t\t<\/section>\n\t\t\t\t<\/div>\n\t\t","protected":false},"excerpt":{"rendered":"<p>Az 5 mi\u00e9rt m\u00f3dszer eredete \u00e9s alkalmaz\u00e1sa Az 5 mi\u00e9rt, m\u00e1s n\u00e9ven 5 why vagy 5w m\u00f3dszer a lean \u00e9s \u00fczleti elemz\u00e9s m\u00f3dszerek k\u00f6z\u00fcl az egyik legn\u00e9pszer\u0171bb. T\u00e9rh\u00f3d\u00edt\u00e1sa j\u00f3l jelzi azt a trendet, amely a probl\u00e9m\u00e1k ut\u00f3lagos jav\u00edt\u00e1sa, t\u00fcneti kezel\u00e9se helyett azok megel\u0151z\u00e9s\u00e9re helyezi a hangs\u00falyt. Az 5 mi\u00e9rt m\u00f3dszer seg\u00edts\u00e9g\u00e9vel azonos\u00edthatjuk a m\u0171k\u00f6d\u00e9si zavarok [&hellip;]<\/p>\n","protected":false},"author":5,"featured_media":4120,"comment_status":"closed","ping_status":"closed","sticky":false,"template":"","format":"standard","meta":{"footnotes":""},"categories":[62],"tags":[162,54,163,111,58],"class_list":["post-2741","post","type-post","status-publish","format-standard","has-post-thumbnail","hentry","category-uzleti-elemzes","tag-5-miert","tag-agilis","tag-gyokerok-elemzes","tag-lean","tag-uzleti-elemzes","entry","has-media"],"_links":{"self":[{"href":"https:\/\/promanconsulting.hu\/en\/wp-json\/wp\/v2\/posts\/2741","targetHints":{"allow":["GET"]}}],"collection":[{"href":"https:\/\/promanconsulting.hu\/en\/wp-json\/wp\/v2\/posts"}],"about":[{"href":"https:\/\/promanconsulting.hu\/en\/wp-json\/wp\/v2\/types\/post"}],"author":[{"embeddable":true,"href":"https:\/\/promanconsulting.hu\/en\/wp-json\/wp\/v2\/users\/5"}],"replies":[{"embeddable":true,"href":"https:\/\/promanconsulting.hu\/en\/wp-json\/wp\/v2\/comments?post=2741"}],"version-history":[{"count":1,"href":"https:\/\/promanconsulting.hu\/en\/wp-json\/wp\/v2\/posts\/2741\/revisions"}],"predecessor-version":[{"id":8217,"href":"https:\/\/promanconsulting.hu\/en\/wp-json\/wp\/v2\/posts\/2741\/revisions\/8217"}],"wp:featuredmedia":[{"embeddable":true,"href":"https:\/\/promanconsulting.hu\/en\/wp-json\/wp\/v2\/media\/4120"}],"wp:attachment":[{"href":"https:\/\/promanconsulting.hu\/en\/wp-json\/wp\/v2\/media?parent=2741"}],"wp:term":[{"taxonomy":"category","embeddable":true,"href":"https:\/\/promanconsulting.hu\/en\/wp-json\/wp\/v2\/categories?post=2741"},{"taxonomy":"post_tag","embeddable":true,"href":"https:\/\/promanconsulting.hu\/en\/wp-json\/wp\/v2\/tags?post=2741"}],"curies":[{"name":"wp","href":"https:\/\/api.w.org\/{rel}","templated":true}]}}