{"id":2736,"date":"2020-03-11T00:31:21","date_gmt":"2020-03-11T00:31:21","guid":{"rendered":"http:\/\/promanconsulting.hu\/?p=1771"},"modified":"2023-05-17T18:47:43","modified_gmt":"2023-05-17T18:47:43","slug":"lean-management","status":"publish","type":"post","link":"https:\/\/promanconsulting.hu\/en\/lean-menedzsment\/","title":{"rendered":"Theory and application of lean management"},"content":{"rendered":"\t\t<div data-elementor-type=\"wp-post\" data-elementor-id=\"2736\" class=\"elementor elementor-2736\" data-elementor-settings=\"{&quot;ha_cmc_init_switcher&quot;:&quot;no&quot;}\" data-elementor-post-type=\"post\">\n\t\t\t\t\t\t<section class=\"elementor-section elementor-top-section elementor-element elementor-element-4654bd37 elementor-section-boxed elementor-section-height-default elementor-section-height-default\" data-id=\"4654bd37\" data-element_type=\"section\" data-e-type=\"section\" data-settings=\"{&quot;jet_parallax_layout_list&quot;:[{&quot;jet_parallax_layout_image&quot;:{&quot;url&quot;:&quot;&quot;,&quot;id&quot;:&quot;&quot;,&quot;size&quot;:&quot;&quot;},&quot;_id&quot;:&quot;de90186&quot;,&quot;jet_parallax_layout_image_tablet&quot;:{&quot;url&quot;:&quot;&quot;,&quot;id&quot;:&quot;&quot;,&quot;size&quot;:&quot;&quot;},&quot;jet_parallax_layout_image_mobile&quot;:{&quot;url&quot;:&quot;&quot;,&quot;id&quot;:&quot;&quot;,&quot;size&quot;:&quot;&quot;},&quot;jet_parallax_layout_speed&quot;:{&quot;unit&quot;:&quot;%&quot;,&quot;size&quot;:50,&quot;sizes&quot;:[]},&quot;jet_parallax_layout_type&quot;:&quot;scroll&quot;,&quot;jet_parallax_layout_direction&quot;:&quot;1&quot;,&quot;jet_parallax_layout_fx_direction&quot;:null,&quot;jet_parallax_layout_z_index&quot;:&quot;&quot;,&quot;jet_parallax_layout_bg_x&quot;:50,&quot;jet_parallax_layout_bg_x_tablet&quot;:&quot;&quot;,&quot;jet_parallax_layout_bg_x_mobile&quot;:&quot;&quot;,&quot;jet_parallax_layout_bg_y&quot;:50,&quot;jet_parallax_layout_bg_y_tablet&quot;:&quot;&quot;,&quot;jet_parallax_layout_bg_y_mobile&quot;:&quot;&quot;,&quot;jet_parallax_layout_bg_size&quot;:&quot;auto&quot;,&quot;jet_parallax_layout_bg_size_tablet&quot;:&quot;&quot;,&quot;jet_parallax_layout_bg_size_mobile&quot;:&quot;&quot;,&quot;jet_parallax_layout_animation_prop&quot;:&quot;transform&quot;,&quot;jet_parallax_layout_on&quot;:[&quot;desktop&quot;,&quot;tablet&quot;]}],&quot;_ha_eqh_enable&quot;:false}\">\n\t\t\t\t\t\t<div class=\"elementor-container elementor-column-gap-default\">\n\t\t\t\t\t<div class=\"elementor-column elementor-col-100 elementor-top-column elementor-element elementor-element-30828993\" data-id=\"30828993\" data-element_type=\"column\" data-e-type=\"column\">\n\t\t\t<div class=\"elementor-widget-wrap elementor-element-populated\">\n\t\t\t\t\t\t<div class=\"elementor-element elementor-element-782642b elementor-widget elementor-widget-image\" data-id=\"782642b\" data-element_type=\"widget\" data-e-type=\"widget\" data-widget_type=\"image.default\">\n\t\t\t\t<div class=\"elementor-widget-container\">\n\t\t\t\t\t\t\t\t\t\t\t\t\t\t\t<img fetchpriority=\"high\" decoding=\"async\" width=\"1000\" height=\"665\" src=\"https:\/\/promanconsulting.hu\/wp-content\/uploads\/2020\/03\/lean-szemlelet.jpg\" class=\"attachment-large size-large wp-image-4168\" alt=\"lean alapok\" srcset=\"https:\/\/promanconsulting.hu\/wp-content\/uploads\/2020\/03\/lean-szemlelet.jpg 1000w, https:\/\/promanconsulting.hu\/wp-content\/uploads\/2020\/03\/lean-szemlelet-300x200.jpg 300w, https:\/\/promanconsulting.hu\/wp-content\/uploads\/2020\/03\/lean-szemlelet-768x511.jpg 768w\" sizes=\"(max-width: 1000px) 100vw, 1000px\" \/>\t\t\t\t\t\t\t\t\t\t\t\t\t\t\t<\/div>\n\t\t\t\t<\/div>\n\t\t\t\t<div class=\"elementor-element elementor-element-59d36381 elementor-widget elementor-widget-text-editor\" data-id=\"59d36381\" data-element_type=\"widget\" data-e-type=\"widget\" data-widget_type=\"text-editor.default\">\n\t\t\t\t<div class=\"elementor-widget-container\">\n\t\t\t\t\t\t\t\t\t<h1><span style=\"font-weight: 400;\">A lean menedzsment jellemz\u0151i \u00e9s gyakorlati alkalmaz\u00e1sa<\/span><\/h1><p style=\"text-align: justify;\"><b>A lean menedzsment a jap\u00e1n \u00f3ri\u00e1sv\u00e1llalatokt\u00f3l indult vil\u00e1gh\u00f3d\u00edt\u00f3 \u00fatj\u00e1ra, de ma m\u00e1r a hazai kkv-k sz\u00e1m\u00e1ra is el\u00e9rhet\u0151. A lean szeml\u00e9let meghonos\u00edt\u00e1s\u00e1val \u00e9s a lean eszk\u00f6z\u00f6k alkalmaz\u00e1s\u00e1val ugyanis ak\u00e1r k\u00e9t-h\u00e1romszoros\u00e1ra n\u00f6velhet\u0151 a termel\u00e9kenys\u00e9g &#8211; \u00e9s ez csak az egyik a lean rendszer sz\u00e1mos el\u0151nye k\u00f6z\u00fcl.<\/b><\/p><p><span style=\"font-size: 28.8px; font-weight: 400; color: #333333; text-transform: uppercase;\">A lean jelent\u00e9se<\/span><\/p><p style=\"text-align: justify;\"><span style=\"font-weight: 400;\">T\u00e1gabb \u00e9rtelemben a lean menedzsment egy olyan v\u00e1llalatir\u00e1ny\u00edt\u00e1si, illetve -szervez\u00e9si met\u00f3dus, amelynek c\u00e9lja a term\u00e9kek, szolg\u00e1ltat\u00e1sok min\u00e9l hat\u00e9konyabb, \u00e9sszer\u0171bb \u00e9s gazdas\u00e1gosabb el\u0151\u00e1ll\u00edt\u00e1sa. A lean menedzsment a hat\u00e9konys\u00e1g n\u00f6vel\u00e9s\u00e9t a termel\u00e9si, \u00e9rt\u00e9k-el\u0151\u00e1ll\u00edt\u00e1si folyamatok racionaliz\u00e1l\u00e1s\u00e1val \u00e9ri el.\u00a0<\/span><\/p><p style=\"text-align: justify;\"><span style=\"font-weight: 400;\">Ennek sor\u00e1n a lean a vev\u0151 ig\u00e9nyeib\u0151l indul ki, \u00e9s az olyan tev\u00e9kenys\u00e9geket, amelyek a vev\u0151 szempontj\u00e1b\u00f3l nem \u00e1ll\u00edtanak el\u0151 hozz\u00e1adott \u00e9rt\u00e9ket, folyamatosan igyekszik kik\u00fcsz\u00f6b\u00f6lni, illetve minimaliz\u00e1lni. Ezeket a tev\u00e9kenys\u00e9geket a lean terminol\u00f3gi\u00e1j\u00e1ban vesztes\u00e9gnek nevezik. A vesztes\u00e9gek elhagy\u00e1s\u00e1val r\u00f6videbb\u00e9 v\u00e1lik a termel\u00e9si, \u00e9rt\u00e9k-el\u0151\u00e1ll\u00edt\u00e1si ciklus, n\u0151 az agilit\u00e1s, a rugalmass\u00e1g, a hat\u00e9konys\u00e1g \u00e9s a termel\u00e9kenys\u00e9g.\u00a0\u00a0<\/span><\/p><p><span style=\"font-size: 28.8px; font-weight: 400; color: #333333; text-transform: uppercase;\">A legfontosabb lean alapelvek<\/span><\/p><p style=\"text-align: justify;\"><span style=\"font-weight: 400;\">A lean menedzsment alapj\u00e1t a jap\u00e1n Toyota aut\u00f3gy\u00e1r gy\u00e1rt\u00e1si \u00e9s v\u00e1llalatir\u00e1ny\u00edt\u00e1si rendszer\u00e9nek m\u00f3dszertana k\u00e9pezi. A Toyota termel\u00e9si rendszer\u00e9t tanulm\u00e1nyoz\u00f3 k\u00e9t szakember, Daniel Jones \u00e9s James Womack magyarul is megjelent <\/span><a href=\"https:\/\/hvgkonyvek.hu\/konyv\/lean-szemlelet\" target=\"_blank\" rel=\"noopener\"><i><span style=\"font-weight: 400;\">Lean szeml\u00e9let<\/span><\/i><\/a><span style=\"font-weight: 400;\"> c\u00edm\u0171 k\u00f6nyv\u00e9ben fektette le a lean menedzsment alapelveit.\u00a0<\/span><\/p><p style=\"text-align: justify;\"><span style=\"font-weight: 400;\">Jones \u00e9s Womack szerint ezek a legfontosabb lean alapelvek:<\/span><\/p><ul><li style=\"font-weight: 400; text-align: justify;\"><span style=\"font-weight: 400;\">A v\u00e1llalat termel\u0151, \u00e9rt\u00e9k-el\u0151\u00e1ll\u00edt\u00f3 folyamatai k\u00f6z\u00fcl meg kell hat\u00e1rozni azokat, amelyek a vev\u0151 szempontj\u00e1b\u00f3l nem \u00e1ll\u00edtanak el\u0151 hozz\u00e1adott \u00e9rt\u00e9ket (<\/span><b>vesztes\u00e9g<\/b><span style=\"font-weight: 400;\">), \u00e9s amelyek igen.<\/span><\/li><li style=\"font-weight: 400; text-align: justify;\"><span style=\"font-weight: 400;\">Ki kell alak\u00edtani azoknak a tev\u00e9kenys\u00e9geknek a l\u00e1ncolat\u00e1t, amelyek a termel\u00e9si folyamat v\u00e9geredm\u00e9nyek\u00e9nt l\u00e9trej\u00f6v\u0151 term\u00e9k vagy szolg\u00e1ltat\u00e1s el\u0151\u00e1ll\u00edt\u00e1s\u00e1hoz val\u00f3ban sz\u00fcks\u00e9gesek. Ezt a l\u00e1ncolatot <\/span><b>\u00e9rt\u00e9k\u00e1ram<\/b><span style=\"font-weight: 400;\">nak nevezz\u00fck.<\/span><\/li><li style=\"font-weight: 400; text-align: justify;\"><span style=\"font-weight: 400;\">Meg kell teremteni az \u00e9rt\u00e9k\u00e1ram folyamatos m\u0171k\u00f6d\u00e9s\u00e9hez sz\u00fcks\u00e9ges felt\u00e9teleket, vagyis a termel\u00e9shez sz\u00fcks\u00e9ges anyagok, er\u0151forr\u00e1sok, alkatr\u00e9szek, inform\u00e1ci\u00f3k sz\u00fcnet n\u00e9lk\u00fcli <\/span><b>\u00e1raml\u00e1s<\/b><span style=\"font-weight: 400;\">\u00e1t.<\/span><\/li><li style=\"font-weight: 400; text-align: justify;\"><span style=\"font-weight: 400;\">A kialak\u00edtott mechanizmus seg\u00edts\u00e9g\u00e9vel csak azt szabad el\u0151\u00e1ll\u00edtani, amire \u00e9ppen akkor sz\u00fcks\u00e9g van, olyan mennyis\u00e9gben, amennyire \u00e9ppen sz\u00fcks\u00e9g van. Ezt <\/span><b>h\u00faz\u00f3 rendszer<\/b><span style=\"font-weight: 400;\">nek nevezz\u00fck.\u00a0<\/span><\/li><li style=\"font-weight: 400; text-align: justify;\"><span style=\"font-weight: 400;\">A h\u00faz\u00f3 rendszer is hat\u00e9konyan seg\u00edti a vesztes\u00e9g minimaliz\u00e1l\u00e1s\u00e1t, de erre, vagyis a <\/span><b>t\u00f6k\u00e9letess\u00e9g<\/b><span style=\"font-weight: 400;\">re ett\u0151l f\u00fcggetlen\u00fcl is folyamatosan t\u00f6rekedni kell<\/span><\/li><\/ul><p><span style=\"font-size: 28.8px; font-weight: 400; color: #333333; text-transform: uppercase;\">A lean szeml\u00e9let l\u00e9nyege<\/span><\/p><p><span style=\"font-weight: 400;\">A lean szeml\u00e9let alapja:<\/span><\/p><ul><li style=\"font-weight: 400;\"><span style=\"font-weight: 400;\">a vesztes\u00e9gek folytonos minimaliz\u00e1l\u00e1sa,<\/span><\/li><li style=\"font-weight: 400;\"><span style=\"font-weight: 400;\">az el\u0151\u00e1ll\u00edt\u00e1si folyamat hat\u00e9konys\u00e1g\u00e1nak n\u00f6vel\u00e9se \u00e9s ler\u00f6vid\u00edt\u00e9se,<\/span><\/li><li style=\"font-weight: 400;\"><span style=\"font-weight: 400;\">az \u00e9rt\u00e9k-el\u0151\u00e1ll\u00edt\u00e1si folyamat vev\u0151k\u00f6zpont\u00fav\u00e1 t\u00e9tele.\u00a0<\/span><\/li><\/ul>\t\t\t\t\t\t\t\t<\/div>\n\t\t\t\t<\/div>\n\t\t\t\t<div class=\"elementor-element elementor-element-2b8566f elementor-widget elementor-widget-image\" data-id=\"2b8566f\" data-element_type=\"widget\" data-e-type=\"widget\" data-widget_type=\"image.default\">\n\t\t\t\t<div class=\"elementor-widget-container\">\n\t\t\t\t\t\t\t\t\t\t\t\t\t\t\t<img decoding=\"async\" width=\"1000\" height=\"667\" src=\"https:\/\/promanconsulting.hu\/wp-content\/uploads\/2020\/03\/lean-menedzsment.jpg\" class=\"attachment-large size-large wp-image-4170\" alt=\"lean folyamatmenedzsment\" srcset=\"https:\/\/promanconsulting.hu\/wp-content\/uploads\/2020\/03\/lean-menedzsment.jpg 1000w, https:\/\/promanconsulting.hu\/wp-content\/uploads\/2020\/03\/lean-menedzsment-300x200.jpg 300w, https:\/\/promanconsulting.hu\/wp-content\/uploads\/2020\/03\/lean-menedzsment-768x512.jpg 768w\" sizes=\"(max-width: 1000px) 100vw, 1000px\" \/>\t\t\t\t\t\t\t\t\t\t\t\t\t\t\t<\/div>\n\t\t\t\t<\/div>\n\t\t\t\t<div class=\"elementor-element elementor-element-1eac887 elementor-widget elementor-widget-text-editor\" data-id=\"1eac887\" data-element_type=\"widget\" data-e-type=\"widget\" data-widget_type=\"text-editor.default\">\n\t\t\t\t<div class=\"elementor-widget-container\">\n\t\t\t\t\t\t\t\t\t<p style=\"text-align: justify;\"><span style=\"font-weight: 400;\">A lean filoz\u00f3fia fontos eleme, hogy a v\u00e1llalat tev\u00e9kenys\u00e9g\u00e9nek nem kiz\u00e1r\u00f3lagos c\u00e9lja a profit. A v\u00e1llalat k\u00fcldet\u00e9se a lean szeml\u00e9lettel \u00f6sszhangban enn\u00e9l magasabb rend\u0171 c\u00e9lokra ir\u00e1nyul. B\u00e1r a profit is a legfontosabb c\u00e9lok k\u00f6z\u00f6tt foglal helyet, a v\u00e1llalatnak minden, a r\u00e9sz\u00e9t k\u00e9pez\u0151 vagy hozz\u00e1 kapcsol\u00f3d\u00f3 t\u00e1rsadalmi vagy gazdas\u00e1gi csoport ig\u00e9nyeit szem el\u0151tt kell tartania. Egy j\u00f3l m\u0171k\u00f6d\u0151 lean v\u00e1llalat teh\u00e1t a vev\u0151k mellett saj\u00e1t dolgoz\u00f3i, az \u00e1llam, de m\u00e9g a versenyt\u00e1rsai sz\u00e1m\u00e1ra is hozz\u00e1adott \u00e9rt\u00e9ket teremt.\u00a0<\/span><\/p><p><span style=\"font-size: 28.8px; font-weight: 400; color: #333333; text-transform: uppercase;\">A lean eszk\u00f6z\u00f6k \u00e9s alkalmaz\u00e1suk<\/span><\/p><p style=\"text-align: justify;\"><span style=\"font-weight: 400;\">A lean menedzsment sz\u00e1mos eszk\u00f6zt \u00e9s m\u00f3dszert ismer \u00e9s haszn\u00e1l. Ezek k\u00f6z\u00fcl most az \u00e9rt\u00e9k\u00e1ram-felt\u00e9rk\u00e9pez\u00e9st t\u00e1rgyaljuk r\u00e9szletesen (a t\u00f6bbit csak megeml\u00edtj\u00fck).\u00a0<\/span><\/p><h3><span style=\"font-weight: 400;\">\u00c9rt\u00e9k\u00e1ram-felt\u00e9rk\u00e9pez\u00e9s<\/span><\/h3><p style=\"text-align: justify;\"><span style=\"font-weight: 400;\">Az \u00e9rt\u00e9kteremt\u0151 folyamat felt\u00e9rk\u00e9pez\u00e9se elengedhetetlen a lean menedzsment \u00e1ltal el\u00e9rhet\u0151 c\u00e9lok megval\u00f3s\u00edt\u00e1s\u00e1hoz. Fontos, hogy maga a felt\u00e9rk\u00e9pez\u00e9s mindig a folyamat helysz\u00edn\u00e9n t\u00f6rt\u00e9nik, l\u00e9p\u00e9sr\u0151l l\u00e9p\u00e9sre, a folyamat f\u00e1zisainak megfelel\u0151en.\u00a0<\/span><\/p><p style=\"text-align: justify;\"><span style=\"font-weight: 400;\">Az \u00e9rt\u00e9k\u00e1ram-felt\u00e9rk\u00e9pez\u00e9s sor\u00e1n az \u00e9rt\u00e9kteremt\u0151 folyamat minden elem\u00e9t \u00e9s szerepl\u0151j\u00e9t elemezz\u00fck, a besz\u00e1ll\u00edt\u00f3kt\u00f3l a v\u00e9gterm\u00e9k lesz\u00e1ll\u00edt\u00e1s\u00e1ig. Az \u00e9rt\u00e9k\u00e1ram-felt\u00e9rk\u00e9pez\u00e9s v\u00e9geredm\u00e9nyek\u00e9nt egy folyamat\u00e1br\u00e1t kapunk, az \u00e9rt\u00e9k\u00e1ram-t\u00e9rk\u00e9pet. Ez seg\u00edt a hozz\u00e1adott \u00e9rt\u00e9ket el\u0151\u00e1ll\u00edt\u00f3 \u00e9s a vesztes\u00e9get gener\u00e1l\u00f3 tev\u00e9kenys\u00e9gek azonos\u00edt\u00e1s\u00e1ban.\u00a0<\/span><\/p><p><span style=\"font-size: 28.8px; font-weight: 400; color: #333333; text-transform: uppercase;\">Tov\u00e1bbi lean m\u00f3dszerek\u00a0<\/span><\/p><p style=\"text-align: justify;\"><span style=\"font-weight: 400;\">Az \u00e9rt\u00e9k\u00e1ram-felt\u00e9rk\u00e9pez\u00e9s mellett sz\u00e1mos egy\u00e9b m\u00f3dszer is szerepel a lean menedzsment eszk\u00f6zt\u00e1r\u00e1ban. N\u00e9h\u00e1ny p\u00e9lda:<\/span><\/p><ul><li style=\"font-weight: 400;\"><span style=\"font-weight: 400;\">Poka-Yoke<\/span><\/li><li style=\"font-weight: 400;\"><span style=\"font-weight: 400;\">Kaizen<\/span><\/li><li style=\"font-weight: 400;\"><span style=\"font-weight: 400;\">Kanban<\/span><\/li><li style=\"font-weight: 400;\"><span style=\"font-weight: 400;\">5S<\/span><\/li><li style=\"font-weight: 400;\"><span style=\"font-weight: 400;\">JIT<\/span><\/li><li style=\"font-weight: 400;\"><span style=\"font-weight: 400;\">TPS<\/span><\/li><li style=\"font-weight: 400;\"><span style=\"font-weight: 400;\">SMED<\/span><\/li><li style=\"font-weight: 400;\"><span style=\"font-weight: 400;\">Jidoka<\/span><\/li><li style=\"font-weight: 400;\"><span style=\"font-weight: 400;\">VSM<\/span><\/li><li style=\"font-weight: 400;\"><span style=\"font-weight: 400;\">TPM<\/span><\/li><li style=\"font-weight: 400;\"><span style=\"font-weight: 400;\">Heijunka<\/span><\/li><\/ul><p style=\"text-align: justify;\"><span style=\"font-weight: 400;\">A felsorolt eszk\u00f6z\u00f6k szakmailag megalapozott, adekv\u00e1t alkalmaz\u00e1s\u00e1nak eredm\u00e9nye egy sokkal hat\u00e9konyabb v\u00e1llalati m\u0171k\u00f6d\u00e9s. A lean v\u00e1llalat j\u00f3val gyorsabban \u00e9s rugalmasabban k\u00e9pes kiel\u00e9g\u00edteni a vev\u0151k elv\u00e1r\u00e1sait, mivel m\u0171k\u00f6d\u00e9se mentes a sz\u00fcks\u00e9gtelen munkafolyamatokt\u00f3l. Mindez k\u00e9zzelfoghat\u00f3 versenyel\u0151nyk\u00e9nt jelenik meg a hasonl\u00f3, \u00e1m a lean menedzsmentet n\u00e9lk\u00fcl\u00f6z\u0151 versenyt\u00e1rsakhoz k\u00e9pest.\u00a0<\/span><\/p><p><span style=\"font-size: 28.8px; font-weight: 400; color: #333333; text-transform: uppercase;\">A lean rendszer v\u00e1rhat\u00f3 el\u0151nyei \u00e9s eredm\u00e9nyei<\/span><\/p><p style=\"text-align: justify;\"><span style=\"font-weight: 400;\">A lean menedzsment nem v\u00e9letlen\u00fcl v\u00e1lt az egyik legn\u00e9pszer\u0171bb m\u00f3dszerr\u00e9 a kis- \u00e9s k\u00f6z\u00e9pv\u00e1llalatok k\u00f6r\u00e9ben is.\u00a0<\/span><\/p><p style=\"text-align: justify;\"><span style=\"font-weight: 400;\">A lean rendszer az al\u00e1bbi ter\u00fcleteken eredm\u00e9nyezhet jelent\u0151s javul\u00e1st:<\/span><\/p><ul><li style=\"font-weight: 400; text-align: justify;\"><span style=\"font-weight: 400;\">A termel\u00e9kenys\u00e9g t\u00f6bbsz\u00f6r\u00f6s\u00e9re n\u0151het<\/span><\/li><li style=\"font-weight: 400; text-align: justify;\"><span style=\"font-weight: 400;\">Az er\u0151forr\u00e1sok kihaszn\u00e1lts\u00e1ga n\u0151, az \u00e1ll\u00e1sid\u0151 cs\u00f6kken<\/span><\/li><li style=\"font-weight: 400; text-align: justify;\"><span style=\"font-weight: 400;\">Jelent\u0151sen gyorsul a k\u00e9szletforg\u00e1s, javul\u00f3 cash-flow<\/span><\/li><li style=\"font-weight: 400; text-align: justify;\"><span style=\"font-weight: 400;\">Cs\u00f6kken\u0151 gy\u00e1rt\u00e1si id\u0151<\/span><\/li><li style=\"font-weight: 400; text-align: justify;\"><span style=\"font-weight: 400;\">Cs\u00f6kken a hib\u00e1s term\u00e9kek ar\u00e1nya<\/span><\/li><li style=\"font-weight: 400; text-align: justify;\"><span style=\"font-weight: 400;\">A termel\u00e9shez kapcsol\u00f3d\u00f3 adminisztr\u00e1ci\u00f3 cs\u00f6kken\u00e9se<\/span><\/li><li style=\"font-weight: 400; text-align: justify;\"><span style=\"font-weight: 400;\">N\u00f6vekv\u0151 vev\u0151el\u00e9gedetts\u00e9g<\/span><\/li><\/ul>\t\t\t\t\t\t\t\t<\/div>\n\t\t\t\t<\/div>\n\t\t\t\t<div class=\"elementor-element elementor-element-324f944 elementor-widget elementor-widget-image\" data-id=\"324f944\" data-element_type=\"widget\" data-e-type=\"widget\" data-widget_type=\"image.default\">\n\t\t\t\t<div class=\"elementor-widget-container\">\n\t\t\t\t\t\t\t\t\t\t\t\t\t\t\t<img decoding=\"async\" width=\"1000\" height=\"667\" src=\"https:\/\/promanconsulting.hu\/wp-content\/uploads\/2020\/03\/lean-management.jpg\" class=\"attachment-large size-large wp-image-4171\" alt=\"lean m\u00f3dszer\" srcset=\"https:\/\/promanconsulting.hu\/wp-content\/uploads\/2020\/03\/lean-management.jpg 1000w, https:\/\/promanconsulting.hu\/wp-content\/uploads\/2020\/03\/lean-management-300x200.jpg 300w, https:\/\/promanconsulting.hu\/wp-content\/uploads\/2020\/03\/lean-management-768x512.jpg 768w\" sizes=\"(max-width: 1000px) 100vw, 1000px\" \/>\t\t\t\t\t\t\t\t\t\t\t\t\t\t\t<\/div>\n\t\t\t\t<\/div>\n\t\t\t\t<div class=\"elementor-element elementor-element-26dab46 elementor-widget elementor-widget-text-editor\" data-id=\"26dab46\" data-element_type=\"widget\" data-e-type=\"widget\" data-widget_type=\"text-editor.default\">\n\t\t\t\t<div class=\"elementor-widget-container\">\n\t\t\t\t\t\t\t\t\t<h2><span style=\"font-weight: 400;\">Gyakori k\u00e9rd\u00e9sek a lean menedzsmenttel kapcsolatban<\/span><\/h2><p style=\"text-align: justify;\"><b>Mi a lean menedzsment l\u00e9nyege?<\/b><\/p><p style=\"text-align: justify;\"><span style=\"font-weight: 400;\">A lean menedzsment egy v\u00e1llalatir\u00e1ny\u00edt\u00e1si m\u00f3dszer, amely a vesztes\u00e9gek azonos\u00edt\u00e1s\u00e1val \u00e9s minimaliz\u00e1s\u00e1val n\u00f6veli a termel\u00e9si folyamat hat\u00e9konys\u00e1g\u00e1t, mik\u00f6zben ler\u00f6vid\u00edti azt. A lean menedzsment k\u00f6z\u00e9ppontj\u00e1ban a vev\u0151 ig\u00e9nyeinek min\u00e9l hat\u00e9konyabb kiel\u00e9g\u00edt\u00e9se \u00e1ll.<\/span><\/p><p style=\"text-align: justify;\"><b>Mi a lean jelent\u00e9se?<\/b><\/p><p style=\"text-align: justify;\"><span style=\"font-weight: 400;\">A lean jelent\u00e9se sz\u00f3 szerint: \u201ckarcs\u00fa\u201d. Val\u00f3j\u00e1ban a v\u00e1llalat \u00e9rt\u00e9k-el\u0151\u00e1ll\u00edt\u00e1si tev\u00e9kenys\u00e9g\u00e9nek \u201clecsupasz\u00edt\u00e1s\u00e1t\u201d jelenti. Ennek eredm\u00e9nyek\u00e9nt csak a vev\u0151 sz\u00e1m\u00e1ra val\u00f3ban hozz\u00e1adott \u00e9rt\u00e9ket el\u0151\u00e1ll\u00edt\u00f3 tev\u00e9kenys\u00e9gek maradnak a termel\u00e9si l\u00e1ncban, a vesztes\u00e9get jelent\u0151 folyamatokat kik\u00fcsz\u00f6b\u00f6lik, illetve minimaliz\u00e1lj\u00e1k.\u00a0<\/span><\/p><p style=\"text-align: justify;\"><b>Melyek a lean szeml\u00e9let alkalmaz\u00e1s\u00e1nak el\u0151nyei?<\/b><\/p><p style=\"text-align: justify;\"><span style=\"font-weight: 400;\">A lean menedzsment ak\u00e1r k\u00e9t-h\u00e1romszoros\u00e1ra n\u00f6velheti a termel\u00e9kenys\u00e9get, cs\u00f6kkenti az \u00e1ll\u00e1sid\u0151ket \u00e9s a selejt ar\u00e1ny\u00e1t, \u00e9s jav\u00edtja a cash-flow-t. Ek\u00f6zben ler\u00f6vid\u00edti a termel\u00e9shez sz\u00fcks\u00e9ges id\u0151t, cs\u00f6kkenti az adminisztr\u00e1ci\u00f3t \u00e9s n\u00f6veli a vev\u0151i el\u00e9gedetts\u00e9get.\u00a0<\/span><\/p>\t\t\t\t\t\t\t\t<\/div>\n\t\t\t\t<\/div>\n\t\t\t\t<div class=\"elementor-element elementor-element-0379e32 elementor-widget elementor-widget-text-editor\" data-id=\"0379e32\" data-element_type=\"widget\" data-e-type=\"widget\" data-widget_type=\"text-editor.default\">\n\t\t\t\t<div class=\"elementor-widget-container\">\n\t\t\t\t\t\t\t\t\t<p style=\"text-align: justify;\"><span style=\"font-weight: 400;\"><script type=\"\u201dapplication\/ld+json\u201d\">\n{\n\u201c@context\u201d: \u201chttps:\/\/schema.org\u201d,\n\u201c@type\u201d: \u201cFAQPage\u201d,\n\u201cmainEntity\u201d: [{\n\u201c@type\u201d: \u201cQuestion\u201d,\n\u201cname\u201d: \u201cMi a lean menedzsment l\u00e9nyege?\u201d,\n\u201cacceptedAnswer\u201d: {\n\u201c@type\u201d: \u201cAnswer\u201d,\n\u201ctext\u201d: \u201cA lean menedzsment egy v\u00e1llalatir\u00e1ny\u00edt\u00e1si m\u00f3dszer, amely a vesztes\u00e9gek azonos\u00edt\u00e1s\u00e1val \u00e9s minimaliz\u00e1s\u00e1val n\u00f6veli a termel\u00e9si folyamat hat\u00e9konys\u00e1g\u00e1t, mik\u00f6zben ler\u00f6vid\u00edti azt. A lean menedzsment k\u00f6z\u00e9ppontj\u00e1ban a vev\u0151 ig\u00e9nyeinek min\u00e9l hat\u00e9konyabb kiel\u00e9g\u00edt\u00e9se \u00e1ll\u201d\n}\n},{\n\u201c@type\u201d: \u201cQuestion\u201d,\n\u201cname\u201d: \u201cMi a lean jelent\u00e9se?\u201d,\n\u201cacceptedAnswer\u201d: {\n\u201c@type\u201d: \u201cAnswer\u201d,\n\u201ctext\u201d: \u201cA lean jelent\u00e9se sz\u00f3 szerint: \u201ckarcs\u00fa\u201d. Val\u00f3j\u00e1ban a v\u00e1llalat \u00e9rt\u00e9k-el\u0151\u00e1ll\u00edt\u00e1si tev\u00e9kenys\u00e9g\u00e9nek \u201clecsupasz\u00edt\u00e1s\u00e1t\u201d jelenti. Ennek eredm\u00e9nyek\u00e9nt csak a vev\u0151 sz\u00e1m\u00e1ra val\u00f3ban hozz\u00e1adott \u00e9rt\u00e9ket el\u0151\u00e1ll\u00edt\u00f3 tev\u00e9kenys\u00e9gek maradnak a termel\u00e9si l\u00e1ncban, a vesztes\u00e9get jelent\u0151 folyamatokat kik\u00fcsz\u00f6b\u00f6lik, illetve minimaliz\u00e1lj\u00e1k.\u201d\n}\n},{\n\u201c@type\u201d: \u201cQuestion\u201d,\n\u201cname\u201d: \u201cMelyek a lean szeml\u00e9let alkalmaz\u00e1s\u00e1nak el\u0151nyei?\u201d,\n\u201cacceptedAnswer\u201d: {\n\u201c@type\u201d: \u201cAnswer\u201d,\n\u201ctext\u201d: \u201cA lean menedzsment ak\u00e1r k\u00e9t-h\u00e1romszoros\u00e1ra n\u00f6velheti a termel\u00e9kenys\u00e9get, cs\u00f6kkenti az \u00e1ll\u00e1sid\u0151ket \u00e9s a selejt ar\u00e1ny\u00e1t, \u00e9s jav\u00edtja a cash-flow-t. Ek\u00f6zben ler\u00f6vid\u00edti a termel\u00e9shez sz\u00fcks\u00e9ges id\u0151t, cs\u00f6kkenti az adminisztr\u00e1ci\u00f3t \u00e9s n\u00f6veli a vev\u0151i el\u00e9gedetts\u00e9get.\u201d\n}\n}] }\n<\/script><\/span><\/p><h2><span style=\"font-weight: 400;\">Lean menedzsment: a kis- \u00e9s k\u00f6z\u00e9pv\u00e1llalatoknak is meg\u00e9ri\u00a0<\/span><\/h2><p style=\"text-align: justify;\"><span style=\"font-weight: 400;\">Mint m\u00e1r eml\u00edtett\u00fck, a lean m\u00f3dszerek alkalmaz\u00e1sa \u00e9s a lean filoz\u00f3fia megval\u00f3s\u00edt\u00e1sa a jap\u00e1n c\u00e9geknek, k\u00f6z\u00fcl\u00fck is els\u0151k\u00e9nt a Toyot\u00e1nak siker\u00fclt. Nem v\u00e9letlen, hogy m\u00e1ra vil\u00e1gszerte sz\u00e1mos vezet\u0151 vagy meghat\u00e1roz\u00f3 v\u00e1llalat alkalmazza a lean menedzsmentet.\u00a0<\/span><\/p><p style=\"text-align: justify;\"><span style=\"font-weight: 400;\">Azonban t\u00e9ved\u00e9s lenne azt hinni, hogy csak a nemzetk\u00f6zi \u00f3ri\u00e1sv\u00e1llalatok sz\u00e1m\u00e1ra \u00e9ri meg a lean menedzsment alkalmaz\u00e1sa. Tapasztalataink szerint a lean bevezet\u00e9se a kis- \u00e9s k\u00f6z\u00e9pv\u00e1llalatok hat\u00e9konys\u00e1g\u00e1t is jelent\u0151s m\u00e9rt\u00e9kben k\u00e9pes jav\u00edtani. F\u0151leg akkor sz\u00fcletnek kiemelked\u0151 eredm\u00e9nyek a lean m\u00f3dszerek \u00e9s eszk\u00f6z\u00f6k alkalmaz\u00e1s\u00e1nak k\u00f6sz\u00f6nhet\u0151en, ha a v\u00e1llalat vezet\u00e9se hossz\u00fa t\u00e1v\u00fa tanul\u00e1si \u00e9s \u00e1talak\u00edt\u00e1si folyamatk\u00e9nt tekint a lean bevezet\u00e9s\u00e9re.\u00a0<\/span><\/p><p style=\"text-align: justify;\"><span style=\"font-weight: 400;\">A ProMan Consultingn\u00e1l el\u00e9rhet\u0151, magas szakmai sz\u00ednvonal\u00fa, j\u00f3l k\u00e9pzett szakemberek \u00e1ltal ny\u00fajtott tan\u00e1csad\u00f3i tev\u00e9kenys\u00e9g ezzel egy\u00fctt garancia a lean menedzsment sikeres \u00e9s eredm\u00e9nyes alkalmaz\u00e1s\u00e1ra.\u00a0<\/span><\/p>\t\t\t\t\t\t\t\t<\/div>\n\t\t\t\t<\/div>\n\t\t\t\t\t<\/div>\n\t\t<\/div>\n\t\t\t\t\t<\/div>\n\t\t<\/section>\n\t\t\t\t<\/div>\n\t\t","protected":false},"excerpt":{"rendered":"<p>A lean menedzsment jellemz\u0151i \u00e9s gyakorlati alkalmaz\u00e1sa A lean menedzsment a jap\u00e1n \u00f3ri\u00e1sv\u00e1llalatokt\u00f3l indult vil\u00e1gh\u00f3d\u00edt\u00f3 \u00fatj\u00e1ra, de ma m\u00e1r a hazai kkv-k sz\u00e1m\u00e1ra is el\u00e9rhet\u0151. A lean szeml\u00e9let meghonos\u00edt\u00e1s\u00e1val \u00e9s a lean eszk\u00f6z\u00f6k alkalmaz\u00e1s\u00e1val ugyanis ak\u00e1r k\u00e9t-h\u00e1romszoros\u00e1ra n\u00f6velhet\u0151 a termel\u00e9kenys\u00e9g &#8211; \u00e9s ez csak az egyik a lean rendszer sz\u00e1mos el\u0151nye k\u00f6z\u00fcl. A lean jelent\u00e9se [&hellip;]<\/p>\n","protected":false},"author":5,"featured_media":4168,"comment_status":"closed","ping_status":"closed","sticky":false,"template":"","format":"standard","meta":{"footnotes":""},"categories":[94],"tags":[54,147,148,111,149],"class_list":["post-2736","post","type-post","status-publish","format-standard","has-post-thumbnail","hentry","category-agilis","tag-agilis","tag-folyamatautomatizalas","tag-folyamatszervezes","tag-lean","tag-termeles","entry","has-media"],"_links":{"self":[{"href":"https:\/\/promanconsulting.hu\/en\/wp-json\/wp\/v2\/posts\/2736","targetHints":{"allow":["GET"]}}],"collection":[{"href":"https:\/\/promanconsulting.hu\/en\/wp-json\/wp\/v2\/posts"}],"about":[{"href":"https:\/\/promanconsulting.hu\/en\/wp-json\/wp\/v2\/types\/post"}],"author":[{"embeddable":true,"href":"https:\/\/promanconsulting.hu\/en\/wp-json\/wp\/v2\/users\/5"}],"replies":[{"embeddable":true,"href":"https:\/\/promanconsulting.hu\/en\/wp-json\/wp\/v2\/comments?post=2736"}],"version-history":[{"count":1,"href":"https:\/\/promanconsulting.hu\/en\/wp-json\/wp\/v2\/posts\/2736\/revisions"}],"predecessor-version":[{"id":8213,"href":"https:\/\/promanconsulting.hu\/en\/wp-json\/wp\/v2\/posts\/2736\/revisions\/8213"}],"wp:featuredmedia":[{"embeddable":true,"href":"https:\/\/promanconsulting.hu\/en\/wp-json\/wp\/v2\/media\/4168"}],"wp:attachment":[{"href":"https:\/\/promanconsulting.hu\/en\/wp-json\/wp\/v2\/media?parent=2736"}],"wp:term":[{"taxonomy":"category","embeddable":true,"href":"https:\/\/promanconsulting.hu\/en\/wp-json\/wp\/v2\/categories?post=2736"},{"taxonomy":"post_tag","embeddable":true,"href":"https:\/\/promanconsulting.hu\/en\/wp-json\/wp\/v2\/tags?post=2736"}],"curies":[{"name":"wp","href":"https:\/\/api.w.org\/{rel}","templated":true}]}}