{"id":2726,"date":"2019-07-01T09:03:01","date_gmt":"2019-07-01T09:03:01","guid":{"rendered":"http:\/\/promanconsulting.hu\/?p=1264"},"modified":"2023-05-17T18:46:03","modified_gmt":"2023-05-17T18:46:03","slug":"how-how-long-until-you-can-take-the-capm-exam-its-worth-starting","status":"publish","type":"post","link":"https:\/\/promanconsulting.hu\/en\/mennyi-ido-alatt-lehet-felkeszulni-a-capm-vizsgara-es-hogyan-erdemes-elkezdeni\/","title":{"rendered":"How long does it take to prepare for the CAPM exam and how should I get started?"},"content":{"rendered":"\t\t<div data-elementor-type=\"wp-post\" data-elementor-id=\"2726\" class=\"elementor elementor-2726\" data-elementor-settings=\"{&quot;ha_cmc_init_switcher&quot;:&quot;no&quot;}\" data-elementor-post-type=\"post\">\n\t\t\t\t\t\t<section class=\"elementor-section elementor-top-section elementor-element elementor-element-3147a982 elementor-section-boxed elementor-section-height-default elementor-section-height-default\" data-id=\"3147a982\" data-element_type=\"section\" data-e-type=\"section\" data-settings=\"{&quot;jet_parallax_layout_list&quot;:[{&quot;jet_parallax_layout_image&quot;:{&quot;url&quot;:&quot;&quot;,&quot;id&quot;:&quot;&quot;,&quot;size&quot;:&quot;&quot;},&quot;_id&quot;:&quot;91dfa8c&quot;,&quot;jet_parallax_layout_image_tablet&quot;:{&quot;url&quot;:&quot;&quot;,&quot;id&quot;:&quot;&quot;,&quot;size&quot;:&quot;&quot;},&quot;jet_parallax_layout_image_mobile&quot;:{&quot;url&quot;:&quot;&quot;,&quot;id&quot;:&quot;&quot;,&quot;size&quot;:&quot;&quot;},&quot;jet_parallax_layout_speed&quot;:{&quot;unit&quot;:&quot;%&quot;,&quot;size&quot;:50,&quot;sizes&quot;:[]},&quot;jet_parallax_layout_type&quot;:&quot;scroll&quot;,&quot;jet_parallax_layout_direction&quot;:&quot;1&quot;,&quot;jet_parallax_layout_fx_direction&quot;:null,&quot;jet_parallax_layout_z_index&quot;:&quot;&quot;,&quot;jet_parallax_layout_bg_x&quot;:50,&quot;jet_parallax_layout_bg_x_tablet&quot;:&quot;&quot;,&quot;jet_parallax_layout_bg_x_mobile&quot;:&quot;&quot;,&quot;jet_parallax_layout_bg_y&quot;:50,&quot;jet_parallax_layout_bg_y_tablet&quot;:&quot;&quot;,&quot;jet_parallax_layout_bg_y_mobile&quot;:&quot;&quot;,&quot;jet_parallax_layout_bg_size&quot;:&quot;auto&quot;,&quot;jet_parallax_layout_bg_size_tablet&quot;:&quot;&quot;,&quot;jet_parallax_layout_bg_size_mobile&quot;:&quot;&quot;,&quot;jet_parallax_layout_animation_prop&quot;:&quot;transform&quot;,&quot;jet_parallax_layout_on&quot;:[&quot;desktop&quot;,&quot;tablet&quot;]}],&quot;_ha_eqh_enable&quot;:false}\">\n\t\t\t\t\t\t<div class=\"elementor-container elementor-column-gap-default\">\n\t\t\t\t\t<div class=\"elementor-column elementor-col-100 elementor-top-column elementor-element elementor-element-1e13016e\" data-id=\"1e13016e\" data-element_type=\"column\" data-e-type=\"column\">\n\t\t\t<div class=\"elementor-widget-wrap elementor-element-populated\">\n\t\t\t\t\t\t<div class=\"elementor-element elementor-element-5a7db3c elementor-widget elementor-widget-text-editor\" data-id=\"5a7db3c\" data-element_type=\"widget\" data-e-type=\"widget\" data-widget_type=\"text-editor.default\">\n\t\t\t\t<div class=\"elementor-widget-container\">\n\t\t\t\t\t\t\t\t\t<h2>A MEGFELEL\u0150 FELK\u00c9SZ\u00dcL\u00c9SI ID\u0150 MEGHAT\u00c1ROZ\u00c1SA \u00c9S AZ AZT BEFOLY\u00c1SOL\u00d3 T\u00c9NYEZ\u0150K<\/h2><p><a href=\"https:\/\/promanconsulting.hu\/capm-vizsgafelkeszito-program\/\" target=\"_blank\" rel=\"noopener\">CAPM felk\u00e9sz\u00edt\u0151nk<\/a>\u00a0\u00e9rdekl\u0151d\u0151i k\u00f6z\u00f6tt az egyik leggyakrabban felmer\u00fcl\u0151 k\u00e9rd\u00e9s az, hogy a felk\u00e9sz\u00edt\u0151 program ut\u00e1n mennyi id\u0151 m\u00falva tarthatja kez\u00e9ben a sikeres vizsga ut\u00e1ni elismer\u00e9s\u00e9t. Term\u00e9szetesen nagyon sok f\u00fcgg a felk\u00e9sz\u00fcl\u0151 egy\u00e9ni ig\u00e9nyeit\u0151l, k\u00e9pess\u00e9geit\u0151l, adotts\u00e1gait\u00f3l, helyzet\u00e9t\u0151l, m\u00e9gis megpr\u00f3b\u00e1lunk v\u00e1laszt adni a k\u00e9rd\u00e9sre.<\/p>\t\t\t\t\t\t\t\t<\/div>\n\t\t\t\t<\/div>\n\t\t\t\t<div class=\"elementor-element elementor-element-30747d6 elementor-widget elementor-widget-image\" data-id=\"30747d6\" data-element_type=\"widget\" data-e-type=\"widget\" data-widget_type=\"image.default\">\n\t\t\t\t<div class=\"elementor-widget-container\">\n\t\t\t\t\t\t\t\t\t\t\t\t\t\t\t<img fetchpriority=\"high\" decoding=\"async\" width=\"1024\" height=\"610\" src=\"https:\/\/promanconsulting.hu\/wp-content\/uploads\/2019\/07\/PMI-CAPM-felkeszules-1024x610.jpg\" class=\"attachment-large size-large wp-image-4283\" alt=\"Certified Associate in Project Management k\u00e9pz\u00e9s\" srcset=\"https:\/\/promanconsulting.hu\/wp-content\/uploads\/2019\/07\/PMI-CAPM-felkeszules-1024x610.jpg 1024w, https:\/\/promanconsulting.hu\/wp-content\/uploads\/2019\/07\/PMI-CAPM-felkeszules-300x179.jpg 300w, https:\/\/promanconsulting.hu\/wp-content\/uploads\/2019\/07\/PMI-CAPM-felkeszules-768x458.jpg 768w, https:\/\/promanconsulting.hu\/wp-content\/uploads\/2019\/07\/PMI-CAPM-felkeszules-1536x915.jpg 1536w, https:\/\/promanconsulting.hu\/wp-content\/uploads\/2019\/07\/PMI-CAPM-felkeszules-2048x1220.jpg 2048w\" sizes=\"(max-width: 1024px) 100vw, 1024px\" \/>\t\t\t\t\t\t\t\t\t\t\t\t\t\t\t<\/div>\n\t\t\t\t<\/div>\n\t\t\t\t<div class=\"elementor-element elementor-element-b2f970a elementor-widget elementor-widget-text-editor\" data-id=\"b2f970a\" data-element_type=\"widget\" data-e-type=\"widget\" data-widget_type=\"text-editor.default\">\n\t\t\t\t<div class=\"elementor-widget-container\">\n\t\t\t\t\t\t\t\t\t<h2>Tartalom:<\/h2><ul><li>Az eg\u00e9szs\u00e9ges k\u00e9sz\u00fcl\u00e9s legal\u00e1bb egy h\u00f3napig tart<\/li><li>Mik az es\u00e9lyeink, ha szor\u00edt minket az id\u0151?<\/li><li>Magol\u00e1s vs. elsaj\u00e1t\u00edt\u00e1s<\/li><li>Milyen sorrendben \u00e9rdemes v\u00e9gigvenni az anyagokat?<\/li><li>Gondoljunk a felk\u00e9sz\u00fcl\u00e9sre mini-projektk\u00e9nt<\/li><\/ul><p>Az biztosan \u00e1ll\u00edthat\u00f3, hogy a k\u00e9sz\u00fcl\u00e9s sokkal ink\u00e1bb maraton, mint sprint, b\u00e1r ut\u00f3bbira is l\u00e1ttunk sikeres p\u00e9ld\u00e1t. A CAPM vizsg\u00e1ra val\u00f3 felk\u00e9sz\u00fcl\u00e9shez \u00f6sszesen 45-60 \u00f3ra k\u00f6r\u00fcli egy\u00e9ni tanul\u00e1sra-gyakorl\u00e1sra lesz sz\u00fcks\u00e9g\u00fcnk; ebbe nem bele\u00e9rtve a 23 \u00f3ra <a href=\"https:\/\/promanconsulting.hu\/capm-vizsgafelkeszito-program\/\" target=\"_blank\" rel=\"noopener\">k\u00f6telez\u0151 projektmenedzsment oktat\u00e1s<\/a> vizsgakrit\u00e9rium\u00e1t. A nagy \u00e1tlagnak a vizsgak\u00e9sz\u00fcl\u00e9s 1-2 h\u00f3nap k\u00f6z\u00f6tti folyamatos elfoglalts\u00e1got jelent. Vannak persze extr\u00e9m esetek is: egy k\u00e9pz\u00e9si r\u00e9sztvev\u0151nk 10 nap alatt k\u00e9sz\u00fclt fel, m\u00e1svalaki 4 h\u00f3napos k\u00e9sz\u00fcl\u00e9s ut\u00e1n sz\u00e1nta r\u00e1 mag\u00e1t a vizsg\u00e1ra.<\/p><h3><strong>Az eg\u00e9szs\u00e9ges k\u00e9sz\u00fcl\u00e9s legal\u00e1bb 1 h\u00f3napig tart<\/strong><\/h3><p>Maga az \u00fctemez\u00e9s \u2013 m\u00e9g egyszer lesz\u00f6gezz\u00fck \u2013 egyedi ig\u00e9nyek ment\u00e9n igen v\u00e1ltoz\u00f3 lehet. Az eg\u00e9szs\u00e9ges \u00fctem \u2013 szerint\u00fcnk \u2013 egy teljes \u00e1ll\u00e1sban dolgoz\u00f3 vizsgajel\u00f6lt eset\u00e9ben az, ha napi 1-2 \u00f3r\u00e1t foglalkozik az anyaggal. Konkr\u00e9tabban megvizsg\u00e1lva, tegy\u00fck fel, hogy a h\u00e9t minden napj\u00e1n est\u00e9nk\u00e9nt van 1,5 \u00f3r\u00e1nk k\u00e9sz\u00fclni, felfel\u00e9 kerek\u00edtve ez heti 11 \u00f3ra, amit a k\u00e9sz\u00fcl\u00e9sre tervez\u00fcnk sz\u00e1nni. Ha 45-60 \u00f3ra sz\u00fcks\u00e9ges egy\u00e9ni k\u00e9sz\u00fcl\u00e9ssel sz\u00e1molunk, ez 4-6 h\u00e9t k\u00e9sz\u00fcl\u00e9si id\u0151t jelent.<br \/>Ebben a forgat\u00f3k\u00f6nyvben term\u00e9szetesen nem sz\u00e1moltunk azzal, hogy lehetnek nagyobb megszak\u00edt\u00e1sok a k\u00e9sz\u00fcl\u00e9sben szabads\u00e1gok, \u00fczleti utak, hossz\u00fa h\u00e9tv\u00e9g\u00e9k, egyedi beoszt\u00e1sok okozta \u00fctemez\u00e9si gondok miatt. Ez\u00e9rt is sz\u00fcks\u00e9ges mindenki sz\u00e1m\u00e1ra saj\u00e1t mag\u00e1nak v\u00e9giggondolni a k\u00e9sz\u00fcl\u00e9si lehet\u0151s\u00e9geit, rendelkez\u00e9s\u00e9re \u00e1ll\u00f3 idej\u00e9t, \u00e9s eszerint tervezni a k\u00e9sz\u00fcl\u00e9st.<\/p>\t\t\t\t\t\t\t\t<\/div>\n\t\t\t\t<\/div>\n\t\t\t\t<div class=\"elementor-element elementor-element-6807dc4 elementor-align-center elementor-widget elementor-widget-button\" data-id=\"6807dc4\" data-element_type=\"widget\" data-e-type=\"widget\" data-widget_type=\"button.default\">\n\t\t\t\t<div class=\"elementor-widget-container\">\n\t\t\t\t\t\t\t\t\t<div class=\"elementor-button-wrapper\">\n\t\t\t\t\t<a class=\"elementor-button elementor-button-link elementor-size-sm\" href=\"\/kepzes\/pmi-capm-vizsgafelkeszito\/\">\n\t\t\t\t\t\t<span class=\"elementor-button-content-wrapper\">\n\t\t\t\t\t\t\t\t\t<span class=\"elementor-button-text\">Szeretn\u00e9k t\u00f6bb inform\u00e1ci\u00f3t a CAPM vizsgafelk\u00e9sz\u00edt\u0151 k\u00e9pz\u00e9sr\u0151l<\/span>\n\t\t\t\t\t<\/span>\n\t\t\t\t\t<\/a>\n\t\t\t\t<\/div>\n\t\t\t\t\t\t\t\t<\/div>\n\t\t\t\t<\/div>\n\t\t\t\t<div class=\"elementor-element elementor-element-d128f57 elementor-widget elementor-widget-text-editor\" data-id=\"d128f57\" data-element_type=\"widget\" data-e-type=\"widget\" data-widget_type=\"text-editor.default\">\n\t\t\t\t<div class=\"elementor-widget-container\">\n\t\t\t\t\t\t\t\t\t<h3>Mik az es\u00e9lyeink, ha szor\u00edt minket az id\u0151?<\/h3><p>Ha sprintben kell k\u00e9sz\u00fcln\u00fcnk, napi 6 \u00f3ra befektet\u00e9s\u00e9vel ak\u00e1r 10 nap alatt is k\u00e9szen \u00e1llhatunk a vizsg\u00e1ra. J\u00f3 sz\u00edvvel senkinek nem aj\u00e1nljuk ezt a rohan\u00e1st, ennyi id\u0151 alatt ugyanis kev\u00e9s id\u0151 van a koncepci\u00f3k val\u00f3di meg\u00e9rt\u00e9s\u00e9hez \u00e9s le\u00fcleped\u00e9s\u00e9hez. Mi azt t\u00e1mogatjuk, ha a min\u0151s\u00edt\u00e9s megszerz\u00e9s\u00e9t k\u00f6vet\u0151en a koncepci\u00f3kat, eszk\u00f6z\u00f6ket a munkak\u00f6rnyezet\u00fckben is elkezdik haszn\u00e1lni a vizsg\u00e1z\u00f3k, \u00e9s nem felejtik el ezeket a min\u0151s\u00edt\u00e9s megszerz\u00e9se ut\u00e1n sem. Egy 10 napos rohamtemp\u00f3s k\u00e9sz\u00fcl\u00e9ssel az ut\u00f3bbi forgat\u00f3k\u00f6nyvre l\u00e1tunk nagyobb es\u00e9lyt.<br \/>F\u00fcggetlen\u00fcl att\u00f3l, hogy mennyi id\u0151nk van a tanul\u00e1sra-gyakorl\u00e1sra, sz\u00fcks\u00e9g\u00fcnk lesz egy felk\u00e9sz\u00fcl\u00e9si \u00fctemtervre az el\u0151tt\u00fcnk \u00e1ll\u00f3 id\u0151szakban. Mivel a <a href=\"https:\/\/promanconsulting.hu\/minden-a-pmi-capm-minositesrol\/\" target=\"_blank\" rel=\"noopener\">CAPM vizsg\u00e1n<\/a> 150 darab sz\u00e1m\u00edt\u00f3g\u00e9pes tesztk\u00e9rd\u00e9sre kell v\u00e1laszolnunk, a felk\u00e9sz\u00fcl\u00e9s\u00fcnk legnagyobb r\u00e9sz\u00e9t a gyakorl\u00f3feladatok megold\u00e1s\u00e1ra \u00e9s ki\u00e9rt\u00e9kel\u00e9s\u00e9re kell sz\u00e1nnunk. Ak\u00e1r a k\u00e9sz\u00fcl\u00e9si id\u0151 h\u00e1romnegyed\u00e9t is feladatoz\u00e1sra sz\u00e1nhatjuk, hogy kell\u0151 vizsgarutinnal futhassunk neki a megm\u00e9rettet\u00e9snek. A PMI vizsg\u00e1inak egyedi logik\u00e1ja, megfogalmaz\u00e1sa van, amit a k\u00e9rd\u00e9sek f\u00e1radhatatlan gyakorl\u00e1s\u00e1val tudunk legink\u00e1bb elsaj\u00e1t\u00edtani.<\/p>\t\t\t\t\t\t\t\t<\/div>\n\t\t\t\t<\/div>\n\t\t\t\t<div class=\"elementor-element elementor-element-a48614f elementor-widget elementor-widget-image\" data-id=\"a48614f\" data-element_type=\"widget\" data-e-type=\"widget\" data-widget_type=\"image.default\">\n\t\t\t\t<div class=\"elementor-widget-container\">\n\t\t\t\t\t\t\t\t\t\t\t\t\t\t\t<img decoding=\"async\" width=\"1024\" height=\"470\" src=\"https:\/\/promanconsulting.hu\/wp-content\/uploads\/2019\/07\/PMI-CAPM-felkeszules-utemezes.png\" class=\"attachment-large size-large wp-image-4284\" alt=\"Certified Associate in Project Management felk\u00e9sz\u00fcl\u00e9s\" srcset=\"https:\/\/promanconsulting.hu\/wp-content\/uploads\/2019\/07\/PMI-CAPM-felkeszules-utemezes.png 1024w, https:\/\/promanconsulting.hu\/wp-content\/uploads\/2019\/07\/PMI-CAPM-felkeszules-utemezes-300x138.png 300w, https:\/\/promanconsulting.hu\/wp-content\/uploads\/2019\/07\/PMI-CAPM-felkeszules-utemezes-768x353.png 768w\" sizes=\"(max-width: 1024px) 100vw, 1024px\" \/>\t\t\t\t\t\t\t\t\t\t\t\t\t\t\t<\/div>\n\t\t\t\t<\/div>\n\t\t\t\t<div class=\"elementor-element elementor-element-508f3146 elementor-widget elementor-widget-text-editor\" data-id=\"508f3146\" data-element_type=\"widget\" data-e-type=\"widget\" data-widget_type=\"text-editor.default\">\n\t\t\t\t<div class=\"elementor-widget-container\">\n\t\t\t\t\t\t\t\t\t<p style=\"text-align: center;\"><em>Egy lehets\u00e9ges \u00fctemez\u00e9si terv<\/em><\/p><h3>Magol\u00e1s vs. elsaj\u00e1t\u00edt\u00e1s<\/h3><p>Mivel a CAPM min\u0151s\u00edt\u00e9s lexik\u00e1lis \u00e9s elm\u00e9leti tud\u00e1st m\u00e9r \u2013 a PMP min\u0151s\u00edt\u00e9ssel szemben, ami a gyakorlati k\u00e9sz\u00fclts\u00e9get \u2013 nem tudjuk megker\u00fclni az intenz\u00edv memoriz\u00e1l\u00e1st. Ez persze nem jelent felt\u00e9tlen magol\u00e1st, de arra k\u00e9sz\u00fcln\u00fcnk kell, hogy sok megjegyzend\u0151 dologgal fogunk tal\u00e1lkozni. Nem lesz minden esetben elegend\u0151 nagyj\u00e1b\u00f3l eml\u00e9kezni kifejez\u00e9sekre, dokumentumt\u00edpusokra, eszk\u00f6z\u00f6kre.<br \/>R\u00e9g\u00f3ta vita t\u00e1rgya a vizsgafelk\u00e9sz\u00edt\u0151ket tart\u00f3k k\u00f6r\u00e9ben, hogy mennyire sz\u00fcks\u00e9ges a k\u00e9sz\u00fcl\u0151ket magol\u00e1sra biztatni. Mi azt az iskol\u00e1t k\u00e9pviselj\u00fck, ami szerint a magol\u00e1s felesleges \u00e9s nem is hat\u00e9kony felhaszn\u00e1l\u00e1sa a k\u00e9sz\u00fcl\u00e9sre ford\u00edtand\u00f3 id\u0151nknek. Ez abban az esetben igaz, ha eg\u00e9szs\u00e9ges id\u0151t\u00e1von bel\u00fcl tervez\u00fcnk felk\u00e9sz\u00fclni (azaz legal\u00e1bb egy h\u00f3napot dedik\u00e1ltan a k\u00e9sz\u00fcl\u00e9sre tudunk ford\u00edtani). Elengedhetetlen viszont meg\u00e9rteni az egyedi elemeket \u00f6sszek\u00f6t\u0151 logik\u00e1t \u00e9s elk\u00e9pzel\u00e9seket, amelyekkel kell\u0151 magabiztoss\u00e1ggal v\u00e1laszolhat\u00f3k meg a legsz\u00e1razabb lexik\u00e1lis k\u00e9rd\u00e9sek is.<br \/>Ha extr\u00e9m r\u00f6vid id\u0151 alatt kell felk\u00e9sz\u00fcln\u00fcnk a vizsg\u00e1ra, lehet\u0151s\u00e9g, tal\u00e1n k\u00e9nyszer\u0171s\u00e9g is a magol\u00e1s, de ne sz\u00e1m\u00edtsunk k\u00f6nny\u0171 menetre. Csak p\u00e9ldak\u00e9nt: a 49 egyedi projektmenedzsment folyamatnak egyenk\u00e9nt ak\u00e1r 10-20 egyedi bemenete, kimenete, eszk\u00f6ze \u00e9s technik\u00e1ja lehet, amit meg kellene \u00edgy jegyezn\u00fcnk. \u00c9s ez csak egy szelete a megjegyzend\u0151 elemek hossz\u00fa sor\u00e1nak.<\/p><h3><strong>Milyen sorrendben \u00e9rdemes v\u00e9gigvenni az anyagokat?<\/strong><\/h3><p>Sz\u00e1mos anyagot, jegyzetet, t\u00e1bl\u00e1zatot, tanul\u00e1st seg\u00edt\u0151 kieg\u00e9sz\u00edt\u0151 le\u00edr\u00e1st fogunk \u00e1tny\u00e1lazni a k\u00e9sz\u00fcl\u00e9s ideje alatt, azonban van arra vonatkoz\u00f3lag aj\u00e1nl\u00e1sunk, hogy milyen sorrendben \u00e9rdemes ezekkel foglalkozni. Mi minden esetben azt javasoljuk, hogy a lehet\u0151 leghamarabb kezdjenek el feladatokat gyakorolni az aspir\u00e1nsok, ugyanakkor ezt megel\u0151zend\u0151en mindenk\u00e9pp fektessenek energi\u00e1t az elm\u00e9leti k\u00e9sz\u00fcl\u00e9sre. Mi az al\u00e1bbi sorrendben javasoljuk a felk\u00e9sz\u00fcl\u00e9st azzal a kit\u00e9tellel, hogy <strong>az egyik pontr\u00f3l a m\u00e1sikra csak akkor menj\u00fcnk tov\u00e1bb, ha az el\u0151z\u0151 pontot magabiztosan megtanultuk, elsaj\u00e1t\u00edtottuk<\/strong>:<\/p><ol><li><strong>A <a href=\"https:\/\/promanconsulting.hu\/capm-vizsgafelkeszito-program\/\" target=\"_blank\" rel=\"noopener\">v\u00e1lasztott felk\u00e9sz\u00edt\u0151 kurzuson<\/a> kapott anyagok memoriz\u00e1l\u00e1sa, teljes \u00e1tolvas\u00e1sa legal\u00e1bb k\u00e9tszer. Az al\u00e1bbiakra t\u00f6rekedj\u00fcnk ek\u00f6zben:<\/strong><ul><li>Igyekezz\u00fcnk meg\u00e9rteni a PMI keretrendszer\u00e9nek alapvet\u0151 logik\u00e1j\u00e1t.<\/li><li>Igyekezz\u00fcnk meg\u00e9rteni \u00e9s megjegyezni a k\u00fcl\u00f6nb\u00f6z\u0151 dokumentumok \u00e9s eszk\u00f6z\u00f6k c\u00e9lj\u00e1t, haszn\u00e1lat\u00e1nak lehet\u0151s\u00e9geit \u00e9s korl\u00e1tait, azok tartalm\u00e1t.<\/li><li>Eg\u00e9sz\u00edts\u00fck ki ezeket a megkapott anyagokat saj\u00e1t jegyzeteinkkel, \u00e9szrev\u00e9teleinkkel, ha vannak.<\/li><li>Ha valahol elakadunk forduljunk seg\u00edts\u00e9g\u00e9rt a felk\u00e9sz\u00edt\u0151 el\u0151ad\u00f3j\u00e1hoz, a PMBOK-hoz, vagy ha van ilyen a birtokunkban, a felk\u00e9sz\u00fcl\u00e9st seg\u00edt\u0151 \u00f6sszefoglal\u00f3 k\u00f6nyvekhez (pl.: Rita Mulcahy felk\u00e9sz\u00edt\u0151 k\u00f6nyve).<\/li><\/ul><\/li><\/ol><ol start=\"2\"><li><strong>Tanulm\u00e1nyozzuk a PMBOK m\u00e1trixot, a tud\u00e1ster\u00fcletek, folyamatcsoportok \u00e9s a folyamatok kapcsol\u00f3d\u00e1si pontjait, logikai illeszked\u00e9seit; kezdj\u00fcnk el ismerkedni a ITTO-k m\u00f6g\u00f6tti logik\u00e1val, rendez\u0151elvekkel.<\/strong><\/li><\/ol><ol start=\"3\"><li><strong>Jegyezz\u00fck meg a sz\u00fcks\u00e9ges k\u00e9pleteket, gyakoroljuk ezeknek a hib\u00e1tlan fel\u00edr\u00e1s\u00e1t.<\/strong><\/li><\/ol><ol start=\"4\"><li><strong>N\u00e9zz\u00fck \u00e1t a PMI Glossary-t (azaz a PMI \u00e1ltal haszn\u00e1lt kifejez\u00e9sek defin\u00edci\u00f3it tartalmaz\u00f3 gy\u0171jt\u00e9st). <\/strong><ul><li>Az ismeretlen kifejez\u00e9seket tanuljuk meg, keress\u00fcnk r\u00e1juk bemutat\u00f3 p\u00e9ld\u00e1kat az interneten.<\/li><li>\u00cdnyencek sz\u00e1m\u00e1ra a teljes Glossary megtal\u00e1lhat\u00f3 \u00e9s megtanulhat\u00f3 az <a href=\"https:\/\/www.memrise.com\/course\/1991541\/capmr-pmpr-glossary-pmbok-6th-edition\/\" target=\"_blank\" rel=\"noopener\">al\u00e1bbi ingyenes, online tanul\u00f3k\u00e1rtya szolg\u00e1ltat\u00e1s seg\u00edts\u00e9g\u00e9vel<\/a>. Ezen a fel\u00fcleten a m\u00e1r ismert vagy elsaj\u00e1t\u00edtott kifejez\u00e9sek ignor\u00e1lhat\u00f3k, kihagyhat\u00f3k.<\/li><li>A teljes Glossary elsaj\u00e1t\u00edt\u00e1s\u00e1t ugyanakkor nem javasoljuk, viszont a gyakran felmer\u00fcl\u0151 \u00e9s el\u0151ker\u00fcl\u0151 kifejez\u00e9sekkel mindenk\u00e9ppen legy\u00fcnk tiszt\u00e1ban a vizsg\u00e1ra!<\/li><\/ul><\/li><\/ol><ol start=\"5\"><li><strong>Folyamatos gyakorl\u00e1s a felk\u00e9sz\u00edt\u0151 \u00e1ltal biztos\u00edtott feladatokkal \u00e9s egy\u00e9b megb\u00edzhat\u00f3 forr\u00e1sb\u00f3l<\/strong> <strong>sz\u00e1rmaz\u00f3 feladatokkal. <u>Ez a k\u00e9sz\u00fcl\u00e9s\u00fcnk legkritikusabb, legfontosabb pontja.<\/u><\/strong><ul><li>Az elm\u00e9let k\u00f6nny\u0171, logikus, viszont a robusztuss\u00e1ga miatt a k\u00f6nnyebb elm\u00e9letet is k\u00f6nny\u0171 \u00f6sszekeverni.<\/li><li>Ezek a feladatok r\u00e1mutatnak a gyenge pontjainkra, \u00edgy nem csak a v\u00e9g n\u00e9lk\u00fcli gyakorl\u00e1s, hanem a feladatok ki\u00e9rt\u00e9kel\u00e9se is fontos feladat.<\/li><li>Mindig legyen a kez\u00fcnk \u00fcgy\u00e9ben egy jegyzetf\u00fczet, ahova a legfontosabb tapasztalatinkat, tanul\u00e1si pontjainkat felvezetj\u00fck.<\/li><\/ul><\/li><\/ol><ol start=\"6\"><li><strong>Jegyzeteink \u00e9s anyagaink folyamatos tanulm\u00e1nyoz\u00e1sa.<\/strong><\/li><\/ol>\t\t\t\t\t\t\t\t<\/div>\n\t\t\t\t<\/div>\n\t\t\t\t<div class=\"elementor-element elementor-element-9988c00 elementor-align-center elementor-widget elementor-widget-button\" data-id=\"9988c00\" data-element_type=\"widget\" data-e-type=\"widget\" data-widget_type=\"button.default\">\n\t\t\t\t<div class=\"elementor-widget-container\">\n\t\t\t\t\t\t\t\t\t<div class=\"elementor-button-wrapper\">\n\t\t\t\t\t<a class=\"elementor-button elementor-button-link elementor-size-sm\" href=\"\/kepzes\/pmi-capm-vizsgafelkeszito\/\">\n\t\t\t\t\t\t<span class=\"elementor-button-content-wrapper\">\n\t\t\t\t\t\t\t\t\t<span class=\"elementor-button-text\">Szeretn\u00e9k t\u00f6bb inform\u00e1ci\u00f3t a CAPM vizsgafelk\u00e9sz\u00edt\u0151 k\u00e9pz\u00e9sr\u0151l<\/span>\n\t\t\t\t\t<\/span>\n\t\t\t\t\t<\/a>\n\t\t\t\t<\/div>\n\t\t\t\t\t\t\t\t<\/div>\n\t\t\t\t<\/div>\n\t\t\t\t<div class=\"elementor-element elementor-element-f2d0548 elementor-widget elementor-widget-text-editor\" data-id=\"f2d0548\" data-element_type=\"widget\" data-e-type=\"widget\" data-widget_type=\"text-editor.default\">\n\t\t\t\t<div class=\"elementor-widget-container\">\n\t\t\t\t\t\t\t\t\t<h3>Gondoljunk a felk\u00e9sz\u00fcl\u00e9sre mini-projektk\u00e9nt<\/h3><p>Ahogy m\u00e1r kor\u00e1bban is eml\u00edtett\u00fck, a k\u00e9sz\u00fcl\u00e9s legfontosabb eleme a folyamatos \u00e9s huzamos ideig tart\u00f3 feladatgyakorl\u00e1s. Erre sz\u00e1njuk a felk\u00e9sz\u00fcl\u00e9s\u00fcnk legal\u00e1bb 60%-\u00e1t. Ha olyan feladattal tal\u00e1lkozunk, ahol nem \u00e9rt\u00fcnk egyet a helyes v\u00e1lasszal, nyugodtan k\u00e9rj\u00fck a felk\u00e9sz\u00edt\u0151nk el\u0151ad\u00f3j\u00e1nak seg\u00edts\u00e9g\u00e9t. M\u00e9g a <a href=\"https:\/\/promanconsulting.hu\/capm-vizsga-mintakerdesek\/\">legsz\u00ednvonalasabb online megtal\u00e1lhat\u00f3 k\u00e9rd\u00e9ssorokban<\/a> is lehetnek hib\u00e1k, elk\u00e9pzelhet\u0151, hogy t\u00e9nyleg nek\u00fcnk van igazunk; ugyanakkor az is, hogy rosszul \u00e9rtelmezt\u00fcnk egy koncepci\u00f3t, az el\u0151ad\u00f3 pedig r\u00e1mutathat a t\u00e9ved\u00e9s\u00fcnkre, ami sok pontot jelenthet sz\u00e1munkra a vizsg\u00e1n.<br \/>Mi azt szoktuk javasolni, hogyha a felk\u00e9sz\u00fcl\u00e9s sor\u00e1n a feladatok m\u00e1r 80%-\u00e1t helyesen oldjuk meg, akkor nincs \u00e9rtelme tov\u00e1bb k\u00e9sz\u00fclni, lehet menni vizsg\u00e1zni (a sikeres vizsga becs\u00fclt hat\u00e1ra 62-75% k\u00f6z\u00e9 teszik az ipar\u00e1gi szak\u00e9rt\u0151k, a konkr\u00e9t \u00e9rt\u00e9k azonban titkos \u00e9s csak a PMI sz\u00e1m\u00e1ra ismert).<br \/>A k\u00e9sz\u00fcl\u00e9s\u00fcnkre nyugodtan tekinthet\u00fcnk egy mini-projektk\u00e9nt is. A kezd\u0151 projektvezet\u0151k is tudj\u00e1k, hogy rendes \u00fctemtervez\u00e9s n\u00e9lk\u00fcl kev\u00e9s projekt lesz sikeres vagy tudja tartani a kereteit. Igyekezz\u00fcnk min\u00e9l hamarabb elsaj\u00e1t\u00edtani ezeket az alapvet\u00e9seket, \u00e9s akkor elker\u00fclhetj\u00fck az eg\u00e9szs\u00e9gtelen\u00fcl r\u00f6vid id\u0151 alatt sz\u00fcks\u00e9ges felk\u00e9sz\u00fcl\u00e9st \u00e9s a folyamatos halogat\u00e1st is. Amikor m\u00e1r magabiztosak vagyunk abban, hogy re\u00e1lis a k\u00e9sz\u00fcl\u00e9s\u00fcnk \u00fctemterve \u00e9s rendben is halad, nyugodtan t\u0171zz\u00fck ki a vizsga tervezett idej\u00e9t.<\/p>\t\t\t\t\t\t\t\t<\/div>\n\t\t\t\t<\/div>\n\t\t\t\t\t<\/div>\n\t\t<\/div>\n\t\t\t\t\t<\/div>\n\t\t<\/section>\n\t\t\t\t<\/div>\n\t\t","protected":false},"excerpt":{"rendered":"<p>A MEGFELEL\u0150 FELK\u00c9SZ\u00dcL\u00c9SI ID\u0150 MEGHAT\u00c1ROZ\u00c1SA \u00c9S AZ AZT BEFOLY\u00c1SOL\u00d3 T\u00c9NYEZ\u0150K CAPM felk\u00e9sz\u00edt\u0151nk\u00a0\u00e9rdekl\u0151d\u0151i k\u00f6z\u00f6tt az egyik leggyakrabban felmer\u00fcl\u0151 k\u00e9rd\u00e9s az, hogy a felk\u00e9sz\u00edt\u0151 program ut\u00e1n mennyi id\u0151 m\u00falva tarthatja kez\u00e9ben a sikeres vizsga ut\u00e1ni elismer\u00e9s\u00e9t. Term\u00e9szetesen nagyon sok f\u00fcgg a felk\u00e9sz\u00fcl\u0151 egy\u00e9ni ig\u00e9nyeit\u0151l, k\u00e9pess\u00e9geit\u0151l, adotts\u00e1gait\u00f3l, helyzet\u00e9t\u0151l, m\u00e9gis megpr\u00f3b\u00e1lunk v\u00e1laszt adni a k\u00e9rd\u00e9sre. Tartalom: Az eg\u00e9szs\u00e9ges k\u00e9sz\u00fcl\u00e9s [&hellip;]<\/p>\n","protected":false},"author":5,"featured_media":4283,"comment_status":"closed","ping_status":"closed","sticky":false,"template":"","format":"standard","meta":{"footnotes":""},"categories":[33],"tags":[65,32,86,35,118,36],"class_list":["post-2726","post","type-post","status-publish","format-standard","has-post-thumbnail","hentry","category-pmi","tag-capm","tag-minosites","tag-pmi","tag-projektmenedzsment","tag-projektmenedzsment-minosites","tag-vizsga","entry","has-media"],"_links":{"self":[{"href":"https:\/\/promanconsulting.hu\/en\/wp-json\/wp\/v2\/posts\/2726","targetHints":{"allow":["GET"]}}],"collection":[{"href":"https:\/\/promanconsulting.hu\/en\/wp-json\/wp\/v2\/posts"}],"about":[{"href":"https:\/\/promanconsulting.hu\/en\/wp-json\/wp\/v2\/types\/post"}],"author":[{"embeddable":true,"href":"https:\/\/promanconsulting.hu\/en\/wp-json\/wp\/v2\/users\/5"}],"replies":[{"embeddable":true,"href":"https:\/\/promanconsulting.hu\/en\/wp-json\/wp\/v2\/comments?post=2726"}],"version-history":[{"count":1,"href":"https:\/\/promanconsulting.hu\/en\/wp-json\/wp\/v2\/posts\/2726\/revisions"}],"predecessor-version":[{"id":8203,"href":"https:\/\/promanconsulting.hu\/en\/wp-json\/wp\/v2\/posts\/2726\/revisions\/8203"}],"wp:featuredmedia":[{"embeddable":true,"href":"https:\/\/promanconsulting.hu\/en\/wp-json\/wp\/v2\/media\/4283"}],"wp:attachment":[{"href":"https:\/\/promanconsulting.hu\/en\/wp-json\/wp\/v2\/media?parent=2726"}],"wp:term":[{"taxonomy":"category","embeddable":true,"href":"https:\/\/promanconsulting.hu\/en\/wp-json\/wp\/v2\/categories?post=2726"},{"taxonomy":"post_tag","embeddable":true,"href":"https:\/\/promanconsulting.hu\/en\/wp-json\/wp\/v2\/tags?post=2726"}],"curies":[{"name":"wp","href":"https:\/\/api.w.org\/{rel}","templated":true}]}}