{"id":2700,"date":"2017-06-29T13:45:19","date_gmt":"2017-06-29T13:45:19","guid":{"rendered":"http:\/\/promanconsulting.hu\/?p=719"},"modified":"2023-09-13T08:32:00","modified_gmt":"2023-09-13T08:32:00","slug":"uzleti_elemzes","status":"publish","type":"post","link":"https:\/\/promanconsulting.hu\/en\/uzleti_elemzes\/","title":{"rendered":"Why is business analysis useful in projects?"},"content":{"rendered":"\t\t<div data-elementor-type=\"wp-post\" data-elementor-id=\"2700\" class=\"elementor elementor-2700\" data-elementor-settings=\"{&quot;ha_cmc_init_switcher&quot;:&quot;no&quot;}\" data-elementor-post-type=\"post\">\n\t\t\t\t\t\t<section class=\"elementor-section elementor-top-section elementor-element elementor-element-30e4239d elementor-section-boxed elementor-section-height-default elementor-section-height-default\" data-id=\"30e4239d\" data-element_type=\"section\" data-e-type=\"section\" data-settings=\"{&quot;jet_parallax_layout_list&quot;:[{&quot;jet_parallax_layout_image&quot;:{&quot;url&quot;:&quot;&quot;,&quot;id&quot;:&quot;&quot;,&quot;size&quot;:&quot;&quot;},&quot;_id&quot;:&quot;3905d05&quot;,&quot;jet_parallax_layout_image_tablet&quot;:{&quot;url&quot;:&quot;&quot;,&quot;id&quot;:&quot;&quot;,&quot;size&quot;:&quot;&quot;},&quot;jet_parallax_layout_image_mobile&quot;:{&quot;url&quot;:&quot;&quot;,&quot;id&quot;:&quot;&quot;,&quot;size&quot;:&quot;&quot;},&quot;jet_parallax_layout_speed&quot;:{&quot;unit&quot;:&quot;%&quot;,&quot;size&quot;:50,&quot;sizes&quot;:[]},&quot;jet_parallax_layout_type&quot;:&quot;scroll&quot;,&quot;jet_parallax_layout_direction&quot;:&quot;1&quot;,&quot;jet_parallax_layout_fx_direction&quot;:null,&quot;jet_parallax_layout_z_index&quot;:&quot;&quot;,&quot;jet_parallax_layout_bg_x&quot;:50,&quot;jet_parallax_layout_bg_x_tablet&quot;:&quot;&quot;,&quot;jet_parallax_layout_bg_x_mobile&quot;:&quot;&quot;,&quot;jet_parallax_layout_bg_y&quot;:50,&quot;jet_parallax_layout_bg_y_tablet&quot;:&quot;&quot;,&quot;jet_parallax_layout_bg_y_mobile&quot;:&quot;&quot;,&quot;jet_parallax_layout_bg_size&quot;:&quot;auto&quot;,&quot;jet_parallax_layout_bg_size_tablet&quot;:&quot;&quot;,&quot;jet_parallax_layout_bg_size_mobile&quot;:&quot;&quot;,&quot;jet_parallax_layout_animation_prop&quot;:&quot;transform&quot;,&quot;jet_parallax_layout_on&quot;:[&quot;desktop&quot;,&quot;tablet&quot;]}],&quot;_ha_eqh_enable&quot;:false}\">\n\t\t\t\t\t\t<div class=\"elementor-container elementor-column-gap-default\">\n\t\t\t\t\t<div class=\"elementor-column elementor-col-100 elementor-top-column elementor-element elementor-element-561ae2e2\" data-id=\"561ae2e2\" data-element_type=\"column\" data-e-type=\"column\">\n\t\t\t<div class=\"elementor-widget-wrap elementor-element-populated\">\n\t\t\t\t\t\t<div class=\"elementor-element elementor-element-bf67698 elementor-widget elementor-widget-text-editor\" data-id=\"bf67698\" data-element_type=\"widget\" data-e-type=\"widget\" data-widget_type=\"text-editor.default\">\n\t\t\t\t<div class=\"elementor-widget-container\">\n\t\t\t\t\t\t\t\t\t<h2>MIT \u00c9RT\u00dcNK \u00dcZLETI ELEMZ\u00c9S ALATT?<\/h2><p>Az \u00fczleti elemz\u00e9s (business analysis) tapasztalataink szerint\u00a0<strong>t\u00f6bbf\u00e9le \u00e9rtelmez\u00e9ssel b\u00edr<\/strong>\u00a0k\u00fcl\u00f6nb\u00f6z\u0151 ipar\u00e1gakban. Miel\u0151tt ennek szerep\u00e9t \u00e9rtelmezz\u00fck, c\u00e9lszer\u0171 tiszt\u00e1zni, hogy mi (a\u00a0<a href=\"https:\/\/www.pmi.org\/certifications\/types\/business-analysis-pba\" target=\"_blank\" rel=\"noopener\">PMI<\/a>\u00a0megk\u00f6zel\u00edt\u00e9s\u00e9vel azonosan) mit \u00e9rt\u00fcnk \u00fczleti elemz\u00e9s alatt?<\/p><p>Megk\u00f6zel\u00edt\u00e9s\u00fcnk szerint az \u00fczleti elemz\u00e9s egy ipar\u00e1gf\u00fcggetlen tev\u00e9kenys\u00e9g, mely szorosan kapcsol\u00f3dik a projektekhez, illetve a szervezeti c\u00e9lokhoz is. Ezt a feladatot leggyakrabban \u00fczleti elemz\u0151k, (business analyst-ok) t\u00f6ltik be, \u00e1m nem ritk\u00e1n ezt a szerepk\u00f6rt a projektvezet\u0151, agilis projektek eset\u00e9n product owner t\u00f6lti be. Gyakran \u00fagy emlegetik az \u00fczleti elemz\u0151ket, mint egy kommunik\u00e1ci\u00f3s hidat az informatika \u00e9s az \u00fczlet k\u00f6z\u00f6tt.<\/p><p>Ez r\u00e9szben igaz, \u00e1m a szerep\u00fck enn\u00e9l v\u00e9lem\u00e9ny\u00fcnk szerint j\u00f3val t\u00e1gabb. Egyr\u00e9szt, az\u00a0<strong>\u00fczleti elemz\u00e9s nem csup\u00e1n informatikai projektek sor\u00e1n lehet fontos.<\/strong>\u00a0Legyen sz\u00f3 ak\u00e1r egy term\u00e9kfejleszt\u00e9si, folyamatfejleszt\u00e9si, vagy b\u00e1rmilyen szolg\u00e1ltat\u00e1s megval\u00f3sul\u00e1s\u00e1t c\u00e9lul kit\u0171z\u00f6tt projektr\u0151l, ez a tev\u00e9kenys\u00e9g komoly hozz\u00e1adott \u00e9rt\u00e9kkel b\u00edr. M\u00e1sr\u00e9szt, a BA-k szerepe v\u00e9lem\u00e9ny\u00fcnk szerint t\u00falmutat a kommunik\u00e1ci\u00f3n, illetve a &#8222;tolm\u00e1cs&#8221; funkci\u00f3n.<\/p><p>Egy megfelel\u0151en kialak\u00edtott \u00fczleti elemz\u0151 szerepk\u00f6r seg\u00edts\u00e9g\u00e9vel nem csup\u00e1n az ig\u00e9nyek ker\u00fclnek leford\u00edt\u00e1sra, hanem azok a\u00a0<strong>szervezeti, \u00fczleti c\u00e9loknak megfelel\u0151en ker\u00fclnek kialak\u00edt\u00e1sra, folyamatos &#8222;gondoz\u00e1sra&#8221; is<\/strong>. Nem v\u00e9letlen\u00fcl nem ig\u00e9nyek, k\u00f6vetelm\u00e9nyek gy\u0171jt\u00e9se kifejez\u00e9st haszn\u00e1ljuk. Sajnos a legt\u00f6bb esetben ezek nincsenek meghat\u00e1rozva egy\u00e9rtelm\u0171en az \u00e9rintettek r\u00e9sz\u00e9r\u0151l, ezek kialak\u00edt\u00e1sa komoly munk\u00e1t ig\u00e9nyel.<\/p><p><strong>\u00c9rtelmez\u00e9s\u00fcnk szerint az \u00fczleti elemz\u00e9s a szervezeti, \u00fczleti c\u00e9lok felder\u00edt\u00e9s\u00e9t, \u00e9rtelmez\u00e9s\u00e9t, valamint ezek ment\u00e9n a projektekkel kapcsolatos ig\u00e9nyek, k\u00e9s\u0151bb k\u00f6vetelm\u00e9nyek meghat\u00e1roz\u00e1s\u00e1t, menedzsmentj\u00e9t, az ezekkel kapcsolatos v\u00e1ltoz\u00e1sok, konfliktusok kezel\u00e9s\u00e9t jelenti.<\/strong><\/p><h3>MI\u00c9RT VAN SZ\u00dcKS\u00c9G \u00dcZLETI ELEMZ\u00c9SRE?<\/h3><p>A nemzetk\u00f6zi projektmenedzsment felm\u00e9r\u00e9sek szerint\u00a0<strong>a sikertelen projektek k\u00f6zel 50%-a a nem megfelel\u0151 ig\u00e9nykezel\u00e9s miatt bukik meg<\/strong>. Mindezek mellett a projektvezet\u0151k \u00e1tlagosan\u00a0<strong>a projektek 45%-a eset\u00e9n tapasztaltak kontroll\u00e1latlan scope v\u00e1ltoztat\u00e1st, vagy kiterjeszt\u00e9st<\/strong>. Ezek a sz\u00e1mok j\u00f3l mutatj\u00e1k, hogy a nem megfelel\u0151 ig\u00e9ny- \u00e9s k\u00f6vetelm\u00e9nymenedzsment milyen m\u00e9rt\u00e9kben k\u00e9pes az eredm\u00e9nyess\u00e9get rontani.<\/p><p>M\u00e1sik \u00e9rdekess\u00e9g, hogy sok esetben a projektek az\u00e9rt nem lesznek sikeresek, mert\u00a0<strong>a c\u00e9lok eleve nem tiszt\u00e1zottak, nem ismertek<\/strong>. Sok esetben b\u00e1r defini\u00e1lva vannak a term\u00e9kkel kapcsolatos k\u00f6vetelm\u00e9nyek, azok nincsenek \u00f6sszehangolva az eredeti, t\u00e9nyleges \u00fczleti c\u00e9lokkal, \u00edgy sikeres projektmenedzsment mellett sem lesz a sz\u00e1ll\u00edtott megold\u00e1s igaz\u00e1n eredm\u00e9nyes. Az \u00fczleti elemz\u00e9s megfelel\u0151 alkalmaz\u00e1s\u00e1val a fenti negat\u00edv hat\u00e1sok cs\u00f6kkenthet\u0151k, \u00e1thidalhat\u00f3k.<\/p>\t\t\t\t\t\t\t\t<\/div>\n\t\t\t\t<\/div>\n\t\t\t\t<div class=\"elementor-element elementor-element-202afdc elementor-align-center elementor-widget elementor-widget-button\" data-id=\"202afdc\" data-element_type=\"widget\" data-e-type=\"widget\" data-widget_type=\"button.default\">\n\t\t\t\t<div class=\"elementor-widget-container\">\n\t\t\t\t\t\t\t\t\t<div class=\"elementor-button-wrapper\">\n\t\t\t\t\t<a class=\"elementor-button elementor-button-link elementor-size-sm\" href=\"\/kepzes\/pmi-pba-vizsgafelkeszito\/\">\n\t\t\t\t\t\t<span class=\"elementor-button-content-wrapper\">\n\t\t\t\t\t\t\t\t\t<span class=\"elementor-button-text\">Nemzetk\u00f6zileg elfogadott \u00fczleti elemz\u0151 min\u0151s\u00edt\u00e9st szeretn\u00e9k!<\/span>\n\t\t\t\t\t<\/span>\n\t\t\t\t\t<\/a>\n\t\t\t\t<\/div>\n\t\t\t\t\t\t\t\t<\/div>\n\t\t\t\t<\/div>\n\t\t\t\t<div class=\"elementor-element elementor-element-7f824053 elementor-widget elementor-widget-text-editor\" data-id=\"7f824053\" data-element_type=\"widget\" data-e-type=\"widget\" data-widget_type=\"text-editor.default\">\n\t\t\t\t<div class=\"elementor-widget-container\">\n\t\t\t\t\t\t\t\t\t<p style=\"text-align: left;\"><span style=\"color: #333333; font-size: 2.3vw; font-weight: 800; text-transform: uppercase;\">Hogyan alkalmazzuk az \u00fczleti elemz\u00e9st?<\/span><\/p><p style=\"text-align: justify;\">Az \u00fczleti elemz\u00e9s sikeres alkalmaz\u00e1s\u00e1hoz sz\u00fcks\u00e9g van:<\/p><ul style=\"text-align: justify;\"><li><strong>egy\u00fcttm\u0171k\u00f6d\u0151, t\u00e1mogat\u00f3 szervezeti kult\u00far\u00e1ra,<\/strong><\/li><li><strong>megfelel\u0151 kompetenci\u00e1kkal rendelkez\u0151 munkat\u00e1rsakra,<\/strong><\/li><li><strong>valamint egy mindenki \u00e1ltal ismert \u00e9s elfogadott folyamatra \u00e9s felel\u0151ss\u00e9gi k\u00f6r\u00f6kre.\u00a0<\/strong><\/li><\/ul><h3>Szervezeti kult\u00fara<\/h3><p style=\"text-align: justify;\"><strong>Az egy\u00fcttm\u0171k\u00f6d\u00e9sen alapul\u00f3 szervezeti kult\u00fara<\/strong> \u00e9s vezet\u0151i elk\u00f6telezetts\u00e9g, mint minden m\u00e1s v\u00e1ltoz\u00e1si helyzetben, itt is kiemelt fontoss\u00e1g\u00fa. Sajnos senki sem rendelkezik a &#8222;b\u00f6lcsek k\u00f6v\u00e9vel&#8221;, \u00edgy a c\u00e9l itt is az, hogy az egyes ter\u00fcleteken tapasztalt, nagy tud\u00e1ssal rendelkez\u0151 koll\u00e9g\u00e1k egy\u00fcttm\u0171k\u00f6djenek. Ez el\u0151seg\u00edthet\u0151 k\u00e9pz\u00e9si, vagy workshop programokkal, illetve szervezeti kult\u00farafejleszt\u00e9s seg\u00edts\u00e9g\u00e9vel is.<\/p><p style=\"text-align: justify;\">Az \u00fczleti elemz\u0151k sz\u00e1m\u00e1ra elengedhetetlen egy bizonyos fok\u00fa szakmai ismeret, \u00e1m tapasztalataink szerint eset\u00fckben nem ez a legfontosabb.<\/p><h3>K\u00e9szs\u00e9gek<\/h3><p style=\"text-align: justify;\"><strong>Egy j\u00f3 \u00fczleti elemz\u0151 j\u00f3l struktur\u00e1lt gondolkod\u00e1sm\u00f3ddal, j\u00f3 probl\u00e9mamegold\u00f3 \u00e9s kommunik\u00e1ci\u00f3s k\u00e9szs\u00e9gekkel rendelkezik.<\/strong> K\u00e9pes workshopot vezetni, facilit\u00e1lni, <strong>j\u00f3l k\u00e9rdezni,<\/strong> illetve a probl\u00e9m\u00e1kat, ig\u00e9nyeket \u00e1br\u00e1zolni, azt m\u00e1sokkal meg\u00e9rtetni. Ezeket a k\u00e9szs\u00e9geket lehet fejleszteni, illetve ha err\u0151l nemzetk\u00f6zileg is elfogadott min\u0151s\u00edt\u00e9st szeretn\u00e9nk szerezni, a <a href=\"https:\/\/promanconsulting.hu\/pmi-minositesek\/\">PMI-PBA<\/a> megfelel\u0151 v\u00e1laszt\u00e1s lehet. Az \u00fczleti elemz\u0151 k\u00e9pz\u00e9s kiv\u00e1laszt\u00e1sa eset\u00e9n c\u00e9lszer\u0171 eld\u00f6nteni, hogy mit v\u00e1runk egy ilyen programt\u00f3l. Amennyiben karrierlehet\u0151s\u00e9geinket szeretn\u00e9nk el\u0151seg\u00edteni, \u00fagy a <a href=\"https:\/\/promanconsulting.hu\/pmi-pba-vizsgafelkeszites\/\">vizsgafelk\u00e9sz\u00edt\u0151 programot<\/a> aj\u00e1nljuk, amennyiben a szervezetben tev\u00e9kenyked\u0151 \u00fczleti elemz\u0151k tov\u00e1bbfejleszt\u00e9se a c\u00e9l, \u00fagy a szervezeti folyamatokra <a href=\"https:\/\/promanconsulting.hu\/projektmenedzsment_kepzes\/\">testre szabott megold\u00e1st <\/a>tudjuk javasolni. B\u00e1rmely ir\u00e1nyr\u00f3l is legyen sz\u00f3, c\u00e9lszer\u0171 a k\u00e9szs\u00e9geket \u00e9s metodol\u00f3giai ismereteket is fejleszteni!<\/p><h3>Folyamat<\/h3><p style=\"text-align: justify;\">Az \u00fczleti elemz\u00e9s, ahogy sok m\u00e1s ter\u00fclet is, megfelel\u0151 szervezeti folyamat mellett val\u00f3sulhat meg igaz\u00e1n sikeresen. Tapasztalataink szerint ez akkor ad igaz\u00e1n komoly hozz\u00e1adott \u00e9rt\u00e9ket, ha <strong>\u00f6sszekapcsol\u00e1sra ker\u00fcl a szervezeti projektmenedzsment, projekt-portf\u00f3li\u00f3 menedzsment \u00e9s az azokat t\u00e1mogat\u00f3 folyamatokkal<\/strong> is.<\/p><p style=\"text-align: justify;\">Legt\u00f6bbsz\u00f6r a probl\u00e9m\u00e1t azonban nem ez, hanem a feladat- \u00e9s felel\u0151ss\u00e9gi k\u00f6r\u00f6k tiszt\u00e1zatlans\u00e1ga jelenti. Az \u00fczleti elemz\u0151 a projektvezet\u0151h\u00f6z k\u00e9pest egy sokkal &#8222;fiatalabb&#8221; szerepk\u00f6r, mely alkalmaz\u00e1s\u00e1t sok szervezet m\u00e9g tanulja. Kiemelten fontos, hogy a <strong>projektvezet\u0151i &#8222;sapk\u00e1t&#8221; sz\u00e9tv\u00e1lasszuk az \u00fczleti elemz\u0151it\u0151l<\/strong>.<\/p><p style=\"text-align: justify;\">Term\u00e9szetesen a 2 szerepet ak\u00e1r ugyanaz a szem\u00e9ly is bet\u00f6ltheti, \u00e1m tiszt\u00e1zni kell, hogy melyik szerepk\u00f6r milyen felel\u0151ss\u00e9g- \u00e9s hat\u00e1sk\u00f6r\u00f6kkel rendelkezik. Ez az\u00e9rt is kritikus, mivel ez a k\u00e9t szerepk\u00f6r a projektek sor\u00e1n nagyon szorosan egy\u00fctt kell, hogy m\u0171k\u00f6dj\u00f6n. A megfelel\u0151 &#8222;k\u00e9mia&#8221; \u00e9s a feladatok sz\u00e9tv\u00e1laszt\u00e1sa n\u00e9lk\u00fcl a projektet sokkal nehezebb sikerre vinni.<\/p><p style=\"text-align: justify;\">T\u00f6bbsz\u00f6r is meg\u00edrtuk m\u00e1r, hogy v\u00e9lem\u00e9ny\u00fcnk szerint a j\u00f6v\u0151 azok\u00e9 a szak\u00e9rt\u0151k\u00e9, <strong>akik projektvezet\u0151i \u00e9s \u00fczleti elemz\u0151i tapasztalattal, kompetenci\u00e1kkal is rendelkeznek<\/strong>. Az el\u0151rejelz\u00e9sek szerint ezeket az egy\u00e9neket a piac rendk\u00edv\u00fcli m\u00f3don megfizeti, megbecs\u00fcli majd, \u00e9s a k\u00f6vetkez\u0151 10 \u00e9vben szerep\u00fck is tov\u00e1bb n\u00f6vekszik.<\/p>\t\t\t\t\t\t\t\t<\/div>\n\t\t\t\t<\/div>\n\t\t\t\t\t<\/div>\n\t\t<\/div>\n\t\t\t\t\t<\/div>\n\t\t<\/section>\n\t\t\t\t<\/div>\n\t\t","protected":false},"excerpt":{"rendered":"<p>MIT \u00c9RT\u00dcNK \u00dcZLETI ELEMZ\u00c9S ALATT? Az \u00fczleti elemz\u00e9s (business analysis) tapasztalataink szerint\u00a0t\u00f6bbf\u00e9le \u00e9rtelmez\u00e9ssel b\u00edr\u00a0k\u00fcl\u00f6nb\u00f6z\u0151 ipar\u00e1gakban. Miel\u0151tt ennek szerep\u00e9t \u00e9rtelmezz\u00fck, c\u00e9lszer\u0171 tiszt\u00e1zni, hogy mi (a\u00a0PMI\u00a0megk\u00f6zel\u00edt\u00e9s\u00e9vel azonosan) mit \u00e9rt\u00fcnk \u00fczleti elemz\u00e9s alatt? Megk\u00f6zel\u00edt\u00e9s\u00fcnk szerint az \u00fczleti elemz\u00e9s egy ipar\u00e1gf\u00fcggetlen tev\u00e9kenys\u00e9g, mely szorosan kapcsol\u00f3dik a projektekhez, illetve a szervezeti c\u00e9lokhoz is. Ezt a feladatot leggyakrabban \u00fczleti elemz\u0151k, (business [&hellip;]<\/p>\n","protected":false},"author":2,"featured_media":4561,"comment_status":"closed","ping_status":"closed","sticky":false,"template":"","format":"standard","meta":{"footnotes":""},"categories":[62],"tags":[55,61,57,58,63,64],"class_list":["post-2700","post","type-post","status-publish","format-standard","has-post-thumbnail","hentry","category-uzleti-elemzes","tag-ba","tag-ba-kepzes","tag-pmi-pba","tag-uzleti-elemzes","tag-uzleti-elemzo","tag-uzleti-elemzo-kepzes","entry","has-media"],"_links":{"self":[{"href":"https:\/\/promanconsulting.hu\/en\/wp-json\/wp\/v2\/posts\/2700","targetHints":{"allow":["GET"]}}],"collection":[{"href":"https:\/\/promanconsulting.hu\/en\/wp-json\/wp\/v2\/posts"}],"about":[{"href":"https:\/\/promanconsulting.hu\/en\/wp-json\/wp\/v2\/types\/post"}],"author":[{"embeddable":true,"href":"https:\/\/promanconsulting.hu\/en\/wp-json\/wp\/v2\/users\/2"}],"replies":[{"embeddable":true,"href":"https:\/\/promanconsulting.hu\/en\/wp-json\/wp\/v2\/comments?post=2700"}],"version-history":[{"count":4,"href":"https:\/\/promanconsulting.hu\/en\/wp-json\/wp\/v2\/posts\/2700\/revisions"}],"predecessor-version":[{"id":9222,"href":"https:\/\/promanconsulting.hu\/en\/wp-json\/wp\/v2\/posts\/2700\/revisions\/9222"}],"wp:featuredmedia":[{"embeddable":true,"href":"https:\/\/promanconsulting.hu\/en\/wp-json\/wp\/v2\/media\/4561"}],"wp:attachment":[{"href":"https:\/\/promanconsulting.hu\/en\/wp-json\/wp\/v2\/media?parent=2700"}],"wp:term":[{"taxonomy":"category","embeddable":true,"href":"https:\/\/promanconsulting.hu\/en\/wp-json\/wp\/v2\/categories?post=2700"},{"taxonomy":"post_tag","embeddable":true,"href":"https:\/\/promanconsulting.hu\/en\/wp-json\/wp\/v2\/tags?post=2700"}],"curies":[{"name":"wp","href":"https:\/\/api.w.org\/{rel}","templated":true}]}}