{"id":2274,"date":"2020-09-23T11:15:36","date_gmt":"2020-09-23T11:15:36","guid":{"rendered":"http:\/\/promanconsulting.hu\/?p=2274"},"modified":"2023-05-17T18:49:35","modified_gmt":"2023-05-17T18:49:35","slug":"a-project-assistant-tasks","status":"publish","type":"post","link":"https:\/\/promanconsulting.hu\/en\/a-projektasszisztens-feladatai\/","title":{"rendered":"Tasks of the Project Assistant"},"content":{"rendered":"\t\t<div data-elementor-type=\"wp-post\" data-elementor-id=\"2274\" class=\"elementor elementor-2274\" data-elementor-settings=\"{&quot;ha_cmc_init_switcher&quot;:&quot;no&quot;}\" data-elementor-post-type=\"post\">\n\t\t\t\t\t\t<section class=\"elementor-section elementor-top-section elementor-element elementor-element-67b97afa elementor-section-boxed elementor-section-height-default elementor-section-height-default\" data-id=\"67b97afa\" data-element_type=\"section\" data-e-type=\"section\" data-settings=\"{&quot;jet_parallax_layout_list&quot;:[{&quot;jet_parallax_layout_image&quot;:{&quot;url&quot;:&quot;&quot;,&quot;id&quot;:&quot;&quot;,&quot;size&quot;:&quot;&quot;},&quot;_id&quot;:&quot;f13dd90&quot;,&quot;jet_parallax_layout_image_tablet&quot;:{&quot;url&quot;:&quot;&quot;,&quot;id&quot;:&quot;&quot;,&quot;size&quot;:&quot;&quot;},&quot;jet_parallax_layout_image_mobile&quot;:{&quot;url&quot;:&quot;&quot;,&quot;id&quot;:&quot;&quot;,&quot;size&quot;:&quot;&quot;},&quot;jet_parallax_layout_speed&quot;:{&quot;unit&quot;:&quot;%&quot;,&quot;size&quot;:50,&quot;sizes&quot;:[]},&quot;jet_parallax_layout_type&quot;:&quot;scroll&quot;,&quot;jet_parallax_layout_direction&quot;:&quot;1&quot;,&quot;jet_parallax_layout_fx_direction&quot;:null,&quot;jet_parallax_layout_z_index&quot;:&quot;&quot;,&quot;jet_parallax_layout_bg_x&quot;:50,&quot;jet_parallax_layout_bg_x_tablet&quot;:&quot;&quot;,&quot;jet_parallax_layout_bg_x_mobile&quot;:&quot;&quot;,&quot;jet_parallax_layout_bg_y&quot;:50,&quot;jet_parallax_layout_bg_y_tablet&quot;:&quot;&quot;,&quot;jet_parallax_layout_bg_y_mobile&quot;:&quot;&quot;,&quot;jet_parallax_layout_bg_size&quot;:&quot;auto&quot;,&quot;jet_parallax_layout_bg_size_tablet&quot;:&quot;&quot;,&quot;jet_parallax_layout_bg_size_mobile&quot;:&quot;&quot;,&quot;jet_parallax_layout_animation_prop&quot;:&quot;transform&quot;,&quot;jet_parallax_layout_on&quot;:[&quot;desktop&quot;,&quot;tablet&quot;]}],&quot;_ha_eqh_enable&quot;:false}\">\n\t\t\t\t\t\t<div class=\"elementor-container elementor-column-gap-default\">\n\t\t\t\t\t<div class=\"elementor-column elementor-col-100 elementor-top-column elementor-element elementor-element-6b7f9b35\" data-id=\"6b7f9b35\" data-element_type=\"column\" data-e-type=\"column\">\n\t\t\t<div class=\"elementor-widget-wrap elementor-element-populated\">\n\t\t\t\t\t\t<div class=\"elementor-element elementor-element-e12b479 elementor-widget elementor-widget-image\" data-id=\"e12b479\" data-element_type=\"widget\" data-e-type=\"widget\" data-widget_type=\"image.default\">\n\t\t\t\t<div class=\"elementor-widget-container\">\n\t\t\t\t\t\t\t\t\t\t\t\t\t\t\t<img fetchpriority=\"high\" decoding=\"async\" width=\"1000\" height=\"667\" src=\"https:\/\/promanconsulting.hu\/wp-content\/uploads\/2020\/09\/projekt-asszisztens-feladatai.jpg\" class=\"attachment-large size-large wp-image-4014\" alt=\"Projekt asszisztens feladatok\" srcset=\"https:\/\/promanconsulting.hu\/wp-content\/uploads\/2020\/09\/projekt-asszisztens-feladatai.jpg 1000w, https:\/\/promanconsulting.hu\/wp-content\/uploads\/2020\/09\/projekt-asszisztens-feladatai-300x200.jpg 300w, https:\/\/promanconsulting.hu\/wp-content\/uploads\/2020\/09\/projekt-asszisztens-feladatai-768x512.jpg 768w\" sizes=\"(max-width: 1000px) 100vw, 1000px\" \/>\t\t\t\t\t\t\t\t\t\t\t\t\t\t\t<\/div>\n\t\t\t\t<\/div>\n\t\t\t\t<div class=\"elementor-element elementor-element-1e156176 elementor-widget elementor-widget-text-editor\" data-id=\"1e156176\" data-element_type=\"widget\" data-e-type=\"widget\" data-widget_type=\"text-editor.default\">\n\t\t\t\t<div class=\"elementor-widget-container\">\n\t\t\t\t\t\t\t\t\t<p><span style=\"font-size: 40px; font-weight: 400; color: #333333; text-transform: uppercase;\">A projektasszisztens feladatai<\/span><\/p><p style=\"text-align: justify;\"><b>A projektasszisztens feladatai szerte\u00e1gaz\u00f3ak, az adminisztrat\u00edv feladatok \u00e9pp\u00fagy beletartozhatnak, mint az, hogy a projektasszisztens feladatokat prioriz\u00e1l. De sz\u00e1mos szervez\u00e9si, kommunik\u00e1ci\u00f3s, p\u00e9nz\u00fcgyi \u00e9s egy\u00e9b tev\u00e9kenys\u00e9get is fel\u00f6lel a projektasszisztens feladatk\u00f6re.\u00a0<\/b><\/p><h2><span style=\"font-weight: 400;\">A projektasszisztens jelent\u00e9se: mi a szerepe a projektben?\u00a0<\/span><\/h2><p><span style=\"font-weight: 400;\">A projektasszisztens feladatai sz\u00e9lesk\u00f6r\u0171ek, ide tartozik egyebek mellett:<\/span><\/p><ul><li style=\"font-weight: 400;\"><span style=\"font-weight: 400;\">a projektmenedzser t\u00e1mogat\u00e1sa,<\/span><\/li><li style=\"font-weight: 400;\"><span style=\"font-weight: 400;\">a projekttel kapcsolatos szervez\u00e9si, kommunik\u00e1ci\u00f3s \u00e9s p\u00e9nz\u00fcgyi teend\u0151k elv\u00e9gz\u00e9se,<\/span><\/li><li style=\"font-weight: 400;\"><span style=\"font-weight: 400;\">a projekt kapcs\u00e1n felmer\u00fcl\u0151 adminiszt\u00edv feladatok elv\u00e9gz\u00e9se.\u00a0<\/span><\/li><\/ul><p style=\"text-align: justify;\"><span style=\"font-weight: 400;\">A projektasszisztens kifejez\u00e9s jelent\u00e9se teh\u00e1t kor\u00e1ntsem egy szimpla titk\u00e1r vagy titk\u00e1rn\u0151 szerep\u00e9t fedi le, sokkal ink\u00e1bb a projektmenedzsment folyamat\u00e1nak sz\u00fcrke eminenci\u00e1sa. A j\u00f3 projektasszisztens a h\u00e1tt\u00e9rben marad, m\u00e9gis a projekt megval\u00f3s\u00edt\u00e1s\u00e1nak motorja. Munk\u00e1ja nem t\u00fals\u00e1gosan szembet\u0171n\u0151 &#8211; tev\u00e9kenys\u00e9g\u00e9nek hi\u00e1nya ann\u00e1l ink\u00e1bb.\u00a0<\/span><\/p><h2><span style=\"font-weight: 400;\">A projektasszisztens feladatai<\/span><\/h2><p><span style=\"font-weight: 400;\">Mivel a projektasszisztens feladatai sokr\u00e9t\u0171ek, a fentiekben alkalmazott tagol\u00e1snak megfelel\u0151en soroljuk fel ezeket az al\u00e1bbiakban is.\u00a0<\/span><\/p><h3><span style=\"font-weight: 400;\">A projektvezet\u0151 t\u00e1mogat\u00e1sa<\/span><\/h3>\t\t\t\t\t\t\t\t<\/div>\n\t\t\t\t<\/div>\n\t\t\t\t<div class=\"elementor-element elementor-element-e876c40 elementor-widget elementor-widget-image\" data-id=\"e876c40\" data-element_type=\"widget\" data-e-type=\"widget\" data-widget_type=\"image.default\">\n\t\t\t\t<div class=\"elementor-widget-container\">\n\t\t\t\t\t\t\t\t\t\t\t\t\t\t\t<img decoding=\"async\" width=\"512\" height=\"342\" src=\"https:\/\/promanconsulting.hu\/wp-content\/uploads\/2020\/09\/projekt-asszisztens-feladatkore.jpg\" class=\"attachment-large size-large wp-image-4015\" alt=\"Projektasszisztens hat\u00e1sk\u00f6r\" srcset=\"https:\/\/promanconsulting.hu\/wp-content\/uploads\/2020\/09\/projekt-asszisztens-feladatkore.jpg 512w, https:\/\/promanconsulting.hu\/wp-content\/uploads\/2020\/09\/projekt-asszisztens-feladatkore-300x200.jpg 300w\" sizes=\"(max-width: 512px) 100vw, 512px\" \/>\t\t\t\t\t\t\t\t\t\t\t\t\t\t\t<\/div>\n\t\t\t\t<\/div>\n\t\t\t\t<div class=\"elementor-element elementor-element-f337247 elementor-widget elementor-widget-text-editor\" data-id=\"f337247\" data-element_type=\"widget\" data-e-type=\"widget\" data-widget_type=\"text-editor.default\">\n\t\t\t\t<div class=\"elementor-widget-container\">\n\t\t\t\t\t\t\t\t\t<p><span style=\"font-size: 16px; font-weight: 400; text-align: justify; color: var( --e-global-color-text );\">A projektasszisztens munkak\u00f6ri le\u00edr\u00e1sa kiemelt helyen tartalmazza ezt a tev\u00e9kenys\u00e9get. Nem v\u00e9letlen\u00fcl: a projektasszisztens a projektvezet\u0151 jobb keze, \u00edgy ebbe a feladatk\u00f6rbe nagyon sok minden belef\u00e9rhet. Gyakorlatilag minden olyan tev\u00e9kenys\u00e9g idetartozik, amelynek elv\u00e9gz\u00e9s\u00e9re a projektmenedzser felk\u00e9ri a projektasszisztenst.\u00a0<\/span><\/p><p style=\"text-align: justify;\"><span style=\"font-weight: 400;\">A projektasszisztens feladata p\u00e9ld\u00e1ul a projekt\u00fcl\u00e9sek anyagainak el\u0151k\u00e9sz\u00edt\u00e9se, sokszoros\u00edt\u00e1sa \u00e9s a projekt r\u00e9sztvev\u0151ihez t\u00f6rt\u00e9n\u0151 eljuttat\u00e1sa. Ezen t\u00fal az el\u0151re nem l\u00e1that\u00f3, ad-hoc jelleg\u0171 teend\u0151k jelent\u0151s r\u00e9sz\u00e9t is a projektasszisztens v\u00e9gzi el. Ezek gyakran el\u0151re nem l\u00e1that\u00f3 t\u00f6rt\u00e9n\u00e9sek, helyzetek menedzsel\u00e9s\u00e9t, megold\u00e1s\u00e1t jelentik. Ebb\u0151l &#8211; \u00e9s a projekt eg\u00e9sz\u00e9t \u00e9rint\u0151 sokf\u00e9le tev\u00e9kenys\u00e9gb\u0151l &#8211; ad\u00f3d\u00f3an a projektasszisztens \u00e1ltal\u00e1ban j\u00f3l k\u00e9pzett, rutinos, komoly szakmai m\u00falttal rendelkez\u0151 \u201cr\u00e9gi motoros\u201d.\u00a0<\/span><\/p><h3><span style=\"font-weight: 400;\">A projektasszisztens feladatai a szervez\u00e9st illet\u0151en<\/span><\/h3><ul><li><b>A projekttervez\u00e9st\u0151l a lez\u00e1r\u00e1son \u00e1t a ki\u00e9rt\u00e9kel\u00e9sig a projektc\u00e9lok megval\u00f3s\u00edt\u00e1s\u00e1n dolgozik<\/b><\/li><\/ul><p style=\"text-align: justify; padding-left: 40px;\"><span style=\"font-weight: 400;\">A projektasszisztens &#8211; egy hasonlattal \u00e9lve &#8211; a fed\u00e9lzetmesterhez hasonl\u00f3an m\u00e1r akkor a haj\u00f3 fed\u00e9lzet\u00e9n van, amikor az m\u00e9g a kik\u00f6t\u0151ben v\u00e1rja az indul\u00e1st. Az \u00fat v\u00e9g\u00e9n pedig az utols\u00f3 k\u00f6z\u00f6tt hagyja el a fed\u00e9lzetet. Az asszisztens a projekt tervez\u00e9s\u00e9ben \u00e9ppen \u00fagy r\u00e9szt vesz, mint megval\u00f3s\u00edt\u00e1sban, illetve a projekt lez\u00e1r\u00e1s\u00e1t k\u00f6vet\u0151 ki\u00e9rt\u00e9kel\u00e9sben.\u00a0<\/span><\/p><ul><li><b>Koordin\u00e1lja a projektben r\u00e9szt vev\u0151 tagok munk\u00e1j\u00e1t<\/b><\/li><\/ul><p style=\"text-align: justify; padding-left: 40px;\"><span style=\"font-weight: 400;\">A projektasszisztens minden munkat\u00e1rs, minden egyes tag feladatait \u00e9s munk\u00e1j\u00e1t ismeri. Naprak\u00e9sz inform\u00e1ci\u00f3kkal t\u00e1mogatja \u0151ket a munkav\u00e9gz\u00e9s\u00e9ben, tev\u00e9kenys\u00e9g\u00fck \u00f6sszehangol\u00e1s\u00e1ban. Ilyen \u00e9rtelemben \u00fagy tev\u00e9kenykedik, mint egy projektkoordin\u00e1tor.<\/span><\/p><ul><li><b>Feladatokat prioriz\u00e1l \u00e9s deleg\u00e1l<\/b><\/li><\/ul><p style=\"text-align: justify; padding-left: 40px;\"><span style=\"font-weight: 400;\">A projektasszisztens begy\u0171jti \u00e9s feldolgozza a projekt megval\u00f3s\u00edt\u00e1sa sor\u00e1n keletkez\u0151 inform\u00e1ci\u00f3kat. Ezek alapj\u00e1n a projektvezet\u0151 utas\u00edt\u00e1saival \u00f6sszhangban rangsorolja az elv\u00e9gzend\u0151, de gazd\u00e1tlan feladatokat. Amennyiben sz\u00fcks\u00e9ges, a megfelel\u0151 projekttag r\u00e9sz\u00e9re deleg\u00e1lja ezeket.\u00a0<\/span><\/p><ul><li><b>Nyomon k\u00f6veti a projektfeladatokat, -hat\u00e1rid\u0151ket \u00e9s figyelmeztet r\u00e1juk<\/b><\/li><\/ul><p style=\"text-align: justify; padding-left: 40px;\"><span style=\"font-weight: 400;\">Mint m\u00e1r eml\u00edtett\u00fck, a projektasszisztens t\u00f6k\u00e9letesen \u00e1tl\u00e1tja a projektet, \u00e9s ez vonatkozik a projekten lefektetett hat\u00e1rid\u0151kre is. A projektasszisztens reszortja a feladatok st\u00e1tusz\u00e1nak, hat\u00e1ridej\u00e9nek k\u00f6vet\u00e9se, ha indokolt, a felel\u0151s\u00f6k figyelmeztet\u00e9se, a hat\u00e1rid\u0151k sz\u00e1mon k\u00e9r\u00e9se is. Sz\u00fcks\u00e9g eset\u00e9n pedig a projektvezet\u0151 \u00e9rtes\u00edt\u00e9se.\u00a0<\/span><\/p><ul><li><b>R\u00e9szt vesz a projekthez kapcsol\u00f3d\u00f3 esem\u00e9nyek, rendezv\u00e9nyek el\u0151k\u00e9sz\u00edt\u00e9s\u00e9ben \u00e9s megszervez\u00e9s\u00e9ben<\/b><\/li><\/ul><p style=\"padding-left: 40px;\"><span style=\"font-weight: 400;\">Seg\u00edt a projekthez kapcsol\u00f3d\u00f3 rendezv\u00e9nyek, p\u00e9ld\u00e1ul:\u00a0<\/span><\/p><ul><li style=\"list-style-type: none;\"><ul><li style=\"font-weight: 400;\"><span style=\"font-weight: 400;\">projekttal\u00e1lkoz\u00f3k,<\/span><\/li><li style=\"font-weight: 400;\"><span style=\"font-weight: 400;\">bels\u0151 vagy k\u00fcls\u0151 meetingek,\u00a0<\/span><\/li><li style=\"font-weight: 400;\"><span style=\"font-weight: 400;\">munkaeb\u00e9dek, t\u00e1rgyal\u00e1sok,<\/span><\/li><li style=\"font-weight: 400;\"><span style=\"font-weight: 400;\">prezent\u00e1ci\u00f3k,\u00a0<\/span><\/li><li style=\"font-weight: 400;\"><span style=\"font-weight: 400;\">besz\u00e1mol\u00f3k, sajt\u00f3t\u00e1j\u00e9koztat\u00f3k stb. el\u0151k\u00e9sz\u00edt\u00e9s\u00e9ben \u00e9s lebonyol\u00edt\u00e1s\u00e1ban.<\/span><\/li><\/ul><\/li><\/ul><h3><span style=\"font-weight: 400;\">A projekt asszisztens feladatai a kommunik\u00e1ci\u00f3 ter\u00e9n<\/span><\/h3><ul><li><b>Kapcsolattart\u00e1s a k\u00fcls\u0151 partnerekkel \u00e9s a bels\u0151 munkat\u00e1rsakkal<\/b><\/li><\/ul><p style=\"text-align: justify; padding-left: 40px;\"><span style=\"font-weight: 400;\">A k\u00fcls\u0151 partnerek naprak\u00e9sz t\u00e1j\u00e9koztat\u00e1sa a projekt \u00e1ll\u00e1s\u00e1r\u00f3l, tov\u00e1bb\u00e1 a bels\u0151 munkat\u00e1rsak tev\u00e9kenys\u00e9g\u00e9nek \u00e9s a k\u00fcls\u0151 partnerek munk\u00e1j\u00e1nak \u00f6sszehangol\u00e1sa.\u00a0<\/span><\/p><ul><li><b>A projekt r\u00e9sztvev\u0151inek inform\u00e1l\u00e1sa, t\u00e1j\u00e9koztat\u00e1sa<\/b><\/li><\/ul><p style=\"text-align: justify; padding-left: 40px;\"><span style=\"font-weight: 400;\">A projekt z\u00f6kken\u0151mentes megval\u00f3s\u00edt\u00e1s\u00e1hoz n\u00e9lk\u00fcl\u00f6zhetetlen inform\u00e1ci\u00f3k, dokumentumok, e-mailek stb. tov\u00e1bb\u00edt\u00e1sa. Ha egy r\u00e9szleg vagy munkat\u00e1rs nem f\u00e9r hozz\u00e1 egy fontos inform\u00e1ci\u00f3hoz vagy h\u00e1tt\u00e9ranyaghoz, vagy nem tal\u00e1lja az err\u0151l sz\u00f3l\u00f3 e-mailt, \u00e1ltal\u00e1ban a projektasszisztens az, aki ismeri a keresett inform\u00e1ci\u00f3 forr\u00e1s\u00e1t, hely\u00e9t.\u00a0<\/span><\/p><p><span style=\"font-weight: 400;\">A fentieken k\u00edv\u00fcl idetartozik minden olyan feladat, illetve az ezekben val\u00f3 r\u00e9szv\u00e9tel, amely:<\/span><\/p><ul><li style=\"font-weight: 400;\"><span style=\"font-weight: 400;\">a projekt bemutat\u00e1s\u00e1t, eredm\u00e9nyeinek sz\u00e9les k\u00f6r\u0171 k\u00f6zl\u00e9s\u00e9t seg\u00edti,\u00a0<\/span><\/li><li style=\"font-weight: 400;\"><span style=\"font-weight: 400;\">a projektben el\u0151\u00edrt t\u00e1j\u00e9koztat\u00e1si feladatokkal f\u00fcgg \u00f6ssze.\u00a0<\/span><\/li><\/ul><p><span style=\"font-size: 24px; font-weight: 400; color: #333333; text-transform: uppercase;\">A projektasszisztens p\u00e9nz\u00fcgyi feladatai<\/span><\/p>\t\t\t\t\t\t\t\t<\/div>\n\t\t\t\t<\/div>\n\t\t\t\t<div class=\"elementor-element elementor-element-557bda1 elementor-widget elementor-widget-image\" data-id=\"557bda1\" data-element_type=\"widget\" data-e-type=\"widget\" data-widget_type=\"image.default\">\n\t\t\t\t<div class=\"elementor-widget-container\">\n\t\t\t\t\t\t\t\t\t\t\t\t\t\t\t<img decoding=\"async\" width=\"1000\" height=\"667\" src=\"https:\/\/promanconsulting.hu\/wp-content\/uploads\/2020\/09\/projekt-asszisztens-munkakori-leiras.jpg\" class=\"attachment-large size-large wp-image-4017\" alt=\"Mit csin\u00e1l egy projekt asszisztens\" srcset=\"https:\/\/promanconsulting.hu\/wp-content\/uploads\/2020\/09\/projekt-asszisztens-munkakori-leiras.jpg 1000w, https:\/\/promanconsulting.hu\/wp-content\/uploads\/2020\/09\/projekt-asszisztens-munkakori-leiras-300x200.jpg 300w, https:\/\/promanconsulting.hu\/wp-content\/uploads\/2020\/09\/projekt-asszisztens-munkakori-leiras-768x512.jpg 768w\" sizes=\"(max-width: 1000px) 100vw, 1000px\" \/>\t\t\t\t\t\t\t\t\t\t\t\t\t\t\t<\/div>\n\t\t\t\t<\/div>\n\t\t\t\t<div class=\"elementor-element elementor-element-38585a2 elementor-widget elementor-widget-text-editor\" data-id=\"38585a2\" data-element_type=\"widget\" data-e-type=\"widget\" data-widget_type=\"text-editor.default\">\n\t\t\t\t<div class=\"elementor-widget-container\">\n\t\t\t\t\t\t\t\t\t<ul><li style=\"font-weight: 400;\"><span style=\"font-weight: 400;\">r\u00e9szt vesz a p\u00e9nz\u00fcgyi tervez\u00e9sben,<\/span><\/li><li style=\"font-weight: 400;\"><span style=\"font-weight: 400;\">a forr\u00e1sok felkutat\u00e1s\u00e1ban,<\/span><\/li><li style=\"font-weight: 400;\"><span style=\"font-weight: 400;\">ellen\u0151rzi a sz\u00e1ml\u00e1kat, kifizet\u00e9seket,\u00a0<\/span><\/li><li style=\"font-weight: 400;\"><span style=\"font-weight: 400;\">kapcsolatot tart a p\u00e9nz\u00fcgyi oszt\u00e1llyal \u00e9s a k\u00f6nyvel\u00e9ssel.\u00a0<\/span><\/li><\/ul><h3><span style=\"font-weight: 400;\">A projektasszisztens \u00e9s az adminisztrat\u00edv feladatok<\/span><\/h3><p style=\"text-align: justify;\"><span style=\"font-weight: 400;\">A projektasszisztens feladata a projekthez kapcsol\u00f3d\u00f3 adminisztrat\u00edv feladatok ell\u00e1t\u00e1sa is. Ennek megfelel\u0151en pontosan ismeri a projektadminisztr\u00e1ci\u00f3s feladatokat \u00e9s szem\u00e9lyesen is r\u00e9szt vesz ezek elv\u00e9gz\u00e9s\u00e9ben.\u00a0<\/span><\/p><p><span style=\"font-weight: 400;\">A projektasszisztens feladatk\u00f6re az adminisztrat\u00edv teend\u0151k kapcs\u00e1n:<\/span><\/p><ul><li style=\"font-weight: 400;\"><span style=\"font-weight: 400;\">a projekthez kapcsol\u00f3d\u00f3 adminisztrat\u00edv \u00e9s dokument\u00e1ci\u00f3s teend\u0151k \u00f6sszefog\u00e1sa, koordin\u00e1l\u00e1sa,<\/span><\/li><li style=\"font-weight: 400;\"><span style=\"font-weight: 400;\">tev\u00e9kenys\u00e9gi jelent\u00e9sek, teljes\u00edt\u00e9seket igazol\u00f3 iratok \u00f6sszegy\u0171jt\u00e9se, teljes\u00edt\u00e9si igazol\u00e1sok el\u0151k\u00e9sz\u00edt\u00e9se,\u00a0<\/span><\/li><li style=\"font-weight: 400;\"><span style=\"font-weight: 400;\">munkaid\u0151-kimutat\u00e1sok archiv\u00e1l\u00e1sa,\u00a0<\/span><\/li><li style=\"font-weight: 400;\"><span style=\"font-weight: 400;\">projekttal\u00e1lkoz\u00f3k, meetingek, \u00e9rtekezletek adminisztr\u00e1l\u00e1sa, jegyz\u0151k\u00f6nyvek vezet\u00e9se, eml\u00e9keztet\u0151k, feljegyz\u00e9sek k\u00e9sz\u00edt\u00e9se,\u00a0<\/span><\/li><li style=\"font-weight: 400;\"><span style=\"font-weight: 400;\">tev\u00e9kenys\u00e9gi jelent\u00e9sek, \u00f6sszegz\u00e9sek, riportok k\u00e9sz\u00edt\u00e9se,\u00a0<\/span><\/li><li style=\"font-weight: 400;\"><span style=\"font-weight: 400;\">kimutat\u00e1sok k\u00e9sz\u00edt\u00e9se, az er\u0151forr\u00e1sok nyilv\u00e1ntart\u00e1sa, sz\u00fcks\u00e9g eset\u00e9n r\u00e9szv\u00e9tel a kontrollingban \u00e9s a nyomon k\u00f6vet\u00e9sben.<\/span><\/li><\/ul>\t\t\t\t\t\t\t\t<\/div>\n\t\t\t\t<\/div>\n\t\t\t\t<div class=\"elementor-element elementor-element-6e577a7 elementor-widget elementor-widget-image\" data-id=\"6e577a7\" data-element_type=\"widget\" data-e-type=\"widget\" data-widget_type=\"image.default\">\n\t\t\t\t<div class=\"elementor-widget-container\">\n\t\t\t\t\t\t\t\t\t\t\t\t\t\t\t<img loading=\"lazy\" decoding=\"async\" width=\"512\" height=\"342\" src=\"https:\/\/promanconsulting.hu\/wp-content\/uploads\/2020\/09\/projekt-asszisztens.jpg\" class=\"attachment-large size-large wp-image-4018\" alt=\"Projekt asszisztens feladatai\" srcset=\"https:\/\/promanconsulting.hu\/wp-content\/uploads\/2020\/09\/projekt-asszisztens.jpg 512w, https:\/\/promanconsulting.hu\/wp-content\/uploads\/2020\/09\/projekt-asszisztens-300x200.jpg 300w\" sizes=\"(max-width: 512px) 100vw, 512px\" \/>\t\t\t\t\t\t\t\t\t\t\t\t\t\t\t<\/div>\n\t\t\t\t<\/div>\n\t\t\t\t<div class=\"elementor-element elementor-element-b0c4f16 elementor-widget elementor-widget-text-editor\" data-id=\"b0c4f16\" data-element_type=\"widget\" data-e-type=\"widget\" data-widget_type=\"text-editor.default\">\n\t\t\t\t<div class=\"elementor-widget-container\">\n\t\t\t\t\t\t\t\t\t<p><span style=\"font-size: 28.8px; font-weight: 400; color: #333333; text-transform: uppercase;\">A projektasszisztens feladatk\u00f6r bet\u00f6lt\u00e9s\u00e9hez sz\u00fcks\u00e9ges kompetenci\u00e1k<\/span><\/p><ul><li style=\"font-weight: 400;\"><span style=\"font-weight: 400;\">szervez\u0151k\u00e9szs\u00e9g,<\/span><\/li><li style=\"font-weight: 400;\"><span style=\"font-weight: 400;\">j\u00f3 kommunik\u00e1ci\u00f3s k\u00e9szs\u00e9g,\u00a0<\/span><\/li><li style=\"font-weight: 400;\"><span style=\"font-weight: 400;\">adminisztr\u00e1ci\u00f3s feladatok ter\u00e9n megszerzett szakmai tapasztalat,\u00a0<\/span><\/li><li style=\"font-weight: 400;\"><span style=\"font-weight: 400;\">digit\u00e1lis kompetenci\u00e1k,<\/span><\/li><li style=\"font-weight: 400;\"><span style=\"font-weight: 400;\">csapatmunk\u00e1ra val\u00f3 k\u00e9pess\u00e9g,\u00a0<\/span><\/li><li style=\"font-weight: 400;\"><span style=\"font-weight: 400;\">\u00f6n\u00e1ll\u00f3 munkav\u00e9gz\u00e9s,\u00a0<\/span><\/li><li style=\"font-weight: 400;\"><span style=\"font-weight: 400;\">kiv\u00e1l\u00f3 koncentr\u00e1ci\u00f3s, figyelem\u00f6sszpontos\u00edt\u00f3 k\u00e9pess\u00e9g,<\/span><\/li><li style=\"font-weight: 400;\"><span style=\"font-weight: 400;\">\u00e1tlagon fel\u00fcli probl\u00e9mamegold\u00f3 k\u00e9szs\u00e9g,\u00a0<\/span><\/li><li style=\"font-weight: 400;\"><span style=\"font-weight: 400;\">kiemelked\u0151 stresszt\u0171r\u0151 k\u00e9pess\u00e9g.\u00a0<\/span><\/li><\/ul><p style=\"text-align: justify;\"><span style=\"font-weight: 400;\">A projektasszisztens teh\u00e1t egy kulcsfontoss\u00e1g\u00fa poz\u00edci\u00f3 a hat\u00e9kony projektmenedzsment, a projekt eredm\u00e9nyes megval\u00f3s\u00edt\u00e1sa szempontj\u00e1b\u00f3l. Mik\u00f6zben sz\u00e1mos terhet levesz a projektvezet\u0151 v\u00e1ll\u00e1r\u00f3l, tiszt\u00e1ban van a projekt eg\u00e9sz\u00e9vel \u00e9s mindenkin\u00e9l jobban \u00e1tl\u00e1tja a projekt r\u00e9szleteit. J\u00f3 projektasszisztens n\u00e9lk\u00fcl nincs sikeres projekt.\u00a0<\/span><\/p><p><span style=\"font-size: 24px; font-weight: 400; color: #333333; text-transform: uppercase;\">K\u00e9rd\u00e9se van? L\u00e9pjen vel\u00fcnk kapcsolatba!<\/span><\/p><p><span style=\"font-weight: 400;\">Szeretne t\u00f6bbet megtudni a projekttervez\u00e9ssel vagy az projektmenedzsment szerepekkel kapcsolatban? Esetleg egy\u00e9b, projektmenedzsmenttel kapcsolatos k\u00e9rd\u00e9se van? <\/span><a href=\"mailto:info@promanconsulting.hu\"><span style=\"font-weight: 400;\">Vegye fel vel\u00fcnk a kapcsolatot \u00e9s k\u00e9rjen ingyenes konzult\u00e1ci\u00f3t!<\/span><\/a><\/p>\t\t\t\t\t\t\t\t<\/div>\n\t\t\t\t<\/div>\n\t\t\t\t\t<\/div>\n\t\t<\/div>\n\t\t\t\t\t<\/div>\n\t\t<\/section>\n\t\t\t\t<\/div>\n\t\t","protected":false},"excerpt":{"rendered":"<p>A projektasszisztens feladatai A projektasszisztens feladatai szerte\u00e1gaz\u00f3ak, az adminisztrat\u00edv feladatok \u00e9pp\u00fagy beletartozhatnak, mint az, hogy a projektasszisztens feladatokat prioriz\u00e1l. De sz\u00e1mos szervez\u00e9si, kommunik\u00e1ci\u00f3s, p\u00e9nz\u00fcgyi \u00e9s egy\u00e9b tev\u00e9kenys\u00e9get is fel\u00f6lel a projektasszisztens feladatk\u00f6re.&nbsp; A projektasszisztens jelent\u00e9se: mi a szerepe a projektben?&nbsp; A projektasszisztens feladatai sz\u00e9lesk\u00f6r\u0171ek, ide tartozik egyebek mellett: a projektmenedzser t\u00e1mogat\u00e1sa, a projekttel kapcsolatos szervez\u00e9si, [&hellip;]<\/p>\n","protected":false},"author":5,"featured_media":4017,"comment_status":"closed","ping_status":"closed","sticky":false,"template":"","format":"standard","meta":{"footnotes":""},"categories":[77],"tags":[185,186,137,35],"class_list":["post-2274","post","type-post","status-publish","format-standard","has-post-thumbnail","hentry","category-projektmenedzsment","tag-projekt-koordinator","tag-projektasszisztens","tag-projektmenedzser","tag-projektmenedzsment","entry","has-media"],"_links":{"self":[{"href":"https:\/\/promanconsulting.hu\/en\/wp-json\/wp\/v2\/posts\/2274","targetHints":{"allow":["GET"]}}],"collection":[{"href":"https:\/\/promanconsulting.hu\/en\/wp-json\/wp\/v2\/posts"}],"about":[{"href":"https:\/\/promanconsulting.hu\/en\/wp-json\/wp\/v2\/types\/post"}],"author":[{"embeddable":true,"href":"https:\/\/promanconsulting.hu\/en\/wp-json\/wp\/v2\/users\/5"}],"replies":[{"embeddable":true,"href":"https:\/\/promanconsulting.hu\/en\/wp-json\/wp\/v2\/comments?post=2274"}],"version-history":[{"count":1,"href":"https:\/\/promanconsulting.hu\/en\/wp-json\/wp\/v2\/posts\/2274\/revisions"}],"predecessor-version":[{"id":8223,"href":"https:\/\/promanconsulting.hu\/en\/wp-json\/wp\/v2\/posts\/2274\/revisions\/8223"}],"wp:featuredmedia":[{"embeddable":true,"href":"https:\/\/promanconsulting.hu\/en\/wp-json\/wp\/v2\/media\/4017"}],"wp:attachment":[{"href":"https:\/\/promanconsulting.hu\/en\/wp-json\/wp\/v2\/media?parent=2274"}],"wp:term":[{"taxonomy":"category","embeddable":true,"href":"https:\/\/promanconsulting.hu\/en\/wp-json\/wp\/v2\/categories?post=2274"},{"taxonomy":"post_tag","embeddable":true,"href":"https:\/\/promanconsulting.hu\/en\/wp-json\/wp\/v2\/tags?post=2274"}],"curies":[{"name":"wp","href":"https:\/\/api.w.org\/{rel}","templated":true}]}}