{"id":17680,"date":"2026-03-05T08:30:37","date_gmt":"2026-03-05T06:30:37","guid":{"rendered":"https:\/\/promanconsulting.hu\/?p=17680"},"modified":"2026-03-05T08:30:37","modified_gmt":"2026-03-05T06:30:37","slug":"organisational-project-management-erettseg","status":"publish","type":"post","link":"https:\/\/promanconsulting.hu\/en\/szervezeti-projektmenedzsment-erettseg\/","title":{"rendered":"Organisational project management maturity - from symptoms to systemic solutions"},"content":{"rendered":"\t\t<div data-elementor-type=\"wp-post\" data-elementor-id=\"17680\" class=\"elementor elementor-17680\" data-elementor-settings=\"{&quot;ha_cmc_init_switcher&quot;:&quot;no&quot;}\" data-elementor-post-type=\"post\">\n\t\t\t\t\t\t<section class=\"elementor-section elementor-top-section elementor-element elementor-element-167538e2 elementor-section-boxed elementor-section-height-default elementor-section-height-default\" data-id=\"167538e2\" data-element_type=\"section\" data-e-type=\"section\" id=\"PMmaturity\" data-settings=\"{&quot;jet_parallax_layout_list&quot;:[{&quot;jet_parallax_layout_image&quot;:{&quot;url&quot;:&quot;&quot;,&quot;id&quot;:&quot;&quot;,&quot;size&quot;:&quot;&quot;},&quot;_id&quot;:&quot;da11ba3&quot;,&quot;jet_parallax_layout_image_tablet&quot;:{&quot;url&quot;:&quot;&quot;,&quot;id&quot;:&quot;&quot;,&quot;size&quot;:&quot;&quot;},&quot;jet_parallax_layout_image_mobile&quot;:{&quot;url&quot;:&quot;&quot;,&quot;id&quot;:&quot;&quot;,&quot;size&quot;:&quot;&quot;},&quot;jet_parallax_layout_speed&quot;:{&quot;unit&quot;:&quot;%&quot;,&quot;size&quot;:50,&quot;sizes&quot;:[]},&quot;jet_parallax_layout_type&quot;:&quot;scroll&quot;,&quot;jet_parallax_layout_direction&quot;:&quot;1&quot;,&quot;jet_parallax_layout_fx_direction&quot;:null,&quot;jet_parallax_layout_z_index&quot;:&quot;&quot;,&quot;jet_parallax_layout_bg_x&quot;:50,&quot;jet_parallax_layout_bg_x_tablet&quot;:&quot;&quot;,&quot;jet_parallax_layout_bg_x_mobile&quot;:&quot;&quot;,&quot;jet_parallax_layout_bg_y&quot;:50,&quot;jet_parallax_layout_bg_y_tablet&quot;:&quot;&quot;,&quot;jet_parallax_layout_bg_y_mobile&quot;:&quot;&quot;,&quot;jet_parallax_layout_bg_size&quot;:&quot;auto&quot;,&quot;jet_parallax_layout_bg_size_tablet&quot;:&quot;&quot;,&quot;jet_parallax_layout_bg_size_mobile&quot;:&quot;&quot;,&quot;jet_parallax_layout_animation_prop&quot;:&quot;transform&quot;,&quot;jet_parallax_layout_on&quot;:[&quot;desktop&quot;,&quot;tablet&quot;]}],&quot;_ha_eqh_enable&quot;:false}\">\n\t\t\t\t\t\t<div class=\"elementor-container elementor-column-gap-default\">\n\t\t\t\t\t<div class=\"elementor-column elementor-col-100 elementor-top-column elementor-element elementor-element-4773b297\" data-id=\"4773b297\" data-element_type=\"column\" data-e-type=\"column\">\n\t\t\t<div class=\"elementor-widget-wrap elementor-element-populated\">\n\t\t\t\t\t\t<div class=\"elementor-element elementor-element-7389b10 elementor-widget elementor-widget-text-editor\" data-id=\"7389b10\" data-element_type=\"widget\" data-e-type=\"widget\" data-widget_type=\"text-editor.default\">\n\t\t\t\t<div class=\"elementor-widget-container\">\n\t\t\t\t\t\t\t\t\t<p>\u00cdrta: V\u00e9gh Domonkos, PMP, partner, vezet\u0151 tan\u00e1csad\u00f3<\/p>\t\t\t\t\t\t\t\t<\/div>\n\t\t\t\t<\/div>\n\t\t\t\t<div class=\"elementor-element elementor-element-40662c0 elementor-widget elementor-widget-text-editor\" data-id=\"40662c0\" data-element_type=\"widget\" data-e-type=\"widget\" data-widget_type=\"text-editor.default\">\n\t\t\t\t<div class=\"elementor-widget-container\">\n\t\t\t\t\t\t\t\t\t<p>A projektalap\u00fa m\u0171k\u00f6d\u00e9s m\u00e1ra a legt\u00f6bb szervezetben meghat\u00e1roz\u00f3v\u00e1 v\u00e1lt. Strat\u00e9giai kezdem\u00e9nyez\u00e9sek, digitaliz\u00e1ci\u00f3, term\u00e9kfejleszt\u00e9s, szervezetfejleszt\u00e9s \u2013 mind projektek form\u00e1j\u00e1ban val\u00f3sulnak meg. A legt\u00f6bb szervezetet \u00e9s vezet\u0151t foglalkoztat\u00f3 k\u00e9rd\u00e9s az, hogy a szervezet k\u00e9pes-e ezeket struktur\u00e1ltan, transzparensen \u00e9s \u00fczletileg kontroll\u00e1lt m\u00f3don v\u00e9grehajtani.<\/p>\t\t\t\t\t\t\t\t<\/div>\n\t\t\t\t<\/div>\n\t\t\t\t<div class=\"elementor-element elementor-element-8fe5748 elementor-toc--minimized-on-tablet elementor-widget elementor-widget-table-of-contents\" data-id=\"8fe5748\" data-element_type=\"widget\" data-e-type=\"widget\" data-settings=\"{&quot;headings_by_tags&quot;:[&quot;h2&quot;,&quot;h3&quot;,&quot;h4&quot;],&quot;container&quot;:&quot;#PMmaturity&quot;,&quot;exclude_headings_by_selector&quot;:[],&quot;no_headings_message&quot;:&quot;Ezen az oldalon nem tal\\u00e1lhat\\u00f3 c\\u00edmsor.&quot;,&quot;marker_view&quot;:&quot;numbers&quot;,&quot;minimize_box&quot;:&quot;yes&quot;,&quot;minimized_on&quot;:&quot;tablet&quot;,&quot;hierarchical_view&quot;:&quot;yes&quot;,&quot;min_height&quot;:{&quot;unit&quot;:&quot;px&quot;,&quot;size&quot;:&quot;&quot;,&quot;sizes&quot;:[]},&quot;min_height_tablet&quot;:{&quot;unit&quot;:&quot;px&quot;,&quot;size&quot;:&quot;&quot;,&quot;sizes&quot;:[]},&quot;min_height_mobile&quot;:{&quot;unit&quot;:&quot;px&quot;,&quot;size&quot;:&quot;&quot;,&quot;sizes&quot;:[]}}\" data-widget_type=\"table-of-contents.default\">\n\t\t\t\t<div class=\"elementor-widget-container\">\n\t\t\t\t\t\t\t\t\t<div class=\"elementor-toc__header\">\n\t\t\t\t\t\t<h4 class=\"elementor-toc__header-title\">\n\t\t\t\tTartalomjegyz\u00e9k\t\t\t<\/h4>\n\t\t\t\t\t\t\t\t\t\t<div class=\"elementor-toc__toggle-button elementor-toc__toggle-button--expand\" role=\"button\" tabindex=\"0\" aria-controls=\"elementor-toc__8fe5748\" aria-expanded=\"true\" aria-label=\"Open table of contents\"><i aria-hidden=\"true\" class=\"fas fa-chevron-down\"><\/i><\/div>\n\t\t\t\t<div class=\"elementor-toc__toggle-button elementor-toc__toggle-button--collapse\" role=\"button\" tabindex=\"0\" aria-controls=\"elementor-toc__8fe5748\" aria-expanded=\"true\" aria-label=\"Close table of contents\"><i aria-hidden=\"true\" class=\"fas fa-chevron-up\"><\/i><\/div>\n\t\t\t\t\t<\/div>\n\t\t\t\t<div id=\"elementor-toc__8fe5748\" class=\"elementor-toc__body\">\n\t\t\t<div class=\"elementor-toc__spinner-container\">\n\t\t\t\t<i class=\"elementor-toc__spinner eicon-animation-spin eicon-loading\" aria-hidden=\"true\"><\/i>\t\t\t<\/div>\n\t\t<\/div>\n\t\t\t\t\t\t<\/div>\n\t\t\t\t<\/div>\n\t\t\t\t<div class=\"elementor-element elementor-element-2656966 elementor-widget elementor-widget-image\" data-id=\"2656966\" data-element_type=\"widget\" data-e-type=\"widget\" data-widget_type=\"image.default\">\n\t\t\t\t<div class=\"elementor-widget-container\">\n\t\t\t\t\t\t\t\t\t\t\t\t\t\t\t<img fetchpriority=\"high\" decoding=\"async\" width=\"1408\" height=\"768\" src=\"https:\/\/promanconsulting.hu\/wp-content\/uploads\/2026\/03\/projektmenedzsment-erettseg.jpg\" class=\"attachment-full size-full wp-image-17688\" alt=\"\" srcset=\"https:\/\/promanconsulting.hu\/wp-content\/uploads\/2026\/03\/projektmenedzsment-erettseg.jpg 1408w, https:\/\/promanconsulting.hu\/wp-content\/uploads\/2026\/03\/projektmenedzsment-erettseg-300x164.jpg 300w, https:\/\/promanconsulting.hu\/wp-content\/uploads\/2026\/03\/projektmenedzsment-erettseg-1024x559.jpg 1024w, https:\/\/promanconsulting.hu\/wp-content\/uploads\/2026\/03\/projektmenedzsment-erettseg-768x419.jpg 768w, https:\/\/promanconsulting.hu\/wp-content\/uploads\/2026\/03\/projektmenedzsment-erettseg-18x10.jpg 18w\" sizes=\"(max-width: 1408px) 100vw, 1408px\" \/>\t\t\t\t\t\t\t\t\t\t\t\t\t\t\t<\/div>\n\t\t\t\t<\/div>\n\t\t\t\t<div class=\"elementor-element elementor-element-0c4805e elementor-widget elementor-widget-text-editor\" data-id=\"0c4805e\" data-element_type=\"widget\" data-e-type=\"widget\" data-widget_type=\"text-editor.default\">\n\t\t\t\t<div class=\"elementor-widget-container\">\n\t\t\t\t\t\t\t\t\t<h2>1. Tipikus szervezeti probl\u00e9m\u00e1k a projektmenedzsmentben<\/h2><p>Koll\u00e9g\u00e1ink t\u00f6bb \u00e9vtizedes szervezeti projektmenedzsment tapasztalatai, a projektvezet\u0151i visszajelz\u00e9sek \u00e9s a nemzetk\u00f6zi felm\u00e9r\u00e9sek szerint is hasonl\u00f3 mint\u00e1zatok rajzol\u00f3dnak ki a legt\u00f6bb szervezet eset\u00e9n:<\/p><p><strong>1. T\u00fal sok p\u00e1rhuzamos projekt.<\/strong> A kapacit\u00e1sok sz\u00e9tapr\u00f3z\u00f3dnak, a f\u00f3kusz gyeng\u00fcl, ami cs\u00fasz\u00e1sokhoz, min\u0151s\u00e9gi kompromisszumokhoz \u00e9s strat\u00e9giai eredm\u00e9nyveszt\u00e9shez vezet.<\/p><p><strong>2. A j\u00f3v\u00e1hagy\u00e1si pontok \u00e9s Stage Gate folyamatok nincsenek formaliz\u00e1lva.<\/strong> A struktur\u00e1lt d\u00f6nt\u00e9si kontroll hi\u00e1nya miatt a projektek \u00fczleti indokolts\u00e1g \u00e9s kock\u00e1zati fel\u00fclvizsg\u00e1lat n\u00e9lk\u00fcl haladhatnak tov\u00e1bb.<\/p><p><strong>3. A projektvezet\u0151k felel\u0151ss\u00e9ge jelent\u0151s, a d\u00f6nt\u00e9si felhatalmaz\u00e1s korl\u00e1tozott.<\/strong> Az elsz\u00e1moltathat\u00f3s\u00e1g \u00e9s a d\u00f6nt\u00e9si jogk\u00f6r k\u00f6z\u00f6tti egyens\u00falytalans\u00e1g lass\u00edtja a reakci\u00f3id\u0151t \u00e9s n\u00f6veli a m\u0171k\u00f6d\u00e9si fesz\u00fclts\u00e9get.<\/p><p><strong>4. A v\u00e1ltoz\u00e1skezel\u00e9s ad hoc m\u00f3don t\u00f6rt\u00e9nik.<\/strong> A kontroll\u00e1latlan scope-m\u00f3dos\u00edt\u00e1s k\u00f6lts\u00e9gt\u00fall\u00e9p\u00e9st, \u00fctemcs\u00fasz\u00e1st \u00e9s priorit\u00e1si zavarokat okoz.<\/p><p><strong>5. Az \u00fczleti elemz\u0151k (BA-k) bevon\u00e1sa hi\u00e1nyzik, a projektind\u00edt\u00e1s el\u0151k\u00e9sz\u00edt\u00e9se felsz\u00ednes.<\/strong> A nem kell\u0151en tiszt\u00e1zott k\u00f6vetelm\u00e9nyek bizonytalan scope-hoz \u00e9s k\u00e9s\u0151bbi \u00fajratervez\u00e9si ciklusokhoz vezetnek.<\/p><p><strong>6. A lez\u00e1r\u00e1s ut\u00e1ni visszam\u00e9r\u00e9s \u00e9s haszonrealiz\u00e1l\u00e1s nyomon k\u00f6vet\u00e9se elmarad.<\/strong> A szervezet nem kap visszajelz\u00e9st arr\u00f3l, hogy a projekt val\u00f3ban megteremtette-e a tervezett \u00fczleti \u00e9rt\u00e9ket.<\/p><p><strong>7. Tervez\u00e9si \u00e9s becsl\u00e9si pontatlans\u00e1gok ism\u00e9tl\u0151dnek.<\/strong> A historikus adatok elemz\u00e9s\u00e9nek hi\u00e1nya miatt a szervezet \u00fajra \u00e9s \u00fajra ugyanazokat az alulbecsl\u00e9si hib\u00e1kat k\u00f6veti el.<\/p><p><strong>8. A scope nem kell\u0151en defini\u00e1lt.<\/strong> A c\u00e9lok \u00e9s hat\u00e1rok tiszt\u00e1zatlans\u00e1ga folyamatos \u00fajra\u00e9rtelmez\u00e9st \u00e9s konfliktusokat eredm\u00e9nyez az \u00e9rintettek k\u00f6z\u00f6tt.<\/p><p><strong>9. M\u00f3dszertani inkonzisztenci\u00e1k jelennek meg.<\/strong> A \u201chibridnek\u201d nevezett, de val\u00f3j\u00e1ban struktur\u00e1latlan agilis\u2013tradicion\u00e1lis kever\u00e9kek \u00e1tgondolatlan eszk\u00f6zv\u00e1laszt\u00e1saival a v\u00e9grehajt\u00e1s sor\u00e1n t\u00f6r\u00e9seket okoz, \u00e9s szakad\u00e9kot nyit a tervezett \u00e9s a t\u00e9nyleges m\u0171k\u00f6d\u00e9s k\u00f6z\u00f6tt. Az egys\u00e9ges m\u0171k\u00f6d\u00e9si keret hi\u00e1nya felel\u0151ss\u00e9gi bizonytalans\u00e1got \u00e9s elt\u00e9r\u0151 elv\u00e1r\u00e1sokat teremt a csapatban.<\/p><p><strong>10. A riporting \u00e9s adminisztr\u00e1ci\u00f3 ar\u00e1nya ar\u00e1nytalanul magas.<\/strong> A t\u00falzott dokument\u00e1ci\u00f3 cs\u00f6kkenti a projektvezet\u0151k f\u00f3kusz\u00e1t a val\u00f3di \u00e9rt\u00e9kteremt\u0151 tev\u00e9kenys\u00e9gekr\u0151l.<\/p><h3>Nemzetk\u00f6zi kutat\u00e1sok meger\u0151s\u00edtik, hogy ezek sz\u00e9les k\u00f6rben tapasztalhat\u00f3 jelens\u00e9gek:<\/h3><ul><li>A Project Management Institute <em>Pulse of the Profession<\/em> jelent\u00e9se szerint a projektek jelent\u0151s h\u00e1nyada nem \u00e9ri el eredeti c\u00e9lj\u00e1t, \u00e9s a projektk\u00f6lts\u00e9gek sz\u00e1mottev\u0151 r\u00e9sze elv\u00e9sz a nem megfelel\u0151 k\u00f6vetelm\u00e9nykezel\u00e9s \u00e9s scope-menedzsment miatt.<\/li><li>A McKinsey &amp; Company kutat\u00e1sai alapj\u00e1n a nagy IT-projektek jelent\u0151s r\u00e9sze (kb. 45%) k\u00f6lts\u00e9gt\u00fall\u00e9p\u00e9ssel \u00e9s \u00fctemcs\u00fasz\u00e1ssal z\u00e1rul; a struktur\u00e1latlan governance \u00e9s az el\u00e9gtelen el\u0151k\u00e9sz\u00edt\u00e9s kiemelt kock\u00e1zati t\u00e9nyez\u0151.<\/li><li>A Standish Group CHAOS riportjai \u00e9vek \u00f3ta azt mutatj\u00e1k, hogy a projektek jelent\u0151s ar\u00e1nya csak r\u00e9szben teljes\u00edti az eredeti \u00fczleti c\u00e9lokat.<\/li><\/ul><p>Ezek az adatok egy\u00e9rtelm\u0171 mint\u00e1zatot rajzolnak ki: a projektprobl\u00e9m\u00e1k rendszerszint\u0171 gy\u00f6kerekkel rendelkeznek.<\/p>\t\t\t\t\t\t\t\t<\/div>\n\t\t\t\t<\/div>\n\t\t\t\t<div class=\"elementor-element elementor-element-4984414 elementor-widget elementor-widget-text-editor\" data-id=\"4984414\" data-element_type=\"widget\" data-e-type=\"widget\" data-widget_type=\"text-editor.default\">\n\t\t\t\t<div class=\"elementor-widget-container\">\n\t\t\t\t\t\t\t\t\t<h2>2. Projektportf\u00f3li\u00f3 szint\u0171 f\u00e1jdalmak<\/h2><p>A projektportf\u00f3li\u00f3 a szervezet \u00f6sszes fut\u00f3 \u00e9s tervezett projektj\u00e9nek olyan struktur\u00e1lt halmaza, amely k\u00f6z\u00f6sen szolg\u00e1lja a strat\u00e9giai c\u00e9lokat, \u00e9s amelyet er\u0151forr\u00e1s- \u00e9s priorit\u00e1si d\u00f6nt\u00e9sek ment\u00e9n kezelnek. A fels\u0151vezet\u00e9s sz\u00e1m\u00e1ra a neh\u00e9zs\u00e9gek sokszor a portf\u00f3li\u00f3szinten v\u00e1lnak el\u0151sz\u00f6r l\u00e1that\u00f3v\u00e1:<\/p><ul><li>Hi\u00e1nyzik a transzparencia, nem egy\u00e9rtelm\u0171, melyik projekt milyen st\u00e1tuszban van.<\/li><li>Er\u0151forr\u00e1s-allok\u00e1ci\u00f3s konfliktusok alakulnak ki, gyakran rejtett, vagy ak\u00e1r l\u00e1that\u00f3 100% feletti projektvezet\u0151i, vagy csapattagi leterhelts\u00e9gekkel.<\/li><li>A projektprioriz\u00e1ci\u00f3t a szervezeti politikai dinamik\u00e1k alak\u00edtj\u00e1k, vagy rosszabb esetben teljesen a tev\u00e9kenys\u00e9g reakt\u00edv \u00e9s esetleges. A priorit\u00e1sok vizsg\u00e1latakor az \u00e9rt\u00e9kteremt\u00e9si dimenzi\u00f3 struktur\u00e1lt form\u00e1ban nem is jelenik meg.<\/li><li>A projektek k\u00f6z\u00f6tti f\u00fcgg\u0151s\u00e9gek \u00e9s hat\u00e1sok nehezen \u00e1ttekinthet\u0151k.<\/li><li>A strat\u00e9giai illeszked\u00e9s nem m\u00e9rhet\u0151 objekt\u00edven, a szervezet ink\u00e1bb intuit\u00edv m\u00f3don \u00e9rvel az egyes projektkezdem\u00e9nyez\u00e9sek strat\u00e9gi\u00e1hoz val\u00f3 illeszked\u00e9se mellett.<\/li><\/ul><p>A Project Management Institute felm\u00e9r\u00e9sei szerint azok a szervezetek, amelyek alacsony portf\u00f3li\u00f3\u00e9retts\u00e9ggel m\u0171k\u00f6dnek, l\u00e9nyegesen nagyobb ar\u00e1nyban sz\u00e1molnak be projektmegszak\u00edt\u00e1sokr\u00f3l \u00e9s strat\u00e9giai c\u00e9lok elmarad\u00e1s\u00e1r\u00f3l.<\/p><p>A McKinsey &amp; Company vizsg\u00e1latai r\u00e1mutatnak arra is, hogy a strat\u00e9giai kezdem\u00e9nyez\u00e9sek jelent\u0151s r\u00e9sze a megval\u00f3s\u00edt\u00e1s sor\u00e1n vesz\u00edt lend\u00fclet\u00e9b\u0151l, mivel a szervezet nem rendelkezik \u00e1tfog\u00f3 portf\u00f3li\u00f3-szint\u0171 kontrollmechanizmussal.<\/p><p>A vezet\u0151i szint ilyenkor a k\u00f6vetkez\u0151t \u00e9rz\u00e9keli: magas projektaktivit\u00e1s, korl\u00e1tozott strat\u00e9giai eredm\u00e9ny.<\/p>\t\t\t\t\t\t\t\t<\/div>\n\t\t\t\t<\/div>\n\t\t\t\t<div class=\"elementor-element elementor-element-c34b2e8 elementor-widget elementor-widget-image\" data-id=\"c34b2e8\" data-element_type=\"widget\" data-e-type=\"widget\" data-widget_type=\"image.default\">\n\t\t\t\t<div class=\"elementor-widget-container\">\n\t\t\t\t\t\t\t\t\t\t\t\t\t\t\t<img decoding=\"async\" width=\"1024\" height=\"559\" src=\"https:\/\/promanconsulting.hu\/wp-content\/uploads\/2026\/03\/projektmenedzsment-kihivasok-1024x559.jpg\" class=\"attachment-large size-large wp-image-17689\" alt=\"\" srcset=\"https:\/\/promanconsulting.hu\/wp-content\/uploads\/2026\/03\/projektmenedzsment-kihivasok-1024x559.jpg 1024w, https:\/\/promanconsulting.hu\/wp-content\/uploads\/2026\/03\/projektmenedzsment-kihivasok-300x164.jpg 300w, https:\/\/promanconsulting.hu\/wp-content\/uploads\/2026\/03\/projektmenedzsment-kihivasok-768x419.jpg 768w, https:\/\/promanconsulting.hu\/wp-content\/uploads\/2026\/03\/projektmenedzsment-kihivasok-18x10.jpg 18w, https:\/\/promanconsulting.hu\/wp-content\/uploads\/2026\/03\/projektmenedzsment-kihivasok.jpg 1408w\" sizes=\"(max-width: 1024px) 100vw, 1024px\" \/>\t\t\t\t\t\t\t\t\t\t\t\t\t\t\t<\/div>\n\t\t\t\t<\/div>\n\t\t\t\t<div class=\"elementor-element elementor-element-df3e26e elementor-widget elementor-widget-text-editor\" data-id=\"df3e26e\" data-element_type=\"widget\" data-e-type=\"widget\" data-widget_type=\"text-editor.default\">\n\t\t\t\t<div class=\"elementor-widget-container\">\n\t\t\t\t\t\t\t\t\t<h2>3. Gy\u00f6k\u00e9rokok \u2013 a rendszerszint\u0171 t\u00e9nyez\u0151k<\/h2><p>Az el\u0151z\u0151 fejezetekben bemutatott jelens\u00e9gek m\u00f6g\u00f6tt sokszor m\u00e9lyebb struktur\u00e1lis okok h\u00faz\u00f3dnak meg. Az vizsg\u00e1lhat\u00f3 ter\u00fcletek sz\u00e9les sk\u00e1l\u00e1n is mozognak, de jellemz\u0151en az al\u00e1bbiakat \u00e9rdemes m\u00e9lyebben vizsg\u00e1lni, kiemelve p\u00e1r tipikus rossz mint\u00e1t, jelens\u00e9get:<\/p><p><strong>1. Governance \u00e9s strat\u00e9giai illeszked\u00e9s. <\/strong>A d\u00f6nt\u00e9si mechanizmusok formaliz\u00e1latlans\u00e1ga \u00e9s a strat\u00e9giai c\u00e9lok projekt szintre t\u00f6rt\u00e9n\u0151 leford\u00edt\u00e1s\u00e1nak hi\u00e1nya okozza a priorit\u00e1si zavarokat. Ha a j\u00f3v\u00e1hagy\u00e1si pontok \u00e9s felel\u0151ss\u00e9gi k\u00f6r\u00f6k nem egy\u00e9rtelm\u0171ek, a projektek ir\u00e1nya k\u00f6nnyen elt\u00e9r az eredeti \u00fczleti sz\u00e1nd\u00e9kt\u00f3l.<\/p><p><strong>2. Projektv\u00e9grehajt\u00e1s \u00e9s m\u00f3dszertan. <\/strong>A m\u00f3dszertani keretrendszer hi\u00e1nya vagy k\u00f6vetkezetlen alkalmaz\u00e1sa bizonytalans\u00e1got teremt. A standardok, egys\u00e9ges keretej n\u00e9lk\u00fcl m\u0171k\u00f6d\u0151 szervezetekben a projektek min\u0151s\u00e9ge \u00e9s sikermutat\u00f3i jelent\u0151s sz\u00f3r\u00e1st mutatnak.<\/p><p><strong>3. Projektkezel\u00e9s \u00e9s kontroll. <\/strong>A struktur\u00e1lt st\u00e1tuszmonitoring \u00e9s el\u0151rejelz\u00e9s hi\u00e1nya miatt a probl\u00e9m\u00e1k k\u00e9s\u0151n v\u00e1lnak l\u00e1that\u00f3v\u00e1, aggreg\u00e1lt adatok n\u00e9lk\u00fcl pedig a vezet\u0151i d\u00f6nt\u00e9shozatal elker\u00fclhetetlen\u00fcl reakt\u00edvv\u00e1 v\u00e1lik.<\/p><p><strong>4. P\u00e9nz\u00fcgyek \u00e9s er\u0151forr\u00e1skezel\u00e9s. <\/strong>A kapacit\u00e1stervez\u00e9s hi\u00e1nya t\u00falterhelts\u00e9ghez vezet. A p\u00e9nz\u00fcgyi nyomon k\u00f6vet\u00e9s projekt- \u00e9s portf\u00f3li\u00f3szint\u0171 integr\u00e1ci\u00f3ja n\u00e9lk\u00fcl a k\u00f6lts\u00e9gkock\u00e1zatok nem kontroll\u00e1lhat\u00f3k id\u0151ben.<\/p><p><strong>5. Kock\u00e1zatmenedzsment. <\/strong>A kock\u00e1zatok azonos\u00edt\u00e1sa sokszor form\u00e1lis gyakorlat marad, val\u00f3di hat\u00e1s- \u00e9s val\u00f3sz\u00edn\u0171s\u00e9g-elemz\u00e9s n\u00e9lk\u00fcl. Az el\u0151rejelz\u0151 szeml\u00e9let hi\u00e1nya miatt a szervezet ink\u00e1bb reag\u00e1l, mint megel\u0151z.<\/p><p><strong>6. \u00c9rintettek \u00e9s kommunik\u00e1ci\u00f3. <\/strong>Az \u00e9rtinettek bevon\u00e1sa nem struktur\u00e1lt, elv\u00e1r\u00e1saik nincsenek egy\u00e9rtelm\u0171en kezelve, sokszor gy\u0171jtve sem. A kommunik\u00e1ci\u00f3s csatorn\u00e1k hi\u00e1nyoss\u00e1gai bizalomveszt\u00e9shez \u00e9s ellen\u00e1ll\u00e1shoz vezetnek.<\/p><p><strong>7. Projektiroda (PMO) szerepe \u00e9s kompetenci\u00e1k. <\/strong>A PMO szerepe sok esetben adminisztrat\u00edv koordin\u00e1ci\u00f3ra korl\u00e1toz\u00f3dik. Strat\u00e9giai felhatalmaz\u00e1s \u00e9s kompetenciafejleszt\u00e9si mand\u00e1tum hi\u00e1ny\u00e1ban nem k\u00e9pes integr\u00e1l\u00f3 funkci\u00f3t bet\u00f6lteni.<\/p><p><strong>8. Technol\u00f3gia, adatok \u00e9s adatelemz\u00e9s. <\/strong>Az adatok fragment\u00e1lt rendszerekben tal\u00e1lhat\u00f3k. Integr\u00e1lt PPM platform \u00e9s adatvez\u00e9relt elemz\u00e9s n\u00e9lk\u00fcl a d\u00f6nt\u00e9sek korl\u00e1tozott inform\u00e1ci\u00f3b\u00e1zison alapulnak.<\/p><p><strong>9. Szervezeti kult\u00fara. <\/strong>A felel\u0151ss\u00e9gv\u00e1llal\u00e1s, egy\u00fcttm\u0171k\u00f6d\u00e9s \u00e9s tanul\u00e1si hajland\u00f3s\u00e1g szintje meghat\u00e1rozza a projektm\u0171k\u00f6d\u00e9s min\u0151s\u00e9g\u00e9t. A hib\u00e1kb\u00f3l t\u00f6rt\u00e9n\u0151 tanul\u00e1s hi\u00e1nya konzerv\u00e1lja az ism\u00e9tl\u0151d\u0151 probl\u00e9m\u00e1kat.<\/p>\t\t\t\t\t\t\t\t<\/div>\n\t\t\t\t<\/div>\n\t\t\t\t<div class=\"elementor-element elementor-element-fde6628 elementor-widget elementor-widget-text-editor\" data-id=\"fde6628\" data-element_type=\"widget\" data-e-type=\"widget\" data-widget_type=\"text-editor.default\">\n\t\t\t\t<div class=\"elementor-widget-container\">\n\t\t\t\t\t\t\t\t\t<h2>4. Mit jelent a szervezeti projektmenedzsment \u00e9retts\u00e9g?<\/h2><p>A szervezeti projektmenedzsment \u00e9retts\u00e9g annak a k\u00e9pess\u00e9ge, hogy a szervezet a projektjeit struktur\u00e1lt ir\u00e1ny\u00edt\u00e1si keretrendszer, egys\u00e9ges m\u00f3dszertan, adatvez\u00e9relt kontroll \u00e9s strat\u00e9giai illeszked\u00e9s ment\u00e9n hajtsa v\u00e9gre, konzisztens teljes\u00edtm\u00e9nnyel.<\/p><p>A nemzetk\u00f6zi gyakorlatban t\u00f6bb \u00e9retts\u00e9gi modell ismert (pl. Project Management Institute \u2013 OPM3, AXELOS \u2013 P3M3, ISACA \u2013 COBIT-alap\u00fa megk\u00f6zel\u00edt\u00e9sek), az \u00e1ltalunk alkalmazott megk\u00f6zel\u00edt\u00e9s szerint a szervezeti projektmenedzsment \u00e9retts\u00e9get a 3. fejezetben bemutatott 9 faktor integr\u00e1lt fejletts\u00e9ge hat\u00e1rozza meg.<\/p>\t\t\t\t\t\t\t\t<\/div>\n\t\t\t\t<\/div>\n\t\t\t\t<div class=\"elementor-element elementor-element-57ca0a8 elementor-align-center elementor-widget elementor-widget-button\" data-id=\"57ca0a8\" data-element_type=\"widget\" data-e-type=\"widget\" data-widget_type=\"button.default\">\n\t\t\t\t<div class=\"elementor-widget-container\">\n\t\t\t\t\t\t\t\t\t<div class=\"elementor-button-wrapper\">\n\t\t\t\t\t<a class=\"elementor-button elementor-button-link elementor-size-sm\" href=\"https:\/\/promanconsulting.hu\/projektmenedzsment-erettseg-felmerese\/\">\n\t\t\t\t\t\t<span class=\"elementor-button-content-wrapper\">\n\t\t\t\t\t\t\t\t\t<span class=\"elementor-button-text\">D\u00edjmentes szervezeti projektmenedzsment \u00e9retts\u00e9g felm\u00e9r\u00e9s<\/span>\n\t\t\t\t\t<\/span>\n\t\t\t\t\t<\/a>\n\t\t\t\t<\/div>\n\t\t\t\t\t\t\t\t<\/div>\n\t\t\t\t<\/div>\n\t\t\t\t<div class=\"elementor-element elementor-element-e654fd7 elementor-widget elementor-widget-text-editor\" data-id=\"e654fd7\" data-element_type=\"widget\" data-e-type=\"widget\" data-widget_type=\"text-editor.default\">\n\t\t\t\t<div class=\"elementor-widget-container\">\n\t\t\t\t\t\t\t\t\t<p>A Project Management Institute kutat\u00e1sai szerint a magas \u00e9retts\u00e9gi szint\u0171 szervezetek:<\/p><ul><li>nagyobb ar\u00e1nyban \u00e9rik el projektc\u00e9ljaikat,<\/li><li>kevesebb k\u00f6lts\u00e9gvesztes\u00e9get szenvednek el,<\/li><li>stabilabban val\u00f3s\u00edtj\u00e1k meg strat\u00e9giai kezdem\u00e9nyez\u00e9seiket.<\/li><\/ul><p>A McKinsey &amp; Company tanulm\u00e1nyai alapj\u00e1n a struktur\u00e1lt governance-szel \u00e9s fejlett portf\u00f3li\u00f3menedzsmenttel rendelkez\u0151 v\u00e1llalatok \u00e9rdemben jobb strat\u00e9giai v\u00e9grehajt\u00e1si mutat\u00f3kat produk\u00e1lnak, az \u00e9retts\u00e9g teh\u00e1t k\u00f6zvetlen kapcsolatban \u00e1ll az \u00fczleti teljes\u00edtm\u00e9nnyel.<\/p>\t\t\t\t\t\t\t\t<\/div>\n\t\t\t\t<\/div>\n\t\t\t\t<div class=\"elementor-element elementor-element-42af215 elementor-widget elementor-widget-text-editor\" data-id=\"42af215\" data-element_type=\"widget\" data-e-type=\"widget\" data-widget_type=\"text-editor.default\">\n\t\t\t\t<div class=\"elementor-widget-container\">\n\t\t\t\t\t\t\t\t\t<h2>5. A szervezeti projektmenedzsment \u00e9retts\u00e9g m\u00e9r\u00e9se a gyakorlatban<\/h2><p>Az \u00e9retts\u00e9g felm\u00e9r\u00e9se \u00e9s \u00e9rt\u00e9kel\u00e9se t\u00f6bb eszk\u00f6z ment\u00e9n lehets\u00e9ges:<\/p><ul><li><strong>Self-assessment felm\u00e9r\u00e9sek \u00e9s workshopok. <\/strong>Lehet\u0151s\u00e9get adnak a jelenlegi (as-is) \u00e1llapot megismer\u00e9s\u00e9re. Az \u00f6n\u00e9rt\u00e9kel\u00e9s csak akkor hasznos, ha nem adminisztrat\u00edv k\u00e9rd\u0151\u00edvk\u00e9nt kezelj\u00fck, \u00e9s igyeksz\u00fcnk a tipikus szakad\u00e9kokat a szervezeti szerepl\u0151k k\u00f6z\u00f6tt beazonos\u00edtani (pl.: a fels\u0151vezet\u00e9s stabil \u00e9s kontroll\u00e1lt m\u0171k\u00f6d\u00e9st l\u00e1t, de a projektvezet\u0151k t\u00falterhelts\u00e9gr\u0151l \u00e9s konfliktusos priorit\u00e1sokr\u00f3l besz\u00e9lnek). Ezek az elt\u00e9r\u00e9sek \u00f6nmagukban is \u00e9retts\u00e9gi indik\u00e1torok. Az as is \u00e1llapot felt\u00e1r\u00e1sa sor\u00e1n ne csak azt vizsg\u00e1ljuk, hogy vannak-e folyamatok, hanem azt is, hogy t\u00e9nylegesen haszn\u00e1lj\u00e1k-e \u0151ket.<\/li><li><strong>Projekt auditok. <\/strong>Ezek objekt\u00edv k\u00e9pet adnak a projektek folyamat\u00e1nak \u00e9s dokument\u00e1lts\u00e1g\u00e1nak szintj\u00e9r\u0151l. \u00c9rdemes a visszat\u00e9r\u0151 mint\u00e1zatokat keresni projektben, mint p\u00e9ld\u00e1ul rendszeres scope cs\u00fasz\u00e1s, visszat\u00e9r\u0151 k\u00f6lts\u00e9gt\u00fall\u00e9p\u00e9s, k\u00e9s\u0151i kock\u00e1zat felismer\u00e9s. Ezek gyakran szervezeti szint\u0171 probl\u00e9m\u00e1k, nem egy\u00e9ni teljes\u00edtm\u00e9ny k\u00e9rd\u00e9sek.<\/li><li><strong>Szervezeti projektmin\u0151s\u00e9gbiztos\u00edt\u00f3 folyamat m\u0171k\u00f6dtet\u00e9se. <\/strong>Biztos\u00edtja a standardok, folyamatok egys\u00e9ges alkalmaz\u00e1s\u00e1t \u00e9s folyamatos jav\u00edt\u00e1si lehet\u0151s\u00e9get biztos\u00edt a projektvezet\u0151i \u00e9s csapattagi visszajelz\u00e9seken kereszt\u00fcl. A min\u0151s\u00e9gbiztos\u00edt\u00e1s akkor \u00e9rt\u00e9kes, ha nem rend\u00e9szeti funkci\u00f3k\u00e9nt m\u0171k\u00f6dik, a c\u00e9l nem a hibakeres\u00e9s, hanem a tanul\u00e1s int\u00e9zm\u00e9nyes\u00edt\u00e9se.<\/li><li><strong>Projektportf\u00f3li\u00f3 \u00e1tvil\u00e1g\u00edt\u00e1s.<\/strong> A portf\u00f3li\u00f3 \u00e1tvil\u00e1g\u00edt\u00e1sa a projektek szervezeti szint\u0171 teljes\u00edtm\u00e9ny\u00e9t, azok strat\u00e9giai illeszked\u00e9s\u00e9t vizsg\u00e1lja. K\u00e9pes felsz\u00ednre hozni a portf\u00f3li\u00f3 szint\u0171 negat\u00edv mint\u00e1kat, gyakorlatokat.<\/li><li><strong>KPI, mutat\u00f3sz\u00e1m elemz\u00e9s. <\/strong>Sz\u00e1mszer\u0171s\u00edti a projektek \u00e1ltal sz\u00e1ll\u00edtott \u00e9rt\u00e9ket vagy a k\u00fcl\u00f6nb\u00f6z\u0151 sikerkrit\u00e9riumok el\u00e9r\u00e9s\u00e9t. Tipikus p\u00e9ld\u00e1i lehetnek az \u00fctemtervteljes\u00fcl\u00e9s, k\u00f6lts\u00e9gelt\u00e9r\u00e9s, er\u0151forr\u00e1s-kihaszn\u00e1lts\u00e1g, haszonrealiz\u00e1l\u00e1s, de gyakori hiba, hogy a KPI-ok elk\u00fcl\u00f6n\u00fclt vizsg\u00e1lata mellett nem t\u00f6rt\u00e9nik meg az azok k\u00f6z\u00f6tti \u00f6sszef\u00fcgg\u00e9seknek, ok-okozati vagy korrel\u00e1ci\u00f3s hat\u00e1soknak a vizsg\u00e1lata.<\/li><\/ul><p>Az \u00e9retts\u00e9g m\u00e9r\u00e9s\u00e9nek id\u0151szakos ism\u00e9tl\u00e9se j\u00f3 alapot ad az el\u0151rehalad\u00e1s \u00e9s a fejl\u0151d\u00e9s nyomon k\u00f6vet\u00e9s\u00e9re, de a val\u00f3di \u00e9rt\u00e9k a folyamatos visszacsatol\u00e1sban \u00e9s a fejleszt\u00e9si int\u00e9zked\u00e9sek implement\u00e1l\u00e1s\u00e1ban jelenik meg.<\/p>\t\t\t\t\t\t\t\t<\/div>\n\t\t\t\t<\/div>\n\t\t\t\t<div class=\"elementor-element elementor-element-8f9b351 elementor-widget elementor-widget-text-editor\" data-id=\"8f9b351\" data-element_type=\"widget\" data-e-type=\"widget\" data-widget_type=\"text-editor.default\">\n\t\t\t\t<div class=\"elementor-widget-container\">\n\t\t\t\t\t\t\t\t\t<h2>6. Hogyan fejleszthet\u0151 a szervezeti projektmenedzsment \u00e9retts\u00e9ge?<\/h2><p>A fejleszt\u00e9si folyamat minden szervezet eset\u00e9ben egyedi, mivel az ipar\u00e1gi k\u00f6rnyezet, a m\u00e9ret, a kult\u00fara \u00e9s a strat\u00e9giai priorit\u00e1sok elt\u00e9r\u0151ek. A l\u00e9p\u00e9sek keretet adnak, a konkr\u00e9t megold\u00e1sokat a szervezeti specifikumokhoz kell igaz\u00edtani.<\/p><h3>1. Diagn\u00f3zis<\/h3><p>C\u00e9lja az objekt\u00edv helyzetk\u00e9p kialak\u00edt\u00e1sa a 9 faktor ment\u00e9n. Megval\u00f3s\u00edthat\u00f3 interj\u00fakkal, dokumentumelemz\u00e9ssel, KPI-\u00e9rt\u00e9kel\u00e9ssel \u00e9s workshopokkal. \u00c9rdemes bevonni fels\u0151vezet\u0151ket, projektvezet\u0151ket, funkcion\u00e1lis vezet\u0151ket \u00e9s kijel\u00f6lt kulcs\u00e9rintetteket, hogy a k\u00fcl\u00f6nb\u00f6z\u0151 szintek\/ter\u00fcletek hangja megjelenjen. Ha a fels\u0151vezet\u00e9s \u00e9s a projektvezet\u0151k k\u00f6z\u00f6tt jelent\u0151s percepci\u00f3s r\u00e9s van, az \u00f6nmag\u00e1ban fejleszt\u00e9si ter\u00fclet.<\/p>\t\t\t\t\t\t\t\t<\/div>\n\t\t\t\t<\/div>\n\t\t\t\t<div class=\"elementor-element elementor-element-3fbe4a1 elementor-align-center elementor-widget elementor-widget-button\" data-id=\"3fbe4a1\" data-element_type=\"widget\" data-e-type=\"widget\" data-widget_type=\"button.default\">\n\t\t\t\t<div class=\"elementor-widget-container\">\n\t\t\t\t\t\t\t\t\t<div class=\"elementor-button-wrapper\">\n\t\t\t\t\t<a class=\"elementor-button elementor-button-link elementor-size-sm\" href=\"https:\/\/promanconsulting.hu\/projektmenedzsment-erettseg-felmerese\/\">\n\t\t\t\t\t\t<span class=\"elementor-button-content-wrapper\">\n\t\t\t\t\t\t\t\t\t<span class=\"elementor-button-text\">R\u00f6vid, \u00f6n\u00e9rt\u00e9kel\u0151 k\u00e9rd\u0151\u00edv\u00fcnk itt \u00e9rhet\u0151 el!<\/span>\n\t\t\t\t\t<\/span>\n\t\t\t\t\t<\/a>\n\t\t\t\t<\/div>\n\t\t\t\t\t\t\t\t<\/div>\n\t\t\t\t<\/div>\n\t\t\t\t<div class=\"elementor-element elementor-element-619bc00 elementor-widget elementor-widget-spacer\" data-id=\"619bc00\" data-element_type=\"widget\" data-e-type=\"widget\" data-widget_type=\"spacer.default\">\n\t\t\t\t<div class=\"elementor-widget-container\">\n\t\t\t\t\t\t\t<div class=\"elementor-spacer\">\n\t\t\t<div class=\"elementor-spacer-inner\"><\/div>\n\t\t<\/div>\n\t\t\t\t\t\t<\/div>\n\t\t\t\t<\/div>\n\t\t\t\t<div class=\"elementor-element elementor-element-6b442d3 elementor-widget elementor-widget-text-editor\" data-id=\"6b442d3\" data-element_type=\"widget\" data-e-type=\"widget\" data-widget_type=\"text-editor.default\">\n\t\t\t\t<div class=\"elementor-widget-container\">\n\t\t\t\t\t\t\t\t\t<h3>2. C\u00e9l\u00e1llapot meghat\u00e1roz\u00e1s<\/h3><p>A k\u00edv\u00e1nt szervezeti projektmenedzsment \u00e9retts\u00e9gi szint meghat\u00e1roz\u00e1sa benchmarking, k\u00f6rnyezetvizsg\u00e1lat, szervezeti k\u00e9pess\u00e9gek felm\u00e9r\u00e9se, az \u00fczleti c\u00e9lok elemz\u00e9se \u00e9s a szervezet kock\u00e1zati profilj\u00e1nak \u00e9rt\u00e9kel\u00e9se alapj\u00e1n. Hozz\u00e1tartozik, hogy nem kell minden szervezetnek a legmagasabb \u00e9retts\u00e9gi szintre el\u00e9rnie, az ide\u00e1lis c\u00e9l\u00e1llapot a strat\u00e9giai kontextus f\u00fcggv\u00e9nye is.<\/p><h3>3. Governance, ir\u00e1ny\u00edt\u00e1si keretrendszer \u00fajratervez\u00e9s<\/h3><p>Egy \u00e9rett governance rendszer nem a szab\u00e1lyok sz\u00e1m\u00e1t n\u00f6veli, hanem a d\u00f6nt\u00e9si logik\u00e1t tiszt\u00e1zza le. Sok szervezetben l\u00e9teznek l\u00e1tsz\u00f3lag d\u00f6nt\u00e9si folyamatok \u00e9s j\u00f3v\u00e1hagy\u00e1si szintek, m\u00e9gis bizonytalan, hogy val\u00f3j\u00e1ban ki mir\u0151l d\u00f6nt, milyen inform\u00e1ci\u00f3 alapj\u00e1n \u00e9s milyen k\u00f6vetkezm\u00e9nyekkel. Ezek tiszt\u00e1zatlans\u00e1ga miatt jellemz\u0151k az inform\u00e1lis alkuk, h\u00e1tt\u00e9rmeg\u00e1llapod\u00e1sok, illetve gyakran tov\u00e1bbi rejtett t\u00e9nyez\u0151k hat\u00e1rozz\u00e1k meg a projektek sors\u00e1t.<\/p><p>A governance hi\u00e1nya jellemz\u0151en nem l\u00e1tv\u00e1nyos \u00f6sszeoml\u00e1sban, hanem \u00e1lland\u00f3 s\u00farl\u00f3d\u00e1sokban jelenik meg. Vezet\u0151k \u00e9s projektvezet\u0151k versengenek ugyanaz\u00e9rt a kulcser\u0151forr\u00e1sok\u00e9rt, a projektek csendben cs\u00fasznak, \u00e9s a fels\u0151vezet\u00e9s ut\u00f3lag szembes\u00fcl a probl\u00e9m\u00e1kkal.<\/p><h3>4. PMO szerepk\u00f6r \u00fajradefini\u00e1l\u00e1sa<\/h3><p>A PMO val\u00f3di \u00e9rt\u00e9ke azon m\u00falik, hogy k\u00e9pes-e t\u00fall\u00e9pni az adminisztrat\u00edv koordin\u00e1ci\u00f3 szerep\u00e9n. Ha csup\u00e1n sablonokat kezel \u00e9s riportokat gy\u0171jt, t\u00e1mogat\u00f3 funkci\u00f3 marad. Ha viszont rendszerszint\u0171 r\u00e1l\u00e1t\u00e1sa van a teljes portf\u00f3li\u00f3ra, akkor strat\u00e9giai szerepl\u0151v\u00e9 v\u00e1lik, amely nem csak adatot szolg\u00e1ltat, hanem \u00e9rtelmez \u00e9s \u00f6sszef\u00fcgg\u00e9seket t\u00e1r fel.<\/p><p>Az \u00e9rett PMO portf\u00f3li\u00f3 szinten aggreg\u00e1l \u00e9s elemez, azonos\u00edtja a visszat\u00e9r\u0151 kock\u00e1zatokat, kapacit\u00e1s torl\u00f3d\u00e1sokat \u00e9s teljes\u00edtm\u00e9ny mint\u00e1zatokat. \u00cdgy a d\u00f6nt\u00e9sek nem egy-egy projekt ment\u00e9n, hanem szervezeti szint\u0171 jellemz\u0151k alapj\u00e1n sz\u00fcletnek. Ha a PMO nem l\u00e1tja \u00e1t a teljes k\u00e9pet, nem tud rendszerszint\u0171 k\u00f6vetkeztet\u00e9seket levonni, \u00e9s strat\u00e9giai helyett adminisztrat\u00edv egys\u00e9g marad.<\/p><p>A PMO strat\u00e9giai motor \u00e9s integr\u00e1l\u00f3 szerepet t\u00f6lthet be, ha az al\u00e1bbi funkci\u00f3kat hozz\u00e1rendelj\u00fck:<\/p><ul><li>portf\u00f3li\u00f3 szint\u0171 koordin\u00e1ci\u00f3,<\/li><li>er\u0151forr\u00e1s-kiegyens\u00falyoz\u00e1s,<\/li><li>standardiz\u00e1ci\u00f3,<\/li><li>projektszakemberi kompetenciafejleszt\u00e9s.<\/li><\/ul><p>A c\u00e9l egy olyan k\u00f6zponti funkci\u00f3 kialak\u00edt\u00e1sa, amely adatvez\u00e9relt d\u00f6nt\u00e9st\u00e1mogat\u00e1st k\u00e9pes biztos\u00edtani.<\/p><h3>5. Eszk\u00f6z- \u00e9s riportingrendszer standardiz\u00e1l\u00e1sa<\/h3><p>Nagyobb portf\u00f3li\u00f3 eset\u00e9n az egyedi, elt\u00e9r\u0151 logik\u00e1val fel\u00e9p\u00edtett t\u00e1bl\u00e1zatok gyorsan torz\u00edtj\u00e1k az \u00f6sszk\u00e9pet. Itt a standardiz\u00e1l\u00e1s alapj\u00e1t nem csak a rendszer kiv\u00e1laszt\u00e1sa, hanem az adatdefin\u00edci\u00f3k egys\u00e9ges\u00edt\u00e9se tudja biztos\u00edtani. Mit jelent a k\u00e9sz\u00fclts\u00e9g, hogyan m\u00e9rj\u00fck a k\u00f6lts\u00e9g elt\u00e9r\u00e9st, mikor kritikus egy kock\u00e1zat. Az integr\u00e1lt PPM platformok alkalmaz\u00e1sa n\u00f6veli az adatmin\u0151s\u00e9get \u00e9s az \u00e1tl\u00e1that\u00f3s\u00e1got, ahol egyre nagyobb szerepet kapnak az AI megold\u00e1sok is.<\/p><p>P\u00e1r tipikus AI use case:<\/p><ul><li><em>Kock\u00e1zat-el\u0151rejelz\u00e9s:<\/em> historikus projektek adatain alapul\u00f3 mint\u00e1zatfelismer\u00e9s. C\u00e9lja a potenci\u00e1lis cs\u00fasz\u00e1sok \u00e9s k\u00f6lts\u00e9gt\u00fall\u00e9p\u00e9sek korai azonos\u00edt\u00e1sa. El\u0151nye a proakt\u00edv beavatkoz\u00e1s lehet\u0151s\u00e9ge.<\/li><li><em>Automatiz\u00e1lt st\u00e1tuszriport:<\/em> struktur\u00e1lt adatokb\u00f3l gener\u00e1lt vezet\u0151i \u00f6sszefoglal\u00f3. Id\u0151megtakar\u00edt\u00e1st \u00e9s konzisztens inform\u00e1ci\u00f3\u00e1tad\u00e1st biztos\u00edt.<\/li><li><em>Er\u0151forr\u00e1s-optimaliz\u00e1ci\u00f3:<\/em> terhelts\u00e9gi adatok elemz\u00e9se alapj\u00e1n javaslat k\u00e9sz\u00edt\u00e9se kapacit\u00e1s-\u00e1tcsoportos\u00edt\u00e1sra. Cs\u00f6kkenti a t\u00falterhelts\u00e9get \u00e9s n\u00f6veli a portf\u00f3li\u00f3hat\u00e9konys\u00e1got.<\/li><li><em>Tervez\u00e9s t\u00e1mogat\u00e1sa:<\/em> kor\u00e1bbi projektadatok felhaszn\u00e1l\u00e1s\u00e1val becsl\u00e9si pontoss\u00e1g n\u00f6vel\u00e9se, WBS \u00e9s projekttervek elk\u00e9sz\u00edt\u00e9se scope alapj\u00e1n. K\u00f6vetelm\u00e9nylist\u00e1k, \u00fctemtervek \u00e9s a tervezett feladatok list\u00e1z\u00e1sa.<\/li><\/ul><h3>6. V\u00e1ltoz\u00e1smenedzsment \u00e9s kult\u00farafejleszt\u00e9s<\/h3><p>A struktur\u00e1lis fejleszt\u00e9sek csak akkor maradnak fenn, ha a szervezeti kult\u00fara is t\u00e1mogatja \u0151ket. Ha a vezet\u00e9s nem k\u00f6vetkezetes a prioriz\u00e1l\u00e1sban, nem \u00e1ll\u00edt le alulteljes\u00edt\u0151 projekteket, vagy kiv\u00e9teleket tesz a szab\u00e1lyok al\u00f3l, akkor a rendszer form\u00e1liss\u00e1 v\u00e1lik. Az \u00e9rett m\u0171k\u00f6d\u00e9shez transzparens kommunik\u00e1ci\u00f3, tudatos kompetenciafejleszt\u00e9s \u00e9s rendszeres tanul\u00e1si ciklusok sz\u00fcks\u00e9gesek.<\/p>\t\t\t\t\t\t\t\t<\/div>\n\t\t\t\t<\/div>\n\t\t\t\t<div class=\"elementor-element elementor-element-095e2e1 elementor-widget elementor-widget-text-editor\" data-id=\"095e2e1\" data-element_type=\"widget\" data-e-type=\"widget\" data-widget_type=\"text-editor.default\">\n\t\t\t\t<div class=\"elementor-widget-container\">\n\t\t\t\t\t\t\t\t\t<h2>7. Konkl\u00fazi\u00f3<\/h2><p>A szervezeti projektmenedzsment \u00e9retts\u00e9g fejleszt\u00e9se k\u00f6zvetlen hat\u00e1ssal van a projekt- \u00e9s portf\u00f3li\u00f3teljes\u00edtm\u00e9nyre. A struktur\u00e1lt governance, az adatvez\u00e9relt m\u0171k\u00f6d\u00e9s \u00e9s az er\u0151s PMO funkci\u00f3 stabilabb strat\u00e9giai v\u00e9grehajt\u00e1st eredm\u00e9nyez.<\/p><p>Az \u00e9retts\u00e9g n\u00f6vel\u00e9se hossz\u00fa t\u00e1v\u00fa befektet\u00e9s, amely a projektek kisz\u00e1m\u00edthat\u00f3s\u00e1g\u00e1ban, a k\u00f6lts\u00e9ghat\u00e9konys\u00e1gban \u00e9s a szervezeti teljes\u00edtm\u00e9ny javul\u00e1s\u00e1ban t\u00e9r\u00fcl meg.<\/p><p>Amennyiben k\u00edv\u00e1ncsi vagy hogy hol tart a szervezeted projektmenedzsment ter\u00fcleten, vagy szeretn\u00e9d a szervezet projektmenedzsment \u00e9retts\u00e9g\u00e9t n\u00f6velni, <span style=\"color: #0000ff;\"><a style=\"color: #0000ff;\" href=\"https:\/\/promanconsulting.hu\/kapcsolat\/\">keress minket bizalommal<\/a><\/span>!<\/p>\t\t\t\t\t\t\t\t<\/div>\n\t\t\t\t<\/div>\n\t\t\t\t<div class=\"elementor-element elementor-element-55f85cb elementor-widget elementor-widget-text-editor\" data-id=\"55f85cb\" data-element_type=\"widget\" data-e-type=\"widget\" data-widget_type=\"text-editor.default\">\n\t\t\t\t<div class=\"elementor-widget-container\">\n\t\t\t\t\t\t\t\t\t<h2 data-start=\"4432\" data-end=\"4487\">Gyakran ism\u00e9telt k\u00e9rd\u00e9sek:<\/h2>\t\t\t\t\t\t\t\t<\/div>\n\t\t\t\t<\/div>\n\t\t\t\t<div class=\"elementor-element elementor-element-e18c7a0 elementor-widget elementor-widget-n-accordion\" data-id=\"e18c7a0\" data-element_type=\"widget\" data-e-type=\"widget\" data-settings=\"{&quot;default_state&quot;:&quot;all_collapsed&quot;,&quot;max_items_expended&quot;:&quot;one&quot;,&quot;n_accordion_animation_duration&quot;:{&quot;unit&quot;:&quot;ms&quot;,&quot;size&quot;:400,&quot;sizes&quot;:[]}}\" data-widget_type=\"nested-accordion.default\">\n\t\t\t\t<div class=\"elementor-widget-container\">\n\t\t\t\t\t\t\t<div class=\"e-n-accordion\" aria-label=\"Accordion. Open links with Enter or Space, close with Escape, and navigate with Arrow Keys\">\n\t\t\t\t\t\t<details id=\"e-n-accordion-item-2360\" class=\"e-n-accordion-item\" >\n\t\t\t\t<summary class=\"e-n-accordion-item-title\" data-accordion-index=\"1\" tabindex=\"0\" aria-expanded=\"false\" aria-controls=\"e-n-accordion-item-2360\" >\n\t\t\t\t\t<span class='e-n-accordion-item-title-header'><div class=\"e-n-accordion-item-title-text\"> Mi az a szervezeti projektmenedzsment \u00e9retts\u00e9g? <\/div><\/span>\n\t\t\t\t\t\t\t<span class='e-n-accordion-item-title-icon'>\n\t\t\t<span class='e-opened' ><i aria-hidden=\"true\" class=\"fas fa-minus\"><\/i><\/span>\n\t\t\t<span class='e-closed'><i aria-hidden=\"true\" class=\"fas fa-plus\"><\/i><\/span>\n\t\t<\/span>\n\n\t\t\t\t\t\t<\/summary>\n\t\t\t\t<div role=\"region\" aria-labelledby=\"e-n-accordion-item-2360\" class=\"elementor-element elementor-element-544fc3c e-con-full e-flex e-con e-child\" data-id=\"544fc3c\" data-element_type=\"container\" data-e-type=\"container\" data-settings=\"{&quot;jet_parallax_layout_list&quot;:[],&quot;_ha_eqh_enable&quot;:false}\">\n\t\t\t\t<div class=\"elementor-element elementor-element-797cc39 elementor-widget elementor-widget-text-editor\" data-id=\"797cc39\" data-element_type=\"widget\" data-e-type=\"widget\" data-widget_type=\"text-editor.default\">\n\t\t\t\t<div class=\"elementor-widget-container\">\n\t\t\t\t\t\t\t\t\t<p>A szervezeti projektmenedzsment \u00e9retts\u00e9g annak k\u00e9pess\u00e9ge, hogy a szervezet a projektjeit egys\u00e9ges m\u00f3dszertan, governance, adatvez\u00e9relt kontroll \u00e9s strat\u00e9giai illeszked\u00e9s ment\u00e9n, konzisztens teljes\u00edtm\u00e9nnyel hajtsa v\u00e9gre.<\/p>\t\t\t\t\t\t\t\t<\/div>\n\t\t\t\t<\/div>\n\t\t\t\t<\/div>\n\t\t\t\t\t<\/details>\n\t\t\t\t\t\t<details id=\"e-n-accordion-item-2361\" class=\"e-n-accordion-item\" >\n\t\t\t\t<summary class=\"e-n-accordion-item-title\" data-accordion-index=\"2\" tabindex=\"-1\" aria-expanded=\"false\" aria-controls=\"e-n-accordion-item-2361\" >\n\t\t\t\t\t<span class='e-n-accordion-item-title-header'><div class=\"e-n-accordion-item-title-text\"> Melyek a leggyakoribb t\u00fcnetek alacsony projektmenedzsment \u00e9retts\u00e9g eset\u00e9n? <\/div><\/span>\n\t\t\t\t\t\t\t<span class='e-n-accordion-item-title-icon'>\n\t\t\t<span class='e-opened' ><i aria-hidden=\"true\" class=\"fas fa-minus\"><\/i><\/span>\n\t\t\t<span class='e-closed'><i aria-hidden=\"true\" class=\"fas fa-plus\"><\/i><\/span>\n\t\t<\/span>\n\n\t\t\t\t\t\t<\/summary>\n\t\t\t\t<div role=\"region\" aria-labelledby=\"e-n-accordion-item-2361\" class=\"elementor-element elementor-element-14755c1 e-con-full e-flex e-con e-child\" data-id=\"14755c1\" data-element_type=\"container\" data-e-type=\"container\" data-settings=\"{&quot;jet_parallax_layout_list&quot;:[],&quot;_ha_eqh_enable&quot;:false}\">\n\t\t\t\t<div class=\"elementor-element elementor-element-b6e6cd3 elementor-widget elementor-widget-text-editor\" data-id=\"b6e6cd3\" data-element_type=\"widget\" data-e-type=\"widget\" data-widget_type=\"text-editor.default\">\n\t\t\t\t<div class=\"elementor-widget-container\">\n\t\t\t\t\t\t\t\t\t<p>Tipikus t\u00fcnet a t\u00fal sok p\u00e1rhuzamos projekt, az ad hoc v\u00e1ltoz\u00e1skezel\u00e9s, a nem formaliz\u00e1lt stage gate d\u00f6nt\u00e9sek, a nem tiszt\u00e1zott scope, a t\u00falzott adminisztr\u00e1ci\u00f3 \u00e9s a haszonrealiz\u00e1l\u00e1s visszam\u00e9r\u00e9s\u00e9nek hi\u00e1nya.<\/p>\t\t\t\t\t\t\t\t<\/div>\n\t\t\t\t<\/div>\n\t\t\t\t<\/div>\n\t\t\t\t\t<\/details>\n\t\t\t\t\t\t<details id=\"e-n-accordion-item-2362\" class=\"e-n-accordion-item\" >\n\t\t\t\t<summary class=\"e-n-accordion-item-title\" data-accordion-index=\"3\" tabindex=\"-1\" aria-expanded=\"false\" aria-controls=\"e-n-accordion-item-2362\" >\n\t\t\t\t\t<span class='e-n-accordion-item-title-header'><div class=\"e-n-accordion-item-title-text\"> Mi\u00e9rt jelennek meg a probl\u00e9m\u00e1k portf\u00f3li\u00f3 szinten el\u0151sz\u00f6r? <\/div><\/span>\n\t\t\t\t\t\t\t<span class='e-n-accordion-item-title-icon'>\n\t\t\t<span class='e-opened' ><i aria-hidden=\"true\" class=\"fas fa-minus\"><\/i><\/span>\n\t\t\t<span class='e-closed'><i aria-hidden=\"true\" class=\"fas fa-plus\"><\/i><\/span>\n\t\t<\/span>\n\n\t\t\t\t\t\t<\/summary>\n\t\t\t\t<div role=\"region\" aria-labelledby=\"e-n-accordion-item-2362\" class=\"elementor-element elementor-element-50aeb39 e-con-full e-flex e-con e-child\" data-id=\"50aeb39\" data-element_type=\"container\" data-e-type=\"container\" data-settings=\"{&quot;jet_parallax_layout_list&quot;:[],&quot;_ha_eqh_enable&quot;:false}\">\n\t\t\t\t<div class=\"elementor-element elementor-element-9293a81 elementor-widget elementor-widget-text-editor\" data-id=\"9293a81\" data-element_type=\"widget\" data-e-type=\"widget\" data-widget_type=\"text-editor.default\">\n\t\t\t\t<div class=\"elementor-widget-container\">\n\t\t\t\t\t\t\t\t\t<p>Portf\u00f3li\u00f3 szinten l\u00e1tszik el\u0151sz\u00f6r a transzparencia hi\u00e1nya, a priorit\u00e1si zavar, az er\u0151forr\u00e1s-konfliktus \u00e9s a projektek k\u00f6z\u00f6tti f\u00fcgg\u0151s\u00e9gek kezelhetetlens\u00e9ge, ez\u00e9rt a fels\u0151vezet\u00e9s itt \u00e9rz\u00e9keli a legkor\u00e1bban a rendszerszint\u0171 fesz\u00fclts\u00e9get.<\/p>\t\t\t\t\t\t\t\t<\/div>\n\t\t\t\t<\/div>\n\t\t\t\t<\/div>\n\t\t\t\t\t<\/details>\n\t\t\t\t\t\t<details id=\"e-n-accordion-item-2363\" class=\"e-n-accordion-item\" >\n\t\t\t\t<summary class=\"e-n-accordion-item-title\" data-accordion-index=\"4\" tabindex=\"-1\" aria-expanded=\"false\" aria-controls=\"e-n-accordion-item-2363\" >\n\t\t\t\t\t<span class='e-n-accordion-item-title-header'><div class=\"e-n-accordion-item-title-text\"> Mely ter\u00fcletek sz\u00e1m\u00edtanak a projektmenedzsment \u00e9retts\u00e9g gy\u00f6k\u00e9rokainak? <\/div><\/span>\n\t\t\t\t\t\t\t<span class='e-n-accordion-item-title-icon'>\n\t\t\t<span class='e-opened' ><i aria-hidden=\"true\" class=\"fas fa-minus\"><\/i><\/span>\n\t\t\t<span class='e-closed'><i aria-hidden=\"true\" class=\"fas fa-plus\"><\/i><\/span>\n\t\t<\/span>\n\n\t\t\t\t\t\t<\/summary>\n\t\t\t\t<div role=\"region\" aria-labelledby=\"e-n-accordion-item-2363\" class=\"elementor-element elementor-element-1a8419d e-con-full e-flex e-con e-child\" data-id=\"1a8419d\" data-element_type=\"container\" data-e-type=\"container\" data-settings=\"{&quot;jet_parallax_layout_list&quot;:[],&quot;_ha_eqh_enable&quot;:false}\">\n\t\t\t\t<div class=\"elementor-element elementor-element-31a5955 elementor-widget elementor-widget-text-editor\" data-id=\"31a5955\" data-element_type=\"widget\" data-e-type=\"widget\" data-widget_type=\"text-editor.default\">\n\t\t\t\t<div class=\"elementor-widget-container\">\n\t\t\t\t\t\t\t\t\t<p>Gyakori gy\u00f6k\u00e9rok a governance \u00e9s strat\u00e9giai illeszked\u00e9s hi\u00e1nya, a m\u00f3dszertani inkonzisztencia, a kontroll \u00e9s el\u0151rejelz\u00e9s gyenges\u00e9ge, a p\u00e9nz\u00fcgyi \u00e9s kapacit\u00e1skezel\u00e9s hi\u00e1nyoss\u00e1gai, a kock\u00e1zatmenedzsment form\u00e1lis kezel\u00e9se, valamint a kult\u00fara \u00e9s kommunik\u00e1ci\u00f3s probl\u00e9m\u00e1k.<\/p>\t\t\t\t\t\t\t\t<\/div>\n\t\t\t\t<\/div>\n\t\t\t\t<\/div>\n\t\t\t\t\t<\/details>\n\t\t\t\t\t\t<details id=\"e-n-accordion-item-2364\" class=\"e-n-accordion-item\" >\n\t\t\t\t<summary class=\"e-n-accordion-item-title\" data-accordion-index=\"5\" tabindex=\"-1\" aria-expanded=\"false\" aria-controls=\"e-n-accordion-item-2364\" >\n\t\t\t\t\t<span class='e-n-accordion-item-title-header'><div class=\"e-n-accordion-item-title-text\"> Hogyan m\u00e9rhet\u0151 a szervezeti projektmenedzsment \u00e9retts\u00e9g a gyakorlatban? <\/div><\/span>\n\t\t\t\t\t\t\t<span class='e-n-accordion-item-title-icon'>\n\t\t\t<span class='e-opened' ><i aria-hidden=\"true\" class=\"fas fa-minus\"><\/i><\/span>\n\t\t\t<span class='e-closed'><i aria-hidden=\"true\" class=\"fas fa-plus\"><\/i><\/span>\n\t\t<\/span>\n\n\t\t\t\t\t\t<\/summary>\n\t\t\t\t<div role=\"region\" aria-labelledby=\"e-n-accordion-item-2364\" class=\"elementor-element elementor-element-b895633 e-con-full e-flex e-con e-child\" data-id=\"b895633\" data-element_type=\"container\" data-e-type=\"container\" data-settings=\"{&quot;jet_parallax_layout_list&quot;:[],&quot;_ha_eqh_enable&quot;:false}\">\n\t\t\t\t<div class=\"elementor-element elementor-element-067c570 elementor-widget elementor-widget-text-editor\" data-id=\"067c570\" data-element_type=\"widget\" data-e-type=\"widget\" data-widget_type=\"text-editor.default\">\n\t\t\t\t<div class=\"elementor-widget-container\">\n\t\t\t\t\t\t\t\t\t<p data-start=\"1330\" data-end=\"1414\">Gyakori m\u00f3dszer az \u00f6n\u00e9rt\u00e9kel\u0151 felm\u00e9r\u00e9s \u00e9s workshop, projekt audit, min\u0151s\u00e9gbiztos\u00edt\u00e1si folyamat, portf\u00f3li\u00f3 \u00e1tvil\u00e1g\u00edt\u00e1s, valamint KPI- \u00e9s mutat\u00f3sz\u00e1m elemz\u00e9s, kieg\u00e9sz\u00edtve interj\u00fakkal \u00e9s dokumentumelemz\u00e9ssel.<\/p>\t\t\t\t\t\t\t\t<\/div>\n\t\t\t\t<\/div>\n\t\t\t\t<\/div>\n\t\t\t\t\t<\/details>\n\t\t\t\t\t\t<details id=\"e-n-accordion-item-2365\" class=\"e-n-accordion-item\" >\n\t\t\t\t<summary class=\"e-n-accordion-item-title\" data-accordion-index=\"6\" tabindex=\"-1\" aria-expanded=\"false\" aria-controls=\"e-n-accordion-item-2365\" >\n\t\t\t\t\t<span class='e-n-accordion-item-title-header'><div class=\"e-n-accordion-item-title-text\"> Mi a leghat\u00e9konyabb fejleszt\u00e9si sorrend az \u00e9retts\u00e9g n\u00f6vel\u00e9s\u00e9re? <\/div><\/span>\n\t\t\t\t\t\t\t<span class='e-n-accordion-item-title-icon'>\n\t\t\t<span class='e-opened' ><i aria-hidden=\"true\" class=\"fas fa-minus\"><\/i><\/span>\n\t\t\t<span class='e-closed'><i aria-hidden=\"true\" class=\"fas fa-plus\"><\/i><\/span>\n\t\t<\/span>\n\n\t\t\t\t\t\t<\/summary>\n\t\t\t\t<div role=\"region\" aria-labelledby=\"e-n-accordion-item-2365\" class=\"elementor-element elementor-element-d6165d9 e-con-full e-flex e-con e-child\" data-id=\"d6165d9\" data-element_type=\"container\" data-e-type=\"container\" data-settings=\"{&quot;jet_parallax_layout_list&quot;:[],&quot;_ha_eqh_enable&quot;:false}\">\n\t\t\t\t<div class=\"elementor-element elementor-element-f584e44 elementor-widget elementor-widget-text-editor\" data-id=\"f584e44\" data-element_type=\"widget\" data-e-type=\"widget\" data-widget_type=\"text-editor.default\">\n\t\t\t\t<div class=\"elementor-widget-container\">\n\t\t\t\t\t\t\t\t\t<p data-start=\"1330\" data-end=\"1414\">Jellemz\u0151en diagn\u00f3zissal \u00e9rdemes kezdeni, majd c\u00e9l\u00e1llapotot meghat\u00e1rozni, ezut\u00e1n governance \u00e9s d\u00f6nt\u00e9si logika \u00fajratervez\u00e9se k\u00f6vetkezik, a PMO szerep\u00e9nek tiszt\u00e1z\u00e1sa, az eszk\u00f6z- \u00e9s riporting standardiz\u00e1l\u00e1sa, v\u00e9g\u00fcl a v\u00e1ltoz\u00e1smenedzsment \u00e9s kult\u00fara be\u00e1gyaz\u00e1sa.<\/p>\t\t\t\t\t\t\t\t<\/div>\n\t\t\t\t<\/div>\n\t\t\t\t<\/div>\n\t\t\t\t\t<\/details>\n\t\t\t\t\t\t<details id=\"e-n-accordion-item-2366\" class=\"e-n-accordion-item\" >\n\t\t\t\t<summary class=\"e-n-accordion-item-title\" data-accordion-index=\"7\" tabindex=\"-1\" aria-expanded=\"false\" aria-controls=\"e-n-accordion-item-2366\" >\n\t\t\t\t\t<span class='e-n-accordion-item-title-header'><div class=\"e-n-accordion-item-title-text\"> Mit\u0151l lesz a PMO val\u00f3ban \u00e9rt\u00e9kteremt\u0151 szervezeti szinten? <\/div><\/span>\n\t\t\t\t\t\t\t<span class='e-n-accordion-item-title-icon'>\n\t\t\t<span class='e-opened' ><i aria-hidden=\"true\" class=\"fas fa-minus\"><\/i><\/span>\n\t\t\t<span class='e-closed'><i aria-hidden=\"true\" class=\"fas fa-plus\"><\/i><\/span>\n\t\t<\/span>\n\n\t\t\t\t\t\t<\/summary>\n\t\t\t\t<div role=\"region\" aria-labelledby=\"e-n-accordion-item-2366\" class=\"elementor-element elementor-element-9feb54d e-con-full e-flex e-con e-child\" data-id=\"9feb54d\" data-element_type=\"container\" data-e-type=\"container\" data-settings=\"{&quot;jet_parallax_layout_list&quot;:[],&quot;_ha_eqh_enable&quot;:false}\">\n\t\t\t\t<div class=\"elementor-element elementor-element-28ca186 elementor-widget elementor-widget-text-editor\" data-id=\"28ca186\" data-element_type=\"widget\" data-e-type=\"widget\" data-widget_type=\"text-editor.default\">\n\t\t\t\t<div class=\"elementor-widget-container\">\n\t\t\t\t\t\t\t\t\t<p data-start=\"1330\" data-end=\"1414\">Az \u00e9rett PMO portf\u00f3li\u00f3 szinten aggreg\u00e1l \u00e9s elemez, kapacit\u00e1s- \u00e9s kock\u00e1zati mint\u00e1zatokat t\u00e1r fel, standardiz\u00e1l, kompetenci\u00e1t fejleszt \u00e9s adatvez\u00e9relt d\u00f6nt\u00e9st\u00e1mogat\u00e1st ad, nem csup\u00e1n adminisztrat\u00edv koordin\u00e1ci\u00f3t v\u00e9gez.<\/p>\t\t\t\t\t\t\t\t<\/div>\n\t\t\t\t<\/div>\n\t\t\t\t<\/div>\n\t\t\t\t\t<\/details>\n\t\t\t\t\t\t<details id=\"e-n-accordion-item-2367\" class=\"e-n-accordion-item\" >\n\t\t\t\t<summary class=\"e-n-accordion-item-title\" data-accordion-index=\"8\" tabindex=\"-1\" aria-expanded=\"false\" aria-controls=\"e-n-accordion-item-2367\" >\n\t\t\t\t\t<span class='e-n-accordion-item-title-header'><div class=\"e-n-accordion-item-title-text\"> Mikor \u00e9rdemes szervezeti projektmenedzsment \u00e9retts\u00e9g felm\u00e9r\u00e9st ind\u00edtani? <\/div><\/span>\n\t\t\t\t\t\t\t<span class='e-n-accordion-item-title-icon'>\n\t\t\t<span class='e-opened' ><i aria-hidden=\"true\" class=\"fas fa-minus\"><\/i><\/span>\n\t\t\t<span class='e-closed'><i aria-hidden=\"true\" class=\"fas fa-plus\"><\/i><\/span>\n\t\t<\/span>\n\n\t\t\t\t\t\t<\/summary>\n\t\t\t\t<div role=\"region\" aria-labelledby=\"e-n-accordion-item-2367\" class=\"elementor-element elementor-element-6940882 e-con-full e-flex e-con e-child\" data-id=\"6940882\" data-element_type=\"container\" data-e-type=\"container\" data-settings=\"{&quot;jet_parallax_layout_list&quot;:[],&quot;_ha_eqh_enable&quot;:false}\">\n\t\t\t\t<div class=\"elementor-element elementor-element-c83dcca elementor-widget elementor-widget-text-editor\" data-id=\"c83dcca\" data-element_type=\"widget\" data-e-type=\"widget\" data-widget_type=\"text-editor.default\">\n\t\t\t\t<div class=\"elementor-widget-container\">\n\t\t\t\t\t\t\t\t\t<p data-start=\"1330\" data-end=\"1414\">Akkor \u00e9rdemes, ha tart\u00f3s cs\u00fasz\u00e1sok \u00e9s k\u00f6lts\u00e9gt\u00fall\u00e9p\u00e9sek ism\u00e9tl\u0151dnek, t\u00fal sok a p\u00e1rhuzamos projekt, er\u0151forr\u00e1s-konfliktusok vannak, a prioriz\u00e1l\u00e1s ad hoc, vagy a vezet\u00e9s nem l\u00e1t objekt\u00edv k\u00e9pet a portf\u00f3li\u00f3 st\u00e1tusz\u00e1r\u00f3l \u00e9s a haszonrealiz\u00e1l\u00e1sr\u00f3l.<\/p>\t\t\t\t\t\t\t\t<\/div>\n\t\t\t\t<\/div>\n\t\t\t\t<\/div>\n\t\t\t\t\t<\/details>\n\t\t\t\t\t<\/div>\n\t\t\t\t\t<script type=\"application\/ld+json\">{\"@context\":\"https:\\\/\\\/schema.org\",\"@type\":\"FAQPage\",\"mainEntity\":[{\"@type\":\"Question\",\"name\":\"Mi az a szervezeti projektmenedzsment \\u00e9retts\\u00e9g?\",\"acceptedAnswer\":{\"@type\":\"Answer\",\"text\":\"A szervezeti projektmenedzsment \\u00e9retts\\u00e9g annak k\\u00e9pess\\u00e9ge, hogy a szervezet a projektjeit egys\\u00e9ges m\\u00f3dszertan, governance, adatvez\\u00e9relt kontroll \\u00e9s strat\\u00e9giai illeszked\\u00e9s ment\\u00e9n, konzisztens teljes\\u00edtm\\u00e9nnyel hajtsa v\\u00e9gre.\"}},{\"@type\":\"Question\",\"name\":\"Melyek a leggyakoribb t\\u00fcnetek alacsony projektmenedzsment \\u00e9retts\\u00e9g eset\\u00e9n?\",\"acceptedAnswer\":{\"@type\":\"Answer\",\"text\":\"Tipikus t\\u00fcnet a t\\u00fal sok p\\u00e1rhuzamos projekt, az ad hoc v\\u00e1ltoz\\u00e1skezel\\u00e9s, a nem formaliz\\u00e1lt stage gate d\\u00f6nt\\u00e9sek, a nem tiszt\\u00e1zott scope, a t\\u00falzott adminisztr\\u00e1ci\\u00f3 \\u00e9s a haszonrealiz\\u00e1l\\u00e1s visszam\\u00e9r\\u00e9s\\u00e9nek hi\\u00e1nya.\"}},{\"@type\":\"Question\",\"name\":\"Mi\\u00e9rt jelennek meg a probl\\u00e9m\\u00e1k portf\\u00f3li\\u00f3 szinten el\\u0151sz\\u00f6r?\",\"acceptedAnswer\":{\"@type\":\"Answer\",\"text\":\"Portf\\u00f3li\\u00f3 szinten l\\u00e1tszik el\\u0151sz\\u00f6r a transzparencia hi\\u00e1nya, a priorit\\u00e1si zavar, az er\\u0151forr\\u00e1s-konfliktus \\u00e9s a projektek k\\u00f6z\\u00f6tti f\\u00fcgg\\u0151s\\u00e9gek kezelhetetlens\\u00e9ge, ez\\u00e9rt a fels\\u0151vezet\\u00e9s itt \\u00e9rz\\u00e9keli a legkor\\u00e1bban a rendszerszint\\u0171 fesz\\u00fclts\\u00e9get.\"}},{\"@type\":\"Question\",\"name\":\"Mely ter\\u00fcletek sz\\u00e1m\\u00edtanak a projektmenedzsment \\u00e9retts\\u00e9g gy\\u00f6k\\u00e9rokainak?\",\"acceptedAnswer\":{\"@type\":\"Answer\",\"text\":\"Gyakori gy\\u00f6k\\u00e9rok a governance \\u00e9s strat\\u00e9giai illeszked\\u00e9s hi\\u00e1nya, a m\\u00f3dszertani inkonzisztencia, a kontroll \\u00e9s el\\u0151rejelz\\u00e9s gyenges\\u00e9ge, a p\\u00e9nz\\u00fcgyi \\u00e9s kapacit\\u00e1skezel\\u00e9s hi\\u00e1nyoss\\u00e1gai, a kock\\u00e1zatmenedzsment form\\u00e1lis kezel\\u00e9se, valamint a kult\\u00fara \\u00e9s kommunik\\u00e1ci\\u00f3s probl\\u00e9m\\u00e1k.\"}},{\"@type\":\"Question\",\"name\":\"Hogyan m\\u00e9rhet\\u0151 a szervezeti projektmenedzsment \\u00e9retts\\u00e9g a gyakorlatban?\",\"acceptedAnswer\":{\"@type\":\"Answer\",\"text\":\"Gyakori m\\u00f3dszer az \\u00f6n\\u00e9rt\\u00e9kel\\u0151 felm\\u00e9r\\u00e9s \\u00e9s workshop, projekt audit, min\\u0151s\\u00e9gbiztos\\u00edt\\u00e1si folyamat, portf\\u00f3li\\u00f3 \\u00e1tvil\\u00e1g\\u00edt\\u00e1s, valamint KPI- \\u00e9s mutat\\u00f3sz\\u00e1m elemz\\u00e9s, kieg\\u00e9sz\\u00edtve interj\\u00fakkal \\u00e9s dokumentumelemz\\u00e9ssel.\"}},{\"@type\":\"Question\",\"name\":\"Mi a leghat\\u00e9konyabb fejleszt\\u00e9si sorrend az \\u00e9retts\\u00e9g n\\u00f6vel\\u00e9s\\u00e9re?\",\"acceptedAnswer\":{\"@type\":\"Answer\",\"text\":\"Jellemz\\u0151en diagn\\u00f3zissal \\u00e9rdemes kezdeni, majd c\\u00e9l\\u00e1llapotot meghat\\u00e1rozni, ezut\\u00e1n governance \\u00e9s d\\u00f6nt\\u00e9si logika \\u00fajratervez\\u00e9se k\\u00f6vetkezik, a PMO szerep\\u00e9nek tiszt\\u00e1z\\u00e1sa, az eszk\\u00f6z- \\u00e9s riporting standardiz\\u00e1l\\u00e1sa, v\\u00e9g\\u00fcl a v\\u00e1ltoz\\u00e1smenedzsment \\u00e9s kult\\u00fara be\\u00e1gyaz\\u00e1sa.\"}},{\"@type\":\"Question\",\"name\":\"Mit\\u0151l lesz a PMO val\\u00f3ban \\u00e9rt\\u00e9kteremt\\u0151 szervezeti szinten?\",\"acceptedAnswer\":{\"@type\":\"Answer\",\"text\":\"Az \\u00e9rett PMO portf\\u00f3li\\u00f3 szinten aggreg\\u00e1l \\u00e9s elemez, kapacit\\u00e1s- \\u00e9s kock\\u00e1zati mint\\u00e1zatokat t\\u00e1r fel, standardiz\\u00e1l, kompetenci\\u00e1t fejleszt \\u00e9s adatvez\\u00e9relt d\\u00f6nt\\u00e9st\\u00e1mogat\\u00e1st ad, nem csup\\u00e1n adminisztrat\\u00edv koordin\\u00e1ci\\u00f3t v\\u00e9gez.\"}},{\"@type\":\"Question\",\"name\":\"Mikor \\u00e9rdemes szervezeti projektmenedzsment \\u00e9retts\\u00e9g felm\\u00e9r\\u00e9st ind\\u00edtani?\",\"acceptedAnswer\":{\"@type\":\"Answer\",\"text\":\"Akkor \\u00e9rdemes, ha tart\\u00f3s cs\\u00fasz\\u00e1sok \\u00e9s k\\u00f6lts\\u00e9gt\\u00fall\\u00e9p\\u00e9sek ism\\u00e9tl\\u0151dnek, t\\u00fal sok a p\\u00e1rhuzamos projekt, er\\u0151forr\\u00e1s-konfliktusok vannak, a prioriz\\u00e1l\\u00e1s ad hoc, vagy a vezet\\u00e9s nem l\\u00e1t objekt\\u00edv k\\u00e9pet a portf\\u00f3li\\u00f3 st\\u00e1tusz\\u00e1r\\u00f3l \\u00e9s a haszonrealiz\\u00e1l\\u00e1sr\\u00f3l.\"}}]}<\/script>\n\t\t\t\t\t\t\t<\/div>\n\t\t\t\t<\/div>\n\t\t\t\t\t<\/div>\n\t\t<\/div>\n\t\t\t\t\t<\/div>\n\t\t<\/section>\n\t\t\t\t<\/div>\n\t\t","protected":false},"excerpt":{"rendered":"<p>\u00cdrta: V\u00e9gh Domonkos, PMP, partner, vezet\u0151 tan\u00e1csad\u00f3 A projektalap\u00fa m\u0171k\u00f6d\u00e9s m\u00e1ra a legt\u00f6bb szervezetben meghat\u00e1roz\u00f3v\u00e1 v\u00e1lt. Strat\u00e9giai kezdem\u00e9nyez\u00e9sek, digitaliz\u00e1ci\u00f3, term\u00e9kfejleszt\u00e9s, szervezetfejleszt\u00e9s \u2013 mind projektek form\u00e1j\u00e1ban val\u00f3sulnak meg. A legt\u00f6bb szervezetet \u00e9s vezet\u0151t foglalkoztat\u00f3 k\u00e9rd\u00e9s az, hogy a szervezet k\u00e9pes-e ezeket struktur\u00e1ltan, transzparensen \u00e9s \u00fczletileg kontroll\u00e1lt m\u00f3don v\u00e9grehajtani. Tartalomjegyz\u00e9k 1. Tipikus szervezeti probl\u00e9m\u00e1k a projektmenedzsmentben Koll\u00e9g\u00e1ink [&hellip;]<\/p>\n","protected":false},"author":5,"featured_media":17491,"comment_status":"closed","ping_status":"closed","sticky":false,"template":"","format":"standard","meta":{"footnotes":""},"categories":[77],"tags":[322,238,324,146,323],"class_list":["post-17680","post","type-post","status-publish","format-standard","has-post-thumbnail","hentry","category-projektmenedzsment","tag-keszsegek","tag-keszsegfejlesztes","tag-kezdo-projektmenedzser","tag-modszertan","tag-tudas","entry","has-media"],"_links":{"self":[{"href":"https:\/\/promanconsulting.hu\/en\/wp-json\/wp\/v2\/posts\/17680","targetHints":{"allow":["GET"]}}],"collection":[{"href":"https:\/\/promanconsulting.hu\/en\/wp-json\/wp\/v2\/posts"}],"about":[{"href":"https:\/\/promanconsulting.hu\/en\/wp-json\/wp\/v2\/types\/post"}],"author":[{"embeddable":true,"href":"https:\/\/promanconsulting.hu\/en\/wp-json\/wp\/v2\/users\/5"}],"replies":[{"embeddable":true,"href":"https:\/\/promanconsulting.hu\/en\/wp-json\/wp\/v2\/comments?post=17680"}],"version-history":[{"count":13,"href":"https:\/\/promanconsulting.hu\/en\/wp-json\/wp\/v2\/posts\/17680\/revisions"}],"predecessor-version":[{"id":17695,"href":"https:\/\/promanconsulting.hu\/en\/wp-json\/wp\/v2\/posts\/17680\/revisions\/17695"}],"wp:featuredmedia":[{"embeddable":true,"href":"https:\/\/promanconsulting.hu\/en\/wp-json\/wp\/v2\/media\/17491"}],"wp:attachment":[{"href":"https:\/\/promanconsulting.hu\/en\/wp-json\/wp\/v2\/media?parent=17680"}],"wp:term":[{"taxonomy":"category","embeddable":true,"href":"https:\/\/promanconsulting.hu\/en\/wp-json\/wp\/v2\/categories?post=17680"},{"taxonomy":"post_tag","embeddable":true,"href":"https:\/\/promanconsulting.hu\/en\/wp-json\/wp\/v2\/tags?post=17680"}],"curies":[{"name":"wp","href":"https:\/\/api.w.org\/{rel}","templated":true}]}}