{"id":11154,"date":"2024-10-06T11:23:16","date_gmt":"2024-10-06T11:23:16","guid":{"rendered":"https:\/\/promanconsulting.hu\/?p=11154"},"modified":"2025-08-31T07:59:47","modified_gmt":"2025-08-31T07:59:47","slug":"cover-letter","status":"publish","type":"post","link":"https:\/\/promanconsulting.hu\/en\/motivacios-level\/","title":{"rendered":"Cover letter: how to apply successfully in project management?"},"content":{"rendered":"\t\t<div data-elementor-type=\"wp-post\" data-elementor-id=\"11154\" class=\"elementor elementor-11154\" data-elementor-settings=\"{&quot;ha_cmc_init_switcher&quot;:&quot;no&quot;}\" data-elementor-post-type=\"post\">\n\t\t\t\t\t\t<section class=\"elementor-section elementor-top-section elementor-element elementor-element-167538e2 elementor-section-boxed elementor-section-height-default elementor-section-height-default\" data-id=\"167538e2\" data-element_type=\"section\" data-e-type=\"section\" data-settings=\"{&quot;jet_parallax_layout_list&quot;:[{&quot;jet_parallax_layout_image&quot;:{&quot;url&quot;:&quot;&quot;,&quot;id&quot;:&quot;&quot;,&quot;size&quot;:&quot;&quot;},&quot;_id&quot;:&quot;da11ba3&quot;,&quot;jet_parallax_layout_image_tablet&quot;:{&quot;url&quot;:&quot;&quot;,&quot;id&quot;:&quot;&quot;,&quot;size&quot;:&quot;&quot;},&quot;jet_parallax_layout_image_mobile&quot;:{&quot;url&quot;:&quot;&quot;,&quot;id&quot;:&quot;&quot;,&quot;size&quot;:&quot;&quot;},&quot;jet_parallax_layout_speed&quot;:{&quot;unit&quot;:&quot;%&quot;,&quot;size&quot;:50,&quot;sizes&quot;:[]},&quot;jet_parallax_layout_type&quot;:&quot;scroll&quot;,&quot;jet_parallax_layout_direction&quot;:&quot;1&quot;,&quot;jet_parallax_layout_fx_direction&quot;:null,&quot;jet_parallax_layout_z_index&quot;:&quot;&quot;,&quot;jet_parallax_layout_bg_x&quot;:50,&quot;jet_parallax_layout_bg_x_tablet&quot;:&quot;&quot;,&quot;jet_parallax_layout_bg_x_mobile&quot;:&quot;&quot;,&quot;jet_parallax_layout_bg_y&quot;:50,&quot;jet_parallax_layout_bg_y_tablet&quot;:&quot;&quot;,&quot;jet_parallax_layout_bg_y_mobile&quot;:&quot;&quot;,&quot;jet_parallax_layout_bg_size&quot;:&quot;auto&quot;,&quot;jet_parallax_layout_bg_size_tablet&quot;:&quot;&quot;,&quot;jet_parallax_layout_bg_size_mobile&quot;:&quot;&quot;,&quot;jet_parallax_layout_animation_prop&quot;:&quot;transform&quot;,&quot;jet_parallax_layout_on&quot;:[&quot;desktop&quot;,&quot;tablet&quot;]}],&quot;_ha_eqh_enable&quot;:false}\">\n\t\t\t\t\t\t<div class=\"elementor-container elementor-column-gap-default\">\n\t\t\t\t\t<div class=\"elementor-column elementor-col-100 elementor-top-column elementor-element elementor-element-4773b297\" data-id=\"4773b297\" data-element_type=\"column\" data-e-type=\"column\">\n\t\t\t<div class=\"elementor-widget-wrap elementor-element-populated\">\n\t\t\t\t\t\t<div class=\"elementor-element elementor-element-cba2f88 elementor-widget elementor-widget-text-editor\" data-id=\"cba2f88\" data-element_type=\"widget\" data-e-type=\"widget\" data-widget_type=\"text-editor.default\">\n\t\t\t\t<div class=\"elementor-widget-container\">\n\t\t\t\t\t\t\t\t\t<h1><strong>Motiv\u00e1ci\u00f3s lev\u00e9l: hogyan p\u00e1ly\u00e1zzunk sikeresen a projektmenedzsmentben?<\/strong><\/h1><p><span style=\"font-weight: 400;\">A motiv\u00e1ci\u00f3s lev\u00e9l kiemelt szerepet j\u00e1tszik a projektmenedzsment ter\u00fclet\u00e9n a p\u00e1ly\u00e1zatokn\u00e1l, hiszen lehet\u0151s\u00e9get ny\u00fajt a jelentkez\u0151k sz\u00e1m\u00e1ra, hogy bemutass\u00e1k tapasztalataikat \u00e9s szem\u00e9lyes motiv\u00e1ci\u00f3jukat az adott poz\u00edci\u00f3 ir\u00e1nt. Egy j\u00f3l meg\u00edrt motiv\u00e1ci\u00f3s lev\u00e9l seg\u00edthet kit\u0171nni a t\u00f6bbi jelentkez\u0151 k\u00f6z\u00fcl. Cikk\u00fcnkben most megn\u00e9zz\u00fck, hogy mi egy j\u00f3 motiv\u00e1ci\u00f3s lev\u00e9l titka. Milyen tartalmi \u00e9s formai k\u00f6vetelm\u00e9nyei vannak, valamint gyakorlati tippeket adunk \u00e9s\u00a0 bemutatunk n\u00e9h\u00e1ny mint\u00e1t is, amelyek seg\u00edthetnek abban, hogy eredm\u00e9nyesebben p\u00e1ly\u00e1zzunk!<\/span><\/p>\t\t\t\t\t\t\t\t<\/div>\n\t\t\t\t<\/div>\n\t\t\t\t<div class=\"elementor-element elementor-element-2656966 elementor-widget elementor-widget-image\" data-id=\"2656966\" data-element_type=\"widget\" data-e-type=\"widget\" data-widget_type=\"image.default\">\n\t\t\t\t<div class=\"elementor-widget-container\">\n\t\t\t\t\t\t\t\t\t\t\t\t\t\t\t<img fetchpriority=\"high\" decoding=\"async\" width=\"768\" height=\"512\" src=\"https:\/\/promanconsulting.hu\/wp-content\/uploads\/2024\/10\/motivacios-level-768x512.jpg\" class=\"attachment-medium_large size-medium_large wp-image-11157\" alt=\"A motiv\u00e1ci\u00f3s lev\u00e9l olyan dokumentum, amelyet a jelentkez\u0151k az \u00f6n\u00e9letrajzuk mell\u00e9 csatolnak, amikor egy \u00e1ll\u00e1sra, projektre vagy p\u00e1ly\u00e1zatra jelentkeznek.\" srcset=\"https:\/\/promanconsulting.hu\/wp-content\/uploads\/2024\/10\/motivacios-level-768x512.jpg 768w, https:\/\/promanconsulting.hu\/wp-content\/uploads\/2024\/10\/motivacios-level-300x200.jpg 300w, https:\/\/promanconsulting.hu\/wp-content\/uploads\/2024\/10\/motivacios-level-18x12.jpg 18w, https:\/\/promanconsulting.hu\/wp-content\/uploads\/2024\/10\/motivacios-level.jpg 1000w\" sizes=\"(max-width: 768px) 100vw, 768px\" \/>\t\t\t\t\t\t\t\t\t\t\t\t\t\t\t<\/div>\n\t\t\t\t<\/div>\n\t\t\t\t<div class=\"elementor-element elementor-element-40662c0 elementor-widget elementor-widget-text-editor\" data-id=\"40662c0\" data-element_type=\"widget\" data-e-type=\"widget\" data-widget_type=\"text-editor.default\">\n\t\t\t\t<div class=\"elementor-widget-container\">\n\t\t\t\t\t\t\t\t\t<h2><strong>Mi az a motiv\u00e1ci\u00f3s lev\u00e9l?<\/strong><\/h2><p><span style=\"font-weight: 400;\">A motiv\u00e1ci\u00f3s lev\u00e9l egy olyan dokumentum, amelyet a jelentkez\u0151k az \u00f6n\u00e9letrajzuk mell\u00e9 csatolnak, amikor egy \u00e1ll\u00e1sra, projektre vagy p\u00e1ly\u00e1zatra jelentkeznek. C\u00e9lja, hogy kieg\u00e9sz\u00edtse az \u00f6n\u00e9letrajzot, \u00e9s szem\u00e9lyesebb betekint\u00e9st engedjen a p\u00e1ly\u00e1z\u00f3 szakmai h\u00e1tter\u00e9be, k\u00e9szs\u00e9geibe \u00e9s motiv\u00e1ci\u00f3iba.\u00a0<\/span><\/p><p><span style=\"font-weight: 400;\">A motiv\u00e1ci\u00f3s lev\u00e9l seg\u00edts\u00e9g\u00e9vel a jelentkez\u0151 elmagyar\u00e1zhatja, mi\u00e9rt szeretne az adott c\u00e9gn\u00e9l dolgozni, illetve hogyan tudna hozz\u00e1j\u00e1rulni a v\u00e1llalat siker\u00e9hez. Minden \u00e1ll\u00e1skeres\u00e9si folyamatban fontos szerepe van a j\u00f3l meg\u00edrt motiv\u00e1ci\u00f3s lev\u00e9lnek, k\u00fcl\u00f6n\u00f6sen a projektmenedzsment ter\u00fclet\u00e9n, ahol a kommunik\u00e1ci\u00f3 \u00e9s a szervez\u00e9s kulcsfontoss\u00e1g\u00fa, a kor\u00e1bban el\u00e9rt eredm\u00e9nyek pedig \u00f6nmaguk\u00e9rt besz\u00e9lnek.<\/span><\/p><h2><strong>A motiv\u00e1ci\u00f3s lev\u00e9l tartalma: milyen a j\u00f3 motiv\u00e1ci\u00f3s lev\u00e9l?<\/strong><\/h2><p><span style=\"font-weight: 400;\">J\u00f6jj\u00f6n most n\u00e9h\u00e1ny tan\u00e1cs, hogy mire \u00e9rdemes figyelni!<\/span><\/p><h3><span style=\"font-weight: 400;\">Szabjuk szem\u00e9lyre!<\/span><\/h3><p><span style=\"font-weight: 400;\">A motiv\u00e1ci\u00f3s levelet mindig az adott c\u00e9ghez \u00e9s a feladatokhoz igaz\u00edtani. A sablonok \u00e9s mint\u00e1k seg\u00edthetnek a keret megalkot\u00e1s\u00e1ban, de a c\u00e9g nev\u00e9t, a poz\u00edci\u00f3 le\u00edr\u00e1s\u00e1t \u00e9s a saj\u00e1t tapasztalatainkat egy\u00e9rtelm\u0171en be kell \u00e9p\u00edteni.<\/span><\/p><h3><span style=\"font-weight: 400;\">Legy\u00fcnk t\u00f6m\u00f6rek \u00e9s l\u00e9nyegret\u00f6r\u0151ek!<\/span><\/h3><p><span style=\"font-weight: 400;\">A j\u00f3 motiv\u00e1ci\u00f3s lev\u00e9l egy oldalon bel\u00fcl marad! Fontos, hogy ker\u00fclj\u00fck a hossz\u00fa, f\u00f6l\u00f6sleges kit\u00e9r\u0151ket, \u00e9s a lev\u00e9l k\u00f6zpontj\u00e1ban az \u00e1lljon, hogy mi\u00e9rt vagyunk megfelel\u0151ek a poz\u00edci\u00f3ra, \u00e9s mi\u00e9rt szeretn\u00e9nk az adott c\u00e9gn\u00e9l, projekten dolgozni.<\/span><\/p><h3><span style=\"font-weight: 400;\">Mutassuk be tapasztalatainkat, k\u00e9szs\u00e9geinket \u00e9s eredm\u00e9nyeinket!<\/span><\/h3><p><span style=\"font-weight: 400;\">Ki kell emelni azokat a szakmai tapasztalatokat \u00e9s k\u00e9szs\u00e9geket, amelyek k\u00f6zvetlen\u00fcl kapcsol\u00f3dnak a poz\u00edci\u00f3hoz. Fontos, hogy konkr\u00e9t p\u00e9ld\u00e1kat haszn\u00e1ljunk arra, hogy hogyan \u00e9rt\u00fcnk el eredm\u00e9nyeket kor\u00e1bbi projektjeink sor\u00e1n.<\/span><\/p><p><span style=\"font-weight: 400;\">Ahelyett, hogy egyszer\u0171en felsoroln\u00e1nk a feladataidat, \u00edrjunk konkr\u00e9tumokat! Haszn\u00e1ljunk sz\u00e1mokat \u00e9s adatokat az eredm\u00e9nyek al\u00e1t\u00e1maszt\u00e1s\u00e1ra.\u00a0<\/span><\/p><p><b>P\u00c9LDA: <\/b><span style=\"font-weight: 400;\">\u201e10%-kal cs\u00f6kkentettem a k\u00f6lts\u00e9geket\u201d vagy \u201e15%-kal n\u00f6veltem a hat\u00e9konys\u00e1got\u201d, vagy \u201ca projekt megval\u00f3s\u00edt\u00e1sa 20%-kal n\u00f6velte a v\u00e1llalat \u00e9ves bev\u00e9tel\u00e9t\u201d<\/span><\/p><h3><span style=\"font-weight: 400;\">\u00cdrjunk a szem\u00e9lyes motiv\u00e1ci\u00f3inkr\u00f3l!<\/span><\/h3><p><span style=\"font-weight: 400;\">A motiv\u00e1ci\u00f3s lev\u00e9l egyik legfontosabb c\u00e9lja, hogy bepillant\u00e1st engedj\u00fcnk abba, hogy mi\u00e9rt ez sz\u00e1munkra az \u00e1lom karrierlehet\u0151s\u00e9g. Ezek lehetnek a term\u00e9kek, a v\u00e1llalati kult\u00fara, vagy egy konkr\u00e9t projekt, ami inspir\u00e1lt benn\u00fcnket. Kiemelhetj\u00fck, hogy mi\u00e9rt \u00e9rezz\u00fck \u00fagy, hogy a c\u00e9ljaink \u00e9s \u00e9rdekl\u0151d\u00e9si k\u00f6r\u00fcnk \u00f6sszhangban van a v\u00e1llalat k\u00fcldet\u00e9s\u00e9vel, v\u00edzi\u00f3j\u00e1val.<\/span><\/p><h3><span style=\"font-weight: 400;\">Haszn\u00e1ljunk pozit\u00edv, magabiztos hangnemet!<\/span><\/h3><p><span style=\"font-weight: 400;\">Ez azt sugallja, hogy kell\u0151 \u00f6nbizalommal rendelkez\u00fcnk \u00e9s tiszt\u00e1ban vagyunk saj\u00e1t k\u00e9pess\u00e9geinkkel, valamint hisz\u00fcnk abban, hogy \u00e9rt\u00e9ket tudunk teremteni a c\u00e9g sz\u00e1m\u00e1ra. Ugyanakkor ez a hangnem soha ne legyen arrog\u00e1ns vagy t\u00falz\u00f3, a c\u00e9l az, hogy meggy\u0151z\u0151ek tudjunk lenni, ugyanakkor al\u00e1zatosak is maradjunk.\u00a0<\/span><\/p><h3><span style=\"font-weight: 400;\">Kreat\u00edv, de professzion\u00e1lis<\/span><\/h3><p><span style=\"font-weight: 400;\">Kreativit\u00e1ssal egy\u00e9niv\u00e9 tehet\u0151 a motiv\u00e1ci\u00f3s lev\u00e9l, amellyel kit\u0171nhet\u00fcnk a t\u00f6bbi jelentkez\u0151 k\u00f6z\u00fcl. Arra azonban figyelj\u00fcnk, hogy sose l\u00e9pj\u00fck \u00e1t a szakmais\u00e1g hat\u00e1r\u00e1t!<\/span><\/p>\t\t\t\t\t\t\t\t<\/div>\n\t\t\t\t<\/div>\n\t\t\t\t<div class=\"elementor-element elementor-element-a8d6771 elementor-widget elementor-widget-image\" data-id=\"a8d6771\" data-element_type=\"widget\" data-e-type=\"widget\" data-widget_type=\"image.default\">\n\t\t\t\t<div class=\"elementor-widget-container\">\n\t\t\t\t\t\t\t\t\t\t\t\t\t\t\t<img decoding=\"async\" width=\"1000\" height=\"667\" src=\"https:\/\/promanconsulting.hu\/wp-content\/uploads\/2024\/10\/motivacios-level-sablon.jpg\" class=\"attachment-large size-large wp-image-11155\" alt=\"Az interneten sz\u00e1mos motiv\u00e1ci\u00f3s lev\u00e9l sablont tal\u00e1lhatunk, melyeket szem\u00e9lyre lehet szabni.\" srcset=\"https:\/\/promanconsulting.hu\/wp-content\/uploads\/2024\/10\/motivacios-level-sablon.jpg 1000w, https:\/\/promanconsulting.hu\/wp-content\/uploads\/2024\/10\/motivacios-level-sablon-300x200.jpg 300w, https:\/\/promanconsulting.hu\/wp-content\/uploads\/2024\/10\/motivacios-level-sablon-768x512.jpg 768w, https:\/\/promanconsulting.hu\/wp-content\/uploads\/2024\/10\/motivacios-level-sablon-18x12.jpg 18w\" sizes=\"(max-width: 1000px) 100vw, 1000px\" \/>\t\t\t\t\t\t\t\t\t\t\t\t\t\t\t<\/div>\n\t\t\t\t<\/div>\n\t\t\t\t<div class=\"elementor-element elementor-element-4984414 elementor-widget elementor-widget-text-editor\" data-id=\"4984414\" data-element_type=\"widget\" data-e-type=\"widget\" data-widget_type=\"text-editor.default\">\n\t\t\t\t<div class=\"elementor-widget-container\">\n\t\t\t\t\t\t\t\t\t<h2><strong>Motiv\u00e1ci\u00f3s lev\u00e9l \u00edr\u00e1sa: mik a motiv\u00e1ci\u00f3s lev\u00e9l formai k\u00f6vetelm\u00e9nyei?<\/strong><\/h2><p><span style=\"font-weight: 400;\">Ha ismerj\u00fck a motiv\u00e1ci\u00f3s lev\u00e9l fel\u00e9p\u00edt\u00e9s\u00e9t, az seg\u00edt abban, hogy a dokumentum professzion\u00e1lis \u00e9s k\u00f6nnyen olvashat\u00f3 legyen. \u00c9s ez m\u00e1r f\u00e9l siker!<\/span><\/p><p><b>N\u00e9zz\u00fck most meg, hogy mikre \u00e9rdemes figyelni!<\/b><\/p><h3><span style=\"font-weight: 400;\">1. Hossz<\/span><\/h3><p><span style=\"font-weight: 400;\">A motiv\u00e1ci\u00f3s lev\u00e9l hossza soha ne haladja meg az egy oldalt! Egy t\u00f6m\u00f6r, l\u00e9nyegret\u00f6r\u0151 lev\u00e9l sokkal hat\u00e1sosabb, mint egy hosszadalmas, r\u00e9szletez\u0151 dokumentum.<\/span><\/p><h3><span style=\"font-weight: 400;\">2. Bet\u0171t\u00edpus \u00e9s m\u00e9ret<\/span><\/h3><ul><li style=\"font-weight: 400;\" aria-level=\"1\"><b>Bet\u0171t\u00edpus<\/b><span style=\"font-weight: 400;\">: V\u00e1lasszunk olvashat\u00f3, professzion\u00e1lis bet\u0171t\u00edpust, mint p\u00e9ld\u00e1ul az Arial, a Calibri, a Times New Roman vagy a Helvetica!<\/span><\/li><li style=\"font-weight: 400;\" aria-level=\"1\"><b>Bet\u0171m\u00e9ret<\/b><span style=\"font-weight: 400;\">: A bet\u0171m\u00e9ret 10 \u00e9s 12 pont k\u00f6z\u00f6tt legyen!<\/span><\/li><li style=\"font-weight: 400;\" aria-level=\"1\"><b>F\u00e9lk\u00f6v\u00e9r \u00e9s d\u0151lt bet\u0171k haszn\u00e1lata<\/b><span style=\"font-weight: 400;\">: Csak fontos kiemel\u00e9sekhez haszn\u00e1ljunk f\u00e9lk\u00f6v\u00e9r vagy d\u0151lt bet\u0171ket, ne vigy\u00fck t\u00falz\u00e1sba!<\/span><\/li><\/ul><h3><span style=\"font-weight: 400;\">3. Sork\u00f6z \u00e9s marg\u00f3k<\/span><\/h3><ul><li style=\"font-weight: 400;\" aria-level=\"1\"><b>Sork\u00f6z<\/b><span style=\"font-weight: 400;\">: \u00c1ltal\u00e1ban 1,15 vagy 1,5 soros sork\u00f6zt \u00e9rdemes be\u00e1ll\u00edtani, hogy a sz\u00f6veg j\u00f3l olvashat\u00f3 legyen \u00e9s ne t\u00fal s\u0171r\u0171!<\/span><\/li><li style=\"font-weight: 400;\" aria-level=\"1\"><b>Marg\u00f3k<\/b><span style=\"font-weight: 400;\">: Az oldalon minden oldalr\u00f3l legal\u00e1bb 2,5 cm marg\u00f3 legyen!<\/span><\/li><\/ul><h3><span style=\"font-weight: 400;\">4. Szerkezet \u00e9s tagol\u00e1s<\/span><\/h3><ul><li style=\"font-weight: 400;\" aria-level=\"1\"><b>Bevezet\u00e9s, kifejt\u00e9s, lez\u00e1r\u00e1s<\/b><span style=\"font-weight: 400;\">: A motiv\u00e1ci\u00f3s lev\u00e9l h\u00e1rom j\u00f3l elk\u00fcl\u00f6n\u00edthet\u0151 r\u00e9szb\u0151l \u00e1lljon: bevezet\u00e9s, a szakmai tapasztalatok, motiv\u00e1ci\u00f3 kifejt\u00e9se \u00e9s v\u00e9g\u00fcl a lez\u00e1r\u00e1s!<\/span><\/li><li style=\"font-weight: 400;\" aria-level=\"1\"><b>Bekezd\u00e9sek<\/b><span style=\"font-weight: 400;\">: Minden gondolat k\u00fcl\u00f6n bekezd\u00e9sbe ker\u00fclj\u00f6n! Ez \u00e1tl\u00e1that\u00f3bb\u00e1 teszi a levelet, \u00e9s k\u00f6nnyebb\u00e9 az olvas\u00e1st!<\/span><\/li><li style=\"font-weight: 400;\" aria-level=\"1\"><b>Megsz\u00f3l\u00edt\u00e1s \u00e9s al\u00e1\u00edr\u00e1s<\/b><span style=\"font-weight: 400;\">: A megsz\u00f3l\u00edt\u00e1st \u00e9s a z\u00e1r\u00e1st k\u00fcl\u00f6n sorokba \u00edrjuk (pl. \u201eTisztelt [C\u00edmzett neve]!\u201d, \u201e\u00dcdv\u00f6zlettel,\u201d)!<\/span><\/li><\/ul><h3><span style=\"font-weight: 400;\">5. Mez\u0151k \u00e9s adatok<\/span><\/h3><ul><li style=\"font-weight: 400;\" aria-level=\"1\"><b>Fejl\u00e9c<\/b><span style=\"font-weight: 400;\">: A lev\u00e9l tetej\u00e9n szerepeljen a teljes nev\u00fcnk, el\u00e9rhet\u0151s\u00e9g\u00fcnk (telefonsz\u00e1m, e-mail c\u00edm), valamint a d\u00e1tum. A c\u00edmzett nev\u00e9t, poz\u00edci\u00f3j\u00e1t, c\u00e9gnev\u00e9t \u00e9s c\u00edm\u00e9t is t\u00fcntess\u00fck fel, amennyiben ismerj\u00fck!<\/span><\/li><li style=\"font-weight: 400;\" aria-level=\"1\"><b>Megsz\u00f3l\u00edt\u00e1s<\/b><span style=\"font-weight: 400;\">: Ha tudjuk, ki fogja olvasni a levelet, sz\u00f3l\u00edtsuk meg n\u00e9v szerint (pl. \u201eTisztelt Kov\u00e1cs J\u00e1nos!\u201d)! Ha nem ismerj\u00fck a nev\u00e9t, akkor a \u201eTisztelt H\u00f6lgyem\/Uram!\u201d megfelel\u0151.<\/span><\/li><\/ul><h3><span style=\"font-weight: 400;\">6. F\u00e1jlform\u00e1tum<\/span><\/h3><p><span style=\"font-weight: 400;\">A kit\u00f6lthet\u0151 motiv\u00e1ci\u00f3s lev\u00e9l sablon word form\u00e1tum\u00e1t \u00e9rdemes PDF-k\u00e9nt elmenteni, hogy meg\u0151rizze az eredeti form\u00e1z\u00e1st!<\/span><\/p><h3><span style=\"font-weight: 400;\">7. Al\u00e1\u00edr\u00e1s<\/span><\/h3><p><span style=\"font-weight: 400;\">Fontos, hogy a lev\u00e9l minden esetben al\u00e1 legyen \u00edrva (pl. \u201e\u00dcdv\u00f6zlettel, Kiss P\u00e9ter\u201d).<\/span><\/p><h3><span style=\"font-weight: 400;\">8. Helyes\u00edr\u00e1s \u00e9s nyelvhelyess\u00e9g<\/span><\/h3><p><span style=\"font-weight: 400;\">Miel\u0151tt elk\u00fcldj\u00fck a levelet, ellen\u0151rizni kell a helyes\u00edr\u00e1st \u00e9s nyelvtani hib\u00e1kat! Egy hib\u00e1tlan lev\u00e9l professzionalizmust sugall.<\/span><\/p>\t\t\t\t\t\t\t\t<\/div>\n\t\t\t\t<\/div>\n\t\t\t\t<div class=\"elementor-element elementor-element-5cba623 elementor-widget elementor-widget-image\" data-id=\"5cba623\" data-element_type=\"widget\" data-e-type=\"widget\" data-widget_type=\"image.default\">\n\t\t\t\t<div class=\"elementor-widget-container\">\n\t\t\t\t\t\t\t\t\t\t\t\t\t\t\t<img decoding=\"async\" width=\"1000\" height=\"667\" src=\"https:\/\/promanconsulting.hu\/wp-content\/uploads\/2024\/10\/motivacios-level-minta-.jpg\" class=\"attachment-large size-large wp-image-11156\" alt=\"A motiv\u00e1ci\u00f3s lev\u00e9l minta seg\u00edthet a professzion\u00e1lis lev\u00e9l meg\u00edr\u00e1s\u00e1ban.\" srcset=\"https:\/\/promanconsulting.hu\/wp-content\/uploads\/2024\/10\/motivacios-level-minta-.jpg 1000w, https:\/\/promanconsulting.hu\/wp-content\/uploads\/2024\/10\/motivacios-level-minta--300x200.jpg 300w, https:\/\/promanconsulting.hu\/wp-content\/uploads\/2024\/10\/motivacios-level-minta--768x512.jpg 768w, https:\/\/promanconsulting.hu\/wp-content\/uploads\/2024\/10\/motivacios-level-minta--18x12.jpg 18w\" sizes=\"(max-width: 1000px) 100vw, 1000px\" \/>\t\t\t\t\t\t\t\t\t\t\t\t\t\t\t<\/div>\n\t\t\t\t<\/div>\n\t\t\t\t<div class=\"elementor-element elementor-element-8cfab34 elementor-widget elementor-widget-text-editor\" data-id=\"8cfab34\" data-element_type=\"widget\" data-e-type=\"widget\" data-widget_type=\"text-editor.default\">\n\t\t\t\t<div class=\"elementor-widget-container\">\n\t\t\t\t\t\t\t\t\t<h2><strong>Milyen nyelv\u0171 legyen? Sz\u00fcks\u00e9g van angol motiv\u00e1ci\u00f3s lev\u00e9lre?<\/strong><\/h2><p><span style=\"font-weight: 400;\">A motiv\u00e1ci\u00f3s lev\u00e9l nyelv\u00e9t mindig az adott p\u00e1ly\u00e1zat \u00e9s a c\u00e9g elv\u00e1r\u00e1sai hat\u00e1rozz\u00e1k meg.<\/span><\/p><h3><span style=\"font-weight: 400;\">1. Az \u00e1ll\u00e1shirdet\u00e9s nyelve<\/span><\/h3><p><span style=\"font-weight: 400;\">Ha a hirdet\u00e9s magyar nyelven \u00edr\u00f3dott, akkor a motiv\u00e1ci\u00f3s levelet is magyarul kell elk\u00fcldeni. Amennyiben angolul, akkor mind a motiv\u00e1ci\u00f3s lev\u00e9l, mind az \u00f6n\u00e9letrajz angol nyelv\u0171 legyen.<\/span><\/p><h3><span style=\"font-weight: 400;\">2. A c\u00e9g hivatalos nyelve<\/span><\/h3><p><span style=\"font-weight: 400;\">Ha a c\u00e9g, ahov\u00e1 jelentkez\u00fcnk, nemzetk\u00f6zi vagy t\u00f6bbnyelv\u0171 k\u00f6rnyezetben m\u0171k\u00f6dik, akkor a legt\u00f6bbsz\u00f6r az angol a prefer\u00e1lt nyelv. Ebben az esetben \u00e9rdemes angolul k\u00fcldeni a motiv\u00e1ci\u00f3s levelet, m\u00e9g akkor is, ha az \u00e1ll\u00e1shirdet\u00e9s magyarul volt. Ha tudjuk, hogy a c\u00e9g kommunik\u00e1ci\u00f3ja nagyr\u00e9szt angolul zajlik, akkor az angol motiv\u00e1ci\u00f3s lev\u00e9l jobb benyom\u00e1st kelthet.<\/span><\/p><h3><span style=\"font-weight: 400;\">3. Az adott poz\u00edci\u00f3 nyelvi k\u00f6vetelm\u00e9nyei<\/span><\/h3><p><span style=\"font-weight: 400;\">Ha a hirdet\u00e9s szerint a poz\u00edci\u00f3hoz egy bizonyos nyelvre van sz\u00fcks\u00e9g (pl. n\u00e9met), akkor \u00e9rdemes lehet azon a nyelven meg\u00edrni a motiv\u00e1ci\u00f3s levelet.\u00a0<\/span><\/p><h3><span style=\"font-weight: 400;\">4. Nyelvi kevered\u00e9s elker\u00fcl\u00e9se<\/span><\/h3><p><span style=\"font-weight: 400;\">Fontos, hogy a motiv\u00e1ci\u00f3s lev\u00e9l \u00e9s az \u00f6n\u00e9letrajz azonos nyelv\u0171 legyen. Ha p\u00e9ld\u00e1ul az \u00f6n\u00e9letrajz angolul van, akkor a motiv\u00e1ci\u00f3s levelet is angolul k\u00e9sz\u00edts\u00fck, \u00e9s ford\u00edtva. A kevert nyelvhaszn\u00e1lat nem javasolt.<\/span><\/p><h2><strong>Motiv\u00e1ci\u00f3s lev\u00e9l \u00f6tletek: Milyen a t\u00f6k\u00e9letes motiv\u00e1ci\u00f3s lev\u00e9l minta?<\/strong><\/h2><p><span style=\"font-weight: 400;\">Most pedig l\u00e1ssunk egy frapp\u00e1ns motiv\u00e1ci\u00f3s lev\u00e9l mint\u00e1t magyar \u00e9s angol nyelven, amely az adott poz\u00edci\u00f3nak megfelel\u0151en szem\u00e9lyre szabhat\u00f3.<\/span><\/p>\t\t\t\t\t\t\t\t<\/div>\n\t\t\t\t<\/div>\n\t\t\t\t<div class=\"elementor-element elementor-element-f50ab28 elementor-widget elementor-widget-text-editor\" data-id=\"f50ab28\" data-element_type=\"widget\" data-e-type=\"widget\" data-widget_type=\"text-editor.default\">\n\t\t\t\t<div class=\"elementor-widget-container\">\n\t\t\t\t\t<style>.elementor-element-f50ab28{display:none !important}<\/style>\t\t\t\t<\/div>\n\t\t\t\t<\/div>\n\t\t\t\t<div class=\"elementor-element elementor-element-d392d68 elementor-widget elementor-widget-text-editor\" data-id=\"d392d68\" data-element_type=\"widget\" data-e-type=\"widget\" data-widget_type=\"text-editor.default\">\n\t\t\t\t<div class=\"elementor-widget-container\">\n\t\t\t\t\t\t\t\t\t<h2><span style=\"font-size: 22.54px; font-weight: 400;\">Projektmenedzser motiv\u00e1ci\u00f3s lev\u00e9l angolul<\/span><\/h2><p><b>Peter Kiss<\/b><b><br \/><\/b><span style=\"font-weight: 400;\">+36 30 123 4567<\/span><span style=\"font-weight: 400;\"><br \/><\/span><span style=\"font-weight: 400;\">peter.kiss@email.com<\/span><span style=\"font-weight: 400;\"><br \/><\/span><span style=\"font-weight: 400;\">LinkedIn: linkedin.com\/in\/customlink<\/span><span style=\"font-weight: 400;\"><br \/><\/span><span style=\"font-weight: 400;\">Date: September 19, 2024<\/span><\/p><p><span style=\"font-weight: 400;\">Mr. Kov\u00e1cs<\/span><span style=\"font-weight: 400;\"><br \/><\/span><span style=\"font-weight: 400;\">HR Director<\/span><span style=\"font-weight: 400;\"><br \/><\/span><span style=\"font-weight: 400;\">XYZ Ltd.<\/span><span style=\"font-weight: 400;\"><br \/><\/span><span style=\"font-weight: 400;\">Budapest, F\u0151 Street 10<\/span><\/p><p><b>Subject: Application for the Project Manager Position<\/b><\/p><p><span style=\"font-weight: 400;\">Dear Mr. Kov\u00e1cs,<\/span><\/p><p><span style=\"font-weight: 400;\">I am writing to express my interest in the Project Manager position at XYZ Ltd. With over five years of experience in project management, I have successfully led numerous complex projects to completion. I am confident that my skills and leadership abilities can significantly contribute to the continued success of XYZ Ltd.<\/span><\/p><p><span style=\"font-weight: 400;\">In my most recent role at [Previous Company Name], I managed a \u20ac2 million development project that was completed ahead of schedule and under budget. By utilizing Agile methodologies and improving communication between teams, we achieved a 15% increase in efficiency. The Project Manager position at XYZ Ltd. is particularly appealing to me due to the company\u2019s commitment to innovation and sustainability, and I would be excited to contribute to this mission.<\/span><\/p><p><span style=\"font-weight: 400;\">Given my experience and proven results, I am confident I can effectively support the success of your projects. I find the opportunity to contribute to the company&#8217;s expansion plans especially exciting and look forward to being part of XYZ Ltd.&#8217;s long-term goals.<\/span><\/p><p><span style=\"font-weight: 400;\">I would be delighted to meet with you in person to discuss how I can add value to the XYZ Ltd. team. Thank you for considering my application, and I look forward to your response.<\/span><\/p><p><span style=\"font-weight: 400;\">Sincerely,<\/span><span style=\"font-weight: 400;\"><br \/><\/span><b>Peter Kiss<\/b><\/p>\t\t\t\t\t\t\t\t<\/div>\n\t\t\t\t<\/div>\n\t\t\t\t<div class=\"elementor-element elementor-element-dc2cf55 elementor-widget elementor-widget-text-editor\" data-id=\"dc2cf55\" data-element_type=\"widget\" data-e-type=\"widget\" data-widget_type=\"text-editor.default\">\n\t\t\t\t<div class=\"elementor-widget-container\">\n\t\t\t\t\t\t\t\t\t<h2><b style=\"font-size: 16px; color: var( --e-global-color-text );\">Szeretne sikereket el\u00e9rni a projektmenedzsment ter\u00fclet\u00e9n? A legjobb poz\u00edci\u00f3kra p\u00e1ly\u00e1zni? Fejlessze tud\u00e1s\u00e1t \u00e9s tapasztalat\u00e1t, n\u00e9zzen k\u00f6r\u00fcl <\/b><a style=\"font-size: 16px; background-color: #efefef;\" href=\"https:\/\/promanconsulting.hu\/kepzesi-naptar\/\"><b><span style=\"color: #0000ff;\">aktu\u00e1lis k\u00e9pz\u00e9seink<\/span><\/b><\/a><b style=\"font-size: 16px; color: var( --e-global-color-text );\"> k\u00f6z\u00f6tt!<\/b><\/h2>\t\t\t\t\t\t\t\t<\/div>\n\t\t\t\t<\/div>\n\t\t\t\t\t<\/div>\n\t\t<\/div>\n\t\t\t\t\t<\/div>\n\t\t<\/section>\n\t\t\t\t<\/div>\n\t\t","protected":false},"excerpt":{"rendered":"<p>Motiv\u00e1ci\u00f3s lev\u00e9l: hogyan p\u00e1ly\u00e1zzunk sikeresen a projektmenedzsmentben? A motiv\u00e1ci\u00f3s lev\u00e9l kiemelt szerepet j\u00e1tszik a projektmenedzsment ter\u00fclet\u00e9n a p\u00e1ly\u00e1zatokn\u00e1l, hiszen lehet\u0151s\u00e9get ny\u00fajt a jelentkez\u0151k sz\u00e1m\u00e1ra, hogy bemutass\u00e1k tapasztalataikat \u00e9s szem\u00e9lyes motiv\u00e1ci\u00f3jukat az adott poz\u00edci\u00f3 ir\u00e1nt. Egy j\u00f3l meg\u00edrt motiv\u00e1ci\u00f3s lev\u00e9l seg\u00edthet kit\u0171nni a t\u00f6bbi jelentkez\u0151 k\u00f6z\u00fcl. Cikk\u00fcnkben most megn\u00e9zz\u00fck, hogy mi egy j\u00f3 motiv\u00e1ci\u00f3s lev\u00e9l titka. [&hellip;]<\/p>\n","protected":false},"author":5,"featured_media":11157,"comment_status":"closed","ping_status":"closed","sticky":false,"template":"","format":"standard","meta":{"footnotes":""},"categories":[77],"tags":[76,295,35,138],"class_list":["post-11154","post","type-post","status-publish","format-standard","has-post-thumbnail","hentry","category-projektmenedzsment","tag-karrier","tag-motivacios-level","tag-projektmenedzsment","tag-projektvezeto","entry","has-media"],"_links":{"self":[{"href":"https:\/\/promanconsulting.hu\/en\/wp-json\/wp\/v2\/posts\/11154","targetHints":{"allow":["GET"]}}],"collection":[{"href":"https:\/\/promanconsulting.hu\/en\/wp-json\/wp\/v2\/posts"}],"about":[{"href":"https:\/\/promanconsulting.hu\/en\/wp-json\/wp\/v2\/types\/post"}],"author":[{"embeddable":true,"href":"https:\/\/promanconsulting.hu\/en\/wp-json\/wp\/v2\/users\/5"}],"replies":[{"embeddable":true,"href":"https:\/\/promanconsulting.hu\/en\/wp-json\/wp\/v2\/comments?post=11154"}],"version-history":[{"count":5,"href":"https:\/\/promanconsulting.hu\/en\/wp-json\/wp\/v2\/posts\/11154\/revisions"}],"predecessor-version":[{"id":12853,"href":"https:\/\/promanconsulting.hu\/en\/wp-json\/wp\/v2\/posts\/11154\/revisions\/12853"}],"wp:featuredmedia":[{"embeddable":true,"href":"https:\/\/promanconsulting.hu\/en\/wp-json\/wp\/v2\/media\/11157"}],"wp:attachment":[{"href":"https:\/\/promanconsulting.hu\/en\/wp-json\/wp\/v2\/media?parent=11154"}],"wp:term":[{"taxonomy":"category","embeddable":true,"href":"https:\/\/promanconsulting.hu\/en\/wp-json\/wp\/v2\/categories?post=11154"},{"taxonomy":"post_tag","embeddable":true,"href":"https:\/\/promanconsulting.hu\/en\/wp-json\/wp\/v2\/tags?post=11154"}],"curies":[{"name":"wp","href":"https:\/\/api.w.org\/{rel}","templated":true}]}}